{"id":426290,"date":"2026-03-29T17:17:01","date_gmt":"2026-03-29T20:17:01","guid":{"rendered":"https:\/\/portaltela.pt\/noticias\/2026\/03\/29\/selecao-feminina-de-raguebi-perde-na-estreia-do-europe-championship-2026\/"},"modified":"2026-03-29T17:17:01","modified_gmt":"2026-03-29T20:17:01","slug":"selecao-feminina-de-raguebi-perde-na-estreia-do-europe-championship-2026","status":"publish","type":"post","link":"https:\/\/portaltela.pt\/desporto\/futebol\/2026\/03\/29\/selecao-feminina-de-raguebi-perde-na-estreia-do-europe-championship-2026\/","title":{"rendered":"Sele\u00e7\u00e3o feminina de r\u00e2guebi perde na estreia do Europe Championship 2026"},"content":{"rendered":"<p>A sele\u00e7\u00e3o feminina de r\u00e2guebi portuguesa entrou em campo neste domingo, em Amesterd\u00e3o, frente \u00e0 Holanda, na primeira jornada do Women&#8217;s Rugby Europe Championship 2026 (WREC&#8217;26). O resultado final foi 59-0 a favor das anfitri\u00e3s.<\/p>\n<p>Ao intervalo, Portugal j\u00e1 perdia por 28-0, num encontro em que sofreu nove ensaios, sete deles convertidos, sem conseguir responder. As Lobas ocupam o \u00faltimo lugar na classifica\u00e7\u00e3o do torneio, sem pontos.<\/p>\n<p>A B\u00e9lgica, no mesmo dia, tinha sido derrotada por Espanha por 39-0, tamb\u00e9m na ronda inaugural. Portugal retorna ao campo a 11 de abril, quando recebe a Espanha no Centro de Alto Rendimento do Jamor.<\/p>\n<h3>Pr\u00f3ximo encontro<\/h3>\n<ul>\n<li>Portugal recebe a Espanha no Jamor no dia 11 de abril, em Lisboa, numa partida a contar para o WREC&#8217;26.<\/li>\n<li>O objetivo \u00e9 conquistar pontos e subir na tabela, mantendo o ritmo de competi\u00e7\u00e3o no campeonato europeu.<\/li>\n<\/ul>\n","protected":false},"excerpt":{"rendered":"<ul>\n<li>A sele\u00e7\u00e3o feminina de r\u00e2guebi de Portugal perdeu por 59-0 frente \u00e0 Holanda, em Amesterd\u00e3o, na primeira jornada do Women&#8217;s Rugby Europe Championship 2026.<\/li>\n<li>Ao intervalo j\u00e1 se escalava 28-0, com nove ensaios consentidos, sete deles convertidos.<\/li>\n<li>Portugal fica em \u00faltimo lugar no torneio, sem pontos, tal como a B\u00e9lgica, que perdeu por 39-0 frente a Espanha.<\/li>\n<li>Portugal volta a jogar a 11 de abril, recebendo a Espanha no Centro de Alto Rendimento do Jamor.<\/li>\n<\/ul>\n","protected":false},"author":2,"featured_media":426291,"comment_status":"closed","ping_status":"closed","sticky":false,"template":"","format":"standard","meta":{"footnotes":""},"categories":[21,24],"tags":[152,634,2031,2487,2227,1014],"class_list":["post-426290","post","type-post","status-publish","format-standard","has-post-thumbnail","hentry","category-desporto","category-futebol","tag-desporto","tag-desporto-feminino","tag-espanha","tag-europa","tag-holanda","tag-portugal"],"yoast_head":"<!-- This site is optimized with the Yoast SEO plugin v27.2 - https:\/\/yoast.com\/product\/yoast-seo-wordpress\/ -->\n<title>Sele\u00e7\u00e3o feminina de r\u00e2guebi perde na estreia do Europe Championship 2026 - Portal Tela Portugal<\/title>\n<meta name=\"robots\" content=\"index, follow, max-snippet:-1, max-image-preview:large, max-video-preview:-1\" \/>\n<meta property=\"og:locale\" content=\"pt_PT\" \/>\n<meta property=\"og:type\" content=\"article\" \/>\n<meta property=\"og:title\" content=\"Sele\u00e7\u00e3o feminina de r\u00e2guebi perde na estreia do Europe Championship 2026 - Portal Tela Portugal\" \/>\n<meta property=\"og:description\" content=\"A sele\u00e7\u00e3o feminina de r\u00e2guebi de Portugal perdeu por 59-0 frente \u00e0 Holanda, em Amesterd\u00e3o, na primeira jornada do Women&#039;s Rugby Europe Championship 2026. Ao intervalo j\u00e1 se escalava 28-0, com nove ensaios consentidos, sete deles convertidos. Portugal fica em \u00faltimo lugar no torneio, sem pontos, tal como a B\u00e9lgica, que perdeu por 39-0 frente a Espanha. Portugal volta a jogar a 11 de abril, recebendo a Espanha no Centro de Alto Rendimento do Jamor.\" \/>\n<meta property=\"og:url\" content=\"https:\/\/portaltela.pt\/noticias\/2026\/03\/29\/selecao-feminina-de-raguebi-perde-na-estreia-do-europe-championship-2026\/\" \/>\n<meta property=\"og:site_name\" content=\"Portal Tela Portugal\" \/>\n<meta property=\"article:published_time\" content=\"2026-03-29T20:17:01+00:00\" \/>\n<meta name=\"author\" content=\"Telinha\" \/>\n<meta name=\"twitter:card\" content=\"summary_large_image\" \/>\n<meta name=\"twitter:label1\" content=\"Escrito por\" \/>\n\t<meta name=\"twitter:data1\" content=\"Telinha\" \/>\n\t<meta name=\"twitter:label2\" content=\"Tempo estimado de leitura\" \/>\n\t<meta name=\"twitter:data2\" content=\"1 minuto\" \/>\n<script type=\"application\/ld+json\" class=\"yoast-schema-graph\">{\"@context\":\"https:\/\/schema.org\",\"@graph\":[{\"@type\":\"Article\",\"@id\":\"https:\/\/portaltela.pt\/noticias\/2026\/03\/29\/selecao-feminina-de-raguebi-perde-na-estreia-do-europe-championship-2026\/#article\",\"isPartOf\":{\"@id\":\"https:\/\/portaltela.pt\/noticias\/2026\/03\/29\/selecao-feminina-de-raguebi-perde-na-estreia-do-europe-championship-2026\/\"},\"author\":{\"name\":\"Telinha\",\"@id\":\"https:\/\/portaltela.pt\/#\/schema\/person\/c4278d4a6028830caff9ee44b42d32ed\"},\"headline\":\"Sele\u00e7\u00e3o feminina de r\u00e2guebi perde na estreia do Europe Championship 2026\",\"datePublished\":\"2026-03-29T20:17:01+00:00\",\"mainEntityOfPage\":{\"@id\":\"https:\/\/portaltela.pt\/noticias\/2026\/03\/29\/selecao-feminina-de-raguebi-perde-na-estreia-do-europe-championship-2026\/\"},\"wordCount\":158,\"image\":{\"@id\":\"https:\/\/portaltela.pt\/noticias\/2026\/03\/29\/selecao-feminina-de-raguebi-perde-na-estreia-do-europe-championship-2026\/#primaryimage\"},\"thumbnailUrl\":\"https:\/\/portaltela.pt\/s.01k8rhncp4jt1\/2026\/03\/img_920x518uu2026-03-29-21-06-59-2430032.jpg\",\"keywords\":[\"desporto\",\"desporto feminino\",\"Espanha\",\"Europa\",\"Holanda\",\"Portugal\"],\"articleSection\":[\"Desporto\",\"Futebol\"],\"inLanguage\":\"pt-PT\"},{\"@type\":\"WebPage\",\"@id\":\"https:\/\/portaltela.pt\/noticias\/2026\/03\/29\/selecao-feminina-de-raguebi-perde-na-estreia-do-europe-championship-2026\/\",\"url\":\"https:\/\/portaltela.pt\/noticias\/2026\/03\/29\/selecao-feminina-de-raguebi-perde-na-estreia-do-europe-championship-2026\/\",\"name\":\"Sele\u00e7\u00e3o feminina de r\u00e2guebi perde na estreia do Europe Championship 2026 - Portal Tela Portugal\",\"isPartOf\":{\"@id\":\"https:\/\/portaltela.pt\/#website\"},\"primaryImageOfPage\":{\"@id\":\"https:\/\/portaltela.pt\/noticias\/2026\/03\/29\/selecao-feminina-de-raguebi-perde-na-estreia-do-europe-championship-2026\/#primaryimage\"},\"image\":{\"@id\":\"https:\/\/portaltela.pt\/noticias\/2026\/03\/29\/selecao-feminina-de-raguebi-perde-na-estreia-do-europe-championship-2026\/#primaryimage\"},\"thumbnailUrl\":\"https:\/\/portaltela.pt\/s.01k8rhncp4jt1\/2026\/03\/img_920x518uu2026-03-29-21-06-59-2430032.jpg\",\"datePublished\":\"2026-03-29T20:17:01+00:00\",\"author\":{\"@id\":\"https:\/\/portaltela.pt\/#\/schema\/person\/c4278d4a6028830caff9ee44b42d32ed\"},\"breadcrumb\":{\"@id\":\"https:\/\/portaltela.pt\/noticias\/2026\/03\/29\/selecao-feminina-de-raguebi-perde-na-estreia-do-europe-championship-2026\/#breadcrumb\"},\"inLanguage\":\"pt-PT\",\"potentialAction\":[{\"@type\":\"ReadAction\",\"target\":[\"https:\/\/portaltela.pt\/noticias\/2026\/03\/29\/selecao-feminina-de-raguebi-perde-na-estreia-do-europe-championship-2026\/\"]}]},{\"@type\":\"ImageObject\",\"inLanguage\":\"pt-PT\",\"@id\":\"https:\/\/portaltela.pt\/noticias\/2026\/03\/29\/selecao-feminina-de-raguebi-perde-na-estreia-do-europe-championship-2026\/#primaryimage\",\"url\":\"https:\/\/portaltela.pt\/s.01k8rhncp4jt1\/2026\/03\/img_920x518uu2026-03-29-21-06-59-2430032.jpg\",\"contentUrl\":\"https:\/\/portaltela.pt\/s.01k8rhncp4jt1\/2026\/03\/img_920x518uu2026-03-29-21-06-59-2430032.jpg\",\"width\":796,\"height\":448,\"caption\":\"Sele\u00e7\u00e3o feminina de r\u00e2guebi perde na estreia no Europe Championship 2026\"},{\"@type\":\"BreadcrumbList\",\"@id\":\"https:\/\/portaltela.pt\/noticias\/2026\/03\/29\/selecao-feminina-de-raguebi-perde-na-estreia-do-europe-championship-2026\/#breadcrumb\",\"itemListElement\":[{\"@type\":\"ListItem\",\"position\":1,\"name\":\"In\u00edcio\",\"item\":\"https:\/\/portaltela.pt\/\"},{\"@type\":\"ListItem\",\"position\":2,\"name\":\"Sele\u00e7\u00e3o feminina de r\u00e2guebi perde na estreia do Europe Championship 2026\"}]},{\"@type\":\"WebSite\",\"@id\":\"https:\/\/portaltela.pt\/#website\",\"url\":\"https:\/\/portaltela.pt\/\",\"name\":\"Portal Tela Portugal\",\"description\":\"\",\"potentialAction\":[{\"@type\":\"SearchAction\",\"target\":{\"@type\":\"EntryPoint\",\"urlTemplate\":\"https:\/\/portaltela.pt\/?s={search_term_string}\"},\"query-input\":{\"@type\":\"PropertyValueSpecification\",\"valueRequired\":true,\"valueName\":\"search_term_string\"}}],\"inLanguage\":\"pt-PT\"},{\"@type\":\"Person\",\"@id\":\"https:\/\/portaltela.pt\/#\/schema\/person\/c4278d4a6028830caff9ee44b42d32ed\",\"name\":\"Telinha\",\"image\":{\"@type\":\"ImageObject\",\"inLanguage\":\"pt-PT\",\"@id\":\"https:\/\/portaltela.pt\/s.01k8rhncp4jt1\/2025\/11\/talking-bot-125x125.png\",\"url\":\"https:\/\/portaltela.pt\/s.01k8rhncp4jt1\/2025\/11\/talking-bot-125x125.png\",\"contentUrl\":\"https:\/\/portaltela.pt\/s.01k8rhncp4jt1\/2025\/11\/talking-bot-125x125.png\",\"caption\":\"Telinha\"},\"sameAs\":[\"https:\/\/portaltela.pt\/\"],\"url\":\"https:\/\/portaltela.pt\/por\/367410592786\/\"}]}<\/script>\n<!-- \/ Yoast SEO plugin. -->","yoast_head_json":{"title":"Sele\u00e7\u00e3o feminina de r\u00e2guebi perde na estreia do Europe Championship 2026 - Portal Tela Portugal","robots":{"index":"index","follow":"follow","max-snippet":"max-snippet:-1","max-image-preview":"max-image-preview:large","max-video-preview":"max-video-preview:-1"},"og_locale":"pt_PT","og_type":"article","og_title":"Sele\u00e7\u00e3o feminina de r\u00e2guebi perde na estreia do Europe Championship 2026 - Portal Tela Portugal","og_description":"A sele\u00e7\u00e3o feminina de r\u00e2guebi de Portugal perdeu por 59-0 frente \u00e0 Holanda, em Amesterd\u00e3o, na primeira jornada do Women's Rugby Europe Championship 2026. Ao intervalo j\u00e1 se escalava 28-0, com nove ensaios consentidos, sete deles convertidos. Portugal fica em \u00faltimo lugar no torneio, sem pontos, tal como a B\u00e9lgica, que perdeu por 39-0 frente a Espanha. Portugal volta a jogar a 11 de abril, recebendo a Espanha no Centro de Alto Rendimento do Jamor.","og_url":"https:\/\/portaltela.pt\/noticias\/2026\/03\/29\/selecao-feminina-de-raguebi-perde-na-estreia-do-europe-championship-2026\/","og_site_name":"Portal Tela Portugal","article_published_time":"2026-03-29T20:17:01+00:00","author":"Telinha","twitter_card":"summary_large_image","twitter_misc":{"Escrito por":"Telinha","Tempo estimado de leitura":"1 minuto"},"schema":{"@context":"https:\/\/schema.org","@graph":[{"@type":"Article","@id":"https:\/\/portaltela.pt\/noticias\/2026\/03\/29\/selecao-feminina-de-raguebi-perde-na-estreia-do-europe-championship-2026\/#article","isPartOf":{"@id":"https:\/\/portaltela.pt\/noticias\/2026\/03\/29\/selecao-feminina-de-raguebi-perde-na-estreia-do-europe-championship-2026\/"},"author":{"name":"Telinha","@id":"https:\/\/portaltela.pt\/#\/schema\/person\/c4278d4a6028830caff9ee44b42d32ed"},"headline":"Sele\u00e7\u00e3o feminina de r\u00e2guebi perde na estreia do Europe Championship 2026","datePublished":"2026-03-29T20:17:01+00:00","mainEntityOfPage":{"@id":"https:\/\/portaltela.pt\/noticias\/2026\/03\/29\/selecao-feminina-de-raguebi-perde-na-estreia-do-europe-championship-2026\/"},"wordCount":158,"image":{"@id":"https:\/\/portaltela.pt\/noticias\/2026\/03\/29\/selecao-feminina-de-raguebi-perde-na-estreia-do-europe-championship-2026\/#primaryimage"},"thumbnailUrl":"https:\/\/portaltela.pt\/s.01k8rhncp4jt1\/2026\/03\/img_920x518uu2026-03-29-21-06-59-2430032.jpg","keywords":["desporto","desporto feminino","Espanha","Europa","Holanda","Portugal"],"articleSection":["Desporto","Futebol"],"inLanguage":"pt-PT"},{"@type":"WebPage","@id":"https:\/\/portaltela.pt\/noticias\/2026\/03\/29\/selecao-feminina-de-raguebi-perde-na-estreia-do-europe-championship-2026\/","url":"https:\/\/portaltela.pt\/noticias\/2026\/03\/29\/selecao-feminina-de-raguebi-perde-na-estreia-do-europe-championship-2026\/","name":"Sele\u00e7\u00e3o feminina de r\u00e2guebi perde na estreia do Europe Championship 2026 - Portal Tela Portugal","isPartOf":{"@id":"https:\/\/portaltela.pt\/#website"},"primaryImageOfPage":{"@id":"https:\/\/portaltela.pt\/noticias\/2026\/03\/29\/selecao-feminina-de-raguebi-perde-na-estreia-do-europe-championship-2026\/#primaryimage"},"image":{"@id":"https:\/\/portaltela.pt\/noticias\/2026\/03\/29\/selecao-feminina-de-raguebi-perde-na-estreia-do-europe-championship-2026\/#primaryimage"},"thumbnailUrl":"https:\/\/portaltela.pt\/s.01k8rhncp4jt1\/2026\/03\/img_920x518uu2026-03-29-21-06-59-2430032.jpg","datePublished":"2026-03-29T20:17:01+00:00","author":{"@id":"https:\/\/portaltela.pt\/#\/schema\/person\/c4278d4a6028830caff9ee44b42d32ed"},"breadcrumb":{"@id":"https:\/\/portaltela.pt\/noticias\/2026\/03\/29\/selecao-feminina-de-raguebi-perde-na-estreia-do-europe-championship-2026\/#breadcrumb"},"inLanguage":"pt-PT","potentialAction":[{"@type":"ReadAction","target":["https:\/\/portaltela.pt\/noticias\/2026\/03\/29\/selecao-feminina-de-raguebi-perde-na-estreia-do-europe-championship-2026\/"]}]},{"@type":"ImageObject","inLanguage":"pt-PT","@id":"https:\/\/portaltela.pt\/noticias\/2026\/03\/29\/selecao-feminina-de-raguebi-perde-na-estreia-do-europe-championship-2026\/#primaryimage","url":"https:\/\/portaltela.pt\/s.01k8rhncp4jt1\/2026\/03\/img_920x518uu2026-03-29-21-06-59-2430032.jpg","contentUrl":"https:\/\/portaltela.pt\/s.01k8rhncp4jt1\/2026\/03\/img_920x518uu2026-03-29-21-06-59-2430032.jpg","width":796,"height":448,"caption":"Sele\u00e7\u00e3o feminina de r\u00e2guebi perde na estreia no Europe Championship 2026"},{"@type":"BreadcrumbList","@id":"https:\/\/portaltela.pt\/noticias\/2026\/03\/29\/selecao-feminina-de-raguebi-perde-na-estreia-do-europe-championship-2026\/#breadcrumb","itemListElement":[{"@type":"ListItem","position":1,"name":"In\u00edcio","item":"https:\/\/portaltela.pt\/"},{"@type":"ListItem","position":2,"name":"Sele\u00e7\u00e3o feminina de r\u00e2guebi perde na estreia do Europe Championship 2026"}]},{"@type":"WebSite","@id":"https:\/\/portaltela.pt\/#website","url":"https:\/\/portaltela.pt\/","name":"Portal Tela Portugal","description":"","potentialAction":[{"@type":"SearchAction","target":{"@type":"EntryPoint","urlTemplate":"https:\/\/portaltela.pt\/?s={search_term_string}"},"query-input":{"@type":"PropertyValueSpecification","valueRequired":true,"valueName":"search_term_string"}}],"inLanguage":"pt-PT"},{"@type":"Person","@id":"https:\/\/portaltela.pt\/#\/schema\/person\/c4278d4a6028830caff9ee44b42d32ed","name":"Telinha","image":{"@type":"ImageObject","inLanguage":"pt-PT","@id":"https:\/\/portaltela.pt\/s.01k8rhncp4jt1\/2025\/11\/talking-bot-125x125.png","url":"https:\/\/portaltela.pt\/s.01k8rhncp4jt1\/2025\/11\/talking-bot-125x125.png","contentUrl":"https:\/\/portaltela.pt\/s.01k8rhncp4jt1\/2025\/11\/talking-bot-125x125.png","caption":"Telinha"},"sameAs":["https:\/\/portaltela.pt\/"],"url":"https:\/\/portaltela.pt\/por\/367410592786\/"}]}},"_links":{"self":[{"href":"https:\/\/portaltela.pt\/api\/wp\/v2\/posts\/426290","targetHints":{"allow":["GET"]}}],"collection":[{"href":"https:\/\/portaltela.pt\/api\/wp\/v2\/posts"}],"about":[{"href":"https:\/\/portaltela.pt\/api\/wp\/v2\/types\/post"}],"author":[{"embeddable":true,"href":"https:\/\/portaltela.pt\/api\/wp\/v2\/users\/2"}],"replies":[{"embeddable":true,"href":"https:\/\/portaltela.pt\/api\/wp\/v2\/comments?post=426290"}],"version-history":[{"count":0,"href":"https:\/\/portaltela.pt\/api\/wp\/v2\/posts\/426290\/revisions"}],"wp:featuredmedia":[{"embeddable":true,"href":"https:\/\/portaltela.pt\/api\/wp\/v2\/media\/426291"}],"wp:attachment":[{"href":"https:\/\/portaltela.pt\/api\/wp\/v2\/media?parent=426290"}],"wp:term":[{"taxonomy":"category","embeddable":true,"href":"https:\/\/portaltela.pt\/api\/wp\/v2\/categories?post=426290"},{"taxonomy":"post_tag","embeddable":true,"href":"https:\/\/portaltela.pt\/api\/wp\/v2\/tags?post=426290"}],"curies":[{"name":"wp","href":"https:\/\/api.w.org\/{rel}","templated":true}]}}