{"id":426285,"date":"2026-03-29T17:16:57","date_gmt":"2026-03-29T20:16:57","guid":{"rendered":"https:\/\/portaltela.pt\/noticias\/2026\/03\/29\/identidade-de-genero-viagens-globais-a-procura-de-medicacao\/"},"modified":"2026-03-29T17:16:57","modified_gmt":"2026-03-29T20:16:57","slug":"identidade-de-genero-viagens-globais-a-procura-de-medicacao","status":"publish","type":"post","link":"https:\/\/portaltela.pt\/sociedade\/2026\/03\/29\/identidade-de-genero-viagens-globais-a-procura-de-medicacao\/","title":{"rendered":"Identidade de g\u00e9nero: viagens globais \u00e0 procura de medica\u00e7\u00e3o"},"content":{"rendered":"<p>O tema da identidade de g\u00e9nero torna-se central quando jovens manifestam mudan\u00e7as significativas no modo de se expressarem. No caso de Maria, a fam\u00edlia relata uma trajet\u00f3ria marcada pela identifica\u00e7\u00e3o com o sexo feminino desde a primeira inf\u00e2ncia, mesmo antes de pedir brinquedos associados a raparigas.<\/p>\n<p>Ao longo dos anos, Maria manteve uma assinatura de g\u00e9nero coerente com o que a m\u00e3e descreve como uma express\u00e3o cont\u00ednua de identidade. A liga\u00e7\u00e3o \u00e0s personagens femininas esteve presente, mesmo em escolhas simples do dia a dia, como os desenhos animados que acompanhava.<\/p>\n<p>Inicialmente, a fam\u00edlia observa sinais de uma etapa de descoberta associada ao mundo das personagens fant\u00e1sticas, com desfechos que sugerem uma afirma\u00e7\u00e3o de identidade. Este processo insere-se no contexto de debates sobre acesso a terapias e o papel dos profissionais de sa\u00fade na adolesc\u00eancia.<\/p>\n<h3>Contexto m\u00e9dico e pol\u00edtico<\/h3>\n<p>Especialistas alertam para o risco de atrasos no acesso a bloqueadores hormonais. A incerteza regulat\u00f3ria pode levar alguns jovens a buscar solu\u00e7\u00f5es fora de circuitos formais, o que aumenta a ansiedade psicol\u00f3gica e pode influenciar decis\u00f5es que, mais tarde, requerem interven\u00e7\u00f5es maiores, incluindo cirurgias.<\/p>\n<p>Dados indicam que atrasos nestes tratamentos podem intensificar sofrimento ps\u00edquico em jovens trans, segundo a comunidade m\u00e9dica. Profissionais defendem a necessidade de avalia\u00e7\u00e3o cuidadosa, com supervis\u00e3o especializada, para equilibrar direitos humanos, seguran\u00e7a cl\u00ednica e bem-estar.<\/p>\n<p>Este debate acompanha legisla\u00e7\u00f5es e normas sobre acesso a terapias hormono-supressoras. H\u00e1 quem sustente a import\u00e2ncia de orienta\u00e7\u00e3o multiprofissional, com psicologia, endocrinologia e acompanhamento familiar, para apoiar decis\u00f5es com impacto na qualidade de vida.<\/p>\n","protected":false},"excerpt":{"rendered":"<ul>\n<li>Especialistas alertam que a proibi\u00e7\u00e3o de bloqueadores hormonais pode levar a um aumento de interven\u00e7\u00f5es cir\u00fargicas na idade adulta e agravar o sofrimento psicol\u00f3gico de jovens trans.<\/li>\n<li>O texto aborda a identidade de g\u00e9nero na inf\u00e2ncia e o debate em torno de tratamentos m\u00e9dicos para menores.<\/li>\n<li>Um relato de uma crian\u00e7a que afirmou ser menina \u00e9 apresentado sem identificar a identidade da pessoa. A m\u00e3e lembra que, ao longo dos anos, a crian\u00e7a se identificava com personagens femininas.<\/li>\n<li>A crian\u00e7a pediu uma cauda de sereia depois de acompanhar uma s\u00e9rie sobre sereias, segundo a m\u00e3e.<\/li>\n<li>O artigo destaca a necessidade de tratar o tema com neutralidade, evitando ju\u00edzos de valor ou exageros.<\/li>\n<\/ul>\n","protected":false},"author":2,"featured_media":426289,"comment_status":"closed","ping_status":"closed","sticky":false,"template":"","format":"standard","meta":{"footnotes":""},"categories":[6745,6871],"tags":[2633,7180,3108,6391,2249,55],"class_list":["post-426285","post","type-post","status-publish","format-standard","has-post-thumbnail","hentry","category-saude","category-sociedade","tag-direitos-humanos","tag-direitos-sexuais","tag-equidade-de-genero-desafios-na-atualidade","tag-identidade-de-genero-desafios-na-atualidade","tag-psicologia","tag-saude-mental"],"yoast_head":"<!-- This site is optimized with the Yoast SEO plugin v27.2 - https:\/\/yoast.com\/product\/yoast-seo-wordpress\/ -->\n<title>Identidade de g\u00e9nero: viagens globais \u00e0 procura de medica\u00e7\u00e3o - Portal Tela Portugal<\/title>\n<meta name=\"robots\" content=\"index, follow, max-snippet:-1, max-image-preview:large, max-video-preview:-1\" \/>\n<meta property=\"og:locale\" content=\"pt_PT\" \/>\n<meta property=\"og:type\" content=\"article\" \/>\n<meta property=\"og:title\" content=\"Identidade de g\u00e9nero: viagens globais \u00e0 procura de medica\u00e7\u00e3o - Portal Tela Portugal\" \/>\n<meta property=\"og:description\" content=\"Especialistas alertam que a proibi\u00e7\u00e3o de bloqueadores hormonais pode levar a um aumento de interven\u00e7\u00f5es cir\u00fargicas na idade adulta e agravar o sofrimento psicol\u00f3gico de jovens trans. O texto aborda a identidade de g\u00e9nero na inf\u00e2ncia e o debate em torno de tratamentos m\u00e9dicos para menores. Um relato de uma crian\u00e7a que afirmou ser menina \u00e9 apresentado sem identificar a identidade da pessoa. A m\u00e3e lembra que, ao longo dos anos, a crian\u00e7a se identificava com personagens femininas. A crian\u00e7a pediu uma cauda de sereia depois de acompanhar uma s\u00e9rie sobre sereias, segundo a m\u00e3e. O artigo destaca a necessidade de tratar o tema com neutralidade, evitando ju\u00edzos de valor ou exageros.\" \/>\n<meta property=\"og:url\" content=\"https:\/\/portaltela.pt\/noticias\/2026\/03\/29\/identidade-de-genero-viagens-globais-a-procura-de-medicacao\/\" \/>\n<meta property=\"og:site_name\" content=\"Portal Tela Portugal\" \/>\n<meta property=\"article:published_time\" content=\"2026-03-29T20:16:57+00:00\" \/>\n<meta name=\"author\" content=\"Telinha\" \/>\n<meta name=\"twitter:card\" content=\"summary_large_image\" \/>\n<meta name=\"twitter:label1\" content=\"Escrito por\" \/>\n\t<meta name=\"twitter:data1\" content=\"Telinha\" \/>\n\t<meta name=\"twitter:label2\" content=\"Tempo estimado de leitura\" \/>\n\t<meta name=\"twitter:data2\" content=\"1 minuto\" \/>\n<script type=\"application\/ld+json\" class=\"yoast-schema-graph\">{\"@context\":\"https:\/\/schema.org\",\"@graph\":[{\"@type\":\"Article\",\"@id\":\"https:\/\/portaltela.pt\/noticias\/2026\/03\/29\/identidade-de-genero-viagens-globais-a-procura-de-medicacao\/#article\",\"isPartOf\":{\"@id\":\"https:\/\/portaltela.pt\/noticias\/2026\/03\/29\/identidade-de-genero-viagens-globais-a-procura-de-medicacao\/\"},\"author\":{\"name\":\"Telinha\",\"@id\":\"https:\/\/portaltela.pt\/#\/schema\/person\/c4278d4a6028830caff9ee44b42d32ed\"},\"headline\":\"Identidade de g\u00e9nero: viagens globais \u00e0 procura de medica\u00e7\u00e3o\",\"datePublished\":\"2026-03-29T20:16:57+00:00\",\"mainEntityOfPage\":{\"@id\":\"https:\/\/portaltela.pt\/noticias\/2026\/03\/29\/identidade-de-genero-viagens-globais-a-procura-de-medicacao\/\"},\"wordCount\":294,\"image\":{\"@id\":\"https:\/\/portaltela.pt\/noticias\/2026\/03\/29\/identidade-de-genero-viagens-globais-a-procura-de-medicacao\/#primaryimage\"},\"thumbnailUrl\":\"https:\/\/portaltela.pt\/s.01k8rhncp4jt1\/2026\/03\/2077862.jpg\",\"keywords\":[\"direitos humanos\",\"direitos sexuais\",\"equidade de g\u00e9nero \u2013 Desafios na Atualidade\",\"Identidade de g\u00e9nero \u2013 Desafios na Atualidade\",\"psicologia\",\"sa\u00fade mental\"],\"articleSection\":[\"Sa\u00fade\",\"Sociedade\"],\"inLanguage\":\"pt-PT\"},{\"@type\":\"WebPage\",\"@id\":\"https:\/\/portaltela.pt\/noticias\/2026\/03\/29\/identidade-de-genero-viagens-globais-a-procura-de-medicacao\/\",\"url\":\"https:\/\/portaltela.pt\/noticias\/2026\/03\/29\/identidade-de-genero-viagens-globais-a-procura-de-medicacao\/\",\"name\":\"Identidade de g\u00e9nero: viagens globais \u00e0 procura de medica\u00e7\u00e3o - Portal Tela Portugal\",\"isPartOf\":{\"@id\":\"https:\/\/portaltela.pt\/#website\"},\"primaryImageOfPage\":{\"@id\":\"https:\/\/portaltela.pt\/noticias\/2026\/03\/29\/identidade-de-genero-viagens-globais-a-procura-de-medicacao\/#primaryimage\"},\"image\":{\"@id\":\"https:\/\/portaltela.pt\/noticias\/2026\/03\/29\/identidade-de-genero-viagens-globais-a-procura-de-medicacao\/#primaryimage\"},\"thumbnailUrl\":\"https:\/\/portaltela.pt\/s.01k8rhncp4jt1\/2026\/03\/2077862.jpg\",\"datePublished\":\"2026-03-29T20:16:57+00:00\",\"author\":{\"@id\":\"https:\/\/portaltela.pt\/#\/schema\/person\/c4278d4a6028830caff9ee44b42d32ed\"},\"breadcrumb\":{\"@id\":\"https:\/\/portaltela.pt\/noticias\/2026\/03\/29\/identidade-de-genero-viagens-globais-a-procura-de-medicacao\/#breadcrumb\"},\"inLanguage\":\"pt-PT\",\"potentialAction\":[{\"@type\":\"ReadAction\",\"target\":[\"https:\/\/portaltela.pt\/noticias\/2026\/03\/29\/identidade-de-genero-viagens-globais-a-procura-de-medicacao\/\"]}]},{\"@type\":\"ImageObject\",\"inLanguage\":\"pt-PT\",\"@id\":\"https:\/\/portaltela.pt\/noticias\/2026\/03\/29\/identidade-de-genero-viagens-globais-a-procura-de-medicacao\/#primaryimage\",\"url\":\"https:\/\/portaltela.pt\/s.01k8rhncp4jt1\/2026\/03\/2077862.jpg\",\"contentUrl\":\"https:\/\/portaltela.pt\/s.01k8rhncp4jt1\/2026\/03\/2077862.jpg\",\"width\":796,\"height\":448,\"caption\":\"A nova lei aprovada na semana passada veda tratamento hormonal a menores de idade\"},{\"@type\":\"BreadcrumbList\",\"@id\":\"https:\/\/portaltela.pt\/noticias\/2026\/03\/29\/identidade-de-genero-viagens-globais-a-procura-de-medicacao\/#breadcrumb\",\"itemListElement\":[{\"@type\":\"ListItem\",\"position\":1,\"name\":\"In\u00edcio\",\"item\":\"https:\/\/portaltela.pt\/\"},{\"@type\":\"ListItem\",\"position\":2,\"name\":\"Identidade de g\u00e9nero: viagens globais \u00e0 procura de medica\u00e7\u00e3o\"}]},{\"@type\":\"WebSite\",\"@id\":\"https:\/\/portaltela.pt\/#website\",\"url\":\"https:\/\/portaltela.pt\/\",\"name\":\"Portal Tela Portugal\",\"description\":\"\",\"potentialAction\":[{\"@type\":\"SearchAction\",\"target\":{\"@type\":\"EntryPoint\",\"urlTemplate\":\"https:\/\/portaltela.pt\/?s={search_term_string}\"},\"query-input\":{\"@type\":\"PropertyValueSpecification\",\"valueRequired\":true,\"valueName\":\"search_term_string\"}}],\"inLanguage\":\"pt-PT\"},{\"@type\":\"Person\",\"@id\":\"https:\/\/portaltela.pt\/#\/schema\/person\/c4278d4a6028830caff9ee44b42d32ed\",\"name\":\"Telinha\",\"image\":{\"@type\":\"ImageObject\",\"inLanguage\":\"pt-PT\",\"@id\":\"https:\/\/portaltela.pt\/s.01k8rhncp4jt1\/2025\/11\/talking-bot-125x125.png\",\"url\":\"https:\/\/portaltela.pt\/s.01k8rhncp4jt1\/2025\/11\/talking-bot-125x125.png\",\"contentUrl\":\"https:\/\/portaltela.pt\/s.01k8rhncp4jt1\/2025\/11\/talking-bot-125x125.png\",\"caption\":\"Telinha\"},\"sameAs\":[\"https:\/\/portaltela.pt\/\"],\"url\":\"https:\/\/portaltela.pt\/por\/367410592786\/\"}]}<\/script>\n<!-- \/ Yoast SEO plugin. -->","yoast_head_json":{"title":"Identidade de g\u00e9nero: viagens globais \u00e0 procura de medica\u00e7\u00e3o - Portal Tela Portugal","robots":{"index":"index","follow":"follow","max-snippet":"max-snippet:-1","max-image-preview":"max-image-preview:large","max-video-preview":"max-video-preview:-1"},"og_locale":"pt_PT","og_type":"article","og_title":"Identidade de g\u00e9nero: viagens globais \u00e0 procura de medica\u00e7\u00e3o - Portal Tela Portugal","og_description":"Especialistas alertam que a proibi\u00e7\u00e3o de bloqueadores hormonais pode levar a um aumento de interven\u00e7\u00f5es cir\u00fargicas na idade adulta e agravar o sofrimento psicol\u00f3gico de jovens trans. O texto aborda a identidade de g\u00e9nero na inf\u00e2ncia e o debate em torno de tratamentos m\u00e9dicos para menores. Um relato de uma crian\u00e7a que afirmou ser menina \u00e9 apresentado sem identificar a identidade da pessoa. A m\u00e3e lembra que, ao longo dos anos, a crian\u00e7a se identificava com personagens femininas. A crian\u00e7a pediu uma cauda de sereia depois de acompanhar uma s\u00e9rie sobre sereias, segundo a m\u00e3e. O artigo destaca a necessidade de tratar o tema com neutralidade, evitando ju\u00edzos de valor ou exageros.","og_url":"https:\/\/portaltela.pt\/noticias\/2026\/03\/29\/identidade-de-genero-viagens-globais-a-procura-de-medicacao\/","og_site_name":"Portal Tela Portugal","article_published_time":"2026-03-29T20:16:57+00:00","author":"Telinha","twitter_card":"summary_large_image","twitter_misc":{"Escrito por":"Telinha","Tempo estimado de leitura":"1 minuto"},"schema":{"@context":"https:\/\/schema.org","@graph":[{"@type":"Article","@id":"https:\/\/portaltela.pt\/noticias\/2026\/03\/29\/identidade-de-genero-viagens-globais-a-procura-de-medicacao\/#article","isPartOf":{"@id":"https:\/\/portaltela.pt\/noticias\/2026\/03\/29\/identidade-de-genero-viagens-globais-a-procura-de-medicacao\/"},"author":{"name":"Telinha","@id":"https:\/\/portaltela.pt\/#\/schema\/person\/c4278d4a6028830caff9ee44b42d32ed"},"headline":"Identidade de g\u00e9nero: viagens globais \u00e0 procura de medica\u00e7\u00e3o","datePublished":"2026-03-29T20:16:57+00:00","mainEntityOfPage":{"@id":"https:\/\/portaltela.pt\/noticias\/2026\/03\/29\/identidade-de-genero-viagens-globais-a-procura-de-medicacao\/"},"wordCount":294,"image":{"@id":"https:\/\/portaltela.pt\/noticias\/2026\/03\/29\/identidade-de-genero-viagens-globais-a-procura-de-medicacao\/#primaryimage"},"thumbnailUrl":"https:\/\/portaltela.pt\/s.01k8rhncp4jt1\/2026\/03\/2077862.jpg","keywords":["direitos humanos","direitos sexuais","equidade de g\u00e9nero \u2013 Desafios na Atualidade","Identidade de g\u00e9nero \u2013 Desafios na Atualidade","psicologia","sa\u00fade mental"],"articleSection":["Sa\u00fade","Sociedade"],"inLanguage":"pt-PT"},{"@type":"WebPage","@id":"https:\/\/portaltela.pt\/noticias\/2026\/03\/29\/identidade-de-genero-viagens-globais-a-procura-de-medicacao\/","url":"https:\/\/portaltela.pt\/noticias\/2026\/03\/29\/identidade-de-genero-viagens-globais-a-procura-de-medicacao\/","name":"Identidade de g\u00e9nero: viagens globais \u00e0 procura de medica\u00e7\u00e3o - Portal Tela Portugal","isPartOf":{"@id":"https:\/\/portaltela.pt\/#website"},"primaryImageOfPage":{"@id":"https:\/\/portaltela.pt\/noticias\/2026\/03\/29\/identidade-de-genero-viagens-globais-a-procura-de-medicacao\/#primaryimage"},"image":{"@id":"https:\/\/portaltela.pt\/noticias\/2026\/03\/29\/identidade-de-genero-viagens-globais-a-procura-de-medicacao\/#primaryimage"},"thumbnailUrl":"https:\/\/portaltela.pt\/s.01k8rhncp4jt1\/2026\/03\/2077862.jpg","datePublished":"2026-03-29T20:16:57+00:00","author":{"@id":"https:\/\/portaltela.pt\/#\/schema\/person\/c4278d4a6028830caff9ee44b42d32ed"},"breadcrumb":{"@id":"https:\/\/portaltela.pt\/noticias\/2026\/03\/29\/identidade-de-genero-viagens-globais-a-procura-de-medicacao\/#breadcrumb"},"inLanguage":"pt-PT","potentialAction":[{"@type":"ReadAction","target":["https:\/\/portaltela.pt\/noticias\/2026\/03\/29\/identidade-de-genero-viagens-globais-a-procura-de-medicacao\/"]}]},{"@type":"ImageObject","inLanguage":"pt-PT","@id":"https:\/\/portaltela.pt\/noticias\/2026\/03\/29\/identidade-de-genero-viagens-globais-a-procura-de-medicacao\/#primaryimage","url":"https:\/\/portaltela.pt\/s.01k8rhncp4jt1\/2026\/03\/2077862.jpg","contentUrl":"https:\/\/portaltela.pt\/s.01k8rhncp4jt1\/2026\/03\/2077862.jpg","width":796,"height":448,"caption":"A nova lei aprovada na semana passada veda tratamento hormonal a menores de idade"},{"@type":"BreadcrumbList","@id":"https:\/\/portaltela.pt\/noticias\/2026\/03\/29\/identidade-de-genero-viagens-globais-a-procura-de-medicacao\/#breadcrumb","itemListElement":[{"@type":"ListItem","position":1,"name":"In\u00edcio","item":"https:\/\/portaltela.pt\/"},{"@type":"ListItem","position":2,"name":"Identidade de g\u00e9nero: viagens globais \u00e0 procura de medica\u00e7\u00e3o"}]},{"@type":"WebSite","@id":"https:\/\/portaltela.pt\/#website","url":"https:\/\/portaltela.pt\/","name":"Portal Tela Portugal","description":"","potentialAction":[{"@type":"SearchAction","target":{"@type":"EntryPoint","urlTemplate":"https:\/\/portaltela.pt\/?s={search_term_string}"},"query-input":{"@type":"PropertyValueSpecification","valueRequired":true,"valueName":"search_term_string"}}],"inLanguage":"pt-PT"},{"@type":"Person","@id":"https:\/\/portaltela.pt\/#\/schema\/person\/c4278d4a6028830caff9ee44b42d32ed","name":"Telinha","image":{"@type":"ImageObject","inLanguage":"pt-PT","@id":"https:\/\/portaltela.pt\/s.01k8rhncp4jt1\/2025\/11\/talking-bot-125x125.png","url":"https:\/\/portaltela.pt\/s.01k8rhncp4jt1\/2025\/11\/talking-bot-125x125.png","contentUrl":"https:\/\/portaltela.pt\/s.01k8rhncp4jt1\/2025\/11\/talking-bot-125x125.png","caption":"Telinha"},"sameAs":["https:\/\/portaltela.pt\/"],"url":"https:\/\/portaltela.pt\/por\/367410592786\/"}]}},"_links":{"self":[{"href":"https:\/\/portaltela.pt\/api\/wp\/v2\/posts\/426285","targetHints":{"allow":["GET"]}}],"collection":[{"href":"https:\/\/portaltela.pt\/api\/wp\/v2\/posts"}],"about":[{"href":"https:\/\/portaltela.pt\/api\/wp\/v2\/types\/post"}],"author":[{"embeddable":true,"href":"https:\/\/portaltela.pt\/api\/wp\/v2\/users\/2"}],"replies":[{"embeddable":true,"href":"https:\/\/portaltela.pt\/api\/wp\/v2\/comments?post=426285"}],"version-history":[{"count":0,"href":"https:\/\/portaltela.pt\/api\/wp\/v2\/posts\/426285\/revisions"}],"wp:featuredmedia":[{"embeddable":true,"href":"https:\/\/portaltela.pt\/api\/wp\/v2\/media\/426289"}],"wp:attachment":[{"href":"https:\/\/portaltela.pt\/api\/wp\/v2\/media?parent=426285"}],"wp:term":[{"taxonomy":"category","embeddable":true,"href":"https:\/\/portaltela.pt\/api\/wp\/v2\/categories?post=426285"},{"taxonomy":"post_tag","embeddable":true,"href":"https:\/\/portaltela.pt\/api\/wp\/v2\/tags?post=426285"}],"curies":[{"name":"wp","href":"https:\/\/api.w.org\/{rel}","templated":true}]}}