{"id":426284,"date":"2026-03-29T17:16:56","date_gmt":"2026-03-29T20:16:56","guid":{"rendered":"https:\/\/portaltela.pt\/noticias\/2026\/03\/29\/nova-vitima-de-violencia-domestica-apelo-por-prevencao-mais-profunda\/"},"modified":"2026-03-29T17:16:56","modified_gmt":"2026-03-29T20:16:56","slug":"nova-vitima-de-violencia-domestica-apelo-por-prevencao-mais-profunda","status":"publish","type":"post","link":"https:\/\/portaltela.pt\/justica\/2026\/03\/29\/nova-vitima-de-violencia-domestica-apelo-por-prevencao-mais-profunda\/","title":{"rendered":"Nova v\u00edtima de viol\u00eancia dom\u00e9stica: apelo por preven\u00e7\u00e3o mais profunda"},"content":{"rendered":"<p>Uma mulher de 28 anos foi assassinada no s\u00e1bado em Castelo de Vide. A Pol\u00edcia Judici\u00e1ria afirmou \u00e0 Lusa tratar-se de um homic\u00eddio em contexto de viol\u00eancia dom\u00e9stica.<\/p>\n<p>A PJ n\u00e3o revelou detalhes sobre o suspeito nem as circunst\u00e2ncias do crime, mantendo a investiga\u00e7\u00e3o em curso.<\/p>\n<p>Segundo o Observat\u00f3rio de Mulheres Assassinadas (OMA), no ano passado foram registados 22 feminic\u00eddios, sendo 16 ocorr\u00eancias associadas a rela\u00e7\u00f5es de intimidade, atuais ou passadas.<\/p>\n<p>Especialistas salientam a necessidade de refor\u00e7ar a preven\u00e7\u00e3o e os mecanismos de prote\u00e7\u00e3o para as mulheres em situa\u00e7\u00e3o de risco, para reduzir a incid\u00eancia deste tipo de crime.<\/p>\n","protected":false},"excerpt":{"rendered":"<ul>\n<li>Uma mulher de 28 anos foi assassinada no s\u00e1bado em Castelo de Vide, segundo a Pol\u00edcia Judici\u00e1ria, que descreve o caso como homic\u00eddio em contexto de viol\u00eancia dom\u00e9stica.<\/li>\n<li>O relat\u00f3rio cita dados do Observat\u00f3rio de Mulheres Assassinadas (OMA), da Uni\u00e3o de Mulheres Alternativa e Resposta.<\/li>\n<li>Do total de femic\u00ednios contabilizados no ano passado, 16 tiveram lugar numa rela\u00e7\u00e3o de intimidade, atual ou passada, segundo o OMA.<\/li>\n<li>O documento n\u00e3o antecipa motiva\u00e7\u00f5es adicionais nem identifica o suspeito, mantendo o foco nos dados oficiais.<\/li>\n<\/ul>\n","protected":false},"author":2,"featured_media":426286,"comment_status":"closed","ping_status":"closed","sticky":false,"template":"","format":"standard","meta":{"footnotes":""},"categories":[6907,6815],"tags":[7011,1166,2701,939,214],"class_list":["post-426284","post","type-post","status-publish","format-standard","has-post-thumbnail","hentry","category-crime","category-justica","tag-direitos-das-mulheres","tag-feminicidio","tag-mulheres","tag-violencia","tag-violencia-domestica"],"yoast_head":"<!-- This site is optimized with the Yoast SEO plugin v27.2 - https:\/\/yoast.com\/product\/yoast-seo-wordpress\/ -->\n<title>Nova v\u00edtima de viol\u00eancia dom\u00e9stica: apelo por preven\u00e7\u00e3o mais profunda - Portal Tela Portugal<\/title>\n<meta name=\"robots\" content=\"index, follow, max-snippet:-1, max-image-preview:large, max-video-preview:-1\" \/>\n<meta property=\"og:locale\" content=\"pt_PT\" \/>\n<meta property=\"og:type\" content=\"article\" \/>\n<meta property=\"og:title\" content=\"Nova v\u00edtima de viol\u00eancia dom\u00e9stica: apelo por preven\u00e7\u00e3o mais profunda - Portal Tela Portugal\" \/>\n<meta property=\"og:description\" content=\"Uma mulher de 28 anos foi assassinada no s\u00e1bado em Castelo de Vide, segundo a Pol\u00edcia Judici\u00e1ria, que descreve o caso como homic\u00eddio em contexto de viol\u00eancia dom\u00e9stica. O relat\u00f3rio cita dados do Observat\u00f3rio de Mulheres Assassinadas (OMA), da Uni\u00e3o de Mulheres Alternativa e Resposta. Do total de femic\u00ednios contabilizados no ano passado, 16 tiveram lugar numa rela\u00e7\u00e3o de intimidade, atual ou passada, segundo o OMA. O documento n\u00e3o antecipa motiva\u00e7\u00f5es adicionais nem identifica o suspeito, mantendo o foco nos dados oficiais.\" \/>\n<meta property=\"og:url\" content=\"https:\/\/portaltela.pt\/noticias\/2026\/03\/29\/nova-vitima-de-violencia-domestica-apelo-por-prevencao-mais-profunda\/\" \/>\n<meta property=\"og:site_name\" content=\"Portal Tela Portugal\" \/>\n<meta property=\"article:published_time\" content=\"2026-03-29T20:16:56+00:00\" \/>\n<meta name=\"author\" content=\"Telinha\" \/>\n<meta name=\"twitter:card\" content=\"summary_large_image\" \/>\n<meta name=\"twitter:label1\" content=\"Escrito por\" \/>\n\t<meta name=\"twitter:data1\" content=\"Telinha\" \/>\n\t<meta name=\"twitter:label2\" content=\"Tempo estimado de leitura\" \/>\n\t<meta name=\"twitter:data2\" content=\"1 minuto\" \/>\n<script type=\"application\/ld+json\" class=\"yoast-schema-graph\">{\"@context\":\"https:\/\/schema.org\",\"@graph\":[{\"@type\":\"Article\",\"@id\":\"https:\/\/portaltela.pt\/noticias\/2026\/03\/29\/nova-vitima-de-violencia-domestica-apelo-por-prevencao-mais-profunda\/#article\",\"isPartOf\":{\"@id\":\"https:\/\/portaltela.pt\/noticias\/2026\/03\/29\/nova-vitima-de-violencia-domestica-apelo-por-prevencao-mais-profunda\/\"},\"author\":{\"name\":\"Telinha\",\"@id\":\"https:\/\/portaltela.pt\/#\/schema\/person\/c4278d4a6028830caff9ee44b42d32ed\"},\"headline\":\"Nova v\u00edtima de viol\u00eancia dom\u00e9stica: apelo por preven\u00e7\u00e3o mais profunda\",\"datePublished\":\"2026-03-29T20:16:56+00:00\",\"mainEntityOfPage\":{\"@id\":\"https:\/\/portaltela.pt\/noticias\/2026\/03\/29\/nova-vitima-de-violencia-domestica-apelo-por-prevencao-mais-profunda\/\"},\"wordCount\":127,\"image\":{\"@id\":\"https:\/\/portaltela.pt\/noticias\/2026\/03\/29\/nova-vitima-de-violencia-domestica-apelo-por-prevencao-mais-profunda\/#primaryimage\"},\"thumbnailUrl\":\"https:\/\/portaltela.pt\/s.01k8rhncp4jt1\/2026\/03\/2077860.jpg\",\"keywords\":[\"direitos das mulheres\",\"feminic\u00eddio\",\"Mulheres\",\"viol\u00eancia\",\"viol\u00eancia dom\u00e9stica\"],\"articleSection\":[\"Crime\",\"Justi\u00e7a\"],\"inLanguage\":\"pt-PT\"},{\"@type\":\"WebPage\",\"@id\":\"https:\/\/portaltela.pt\/noticias\/2026\/03\/29\/nova-vitima-de-violencia-domestica-apelo-por-prevencao-mais-profunda\/\",\"url\":\"https:\/\/portaltela.pt\/noticias\/2026\/03\/29\/nova-vitima-de-violencia-domestica-apelo-por-prevencao-mais-profunda\/\",\"name\":\"Nova v\u00edtima de viol\u00eancia dom\u00e9stica: apelo por preven\u00e7\u00e3o mais profunda - Portal Tela Portugal\",\"isPartOf\":{\"@id\":\"https:\/\/portaltela.pt\/#website\"},\"primaryImageOfPage\":{\"@id\":\"https:\/\/portaltela.pt\/noticias\/2026\/03\/29\/nova-vitima-de-violencia-domestica-apelo-por-prevencao-mais-profunda\/#primaryimage\"},\"image\":{\"@id\":\"https:\/\/portaltela.pt\/noticias\/2026\/03\/29\/nova-vitima-de-violencia-domestica-apelo-por-prevencao-mais-profunda\/#primaryimage\"},\"thumbnailUrl\":\"https:\/\/portaltela.pt\/s.01k8rhncp4jt1\/2026\/03\/2077860.jpg\",\"datePublished\":\"2026-03-29T20:16:56+00:00\",\"author\":{\"@id\":\"https:\/\/portaltela.pt\/#\/schema\/person\/c4278d4a6028830caff9ee44b42d32ed\"},\"breadcrumb\":{\"@id\":\"https:\/\/portaltela.pt\/noticias\/2026\/03\/29\/nova-vitima-de-violencia-domestica-apelo-por-prevencao-mais-profunda\/#breadcrumb\"},\"inLanguage\":\"pt-PT\",\"potentialAction\":[{\"@type\":\"ReadAction\",\"target\":[\"https:\/\/portaltela.pt\/noticias\/2026\/03\/29\/nova-vitima-de-violencia-domestica-apelo-por-prevencao-mais-profunda\/\"]}]},{\"@type\":\"ImageObject\",\"inLanguage\":\"pt-PT\",\"@id\":\"https:\/\/portaltela.pt\/noticias\/2026\/03\/29\/nova-vitima-de-violencia-domestica-apelo-por-prevencao-mais-profunda\/#primaryimage\",\"url\":\"https:\/\/portaltela.pt\/s.01k8rhncp4jt1\/2026\/03\/2077860.jpg\",\"contentUrl\":\"https:\/\/portaltela.pt\/s.01k8rhncp4jt1\/2026\/03\/2077860.jpg\",\"width\":796,\"height\":448,\"caption\":\"Segundo o Observat\u00f3rio de Mulheres Assassinadas, 709 mulheres foram assassinadas entre 2002 e 2025 e que 939 foram v\u00edtimas de tentativa de homic\u00eddio\"},{\"@type\":\"BreadcrumbList\",\"@id\":\"https:\/\/portaltela.pt\/noticias\/2026\/03\/29\/nova-vitima-de-violencia-domestica-apelo-por-prevencao-mais-profunda\/#breadcrumb\",\"itemListElement\":[{\"@type\":\"ListItem\",\"position\":1,\"name\":\"In\u00edcio\",\"item\":\"https:\/\/portaltela.pt\/\"},{\"@type\":\"ListItem\",\"position\":2,\"name\":\"Nova v\u00edtima de viol\u00eancia dom\u00e9stica: apelo por preven\u00e7\u00e3o mais profunda\"}]},{\"@type\":\"WebSite\",\"@id\":\"https:\/\/portaltela.pt\/#website\",\"url\":\"https:\/\/portaltela.pt\/\",\"name\":\"Portal Tela Portugal\",\"description\":\"\",\"potentialAction\":[{\"@type\":\"SearchAction\",\"target\":{\"@type\":\"EntryPoint\",\"urlTemplate\":\"https:\/\/portaltela.pt\/?s={search_term_string}\"},\"query-input\":{\"@type\":\"PropertyValueSpecification\",\"valueRequired\":true,\"valueName\":\"search_term_string\"}}],\"inLanguage\":\"pt-PT\"},{\"@type\":\"Person\",\"@id\":\"https:\/\/portaltela.pt\/#\/schema\/person\/c4278d4a6028830caff9ee44b42d32ed\",\"name\":\"Telinha\",\"image\":{\"@type\":\"ImageObject\",\"inLanguage\":\"pt-PT\",\"@id\":\"https:\/\/portaltela.pt\/s.01k8rhncp4jt1\/2025\/11\/talking-bot-125x125.png\",\"url\":\"https:\/\/portaltela.pt\/s.01k8rhncp4jt1\/2025\/11\/talking-bot-125x125.png\",\"contentUrl\":\"https:\/\/portaltela.pt\/s.01k8rhncp4jt1\/2025\/11\/talking-bot-125x125.png\",\"caption\":\"Telinha\"},\"sameAs\":[\"https:\/\/portaltela.pt\/\"],\"url\":\"https:\/\/portaltela.pt\/por\/367410592786\/\"}]}<\/script>\n<!-- \/ Yoast SEO plugin. -->","yoast_head_json":{"title":"Nova v\u00edtima de viol\u00eancia dom\u00e9stica: apelo por preven\u00e7\u00e3o mais profunda - Portal Tela Portugal","robots":{"index":"index","follow":"follow","max-snippet":"max-snippet:-1","max-image-preview":"max-image-preview:large","max-video-preview":"max-video-preview:-1"},"og_locale":"pt_PT","og_type":"article","og_title":"Nova v\u00edtima de viol\u00eancia dom\u00e9stica: apelo por preven\u00e7\u00e3o mais profunda - Portal Tela Portugal","og_description":"Uma mulher de 28 anos foi assassinada no s\u00e1bado em Castelo de Vide, segundo a Pol\u00edcia Judici\u00e1ria, que descreve o caso como homic\u00eddio em contexto de viol\u00eancia dom\u00e9stica. O relat\u00f3rio cita dados do Observat\u00f3rio de Mulheres Assassinadas (OMA), da Uni\u00e3o de Mulheres Alternativa e Resposta. Do total de femic\u00ednios contabilizados no ano passado, 16 tiveram lugar numa rela\u00e7\u00e3o de intimidade, atual ou passada, segundo o OMA. O documento n\u00e3o antecipa motiva\u00e7\u00f5es adicionais nem identifica o suspeito, mantendo o foco nos dados oficiais.","og_url":"https:\/\/portaltela.pt\/noticias\/2026\/03\/29\/nova-vitima-de-violencia-domestica-apelo-por-prevencao-mais-profunda\/","og_site_name":"Portal Tela Portugal","article_published_time":"2026-03-29T20:16:56+00:00","author":"Telinha","twitter_card":"summary_large_image","twitter_misc":{"Escrito por":"Telinha","Tempo estimado de leitura":"1 minuto"},"schema":{"@context":"https:\/\/schema.org","@graph":[{"@type":"Article","@id":"https:\/\/portaltela.pt\/noticias\/2026\/03\/29\/nova-vitima-de-violencia-domestica-apelo-por-prevencao-mais-profunda\/#article","isPartOf":{"@id":"https:\/\/portaltela.pt\/noticias\/2026\/03\/29\/nova-vitima-de-violencia-domestica-apelo-por-prevencao-mais-profunda\/"},"author":{"name":"Telinha","@id":"https:\/\/portaltela.pt\/#\/schema\/person\/c4278d4a6028830caff9ee44b42d32ed"},"headline":"Nova v\u00edtima de viol\u00eancia dom\u00e9stica: apelo por preven\u00e7\u00e3o mais profunda","datePublished":"2026-03-29T20:16:56+00:00","mainEntityOfPage":{"@id":"https:\/\/portaltela.pt\/noticias\/2026\/03\/29\/nova-vitima-de-violencia-domestica-apelo-por-prevencao-mais-profunda\/"},"wordCount":127,"image":{"@id":"https:\/\/portaltela.pt\/noticias\/2026\/03\/29\/nova-vitima-de-violencia-domestica-apelo-por-prevencao-mais-profunda\/#primaryimage"},"thumbnailUrl":"https:\/\/portaltela.pt\/s.01k8rhncp4jt1\/2026\/03\/2077860.jpg","keywords":["direitos das mulheres","feminic\u00eddio","Mulheres","viol\u00eancia","viol\u00eancia dom\u00e9stica"],"articleSection":["Crime","Justi\u00e7a"],"inLanguage":"pt-PT"},{"@type":"WebPage","@id":"https:\/\/portaltela.pt\/noticias\/2026\/03\/29\/nova-vitima-de-violencia-domestica-apelo-por-prevencao-mais-profunda\/","url":"https:\/\/portaltela.pt\/noticias\/2026\/03\/29\/nova-vitima-de-violencia-domestica-apelo-por-prevencao-mais-profunda\/","name":"Nova v\u00edtima de viol\u00eancia dom\u00e9stica: apelo por preven\u00e7\u00e3o mais profunda - Portal Tela Portugal","isPartOf":{"@id":"https:\/\/portaltela.pt\/#website"},"primaryImageOfPage":{"@id":"https:\/\/portaltela.pt\/noticias\/2026\/03\/29\/nova-vitima-de-violencia-domestica-apelo-por-prevencao-mais-profunda\/#primaryimage"},"image":{"@id":"https:\/\/portaltela.pt\/noticias\/2026\/03\/29\/nova-vitima-de-violencia-domestica-apelo-por-prevencao-mais-profunda\/#primaryimage"},"thumbnailUrl":"https:\/\/portaltela.pt\/s.01k8rhncp4jt1\/2026\/03\/2077860.jpg","datePublished":"2026-03-29T20:16:56+00:00","author":{"@id":"https:\/\/portaltela.pt\/#\/schema\/person\/c4278d4a6028830caff9ee44b42d32ed"},"breadcrumb":{"@id":"https:\/\/portaltela.pt\/noticias\/2026\/03\/29\/nova-vitima-de-violencia-domestica-apelo-por-prevencao-mais-profunda\/#breadcrumb"},"inLanguage":"pt-PT","potentialAction":[{"@type":"ReadAction","target":["https:\/\/portaltela.pt\/noticias\/2026\/03\/29\/nova-vitima-de-violencia-domestica-apelo-por-prevencao-mais-profunda\/"]}]},{"@type":"ImageObject","inLanguage":"pt-PT","@id":"https:\/\/portaltela.pt\/noticias\/2026\/03\/29\/nova-vitima-de-violencia-domestica-apelo-por-prevencao-mais-profunda\/#primaryimage","url":"https:\/\/portaltela.pt\/s.01k8rhncp4jt1\/2026\/03\/2077860.jpg","contentUrl":"https:\/\/portaltela.pt\/s.01k8rhncp4jt1\/2026\/03\/2077860.jpg","width":796,"height":448,"caption":"Segundo o Observat\u00f3rio de Mulheres Assassinadas, 709 mulheres foram assassinadas entre 2002 e 2025 e que 939 foram v\u00edtimas de tentativa de homic\u00eddio"},{"@type":"BreadcrumbList","@id":"https:\/\/portaltela.pt\/noticias\/2026\/03\/29\/nova-vitima-de-violencia-domestica-apelo-por-prevencao-mais-profunda\/#breadcrumb","itemListElement":[{"@type":"ListItem","position":1,"name":"In\u00edcio","item":"https:\/\/portaltela.pt\/"},{"@type":"ListItem","position":2,"name":"Nova v\u00edtima de viol\u00eancia dom\u00e9stica: apelo por preven\u00e7\u00e3o mais profunda"}]},{"@type":"WebSite","@id":"https:\/\/portaltela.pt\/#website","url":"https:\/\/portaltela.pt\/","name":"Portal Tela Portugal","description":"","potentialAction":[{"@type":"SearchAction","target":{"@type":"EntryPoint","urlTemplate":"https:\/\/portaltela.pt\/?s={search_term_string}"},"query-input":{"@type":"PropertyValueSpecification","valueRequired":true,"valueName":"search_term_string"}}],"inLanguage":"pt-PT"},{"@type":"Person","@id":"https:\/\/portaltela.pt\/#\/schema\/person\/c4278d4a6028830caff9ee44b42d32ed","name":"Telinha","image":{"@type":"ImageObject","inLanguage":"pt-PT","@id":"https:\/\/portaltela.pt\/s.01k8rhncp4jt1\/2025\/11\/talking-bot-125x125.png","url":"https:\/\/portaltela.pt\/s.01k8rhncp4jt1\/2025\/11\/talking-bot-125x125.png","contentUrl":"https:\/\/portaltela.pt\/s.01k8rhncp4jt1\/2025\/11\/talking-bot-125x125.png","caption":"Telinha"},"sameAs":["https:\/\/portaltela.pt\/"],"url":"https:\/\/portaltela.pt\/por\/367410592786\/"}]}},"_links":{"self":[{"href":"https:\/\/portaltela.pt\/api\/wp\/v2\/posts\/426284","targetHints":{"allow":["GET"]}}],"collection":[{"href":"https:\/\/portaltela.pt\/api\/wp\/v2\/posts"}],"about":[{"href":"https:\/\/portaltela.pt\/api\/wp\/v2\/types\/post"}],"author":[{"embeddable":true,"href":"https:\/\/portaltela.pt\/api\/wp\/v2\/users\/2"}],"replies":[{"embeddable":true,"href":"https:\/\/portaltela.pt\/api\/wp\/v2\/comments?post=426284"}],"version-history":[{"count":0,"href":"https:\/\/portaltela.pt\/api\/wp\/v2\/posts\/426284\/revisions"}],"wp:featuredmedia":[{"embeddable":true,"href":"https:\/\/portaltela.pt\/api\/wp\/v2\/media\/426286"}],"wp:attachment":[{"href":"https:\/\/portaltela.pt\/api\/wp\/v2\/media?parent=426284"}],"wp:term":[{"taxonomy":"category","embeddable":true,"href":"https:\/\/portaltela.pt\/api\/wp\/v2\/categories?post=426284"},{"taxonomy":"post_tag","embeddable":true,"href":"https:\/\/portaltela.pt\/api\/wp\/v2\/tags?post=426284"}],"curies":[{"name":"wp","href":"https:\/\/api.w.org\/{rel}","templated":true}]}}