{"id":426283,"date":"2026-03-29T17:16:56","date_gmt":"2026-03-29T20:16:56","guid":{"rendered":"https:\/\/portaltela.pt\/noticias\/2026\/03\/29\/paquistao-reune-paises-da-regiao-para-discutir-o-irao-e-ormuz\/"},"modified":"2026-03-29T17:16:56","modified_gmt":"2026-03-29T20:16:56","slug":"paquistao-reune-paises-da-regiao-para-discutir-o-irao-e-ormuz","status":"publish","type":"post","link":"https:\/\/portaltela.pt\/noticias\/internacional\/2026\/03\/29\/paquistao-reune-paises-da-regiao-para-discutir-o-irao-e-ormuz\/","title":{"rendered":"Paquist\u00e3o re\u00fane pa\u00edses da regi\u00e3o para discutir o Ir\u00e3o e Ormuz"},"content":{"rendered":"<p>O Paquist\u00e3o recebeu neste domingo uma reuni\u00e3o com a Turquia, o Egipto e a Ar\u00e1bia Saudita, em Islamabad, para discutir formas de mediar o fim da guerra com o Ir\u00e3o. O foco inicial incidiu na reabertura do estreito de Ormuz \u00e0 navega\u00e7\u00e3o, segundo fontes envolvidas no processo.<\/p>\n<p>No final do dia, o ministro dos Neg\u00f3cios Estrangeiros paquistan\u00eas, Ishaq Dar, disse que os seus hom\u00f3logos exploraram op\u00e7\u00f5es para um fim duradouro na regi\u00e3o e que houve informa\u00e7\u00f5es sobre potenciais negocia\u00e7\u00f5es entre EUA e Ir\u00e3o em Islamabad. As discuss\u00f5es ocorrem num momento de tens\u00e3o no Golfo.<\/p>\n<p>Os participantes apresentaram propostas a Washington sobre o tr\u00e1fego mar\u00edtimo no Golfo, avan\u00e7ando com uma linha de estabiliza\u00e7\u00e3o dos fluxos de navega\u00e7\u00e3o, segundo cinco fontes ouvidas pela Reuters. O estreito de Ormuz j\u00e1 movia perto de um quinto do fornecimento mundial de petr\u00f3leo antes de ter o tr\u00e1fego bloqueado por a\u00e7\u00f5es do Ir\u00e3o.<\/p>\n<h3>Propostas para Ormuz<\/h3>\n<p>Uma fonte paquistanesa indicou que propostas apresentadas j\u00e1 foram encaminhadas \u00e0 Casa Branca, incluindo modelos com estruturas de taxas semelhantes \u00e0s do Canal de Suez. Duas fontes acrescentaram que pode emergir um cons\u00f3rcio para gerir os fluxos de petr\u00f3leo pela via mar\u00edtima, com o Paquist\u00e3o a ser convidado, mas Islamabad n\u00e3o estaria formalmente inclu\u00eddo.<\/p>\n<p>As fontes tamb\u00e9m apontaram que as propostas foram discutidas com EUA e Ir\u00e3o. O chefe do Ex\u00e9rcito paquistan\u00eas, Asim Munir, tem mantido contactos regulares com o vice-presidente dos EUA, JD Vance, segundo as mesmas informa\u00e7\u00f5es. Os minist\u00e9rios do Egipto e do Paquist\u00e3o n\u00e3o comentaram.<\/p>\n<p>Uma diplomata turca afirmou que a prioridade de Ancara \u00e9 obter um cessar-fogo, com a passagem segura de navios a ser considerada uma medida de confian\u00e7a. O Ir\u00e3o havia sinalizado aos EUA contras uma ofensiva terrestre, enquanto os pre\u00e7os do petr\u00f3leo subiam com a escalada regional.<\/p>\n<p>Antes das reuni\u00f5es, Dar reuniu-se separadamente com os hom\u00f3logos turco e eg\u00edpcio. Em X, o ministro afirmou que o Ir\u00e3o concordou em permitir a passagem de mais 20 navios paquistaneses pelo estreito de Ormuz. O governo saudita e a Casa Branca n\u00e3o responderam de imediato aos pedidos de coment\u00e1rio.<\/p>\n","protected":false},"excerpt":{"rendered":"<ul>\n<li>O Paquist\u00e3o recebeu, em Islamabad, uma reuni\u00e3o com Turquia, Egipto e Ar\u00e1bia Saudita para procurar formas de p\u00f4r fim duradouro \u00e0 guerra na regi\u00e3o, com foco na reabertura do estreito de Ormuz.<\/li>\n<li>As discuss\u00f5es inicializadas centraram\u2011se em propostas para facilitar o tr\u00e1fego de petr\u00f3leo no Golfo e em poss\u00edveis negocia\u00e7\u00f5es entre os Estados Unidos e o Ir\u00e3o.<\/li>\n<li>Propostas apresentadas \u00e0 Casa Branca inclu\u00edam estruturas de taxas semelhantes \u00e0s do Canal de Suez; surgiram ainda ideias de um cons\u00f3rcio para gerir os fluxos de petr\u00f3leo atrav\u00e9s de Ormuz, com participa\u00e7\u00e3o poss\u00edvel do Paquist\u00e3o\u2014a cuja participa\u00e7\u00e3o Islamabad n\u00e3o foi formalmente convidada.<\/li>\n<li>O estreito de Ormuz era respons\u00e1vel por boa parte do fornecimento mundial de petr\u00f3leo, mas o Ir\u00e3o bloqueou o tr\u00e1fego mar\u00edtimo na regi\u00e3o em resposta a ataques, elevando os pre\u00e7os globais do petr\u00f3leo.<\/li>\n<li>A China expressou apoio \u00e0 iniciativa; o Ir\u00e3o concordou em permitir a passagem de mais 20 navios paquistaneses pelo estreito, e houve contactos entre o chefe do Ex\u00e9rcito paquistan\u00eas e o vice\u2011presidente dos EUA.<\/li>\n<\/ul>\n","protected":false},"author":2,"featured_media":426287,"comment_status":"closed","ping_status":"closed","sticky":false,"template":"","format":"standard","meta":{"footnotes":""},"categories":[6814,4],"tags":[1016,3707,3153,2036,3743,2126],"class_list":["post-426283","post","type-post","status-publish","format-standard","has-post-thumbnail","hentry","category-geopolitica","category-internacional","tag-arabia-saudita","tag-egipto","tag-ira","tag-negociacoes-internacionais","tag-paquistao","tag-turquia"],"yoast_head":"<!-- This site is optimized with the Yoast SEO plugin v27.2 - https:\/\/yoast.com\/product\/yoast-seo-wordpress\/ -->\n<title>Paquist\u00e3o re\u00fane pa\u00edses da regi\u00e3o para discutir o Ir\u00e3o e Ormuz - Portal Tela Portugal<\/title>\n<meta name=\"robots\" content=\"index, follow, max-snippet:-1, max-image-preview:large, max-video-preview:-1\" \/>\n<meta property=\"og:locale\" content=\"pt_PT\" \/>\n<meta property=\"og:type\" content=\"article\" \/>\n<meta property=\"og:title\" content=\"Paquist\u00e3o re\u00fane pa\u00edses da regi\u00e3o para discutir o Ir\u00e3o e Ormuz - Portal Tela Portugal\" \/>\n<meta property=\"og:description\" content=\"O Paquist\u00e3o recebeu, em Islamabad, uma reuni\u00e3o com Turquia, Egipto e Ar\u00e1bia Saudita para procurar formas de p\u00f4r fim duradouro \u00e0 guerra na regi\u00e3o, com foco na reabertura do estreito de Ormuz. As discuss\u00f5es inicializadas centraram\u2011se em propostas para facilitar o tr\u00e1fego de petr\u00f3leo no Golfo e em poss\u00edveis negocia\u00e7\u00f5es entre os Estados Unidos e o Ir\u00e3o. Propostas apresentadas \u00e0 Casa Branca inclu\u00edam estruturas de taxas semelhantes \u00e0s do Canal de Suez; surgiram ainda ideias de um cons\u00f3rcio para gerir os fluxos de petr\u00f3leo atrav\u00e9s de Ormuz, com participa\u00e7\u00e3o poss\u00edvel do Paquist\u00e3o\u2014a cuja participa\u00e7\u00e3o Islamabad n\u00e3o foi formalmente convidada. O estreito de Ormuz era respons\u00e1vel por boa parte do fornecimento mundial de petr\u00f3leo, mas o Ir\u00e3o bloqueou o tr\u00e1fego mar\u00edtimo na regi\u00e3o em resposta a ataques, elevando os pre\u00e7os globais do petr\u00f3leo. A China expressou apoio \u00e0 iniciativa; o Ir\u00e3o concordou em permitir a passagem de mais 20 navios paquistaneses pelo estreito, e houve contactos entre o chefe do Ex\u00e9rcito paquistan\u00eas e o vice\u2011presidente dos EUA.\" \/>\n<meta property=\"og:url\" content=\"https:\/\/portaltela.pt\/noticias\/2026\/03\/29\/paquistao-reune-paises-da-regiao-para-discutir-o-irao-e-ormuz\/\" \/>\n<meta property=\"og:site_name\" content=\"Portal Tela Portugal\" \/>\n<meta property=\"article:published_time\" content=\"2026-03-29T20:16:56+00:00\" \/>\n<meta name=\"author\" content=\"Telinha\" \/>\n<meta name=\"twitter:card\" content=\"summary_large_image\" \/>\n<meta name=\"twitter:label1\" content=\"Escrito por\" \/>\n\t<meta name=\"twitter:data1\" content=\"Telinha\" \/>\n\t<meta name=\"twitter:label2\" content=\"Tempo estimado de leitura\" \/>\n\t<meta name=\"twitter:data2\" content=\"2 minutos\" \/>\n<script type=\"application\/ld+json\" class=\"yoast-schema-graph\">{\"@context\":\"https:\/\/schema.org\",\"@graph\":[{\"@type\":\"Article\",\"@id\":\"https:\/\/portaltela.pt\/noticias\/2026\/03\/29\/paquistao-reune-paises-da-regiao-para-discutir-o-irao-e-ormuz\/#article\",\"isPartOf\":{\"@id\":\"https:\/\/portaltela.pt\/noticias\/2026\/03\/29\/paquistao-reune-paises-da-regiao-para-discutir-o-irao-e-ormuz\/\"},\"author\":{\"name\":\"Telinha\",\"@id\":\"https:\/\/portaltela.pt\/#\/schema\/person\/c4278d4a6028830caff9ee44b42d32ed\"},\"headline\":\"Paquist\u00e3o re\u00fane pa\u00edses da regi\u00e3o para discutir o Ir\u00e3o e Ormuz\",\"datePublished\":\"2026-03-29T20:16:56+00:00\",\"mainEntityOfPage\":{\"@id\":\"https:\/\/portaltela.pt\/noticias\/2026\/03\/29\/paquistao-reune-paises-da-regiao-para-discutir-o-irao-e-ormuz\/\"},\"wordCount\":403,\"image\":{\"@id\":\"https:\/\/portaltela.pt\/noticias\/2026\/03\/29\/paquistao-reune-paises-da-regiao-para-discutir-o-irao-e-ormuz\/#primaryimage\"},\"thumbnailUrl\":\"https:\/\/portaltela.pt\/s.01k8rhncp4jt1\/2026\/03\/2077858.jpg\",\"keywords\":[\"Ar\u00e1bia Saudita\",\"Egipto\",\"Ir\u00e3\",\"negocia\u00e7\u00f5es internacionais\",\"Paquist\u00e3o\",\"Turquia\"],\"articleSection\":[\"Geopol\u00edtica\",\"Internacional\"],\"inLanguage\":\"pt-PT\"},{\"@type\":\"WebPage\",\"@id\":\"https:\/\/portaltela.pt\/noticias\/2026\/03\/29\/paquistao-reune-paises-da-regiao-para-discutir-o-irao-e-ormuz\/\",\"url\":\"https:\/\/portaltela.pt\/noticias\/2026\/03\/29\/paquistao-reune-paises-da-regiao-para-discutir-o-irao-e-ormuz\/\",\"name\":\"Paquist\u00e3o re\u00fane pa\u00edses da regi\u00e3o para discutir o Ir\u00e3o e Ormuz - Portal Tela Portugal\",\"isPartOf\":{\"@id\":\"https:\/\/portaltela.pt\/#website\"},\"primaryImageOfPage\":{\"@id\":\"https:\/\/portaltela.pt\/noticias\/2026\/03\/29\/paquistao-reune-paises-da-regiao-para-discutir-o-irao-e-ormuz\/#primaryimage\"},\"image\":{\"@id\":\"https:\/\/portaltela.pt\/noticias\/2026\/03\/29\/paquistao-reune-paises-da-regiao-para-discutir-o-irao-e-ormuz\/#primaryimage\"},\"thumbnailUrl\":\"https:\/\/portaltela.pt\/s.01k8rhncp4jt1\/2026\/03\/2077858.jpg\",\"datePublished\":\"2026-03-29T20:16:56+00:00\",\"author\":{\"@id\":\"https:\/\/portaltela.pt\/#\/schema\/person\/c4278d4a6028830caff9ee44b42d32ed\"},\"breadcrumb\":{\"@id\":\"https:\/\/portaltela.pt\/noticias\/2026\/03\/29\/paquistao-reune-paises-da-regiao-para-discutir-o-irao-e-ormuz\/#breadcrumb\"},\"inLanguage\":\"pt-PT\",\"potentialAction\":[{\"@type\":\"ReadAction\",\"target\":[\"https:\/\/portaltela.pt\/noticias\/2026\/03\/29\/paquistao-reune-paises-da-regiao-para-discutir-o-irao-e-ormuz\/\"]}]},{\"@type\":\"ImageObject\",\"inLanguage\":\"pt-PT\",\"@id\":\"https:\/\/portaltela.pt\/noticias\/2026\/03\/29\/paquistao-reune-paises-da-regiao-para-discutir-o-irao-e-ormuz\/#primaryimage\",\"url\":\"https:\/\/portaltela.pt\/s.01k8rhncp4jt1\/2026\/03\/2077858.jpg\",\"contentUrl\":\"https:\/\/portaltela.pt\/s.01k8rhncp4jt1\/2026\/03\/2077858.jpg\",\"width\":796,\"height\":448,\"caption\":\"Ministros do Paquist\u00e3o, Turquia, Egipto e Ar\u00e1bia Saudita reuniram-se este domingo\"},{\"@type\":\"BreadcrumbList\",\"@id\":\"https:\/\/portaltela.pt\/noticias\/2026\/03\/29\/paquistao-reune-paises-da-regiao-para-discutir-o-irao-e-ormuz\/#breadcrumb\",\"itemListElement\":[{\"@type\":\"ListItem\",\"position\":1,\"name\":\"In\u00edcio\",\"item\":\"https:\/\/portaltela.pt\/\"},{\"@type\":\"ListItem\",\"position\":2,\"name\":\"Paquist\u00e3o re\u00fane pa\u00edses da regi\u00e3o para discutir o Ir\u00e3o e Ormuz\"}]},{\"@type\":\"WebSite\",\"@id\":\"https:\/\/portaltela.pt\/#website\",\"url\":\"https:\/\/portaltela.pt\/\",\"name\":\"Portal Tela Portugal\",\"description\":\"\",\"potentialAction\":[{\"@type\":\"SearchAction\",\"target\":{\"@type\":\"EntryPoint\",\"urlTemplate\":\"https:\/\/portaltela.pt\/?s={search_term_string}\"},\"query-input\":{\"@type\":\"PropertyValueSpecification\",\"valueRequired\":true,\"valueName\":\"search_term_string\"}}],\"inLanguage\":\"pt-PT\"},{\"@type\":\"Person\",\"@id\":\"https:\/\/portaltela.pt\/#\/schema\/person\/c4278d4a6028830caff9ee44b42d32ed\",\"name\":\"Telinha\",\"image\":{\"@type\":\"ImageObject\",\"inLanguage\":\"pt-PT\",\"@id\":\"https:\/\/portaltela.pt\/s.01k8rhncp4jt1\/2025\/11\/talking-bot-125x125.png\",\"url\":\"https:\/\/portaltela.pt\/s.01k8rhncp4jt1\/2025\/11\/talking-bot-125x125.png\",\"contentUrl\":\"https:\/\/portaltela.pt\/s.01k8rhncp4jt1\/2025\/11\/talking-bot-125x125.png\",\"caption\":\"Telinha\"},\"sameAs\":[\"https:\/\/portaltela.pt\/\"],\"url\":\"https:\/\/portaltela.pt\/por\/367410592786\/\"}]}<\/script>\n<!-- \/ Yoast SEO plugin. -->","yoast_head_json":{"title":"Paquist\u00e3o re\u00fane pa\u00edses da regi\u00e3o para discutir o Ir\u00e3o e Ormuz - Portal Tela Portugal","robots":{"index":"index","follow":"follow","max-snippet":"max-snippet:-1","max-image-preview":"max-image-preview:large","max-video-preview":"max-video-preview:-1"},"og_locale":"pt_PT","og_type":"article","og_title":"Paquist\u00e3o re\u00fane pa\u00edses da regi\u00e3o para discutir o Ir\u00e3o e Ormuz - Portal Tela Portugal","og_description":"O Paquist\u00e3o recebeu, em Islamabad, uma reuni\u00e3o com Turquia, Egipto e Ar\u00e1bia Saudita para procurar formas de p\u00f4r fim duradouro \u00e0 guerra na regi\u00e3o, com foco na reabertura do estreito de Ormuz. As discuss\u00f5es inicializadas centraram\u2011se em propostas para facilitar o tr\u00e1fego de petr\u00f3leo no Golfo e em poss\u00edveis negocia\u00e7\u00f5es entre os Estados Unidos e o Ir\u00e3o. Propostas apresentadas \u00e0 Casa Branca inclu\u00edam estruturas de taxas semelhantes \u00e0s do Canal de Suez; surgiram ainda ideias de um cons\u00f3rcio para gerir os fluxos de petr\u00f3leo atrav\u00e9s de Ormuz, com participa\u00e7\u00e3o poss\u00edvel do Paquist\u00e3o\u2014a cuja participa\u00e7\u00e3o Islamabad n\u00e3o foi formalmente convidada. O estreito de Ormuz era respons\u00e1vel por boa parte do fornecimento mundial de petr\u00f3leo, mas o Ir\u00e3o bloqueou o tr\u00e1fego mar\u00edtimo na regi\u00e3o em resposta a ataques, elevando os pre\u00e7os globais do petr\u00f3leo. A China expressou apoio \u00e0 iniciativa; o Ir\u00e3o concordou em permitir a passagem de mais 20 navios paquistaneses pelo estreito, e houve contactos entre o chefe do Ex\u00e9rcito paquistan\u00eas e o vice\u2011presidente dos EUA.","og_url":"https:\/\/portaltela.pt\/noticias\/2026\/03\/29\/paquistao-reune-paises-da-regiao-para-discutir-o-irao-e-ormuz\/","og_site_name":"Portal Tela Portugal","article_published_time":"2026-03-29T20:16:56+00:00","author":"Telinha","twitter_card":"summary_large_image","twitter_misc":{"Escrito por":"Telinha","Tempo estimado de leitura":"2 minutos"},"schema":{"@context":"https:\/\/schema.org","@graph":[{"@type":"Article","@id":"https:\/\/portaltela.pt\/noticias\/2026\/03\/29\/paquistao-reune-paises-da-regiao-para-discutir-o-irao-e-ormuz\/#article","isPartOf":{"@id":"https:\/\/portaltela.pt\/noticias\/2026\/03\/29\/paquistao-reune-paises-da-regiao-para-discutir-o-irao-e-ormuz\/"},"author":{"name":"Telinha","@id":"https:\/\/portaltela.pt\/#\/schema\/person\/c4278d4a6028830caff9ee44b42d32ed"},"headline":"Paquist\u00e3o re\u00fane pa\u00edses da regi\u00e3o para discutir o Ir\u00e3o e Ormuz","datePublished":"2026-03-29T20:16:56+00:00","mainEntityOfPage":{"@id":"https:\/\/portaltela.pt\/noticias\/2026\/03\/29\/paquistao-reune-paises-da-regiao-para-discutir-o-irao-e-ormuz\/"},"wordCount":403,"image":{"@id":"https:\/\/portaltela.pt\/noticias\/2026\/03\/29\/paquistao-reune-paises-da-regiao-para-discutir-o-irao-e-ormuz\/#primaryimage"},"thumbnailUrl":"https:\/\/portaltela.pt\/s.01k8rhncp4jt1\/2026\/03\/2077858.jpg","keywords":["Ar\u00e1bia Saudita","Egipto","Ir\u00e3","negocia\u00e7\u00f5es internacionais","Paquist\u00e3o","Turquia"],"articleSection":["Geopol\u00edtica","Internacional"],"inLanguage":"pt-PT"},{"@type":"WebPage","@id":"https:\/\/portaltela.pt\/noticias\/2026\/03\/29\/paquistao-reune-paises-da-regiao-para-discutir-o-irao-e-ormuz\/","url":"https:\/\/portaltela.pt\/noticias\/2026\/03\/29\/paquistao-reune-paises-da-regiao-para-discutir-o-irao-e-ormuz\/","name":"Paquist\u00e3o re\u00fane pa\u00edses da regi\u00e3o para discutir o Ir\u00e3o e Ormuz - Portal Tela Portugal","isPartOf":{"@id":"https:\/\/portaltela.pt\/#website"},"primaryImageOfPage":{"@id":"https:\/\/portaltela.pt\/noticias\/2026\/03\/29\/paquistao-reune-paises-da-regiao-para-discutir-o-irao-e-ormuz\/#primaryimage"},"image":{"@id":"https:\/\/portaltela.pt\/noticias\/2026\/03\/29\/paquistao-reune-paises-da-regiao-para-discutir-o-irao-e-ormuz\/#primaryimage"},"thumbnailUrl":"https:\/\/portaltela.pt\/s.01k8rhncp4jt1\/2026\/03\/2077858.jpg","datePublished":"2026-03-29T20:16:56+00:00","author":{"@id":"https:\/\/portaltela.pt\/#\/schema\/person\/c4278d4a6028830caff9ee44b42d32ed"},"breadcrumb":{"@id":"https:\/\/portaltela.pt\/noticias\/2026\/03\/29\/paquistao-reune-paises-da-regiao-para-discutir-o-irao-e-ormuz\/#breadcrumb"},"inLanguage":"pt-PT","potentialAction":[{"@type":"ReadAction","target":["https:\/\/portaltela.pt\/noticias\/2026\/03\/29\/paquistao-reune-paises-da-regiao-para-discutir-o-irao-e-ormuz\/"]}]},{"@type":"ImageObject","inLanguage":"pt-PT","@id":"https:\/\/portaltela.pt\/noticias\/2026\/03\/29\/paquistao-reune-paises-da-regiao-para-discutir-o-irao-e-ormuz\/#primaryimage","url":"https:\/\/portaltela.pt\/s.01k8rhncp4jt1\/2026\/03\/2077858.jpg","contentUrl":"https:\/\/portaltela.pt\/s.01k8rhncp4jt1\/2026\/03\/2077858.jpg","width":796,"height":448,"caption":"Ministros do Paquist\u00e3o, Turquia, Egipto e Ar\u00e1bia Saudita reuniram-se este domingo"},{"@type":"BreadcrumbList","@id":"https:\/\/portaltela.pt\/noticias\/2026\/03\/29\/paquistao-reune-paises-da-regiao-para-discutir-o-irao-e-ormuz\/#breadcrumb","itemListElement":[{"@type":"ListItem","position":1,"name":"In\u00edcio","item":"https:\/\/portaltela.pt\/"},{"@type":"ListItem","position":2,"name":"Paquist\u00e3o re\u00fane pa\u00edses da regi\u00e3o para discutir o Ir\u00e3o e Ormuz"}]},{"@type":"WebSite","@id":"https:\/\/portaltela.pt\/#website","url":"https:\/\/portaltela.pt\/","name":"Portal Tela Portugal","description":"","potentialAction":[{"@type":"SearchAction","target":{"@type":"EntryPoint","urlTemplate":"https:\/\/portaltela.pt\/?s={search_term_string}"},"query-input":{"@type":"PropertyValueSpecification","valueRequired":true,"valueName":"search_term_string"}}],"inLanguage":"pt-PT"},{"@type":"Person","@id":"https:\/\/portaltela.pt\/#\/schema\/person\/c4278d4a6028830caff9ee44b42d32ed","name":"Telinha","image":{"@type":"ImageObject","inLanguage":"pt-PT","@id":"https:\/\/portaltela.pt\/s.01k8rhncp4jt1\/2025\/11\/talking-bot-125x125.png","url":"https:\/\/portaltela.pt\/s.01k8rhncp4jt1\/2025\/11\/talking-bot-125x125.png","contentUrl":"https:\/\/portaltela.pt\/s.01k8rhncp4jt1\/2025\/11\/talking-bot-125x125.png","caption":"Telinha"},"sameAs":["https:\/\/portaltela.pt\/"],"url":"https:\/\/portaltela.pt\/por\/367410592786\/"}]}},"_links":{"self":[{"href":"https:\/\/portaltela.pt\/api\/wp\/v2\/posts\/426283","targetHints":{"allow":["GET"]}}],"collection":[{"href":"https:\/\/portaltela.pt\/api\/wp\/v2\/posts"}],"about":[{"href":"https:\/\/portaltela.pt\/api\/wp\/v2\/types\/post"}],"author":[{"embeddable":true,"href":"https:\/\/portaltela.pt\/api\/wp\/v2\/users\/2"}],"replies":[{"embeddable":true,"href":"https:\/\/portaltela.pt\/api\/wp\/v2\/comments?post=426283"}],"version-history":[{"count":0,"href":"https:\/\/portaltela.pt\/api\/wp\/v2\/posts\/426283\/revisions"}],"wp:featuredmedia":[{"embeddable":true,"href":"https:\/\/portaltela.pt\/api\/wp\/v2\/media\/426287"}],"wp:attachment":[{"href":"https:\/\/portaltela.pt\/api\/wp\/v2\/media?parent=426283"}],"wp:term":[{"taxonomy":"category","embeddable":true,"href":"https:\/\/portaltela.pt\/api\/wp\/v2\/categories?post=426283"},{"taxonomy":"post_tag","embeddable":true,"href":"https:\/\/portaltela.pt\/api\/wp\/v2\/tags?post=426283"}],"curies":[{"name":"wp","href":"https:\/\/api.w.org\/{rel}","templated":true}]}}