{"id":426268,"date":"2026-03-29T16:32:07","date_gmt":"2026-03-29T19:32:07","guid":{"rendered":"https:\/\/portaltela.pt\/noticias\/2026\/03\/29\/boavista-sad-perde-e-despromocao-fica-confirmada\/"},"modified":"2026-03-29T16:32:07","modified_gmt":"2026-03-29T19:32:07","slug":"boavista-sad-perde-e-despromocao-fica-confirmada","status":"publish","type":"post","link":"https:\/\/portaltela.pt\/desporto\/futebol\/2026\/03\/29\/boavista-sad-perde-e-despromocao-fica-confirmada\/","title":{"rendered":"Boavista SAD perde e despromo\u00e7\u00e3o fica confirmada"},"content":{"rendered":"<p>O Boavista SAD sofreu a derrota neste domingo em Lousada, por 2-0, na 28.\u00aa jornada da Liga Pro AF Porto. A derrota confirmou matematicamente a descida \u00e0 Divis\u00e3o de Elite, o segundo patamar. Os axadrezados ocupam o \u00faltimo lugar com 10 pontos, a 23 da linha de \u00e1gua, com 18 pontos em jogo nas \u00faltimas seis jornadas.<\/p>\n<p>Na 1.\u00aa Divis\u00e3o da AF Porto, o Panteras Negras FC venceu o Torr\u00e3o por 3-0 e beneficiou da derrota do Perosinho. Assim, sobe ao 1.\u00ba lugar da S\u00e9rie 5, com apenas uma jornada por disputar na primeira fase, mantendo vivo o sonho de ascender \u00e0 Divis\u00e3o de Honra, o terceiro escal\u00e3o.<\/p>\n<p>Outra nota relevante: a segunda equipa do Boavista, que tamb\u00e9m competia na mesma s\u00e9rie, desistiu da participa\u00e7\u00e3o na Divis\u00e3o 1 da AF Porto no final de outubro. O clube n\u00e3o continua assim na competi\u00e7\u00e3o distrital.<\/p>\n","protected":false},"excerpt":{"rendered":"<ul>\n<li>O Boavista SAD perdeu 2-0 em Lousada, na 28.\u00aa jornada da Liga Pro da AF Porto, e viu a descida \u00e0 Divis\u00e3o de Elite confirmada matematicamente.<\/li>\n<li>Os axadrezados ocupam o \u00faltimo lugar, com 10 pontos, a 23 da linha de \u00e1gua, com 18 pontos ainda por disputar nas seis jornadas finais.<\/li>\n<li>Na 1.\u00aa Divis\u00e3o da AF Porto, Panteras Negras FC venceu Torr\u00e3o por 3-0 e ascendeu ao 1.\u00ba lugar da S\u00e9rie 5, aproximando-se da Divis\u00e3o de Honra na 1.\u00aa temporada de atividade.<\/li>\n<li>A segunda equipa do Boavista, que come\u00e7ou a \u00e9poca na mesma s\u00e9rie, desistiu da competi\u00e7\u00e3o no final de outubro.<\/li>\n<\/ul>\n","protected":false},"author":2,"featured_media":426269,"comment_status":"closed","ping_status":"closed","sticky":false,"template":"","format":"standard","meta":{"footnotes":""},"categories":[21,24],"tags":[4834,1367,152,4261,32],"class_list":["post-426268","post","type-post","status-publish","format-standard","has-post-thumbnail","hentry","category-desporto","category-futebol","tag-af-porto","tag-clubes","tag-desporto","tag-despromocao","tag-futebol"],"yoast_head":"<!-- This site is optimized with the Yoast SEO plugin v27.2 - https:\/\/yoast.com\/product\/yoast-seo-wordpress\/ -->\n<title>Boavista SAD perde e despromo\u00e7\u00e3o fica confirmada - Portal Tela Portugal<\/title>\n<meta name=\"robots\" content=\"index, follow, max-snippet:-1, max-image-preview:large, max-video-preview:-1\" \/>\n<meta property=\"og:locale\" content=\"pt_PT\" \/>\n<meta property=\"og:type\" content=\"article\" \/>\n<meta property=\"og:title\" content=\"Boavista SAD perde e despromo\u00e7\u00e3o fica confirmada - Portal Tela Portugal\" \/>\n<meta property=\"og:description\" content=\"O Boavista SAD perdeu 2-0 em Lousada, na 28.\u00aa jornada da Liga Pro da AF Porto, e viu a descida \u00e0 Divis\u00e3o de Elite confirmada matematicamente. Os axadrezados ocupam o \u00faltimo lugar, com 10 pontos, a 23 da linha de \u00e1gua, com 18 pontos ainda por disputar nas seis jornadas finais. Na 1.\u00aa Divis\u00e3o da AF Porto, Panteras Negras FC venceu Torr\u00e3o por 3-0 e ascendeu ao 1.\u00ba lugar da S\u00e9rie 5, aproximando-se da Divis\u00e3o de Honra na 1.\u00aa temporada de atividade. A segunda equipa do Boavista, que come\u00e7ou a \u00e9poca na mesma s\u00e9rie, desistiu da competi\u00e7\u00e3o no final de outubro.\" \/>\n<meta property=\"og:url\" content=\"https:\/\/portaltela.pt\/noticias\/2026\/03\/29\/boavista-sad-perde-e-despromocao-fica-confirmada\/\" \/>\n<meta property=\"og:site_name\" content=\"Portal Tela Portugal\" \/>\n<meta property=\"article:published_time\" content=\"2026-03-29T19:32:07+00:00\" \/>\n<meta name=\"author\" content=\"Telinha\" \/>\n<meta name=\"twitter:card\" content=\"summary_large_image\" \/>\n<meta name=\"twitter:label1\" content=\"Escrito por\" \/>\n\t<meta name=\"twitter:data1\" content=\"Telinha\" \/>\n\t<meta name=\"twitter:label2\" content=\"Tempo estimado de leitura\" \/>\n\t<meta name=\"twitter:data2\" content=\"1 minuto\" \/>\n<script type=\"application\/ld+json\" class=\"yoast-schema-graph\">{\"@context\":\"https:\/\/schema.org\",\"@graph\":[{\"@type\":\"Article\",\"@id\":\"https:\/\/portaltela.pt\/noticias\/2026\/03\/29\/boavista-sad-perde-e-despromocao-fica-confirmada\/#article\",\"isPartOf\":{\"@id\":\"https:\/\/portaltela.pt\/noticias\/2026\/03\/29\/boavista-sad-perde-e-despromocao-fica-confirmada\/\"},\"author\":{\"name\":\"Telinha\",\"@id\":\"https:\/\/portaltela.pt\/#\/schema\/person\/c4278d4a6028830caff9ee44b42d32ed\"},\"headline\":\"Boavista SAD perde e despromo\u00e7\u00e3o fica confirmada\",\"datePublished\":\"2026-03-29T19:32:07+00:00\",\"mainEntityOfPage\":{\"@id\":\"https:\/\/portaltela.pt\/noticias\/2026\/03\/29\/boavista-sad-perde-e-despromocao-fica-confirmada\/\"},\"wordCount\":153,\"image\":{\"@id\":\"https:\/\/portaltela.pt\/noticias\/2026\/03\/29\/boavista-sad-perde-e-despromocao-fica-confirmada\/#primaryimage\"},\"thumbnailUrl\":\"https:\/\/portaltela.pt\/s.01k8rhncp4jt1\/2026\/03\/img_920x518uu2025-09-28-20-33-12-2392685-im-639104128013489459.jpg\",\"keywords\":[\"AF Porto\",\"clubes\",\"desporto\",\"Despromo\u00e7\u00e3o\",\"futebol\"],\"articleSection\":[\"Desporto\",\"Futebol\"],\"inLanguage\":\"pt-PT\"},{\"@type\":\"WebPage\",\"@id\":\"https:\/\/portaltela.pt\/noticias\/2026\/03\/29\/boavista-sad-perde-e-despromocao-fica-confirmada\/\",\"url\":\"https:\/\/portaltela.pt\/noticias\/2026\/03\/29\/boavista-sad-perde-e-despromocao-fica-confirmada\/\",\"name\":\"Boavista SAD perde e despromo\u00e7\u00e3o fica confirmada - Portal Tela Portugal\",\"isPartOf\":{\"@id\":\"https:\/\/portaltela.pt\/#website\"},\"primaryImageOfPage\":{\"@id\":\"https:\/\/portaltela.pt\/noticias\/2026\/03\/29\/boavista-sad-perde-e-despromocao-fica-confirmada\/#primaryimage\"},\"image\":{\"@id\":\"https:\/\/portaltela.pt\/noticias\/2026\/03\/29\/boavista-sad-perde-e-despromocao-fica-confirmada\/#primaryimage\"},\"thumbnailUrl\":\"https:\/\/portaltela.pt\/s.01k8rhncp4jt1\/2026\/03\/img_920x518uu2025-09-28-20-33-12-2392685-im-639104128013489459.jpg\",\"datePublished\":\"2026-03-29T19:32:07+00:00\",\"author\":{\"@id\":\"https:\/\/portaltela.pt\/#\/schema\/person\/c4278d4a6028830caff9ee44b42d32ed\"},\"breadcrumb\":{\"@id\":\"https:\/\/portaltela.pt\/noticias\/2026\/03\/29\/boavista-sad-perde-e-despromocao-fica-confirmada\/#breadcrumb\"},\"inLanguage\":\"pt-PT\",\"potentialAction\":[{\"@type\":\"ReadAction\",\"target\":[\"https:\/\/portaltela.pt\/noticias\/2026\/03\/29\/boavista-sad-perde-e-despromocao-fica-confirmada\/\"]}]},{\"@type\":\"ImageObject\",\"inLanguage\":\"pt-PT\",\"@id\":\"https:\/\/portaltela.pt\/noticias\/2026\/03\/29\/boavista-sad-perde-e-despromocao-fica-confirmada\/#primaryimage\",\"url\":\"https:\/\/portaltela.pt\/s.01k8rhncp4jt1\/2026\/03\/img_920x518uu2025-09-28-20-33-12-2392685-im-639104128013489459.jpg\",\"contentUrl\":\"https:\/\/portaltela.pt\/s.01k8rhncp4jt1\/2026\/03\/img_920x518uu2025-09-28-20-33-12-2392685-im-639104128013489459.jpg\",\"width\":796,\"height\":448,\"caption\":\"Boavista desce de divis\u00e3o\"},{\"@type\":\"BreadcrumbList\",\"@id\":\"https:\/\/portaltela.pt\/noticias\/2026\/03\/29\/boavista-sad-perde-e-despromocao-fica-confirmada\/#breadcrumb\",\"itemListElement\":[{\"@type\":\"ListItem\",\"position\":1,\"name\":\"In\u00edcio\",\"item\":\"https:\/\/portaltela.pt\/\"},{\"@type\":\"ListItem\",\"position\":2,\"name\":\"Boavista SAD perde e despromo\u00e7\u00e3o fica confirmada\"}]},{\"@type\":\"WebSite\",\"@id\":\"https:\/\/portaltela.pt\/#website\",\"url\":\"https:\/\/portaltela.pt\/\",\"name\":\"Portal Tela Portugal\",\"description\":\"\",\"potentialAction\":[{\"@type\":\"SearchAction\",\"target\":{\"@type\":\"EntryPoint\",\"urlTemplate\":\"https:\/\/portaltela.pt\/?s={search_term_string}\"},\"query-input\":{\"@type\":\"PropertyValueSpecification\",\"valueRequired\":true,\"valueName\":\"search_term_string\"}}],\"inLanguage\":\"pt-PT\"},{\"@type\":\"Person\",\"@id\":\"https:\/\/portaltela.pt\/#\/schema\/person\/c4278d4a6028830caff9ee44b42d32ed\",\"name\":\"Telinha\",\"image\":{\"@type\":\"ImageObject\",\"inLanguage\":\"pt-PT\",\"@id\":\"https:\/\/portaltela.pt\/s.01k8rhncp4jt1\/2025\/11\/talking-bot-125x125.png\",\"url\":\"https:\/\/portaltela.pt\/s.01k8rhncp4jt1\/2025\/11\/talking-bot-125x125.png\",\"contentUrl\":\"https:\/\/portaltela.pt\/s.01k8rhncp4jt1\/2025\/11\/talking-bot-125x125.png\",\"caption\":\"Telinha\"},\"sameAs\":[\"https:\/\/portaltela.pt\/\"],\"url\":\"https:\/\/portaltela.pt\/por\/367410592786\/\"}]}<\/script>\n<!-- \/ Yoast SEO plugin. -->","yoast_head_json":{"title":"Boavista SAD perde e despromo\u00e7\u00e3o fica confirmada - Portal Tela Portugal","robots":{"index":"index","follow":"follow","max-snippet":"max-snippet:-1","max-image-preview":"max-image-preview:large","max-video-preview":"max-video-preview:-1"},"og_locale":"pt_PT","og_type":"article","og_title":"Boavista SAD perde e despromo\u00e7\u00e3o fica confirmada - Portal Tela Portugal","og_description":"O Boavista SAD perdeu 2-0 em Lousada, na 28.\u00aa jornada da Liga Pro da AF Porto, e viu a descida \u00e0 Divis\u00e3o de Elite confirmada matematicamente. Os axadrezados ocupam o \u00faltimo lugar, com 10 pontos, a 23 da linha de \u00e1gua, com 18 pontos ainda por disputar nas seis jornadas finais. Na 1.\u00aa Divis\u00e3o da AF Porto, Panteras Negras FC venceu Torr\u00e3o por 3-0 e ascendeu ao 1.\u00ba lugar da S\u00e9rie 5, aproximando-se da Divis\u00e3o de Honra na 1.\u00aa temporada de atividade. A segunda equipa do Boavista, que come\u00e7ou a \u00e9poca na mesma s\u00e9rie, desistiu da competi\u00e7\u00e3o no final de outubro.","og_url":"https:\/\/portaltela.pt\/noticias\/2026\/03\/29\/boavista-sad-perde-e-despromocao-fica-confirmada\/","og_site_name":"Portal Tela Portugal","article_published_time":"2026-03-29T19:32:07+00:00","author":"Telinha","twitter_card":"summary_large_image","twitter_misc":{"Escrito por":"Telinha","Tempo estimado de leitura":"1 minuto"},"schema":{"@context":"https:\/\/schema.org","@graph":[{"@type":"Article","@id":"https:\/\/portaltela.pt\/noticias\/2026\/03\/29\/boavista-sad-perde-e-despromocao-fica-confirmada\/#article","isPartOf":{"@id":"https:\/\/portaltela.pt\/noticias\/2026\/03\/29\/boavista-sad-perde-e-despromocao-fica-confirmada\/"},"author":{"name":"Telinha","@id":"https:\/\/portaltela.pt\/#\/schema\/person\/c4278d4a6028830caff9ee44b42d32ed"},"headline":"Boavista SAD perde e despromo\u00e7\u00e3o fica confirmada","datePublished":"2026-03-29T19:32:07+00:00","mainEntityOfPage":{"@id":"https:\/\/portaltela.pt\/noticias\/2026\/03\/29\/boavista-sad-perde-e-despromocao-fica-confirmada\/"},"wordCount":153,"image":{"@id":"https:\/\/portaltela.pt\/noticias\/2026\/03\/29\/boavista-sad-perde-e-despromocao-fica-confirmada\/#primaryimage"},"thumbnailUrl":"https:\/\/portaltela.pt\/s.01k8rhncp4jt1\/2026\/03\/img_920x518uu2025-09-28-20-33-12-2392685-im-639104128013489459.jpg","keywords":["AF Porto","clubes","desporto","Despromo\u00e7\u00e3o","futebol"],"articleSection":["Desporto","Futebol"],"inLanguage":"pt-PT"},{"@type":"WebPage","@id":"https:\/\/portaltela.pt\/noticias\/2026\/03\/29\/boavista-sad-perde-e-despromocao-fica-confirmada\/","url":"https:\/\/portaltela.pt\/noticias\/2026\/03\/29\/boavista-sad-perde-e-despromocao-fica-confirmada\/","name":"Boavista SAD perde e despromo\u00e7\u00e3o fica confirmada - Portal Tela Portugal","isPartOf":{"@id":"https:\/\/portaltela.pt\/#website"},"primaryImageOfPage":{"@id":"https:\/\/portaltela.pt\/noticias\/2026\/03\/29\/boavista-sad-perde-e-despromocao-fica-confirmada\/#primaryimage"},"image":{"@id":"https:\/\/portaltela.pt\/noticias\/2026\/03\/29\/boavista-sad-perde-e-despromocao-fica-confirmada\/#primaryimage"},"thumbnailUrl":"https:\/\/portaltela.pt\/s.01k8rhncp4jt1\/2026\/03\/img_920x518uu2025-09-28-20-33-12-2392685-im-639104128013489459.jpg","datePublished":"2026-03-29T19:32:07+00:00","author":{"@id":"https:\/\/portaltela.pt\/#\/schema\/person\/c4278d4a6028830caff9ee44b42d32ed"},"breadcrumb":{"@id":"https:\/\/portaltela.pt\/noticias\/2026\/03\/29\/boavista-sad-perde-e-despromocao-fica-confirmada\/#breadcrumb"},"inLanguage":"pt-PT","potentialAction":[{"@type":"ReadAction","target":["https:\/\/portaltela.pt\/noticias\/2026\/03\/29\/boavista-sad-perde-e-despromocao-fica-confirmada\/"]}]},{"@type":"ImageObject","inLanguage":"pt-PT","@id":"https:\/\/portaltela.pt\/noticias\/2026\/03\/29\/boavista-sad-perde-e-despromocao-fica-confirmada\/#primaryimage","url":"https:\/\/portaltela.pt\/s.01k8rhncp4jt1\/2026\/03\/img_920x518uu2025-09-28-20-33-12-2392685-im-639104128013489459.jpg","contentUrl":"https:\/\/portaltela.pt\/s.01k8rhncp4jt1\/2026\/03\/img_920x518uu2025-09-28-20-33-12-2392685-im-639104128013489459.jpg","width":796,"height":448,"caption":"Boavista desce de divis\u00e3o"},{"@type":"BreadcrumbList","@id":"https:\/\/portaltela.pt\/noticias\/2026\/03\/29\/boavista-sad-perde-e-despromocao-fica-confirmada\/#breadcrumb","itemListElement":[{"@type":"ListItem","position":1,"name":"In\u00edcio","item":"https:\/\/portaltela.pt\/"},{"@type":"ListItem","position":2,"name":"Boavista SAD perde e despromo\u00e7\u00e3o fica confirmada"}]},{"@type":"WebSite","@id":"https:\/\/portaltela.pt\/#website","url":"https:\/\/portaltela.pt\/","name":"Portal Tela Portugal","description":"","potentialAction":[{"@type":"SearchAction","target":{"@type":"EntryPoint","urlTemplate":"https:\/\/portaltela.pt\/?s={search_term_string}"},"query-input":{"@type":"PropertyValueSpecification","valueRequired":true,"valueName":"search_term_string"}}],"inLanguage":"pt-PT"},{"@type":"Person","@id":"https:\/\/portaltela.pt\/#\/schema\/person\/c4278d4a6028830caff9ee44b42d32ed","name":"Telinha","image":{"@type":"ImageObject","inLanguage":"pt-PT","@id":"https:\/\/portaltela.pt\/s.01k8rhncp4jt1\/2025\/11\/talking-bot-125x125.png","url":"https:\/\/portaltela.pt\/s.01k8rhncp4jt1\/2025\/11\/talking-bot-125x125.png","contentUrl":"https:\/\/portaltela.pt\/s.01k8rhncp4jt1\/2025\/11\/talking-bot-125x125.png","caption":"Telinha"},"sameAs":["https:\/\/portaltela.pt\/"],"url":"https:\/\/portaltela.pt\/por\/367410592786\/"}]}},"_links":{"self":[{"href":"https:\/\/portaltela.pt\/api\/wp\/v2\/posts\/426268","targetHints":{"allow":["GET"]}}],"collection":[{"href":"https:\/\/portaltela.pt\/api\/wp\/v2\/posts"}],"about":[{"href":"https:\/\/portaltela.pt\/api\/wp\/v2\/types\/post"}],"author":[{"embeddable":true,"href":"https:\/\/portaltela.pt\/api\/wp\/v2\/users\/2"}],"replies":[{"embeddable":true,"href":"https:\/\/portaltela.pt\/api\/wp\/v2\/comments?post=426268"}],"version-history":[{"count":0,"href":"https:\/\/portaltela.pt\/api\/wp\/v2\/posts\/426268\/revisions"}],"wp:featuredmedia":[{"embeddable":true,"href":"https:\/\/portaltela.pt\/api\/wp\/v2\/media\/426269"}],"wp:attachment":[{"href":"https:\/\/portaltela.pt\/api\/wp\/v2\/media?parent=426268"}],"wp:term":[{"taxonomy":"category","embeddable":true,"href":"https:\/\/portaltela.pt\/api\/wp\/v2\/categories?post=426268"},{"taxonomy":"post_tag","embeddable":true,"href":"https:\/\/portaltela.pt\/api\/wp\/v2\/tags?post=426268"}],"curies":[{"name":"wp","href":"https:\/\/api.w.org\/{rel}","templated":true}]}}