{"id":426257,"date":"2026-03-29T16:17:10","date_gmt":"2026-03-29T19:17:10","guid":{"rendered":"https:\/\/portaltela.pt\/noticias\/2026\/03\/29\/comunidade-trans-sai-a-rua-para-denunciar-gisbertas-escondidas-e-silenciadas\/"},"modified":"2026-03-29T16:17:10","modified_gmt":"2026-03-29T19:17:10","slug":"comunidade-trans-sai-a-rua-para-denunciar-gisbertas-escondidas-e-silenciadas","status":"publish","type":"post","link":"https:\/\/portaltela.pt\/curiosidades\/2026\/03\/29\/comunidade-trans-sai-a-rua-para-denunciar-gisbertas-escondidas-e-silenciadas\/","title":{"rendered":"Comunidade trans sai \u00e0 rua para denunciar Gisbertas escondidas e silenciadas"},"content":{"rendered":"<p>Cerca de 500 manifestantes sa\u00edram este domingo da Pra\u00e7a da Batalha, no Porto, em protesto a favor dos direitos das pessoas trans em Portugal. O grupo percorreu, de forma compacta, as ruas de Santa Catarina, Formosa e Fernandes Tom\u00e1s, em dire\u00e7\u00e3o ao Campo 24 de Agosto.<\/p>\n<p>A marcha contou com participantes identificados pela organiza\u00e7\u00e3o e por fontes da Pol\u00edcia de Seguran\u00e7a P\u00fablica. O objetivo foi denunciar agress\u00f5es e discrimina\u00e7\u00e3o contra pessoas trans, segundo o manifesto lido pelos organizadores.<\/p>\n<p>A chegada ocorreu junto ao Campo 24 de Agosto, a poucos metros do antigo pr\u00e9dio j\u00e1 em reconstru\u00e7\u00e3o para habita\u00e7\u00e3o de classe alta. O local \u00e9 significativo pela hist\u00f3ria de Gisberta Salce J\u00fanior, transexual brasileira assassinada ali em 2006, aos 45 anos.<\/p>\n<p>O manifesto, lido pelos dinamizadores, sublinhou que o caso de Gisberta n\u00e3o foi isolado e refor\u00e7ou a necessidade de resposta firme a cada agress\u00e3o. Os organizadores n\u00e3o revelaram identidades, referindo ser uma iniciativa de cidad\u00e3os que defendem direitos igualit\u00e1rios.<\/p>\n<h3>Contexto sobre Gisberta<\/h3>\n<p>A refer\u00eancia ao homic\u00eddio de Gisberta Salce J\u00fanior, ocorrido h\u00e1 quase duas d\u00e9cadas, \u00e9 apresentada como forma de mem\u00f3ria e alerta. A organiza\u00e7\u00e3o afirma que existem casos semelhantes anualmente, sem detalhar n\u00fameros.<\/p>\n<p>A a\u00e7\u00e3o pretende manter a aten\u00e7\u00e3o p\u00fablica sobre viol\u00eancia contra pessoas trans e promover uma sociedade mais inclusiva e sem exclus\u00f5es. A organiza\u00e7\u00e3o afirma atuar de forma conjunta para esse objetivo.<\/p>\n<p>A PSP acompanhou a iniciativa para assegurar a seguran\u00e7a dos participantes e evitar incidentes. N\u00e3o foram reportados confrontos nem interrup\u00e7\u00f5es significativas do percurso.<\/p>\n<p>Os organizadores reiteraram que a a\u00e7\u00e3o n\u00e3o representa uma interven\u00e7\u00e3o partid\u00e1ria ou institucional, mas um movimento c\u00edvico de di\u00e1logo sobre direitos humanos. A data e o local foram escolhidos pela presen\u00e7a simb\u00f3lica de Gisberta na mem\u00f3ria coletiva da cidade.<\/p>\n","protected":false},"excerpt":{"rendered":"<ul>\n<li>Cerca de 500 manifestantes participaram, segundo a contabilidade dos organizadores e de fonte da PSP, numa a\u00e7\u00e3o de apoio aos direitos das pessoas trans no Porto.<\/li>\n<li>O grupo saiu da Pra\u00e7a da Batalha e percorreu, de forma compacta, as ruas de Santa Catarina, Formosa e Fernandes Tom\u00e1s, at\u00e9 ao Campo 24 de Agosto.<\/li>\n<li>O Campo 24 de Agosto fica a poucos metros do pr\u00e9dio onde, em 2006, Gisberta Salce J\u00fanior foi assassinada por um grupo de jovens.<\/li>\n<li>Antes de terminar, os participantes passaram pela porta da residencial onde Gisberta morou, segundo o manifesto lido durante a iniciativa.<\/li>\n<li>O manifesto, lido pelos dinamizadores, afirmou que \u201ch\u00e1 v\u00e1rias Gisbertas\u201d ao longo dos anos e pediu que nenhuma agress\u00e3o passe sem resposta; os dinamizadores n\u00e3o revelaram a identidade.<\/li>\n<\/ul>\n","protected":false},"author":2,"featured_media":426261,"comment_status":"closed","ping_status":"closed","sticky":false,"template":"","format":"standard","meta":{"footnotes":""},"categories":[7372,7384],"tags":[2633,6391,6165,982,2857,939],"class_list":["post-426257","post","type-post","status-publish","format-standard","has-post-thumbnail","hentry","category-comunidade","category-curiosidades","tag-direitos-humanos","tag-identidade-de-genero-desafios-na-atualidade","tag-pessoas-lgbt","tag-porto","tag-protestos","tag-violencia"],"yoast_head":"<!-- This site is optimized with the Yoast SEO plugin v27.2 - https:\/\/yoast.com\/product\/yoast-seo-wordpress\/ -->\n<title>Comunidade trans sai \u00e0 rua para denunciar Gisbertas escondidas e silenciadas - Portal Tela Portugal<\/title>\n<meta name=\"robots\" content=\"index, follow, max-snippet:-1, max-image-preview:large, max-video-preview:-1\" \/>\n<meta property=\"og:locale\" content=\"pt_PT\" \/>\n<meta property=\"og:type\" content=\"article\" \/>\n<meta property=\"og:title\" content=\"Comunidade trans sai \u00e0 rua para denunciar Gisbertas escondidas e silenciadas - Portal Tela Portugal\" \/>\n<meta property=\"og:description\" content=\"Cerca de 500 manifestantes participaram, segundo a contabilidade dos organizadores e de fonte da PSP, numa a\u00e7\u00e3o de apoio aos direitos das pessoas trans no Porto. O grupo saiu da Pra\u00e7a da Batalha e percorreu, de forma compacta, as ruas de Santa Catarina, Formosa e Fernandes Tom\u00e1s, at\u00e9 ao Campo 24 de Agosto. O Campo 24 de Agosto fica a poucos metros do pr\u00e9dio onde, em 2006, Gisberta Salce J\u00fanior foi assassinada por um grupo de jovens. Antes de terminar, os participantes passaram pela porta da residencial onde Gisberta morou, segundo o manifesto lido durante a iniciativa. O manifesto, lido pelos dinamizadores, afirmou que \u201ch\u00e1 v\u00e1rias Gisbertas\u201d ao longo dos anos e pediu que nenhuma agress\u00e3o passe sem resposta; os dinamizadores n\u00e3o revelaram a identidade.\" \/>\n<meta property=\"og:url\" content=\"https:\/\/portaltela.pt\/noticias\/2026\/03\/29\/comunidade-trans-sai-a-rua-para-denunciar-gisbertas-escondidas-e-silenciadas\/\" \/>\n<meta property=\"og:site_name\" content=\"Portal Tela Portugal\" \/>\n<meta property=\"article:published_time\" content=\"2026-03-29T19:17:10+00:00\" \/>\n<meta name=\"author\" content=\"Telinha\" \/>\n<meta name=\"twitter:card\" content=\"summary_large_image\" \/>\n<meta name=\"twitter:label1\" content=\"Escrito por\" \/>\n\t<meta name=\"twitter:data1\" content=\"Telinha\" \/>\n\t<meta name=\"twitter:label2\" content=\"Tempo estimado de leitura\" \/>\n\t<meta name=\"twitter:data2\" content=\"2 minutos\" \/>\n<script type=\"application\/ld+json\" class=\"yoast-schema-graph\">{\"@context\":\"https:\/\/schema.org\",\"@graph\":[{\"@type\":\"Article\",\"@id\":\"https:\/\/portaltela.pt\/noticias\/2026\/03\/29\/comunidade-trans-sai-a-rua-para-denunciar-gisbertas-escondidas-e-silenciadas\/#article\",\"isPartOf\":{\"@id\":\"https:\/\/portaltela.pt\/noticias\/2026\/03\/29\/comunidade-trans-sai-a-rua-para-denunciar-gisbertas-escondidas-e-silenciadas\/\"},\"author\":{\"name\":\"Telinha\",\"@id\":\"https:\/\/portaltela.pt\/#\/schema\/person\/c4278d4a6028830caff9ee44b42d32ed\"},\"headline\":\"Comunidade trans sai \u00e0 rua para denunciar Gisbertas escondidas e silenciadas\",\"datePublished\":\"2026-03-29T19:17:10+00:00\",\"mainEntityOfPage\":{\"@id\":\"https:\/\/portaltela.pt\/noticias\/2026\/03\/29\/comunidade-trans-sai-a-rua-para-denunciar-gisbertas-escondidas-e-silenciadas\/\"},\"wordCount\":336,\"image\":{\"@id\":\"https:\/\/portaltela.pt\/noticias\/2026\/03\/29\/comunidade-trans-sai-a-rua-para-denunciar-gisbertas-escondidas-e-silenciadas\/#primaryimage\"},\"thumbnailUrl\":\"https:\/\/portaltela.pt\/s.01k8rhncp4jt1\/2026\/03\/image-1761.jpg\",\"keywords\":[\"direitos humanos\",\"Identidade de g\u00e9nero \u2013 Desafios na Atualidade\",\"pessoas LGBT\",\"Porto\",\"protestos\",\"viol\u00eancia\"],\"articleSection\":[\"Comunidade\",\"Curiosidades\"],\"inLanguage\":\"pt-PT\"},{\"@type\":\"WebPage\",\"@id\":\"https:\/\/portaltela.pt\/noticias\/2026\/03\/29\/comunidade-trans-sai-a-rua-para-denunciar-gisbertas-escondidas-e-silenciadas\/\",\"url\":\"https:\/\/portaltela.pt\/noticias\/2026\/03\/29\/comunidade-trans-sai-a-rua-para-denunciar-gisbertas-escondidas-e-silenciadas\/\",\"name\":\"Comunidade trans sai \u00e0 rua para denunciar Gisbertas escondidas e silenciadas - Portal Tela Portugal\",\"isPartOf\":{\"@id\":\"https:\/\/portaltela.pt\/#website\"},\"primaryImageOfPage\":{\"@id\":\"https:\/\/portaltela.pt\/noticias\/2026\/03\/29\/comunidade-trans-sai-a-rua-para-denunciar-gisbertas-escondidas-e-silenciadas\/#primaryimage\"},\"image\":{\"@id\":\"https:\/\/portaltela.pt\/noticias\/2026\/03\/29\/comunidade-trans-sai-a-rua-para-denunciar-gisbertas-escondidas-e-silenciadas\/#primaryimage\"},\"thumbnailUrl\":\"https:\/\/portaltela.pt\/s.01k8rhncp4jt1\/2026\/03\/image-1761.jpg\",\"datePublished\":\"2026-03-29T19:17:10+00:00\",\"author\":{\"@id\":\"https:\/\/portaltela.pt\/#\/schema\/person\/c4278d4a6028830caff9ee44b42d32ed\"},\"breadcrumb\":{\"@id\":\"https:\/\/portaltela.pt\/noticias\/2026\/03\/29\/comunidade-trans-sai-a-rua-para-denunciar-gisbertas-escondidas-e-silenciadas\/#breadcrumb\"},\"inLanguage\":\"pt-PT\",\"potentialAction\":[{\"@type\":\"ReadAction\",\"target\":[\"https:\/\/portaltela.pt\/noticias\/2026\/03\/29\/comunidade-trans-sai-a-rua-para-denunciar-gisbertas-escondidas-e-silenciadas\/\"]}]},{\"@type\":\"ImageObject\",\"inLanguage\":\"pt-PT\",\"@id\":\"https:\/\/portaltela.pt\/noticias\/2026\/03\/29\/comunidade-trans-sai-a-rua-para-denunciar-gisbertas-escondidas-e-silenciadas\/#primaryimage\",\"url\":\"https:\/\/portaltela.pt\/s.01k8rhncp4jt1\/2026\/03\/image-1761.jpg\",\"contentUrl\":\"https:\/\/portaltela.pt\/s.01k8rhncp4jt1\/2026\/03\/image-1761.jpg\",\"width\":796,\"height\":448,\"caption\":\"Manifestantes percorreram algumas das art\u00e9rias principais do centro do Porto\"},{\"@type\":\"BreadcrumbList\",\"@id\":\"https:\/\/portaltela.pt\/noticias\/2026\/03\/29\/comunidade-trans-sai-a-rua-para-denunciar-gisbertas-escondidas-e-silenciadas\/#breadcrumb\",\"itemListElement\":[{\"@type\":\"ListItem\",\"position\":1,\"name\":\"In\u00edcio\",\"item\":\"https:\/\/portaltela.pt\/\"},{\"@type\":\"ListItem\",\"position\":2,\"name\":\"Comunidade trans sai \u00e0 rua para denunciar Gisbertas escondidas e silenciadas\"}]},{\"@type\":\"WebSite\",\"@id\":\"https:\/\/portaltela.pt\/#website\",\"url\":\"https:\/\/portaltela.pt\/\",\"name\":\"Portal Tela Portugal\",\"description\":\"\",\"potentialAction\":[{\"@type\":\"SearchAction\",\"target\":{\"@type\":\"EntryPoint\",\"urlTemplate\":\"https:\/\/portaltela.pt\/?s={search_term_string}\"},\"query-input\":{\"@type\":\"PropertyValueSpecification\",\"valueRequired\":true,\"valueName\":\"search_term_string\"}}],\"inLanguage\":\"pt-PT\"},{\"@type\":\"Person\",\"@id\":\"https:\/\/portaltela.pt\/#\/schema\/person\/c4278d4a6028830caff9ee44b42d32ed\",\"name\":\"Telinha\",\"image\":{\"@type\":\"ImageObject\",\"inLanguage\":\"pt-PT\",\"@id\":\"https:\/\/portaltela.pt\/s.01k8rhncp4jt1\/2025\/11\/talking-bot-125x125.png\",\"url\":\"https:\/\/portaltela.pt\/s.01k8rhncp4jt1\/2025\/11\/talking-bot-125x125.png\",\"contentUrl\":\"https:\/\/portaltela.pt\/s.01k8rhncp4jt1\/2025\/11\/talking-bot-125x125.png\",\"caption\":\"Telinha\"},\"sameAs\":[\"https:\/\/portaltela.pt\/\"],\"url\":\"https:\/\/portaltela.pt\/por\/367410592786\/\"}]}<\/script>\n<!-- \/ Yoast SEO plugin. -->","yoast_head_json":{"title":"Comunidade trans sai \u00e0 rua para denunciar Gisbertas escondidas e silenciadas - Portal Tela Portugal","robots":{"index":"index","follow":"follow","max-snippet":"max-snippet:-1","max-image-preview":"max-image-preview:large","max-video-preview":"max-video-preview:-1"},"og_locale":"pt_PT","og_type":"article","og_title":"Comunidade trans sai \u00e0 rua para denunciar Gisbertas escondidas e silenciadas - Portal Tela Portugal","og_description":"Cerca de 500 manifestantes participaram, segundo a contabilidade dos organizadores e de fonte da PSP, numa a\u00e7\u00e3o de apoio aos direitos das pessoas trans no Porto. O grupo saiu da Pra\u00e7a da Batalha e percorreu, de forma compacta, as ruas de Santa Catarina, Formosa e Fernandes Tom\u00e1s, at\u00e9 ao Campo 24 de Agosto. O Campo 24 de Agosto fica a poucos metros do pr\u00e9dio onde, em 2006, Gisberta Salce J\u00fanior foi assassinada por um grupo de jovens. Antes de terminar, os participantes passaram pela porta da residencial onde Gisberta morou, segundo o manifesto lido durante a iniciativa. O manifesto, lido pelos dinamizadores, afirmou que \u201ch\u00e1 v\u00e1rias Gisbertas\u201d ao longo dos anos e pediu que nenhuma agress\u00e3o passe sem resposta; os dinamizadores n\u00e3o revelaram a identidade.","og_url":"https:\/\/portaltela.pt\/noticias\/2026\/03\/29\/comunidade-trans-sai-a-rua-para-denunciar-gisbertas-escondidas-e-silenciadas\/","og_site_name":"Portal Tela Portugal","article_published_time":"2026-03-29T19:17:10+00:00","author":"Telinha","twitter_card":"summary_large_image","twitter_misc":{"Escrito por":"Telinha","Tempo estimado de leitura":"2 minutos"},"schema":{"@context":"https:\/\/schema.org","@graph":[{"@type":"Article","@id":"https:\/\/portaltela.pt\/noticias\/2026\/03\/29\/comunidade-trans-sai-a-rua-para-denunciar-gisbertas-escondidas-e-silenciadas\/#article","isPartOf":{"@id":"https:\/\/portaltela.pt\/noticias\/2026\/03\/29\/comunidade-trans-sai-a-rua-para-denunciar-gisbertas-escondidas-e-silenciadas\/"},"author":{"name":"Telinha","@id":"https:\/\/portaltela.pt\/#\/schema\/person\/c4278d4a6028830caff9ee44b42d32ed"},"headline":"Comunidade trans sai \u00e0 rua para denunciar Gisbertas escondidas e silenciadas","datePublished":"2026-03-29T19:17:10+00:00","mainEntityOfPage":{"@id":"https:\/\/portaltela.pt\/noticias\/2026\/03\/29\/comunidade-trans-sai-a-rua-para-denunciar-gisbertas-escondidas-e-silenciadas\/"},"wordCount":336,"image":{"@id":"https:\/\/portaltela.pt\/noticias\/2026\/03\/29\/comunidade-trans-sai-a-rua-para-denunciar-gisbertas-escondidas-e-silenciadas\/#primaryimage"},"thumbnailUrl":"https:\/\/portaltela.pt\/s.01k8rhncp4jt1\/2026\/03\/image-1761.jpg","keywords":["direitos humanos","Identidade de g\u00e9nero \u2013 Desafios na Atualidade","pessoas LGBT","Porto","protestos","viol\u00eancia"],"articleSection":["Comunidade","Curiosidades"],"inLanguage":"pt-PT"},{"@type":"WebPage","@id":"https:\/\/portaltela.pt\/noticias\/2026\/03\/29\/comunidade-trans-sai-a-rua-para-denunciar-gisbertas-escondidas-e-silenciadas\/","url":"https:\/\/portaltela.pt\/noticias\/2026\/03\/29\/comunidade-trans-sai-a-rua-para-denunciar-gisbertas-escondidas-e-silenciadas\/","name":"Comunidade trans sai \u00e0 rua para denunciar Gisbertas escondidas e silenciadas - Portal Tela Portugal","isPartOf":{"@id":"https:\/\/portaltela.pt\/#website"},"primaryImageOfPage":{"@id":"https:\/\/portaltela.pt\/noticias\/2026\/03\/29\/comunidade-trans-sai-a-rua-para-denunciar-gisbertas-escondidas-e-silenciadas\/#primaryimage"},"image":{"@id":"https:\/\/portaltela.pt\/noticias\/2026\/03\/29\/comunidade-trans-sai-a-rua-para-denunciar-gisbertas-escondidas-e-silenciadas\/#primaryimage"},"thumbnailUrl":"https:\/\/portaltela.pt\/s.01k8rhncp4jt1\/2026\/03\/image-1761.jpg","datePublished":"2026-03-29T19:17:10+00:00","author":{"@id":"https:\/\/portaltela.pt\/#\/schema\/person\/c4278d4a6028830caff9ee44b42d32ed"},"breadcrumb":{"@id":"https:\/\/portaltela.pt\/noticias\/2026\/03\/29\/comunidade-trans-sai-a-rua-para-denunciar-gisbertas-escondidas-e-silenciadas\/#breadcrumb"},"inLanguage":"pt-PT","potentialAction":[{"@type":"ReadAction","target":["https:\/\/portaltela.pt\/noticias\/2026\/03\/29\/comunidade-trans-sai-a-rua-para-denunciar-gisbertas-escondidas-e-silenciadas\/"]}]},{"@type":"ImageObject","inLanguage":"pt-PT","@id":"https:\/\/portaltela.pt\/noticias\/2026\/03\/29\/comunidade-trans-sai-a-rua-para-denunciar-gisbertas-escondidas-e-silenciadas\/#primaryimage","url":"https:\/\/portaltela.pt\/s.01k8rhncp4jt1\/2026\/03\/image-1761.jpg","contentUrl":"https:\/\/portaltela.pt\/s.01k8rhncp4jt1\/2026\/03\/image-1761.jpg","width":796,"height":448,"caption":"Manifestantes percorreram algumas das art\u00e9rias principais do centro do Porto"},{"@type":"BreadcrumbList","@id":"https:\/\/portaltela.pt\/noticias\/2026\/03\/29\/comunidade-trans-sai-a-rua-para-denunciar-gisbertas-escondidas-e-silenciadas\/#breadcrumb","itemListElement":[{"@type":"ListItem","position":1,"name":"In\u00edcio","item":"https:\/\/portaltela.pt\/"},{"@type":"ListItem","position":2,"name":"Comunidade trans sai \u00e0 rua para denunciar Gisbertas escondidas e silenciadas"}]},{"@type":"WebSite","@id":"https:\/\/portaltela.pt\/#website","url":"https:\/\/portaltela.pt\/","name":"Portal Tela Portugal","description":"","potentialAction":[{"@type":"SearchAction","target":{"@type":"EntryPoint","urlTemplate":"https:\/\/portaltela.pt\/?s={search_term_string}"},"query-input":{"@type":"PropertyValueSpecification","valueRequired":true,"valueName":"search_term_string"}}],"inLanguage":"pt-PT"},{"@type":"Person","@id":"https:\/\/portaltela.pt\/#\/schema\/person\/c4278d4a6028830caff9ee44b42d32ed","name":"Telinha","image":{"@type":"ImageObject","inLanguage":"pt-PT","@id":"https:\/\/portaltela.pt\/s.01k8rhncp4jt1\/2025\/11\/talking-bot-125x125.png","url":"https:\/\/portaltela.pt\/s.01k8rhncp4jt1\/2025\/11\/talking-bot-125x125.png","contentUrl":"https:\/\/portaltela.pt\/s.01k8rhncp4jt1\/2025\/11\/talking-bot-125x125.png","caption":"Telinha"},"sameAs":["https:\/\/portaltela.pt\/"],"url":"https:\/\/portaltela.pt\/por\/367410592786\/"}]}},"_links":{"self":[{"href":"https:\/\/portaltela.pt\/api\/wp\/v2\/posts\/426257","targetHints":{"allow":["GET"]}}],"collection":[{"href":"https:\/\/portaltela.pt\/api\/wp\/v2\/posts"}],"about":[{"href":"https:\/\/portaltela.pt\/api\/wp\/v2\/types\/post"}],"author":[{"embeddable":true,"href":"https:\/\/portaltela.pt\/api\/wp\/v2\/users\/2"}],"replies":[{"embeddable":true,"href":"https:\/\/portaltela.pt\/api\/wp\/v2\/comments?post=426257"}],"version-history":[{"count":0,"href":"https:\/\/portaltela.pt\/api\/wp\/v2\/posts\/426257\/revisions"}],"wp:featuredmedia":[{"embeddable":true,"href":"https:\/\/portaltela.pt\/api\/wp\/v2\/media\/426261"}],"wp:attachment":[{"href":"https:\/\/portaltela.pt\/api\/wp\/v2\/media?parent=426257"}],"wp:term":[{"taxonomy":"category","embeddable":true,"href":"https:\/\/portaltela.pt\/api\/wp\/v2\/categories?post=426257"},{"taxonomy":"post_tag","embeddable":true,"href":"https:\/\/portaltela.pt\/api\/wp\/v2\/tags?post=426257"}],"curies":[{"name":"wp","href":"https:\/\/api.w.org\/{rel}","templated":true}]}}