{"id":426228,"date":"2026-03-29T15:47:20","date_gmt":"2026-03-29T18:47:20","guid":{"rendered":"https:\/\/portaltela.pt\/noticias\/2026\/03\/29\/barcelos-em-choque-pela-morte-de-mergulhador-em-sesimbra\/"},"modified":"2026-03-29T15:47:20","modified_gmt":"2026-03-29T18:47:20","slug":"barcelos-em-choque-pela-morte-de-mergulhador-em-sesimbra","status":"publish","type":"post","link":"https:\/\/portaltela.pt\/acidentes\/2026\/03\/29\/barcelos-em-choque-pela-morte-de-mergulhador-em-sesimbra\/","title":{"rendered":"Barcelos em choque pela morte de mergulhador em Sesimbra"},"content":{"rendered":"<p>Um mergulhador de 42 anos, natural de Barcelos, morreu durante uma opera\u00e7\u00e3o de mergulho ao largo do Cabo Espichel, em Sesimbra, na manh\u00e3 de s\u00e1bado. A atividade era profissional de capta\u00e7\u00e3o de imagens para uma empresa em Lisboa e n\u00e3o se tratava de lazer.<\/p>\n<p>Lu\u00eds Gon\u00e7alves, conhecido entre muitos por J\u00fanior ou Brazuca, integrava o corpo civil de mergulhadores da Marinha. O alerta foi dado pelas 11h, e as opera\u00e7\u00f5es de socorro prolongaram-se at\u00e9 perto das 16h.<\/p>\n<p>A v\u00edtima era casada e deixa mulher e um filho de 11 anos. A not\u00edcia gerou consterna\u00e7\u00e3o entre familiares, amigos e conhecidos, com mensagens de pesar nas redes sociais.<\/p>\n<h3>Circunst\u00e2ncias do acidente<\/h3>\n<p>As circunst\u00e2ncias exatas est\u00e3o a ser apuradas pelas autoridades competentes. A investiga\u00e7\u00e3o visa determinar as causas do incidente ocorrido durante o mergulho ao largo de Sesimbra.<\/p>\n<p>Diversas mensagens destacam o contributo de Lu\u00eds Gon\u00e7alves para a comunidade de Barcelos e o envolvimento dele com amizades de longa data. O caso permanece em linha com o esclarecimento dos factos pelas autoridades locais.<\/p>\n","protected":false},"excerpt":{"rendered":"<ul>\n<li>Homem de 42 anos, natural de Barcelos, morreu durante um mergulho ao largo do Cabo Espichel, em Sesimbra.<\/li>\n<li>A v\u00edtima, Lu\u00eds Gon\u00e7alves, conhecido como &#8220;J\u00fanior&#8221; ou &#8220;Brazuca&#8221;, participou numa opera\u00e7\u00e3o profissional de mergulho e capta\u00e7\u00e3o de imagens para uma empresa em Lisboa.<\/li>\n<li>O alerta foi dado pelas 11h, com os socorros a prolongarem-se at\u00e9 perto das 16h. A atividade n\u00e3o era recreativa, tratando-se de mergulho integrado no corpo civil de merginhadores da Marinha.<\/li>\n<li>O homem era casado e deixa mulher e um filho de 11 anos; o incidente gerou consterna\u00e7\u00e3o entre familiares, amigos e conhecidos.<\/li>\n<li>As circunst\u00e2ncias do acidente est\u00e3o a ser apuradas pelas autoridades, com v\u00e1rias manifesta\u00e7\u00f5es de pesar a decorrer nas redes sociais.<\/li>\n<\/ul>\n","protected":false},"author":2,"featured_media":426230,"comment_status":"closed","ping_status":"closed","sticky":false,"template":"","format":"standard","meta":{"footnotes":""},"categories":[6849],"tags":[5487,1027,5859,4298,5492,1065],"class_list":["post-426228","post","type-post","status-publish","format-standard","has-post-thumbnail","hentry","category-acidentes","tag-acidente","tag-barcelos","tag-barcos","tag-marinha","tag-mergulhadores","tag-sesimbra"],"yoast_head":"<!-- This site is optimized with the Yoast SEO plugin v27.2 - https:\/\/yoast.com\/product\/yoast-seo-wordpress\/ -->\n<title>Barcelos em choque pela morte de mergulhador em Sesimbra - Portal Tela Portugal<\/title>\n<meta name=\"robots\" content=\"index, follow, max-snippet:-1, max-image-preview:large, max-video-preview:-1\" \/>\n<meta property=\"og:locale\" content=\"pt_PT\" \/>\n<meta property=\"og:type\" content=\"article\" \/>\n<meta property=\"og:title\" content=\"Barcelos em choque pela morte de mergulhador em Sesimbra - Portal Tela Portugal\" \/>\n<meta property=\"og:description\" content=\"Homem de 42 anos, natural de Barcelos, morreu durante um mergulho ao largo do Cabo Espichel, em Sesimbra. A v\u00edtima, Lu\u00eds Gon\u00e7alves, conhecido como &quot;J\u00fanior&quot; ou &quot;Brazuca&quot;, participou numa opera\u00e7\u00e3o profissional de mergulho e capta\u00e7\u00e3o de imagens para uma empresa em Lisboa. O alerta foi dado pelas 11h, com os socorros a prolongarem-se at\u00e9 perto das 16h. A atividade n\u00e3o era recreativa, tratando-se de mergulho integrado no corpo civil de merginhadores da Marinha. O homem era casado e deixa mulher e um filho de 11 anos; o incidente gerou consterna\u00e7\u00e3o entre familiares, amigos e conhecidos. As circunst\u00e2ncias do acidente est\u00e3o a ser apuradas pelas autoridades, com v\u00e1rias manifesta\u00e7\u00f5es de pesar a decorrer nas redes sociais.\" \/>\n<meta property=\"og:url\" content=\"https:\/\/portaltela.pt\/noticias\/2026\/03\/29\/barcelos-em-choque-pela-morte-de-mergulhador-em-sesimbra\/\" \/>\n<meta property=\"og:site_name\" content=\"Portal Tela Portugal\" \/>\n<meta property=\"article:published_time\" content=\"2026-03-29T18:47:20+00:00\" \/>\n<meta name=\"author\" content=\"Telinha\" \/>\n<meta name=\"twitter:card\" content=\"summary_large_image\" \/>\n<meta name=\"twitter:label1\" content=\"Escrito por\" \/>\n\t<meta name=\"twitter:data1\" content=\"Telinha\" \/>\n\t<meta name=\"twitter:label2\" content=\"Tempo estimado de leitura\" \/>\n\t<meta name=\"twitter:data2\" content=\"1 minuto\" \/>\n<script type=\"application\/ld+json\" class=\"yoast-schema-graph\">{\"@context\":\"https:\/\/schema.org\",\"@graph\":[{\"@type\":\"Article\",\"@id\":\"https:\/\/portaltela.pt\/noticias\/2026\/03\/29\/barcelos-em-choque-pela-morte-de-mergulhador-em-sesimbra\/#article\",\"isPartOf\":{\"@id\":\"https:\/\/portaltela.pt\/noticias\/2026\/03\/29\/barcelos-em-choque-pela-morte-de-mergulhador-em-sesimbra\/\"},\"author\":{\"name\":\"Telinha\",\"@id\":\"https:\/\/portaltela.pt\/#\/schema\/person\/c4278d4a6028830caff9ee44b42d32ed\"},\"headline\":\"Barcelos em choque pela morte de mergulhador em Sesimbra\",\"datePublished\":\"2026-03-29T18:47:20+00:00\",\"mainEntityOfPage\":{\"@id\":\"https:\/\/portaltela.pt\/noticias\/2026\/03\/29\/barcelos-em-choque-pela-morte-de-mergulhador-em-sesimbra\/\"},\"wordCount\":194,\"image\":{\"@id\":\"https:\/\/portaltela.pt\/noticias\/2026\/03\/29\/barcelos-em-choque-pela-morte-de-mergulhador-em-sesimbra\/#primaryimage\"},\"thumbnailUrl\":\"https:\/\/portaltela.pt\/s.01k8rhncp4jt1\/2026\/03\/image-1756.jpg\",\"keywords\":[\"acidente\",\"Barcelos\",\"barcos\",\"Marinha\",\"mergulhadores\",\"Sesimbra\"],\"articleSection\":[\"Acidentes\"],\"inLanguage\":\"pt-PT\"},{\"@type\":\"WebPage\",\"@id\":\"https:\/\/portaltela.pt\/noticias\/2026\/03\/29\/barcelos-em-choque-pela-morte-de-mergulhador-em-sesimbra\/\",\"url\":\"https:\/\/portaltela.pt\/noticias\/2026\/03\/29\/barcelos-em-choque-pela-morte-de-mergulhador-em-sesimbra\/\",\"name\":\"Barcelos em choque pela morte de mergulhador em Sesimbra - Portal Tela Portugal\",\"isPartOf\":{\"@id\":\"https:\/\/portaltela.pt\/#website\"},\"primaryImageOfPage\":{\"@id\":\"https:\/\/portaltela.pt\/noticias\/2026\/03\/29\/barcelos-em-choque-pela-morte-de-mergulhador-em-sesimbra\/#primaryimage\"},\"image\":{\"@id\":\"https:\/\/portaltela.pt\/noticias\/2026\/03\/29\/barcelos-em-choque-pela-morte-de-mergulhador-em-sesimbra\/#primaryimage\"},\"thumbnailUrl\":\"https:\/\/portaltela.pt\/s.01k8rhncp4jt1\/2026\/03\/image-1756.jpg\",\"datePublished\":\"2026-03-29T18:47:20+00:00\",\"author\":{\"@id\":\"https:\/\/portaltela.pt\/#\/schema\/person\/c4278d4a6028830caff9ee44b42d32ed\"},\"breadcrumb\":{\"@id\":\"https:\/\/portaltela.pt\/noticias\/2026\/03\/29\/barcelos-em-choque-pela-morte-de-mergulhador-em-sesimbra\/#breadcrumb\"},\"inLanguage\":\"pt-PT\",\"potentialAction\":[{\"@type\":\"ReadAction\",\"target\":[\"https:\/\/portaltela.pt\/noticias\/2026\/03\/29\/barcelos-em-choque-pela-morte-de-mergulhador-em-sesimbra\/\"]}]},{\"@type\":\"ImageObject\",\"inLanguage\":\"pt-PT\",\"@id\":\"https:\/\/portaltela.pt\/noticias\/2026\/03\/29\/barcelos-em-choque-pela-morte-de-mergulhador-em-sesimbra\/#primaryimage\",\"url\":\"https:\/\/portaltela.pt\/s.01k8rhncp4jt1\/2026\/03\/image-1756.jpg\",\"contentUrl\":\"https:\/\/portaltela.pt\/s.01k8rhncp4jt1\/2026\/03\/image-1756.jpg\",\"width\":796,\"height\":448,\"caption\":\"Lu\u00eds Gon\u00e7alves deixa um filho de 11 anos\"},{\"@type\":\"BreadcrumbList\",\"@id\":\"https:\/\/portaltela.pt\/noticias\/2026\/03\/29\/barcelos-em-choque-pela-morte-de-mergulhador-em-sesimbra\/#breadcrumb\",\"itemListElement\":[{\"@type\":\"ListItem\",\"position\":1,\"name\":\"In\u00edcio\",\"item\":\"https:\/\/portaltela.pt\/\"},{\"@type\":\"ListItem\",\"position\":2,\"name\":\"Barcelos em choque pela morte de mergulhador em Sesimbra\"}]},{\"@type\":\"WebSite\",\"@id\":\"https:\/\/portaltela.pt\/#website\",\"url\":\"https:\/\/portaltela.pt\/\",\"name\":\"Portal Tela Portugal\",\"description\":\"\",\"potentialAction\":[{\"@type\":\"SearchAction\",\"target\":{\"@type\":\"EntryPoint\",\"urlTemplate\":\"https:\/\/portaltela.pt\/?s={search_term_string}\"},\"query-input\":{\"@type\":\"PropertyValueSpecification\",\"valueRequired\":true,\"valueName\":\"search_term_string\"}}],\"inLanguage\":\"pt-PT\"},{\"@type\":\"Person\",\"@id\":\"https:\/\/portaltela.pt\/#\/schema\/person\/c4278d4a6028830caff9ee44b42d32ed\",\"name\":\"Telinha\",\"image\":{\"@type\":\"ImageObject\",\"inLanguage\":\"pt-PT\",\"@id\":\"https:\/\/portaltela.pt\/s.01k8rhncp4jt1\/2025\/11\/talking-bot-125x125.png\",\"url\":\"https:\/\/portaltela.pt\/s.01k8rhncp4jt1\/2025\/11\/talking-bot-125x125.png\",\"contentUrl\":\"https:\/\/portaltela.pt\/s.01k8rhncp4jt1\/2025\/11\/talking-bot-125x125.png\",\"caption\":\"Telinha\"},\"sameAs\":[\"https:\/\/portaltela.pt\/\"],\"url\":\"https:\/\/portaltela.pt\/por\/367410592786\/\"}]}<\/script>\n<!-- \/ Yoast SEO plugin. -->","yoast_head_json":{"title":"Barcelos em choque pela morte de mergulhador em Sesimbra - Portal Tela Portugal","robots":{"index":"index","follow":"follow","max-snippet":"max-snippet:-1","max-image-preview":"max-image-preview:large","max-video-preview":"max-video-preview:-1"},"og_locale":"pt_PT","og_type":"article","og_title":"Barcelos em choque pela morte de mergulhador em Sesimbra - Portal Tela Portugal","og_description":"Homem de 42 anos, natural de Barcelos, morreu durante um mergulho ao largo do Cabo Espichel, em Sesimbra. A v\u00edtima, Lu\u00eds Gon\u00e7alves, conhecido como \"J\u00fanior\" ou \"Brazuca\", participou numa opera\u00e7\u00e3o profissional de mergulho e capta\u00e7\u00e3o de imagens para uma empresa em Lisboa. O alerta foi dado pelas 11h, com os socorros a prolongarem-se at\u00e9 perto das 16h. A atividade n\u00e3o era recreativa, tratando-se de mergulho integrado no corpo civil de merginhadores da Marinha. O homem era casado e deixa mulher e um filho de 11 anos; o incidente gerou consterna\u00e7\u00e3o entre familiares, amigos e conhecidos. As circunst\u00e2ncias do acidente est\u00e3o a ser apuradas pelas autoridades, com v\u00e1rias manifesta\u00e7\u00f5es de pesar a decorrer nas redes sociais.","og_url":"https:\/\/portaltela.pt\/noticias\/2026\/03\/29\/barcelos-em-choque-pela-morte-de-mergulhador-em-sesimbra\/","og_site_name":"Portal Tela Portugal","article_published_time":"2026-03-29T18:47:20+00:00","author":"Telinha","twitter_card":"summary_large_image","twitter_misc":{"Escrito por":"Telinha","Tempo estimado de leitura":"1 minuto"},"schema":{"@context":"https:\/\/schema.org","@graph":[{"@type":"Article","@id":"https:\/\/portaltela.pt\/noticias\/2026\/03\/29\/barcelos-em-choque-pela-morte-de-mergulhador-em-sesimbra\/#article","isPartOf":{"@id":"https:\/\/portaltela.pt\/noticias\/2026\/03\/29\/barcelos-em-choque-pela-morte-de-mergulhador-em-sesimbra\/"},"author":{"name":"Telinha","@id":"https:\/\/portaltela.pt\/#\/schema\/person\/c4278d4a6028830caff9ee44b42d32ed"},"headline":"Barcelos em choque pela morte de mergulhador em Sesimbra","datePublished":"2026-03-29T18:47:20+00:00","mainEntityOfPage":{"@id":"https:\/\/portaltela.pt\/noticias\/2026\/03\/29\/barcelos-em-choque-pela-morte-de-mergulhador-em-sesimbra\/"},"wordCount":194,"image":{"@id":"https:\/\/portaltela.pt\/noticias\/2026\/03\/29\/barcelos-em-choque-pela-morte-de-mergulhador-em-sesimbra\/#primaryimage"},"thumbnailUrl":"https:\/\/portaltela.pt\/s.01k8rhncp4jt1\/2026\/03\/image-1756.jpg","keywords":["acidente","Barcelos","barcos","Marinha","mergulhadores","Sesimbra"],"articleSection":["Acidentes"],"inLanguage":"pt-PT"},{"@type":"WebPage","@id":"https:\/\/portaltela.pt\/noticias\/2026\/03\/29\/barcelos-em-choque-pela-morte-de-mergulhador-em-sesimbra\/","url":"https:\/\/portaltela.pt\/noticias\/2026\/03\/29\/barcelos-em-choque-pela-morte-de-mergulhador-em-sesimbra\/","name":"Barcelos em choque pela morte de mergulhador em Sesimbra - Portal Tela Portugal","isPartOf":{"@id":"https:\/\/portaltela.pt\/#website"},"primaryImageOfPage":{"@id":"https:\/\/portaltela.pt\/noticias\/2026\/03\/29\/barcelos-em-choque-pela-morte-de-mergulhador-em-sesimbra\/#primaryimage"},"image":{"@id":"https:\/\/portaltela.pt\/noticias\/2026\/03\/29\/barcelos-em-choque-pela-morte-de-mergulhador-em-sesimbra\/#primaryimage"},"thumbnailUrl":"https:\/\/portaltela.pt\/s.01k8rhncp4jt1\/2026\/03\/image-1756.jpg","datePublished":"2026-03-29T18:47:20+00:00","author":{"@id":"https:\/\/portaltela.pt\/#\/schema\/person\/c4278d4a6028830caff9ee44b42d32ed"},"breadcrumb":{"@id":"https:\/\/portaltela.pt\/noticias\/2026\/03\/29\/barcelos-em-choque-pela-morte-de-mergulhador-em-sesimbra\/#breadcrumb"},"inLanguage":"pt-PT","potentialAction":[{"@type":"ReadAction","target":["https:\/\/portaltela.pt\/noticias\/2026\/03\/29\/barcelos-em-choque-pela-morte-de-mergulhador-em-sesimbra\/"]}]},{"@type":"ImageObject","inLanguage":"pt-PT","@id":"https:\/\/portaltela.pt\/noticias\/2026\/03\/29\/barcelos-em-choque-pela-morte-de-mergulhador-em-sesimbra\/#primaryimage","url":"https:\/\/portaltela.pt\/s.01k8rhncp4jt1\/2026\/03\/image-1756.jpg","contentUrl":"https:\/\/portaltela.pt\/s.01k8rhncp4jt1\/2026\/03\/image-1756.jpg","width":796,"height":448,"caption":"Lu\u00eds Gon\u00e7alves deixa um filho de 11 anos"},{"@type":"BreadcrumbList","@id":"https:\/\/portaltela.pt\/noticias\/2026\/03\/29\/barcelos-em-choque-pela-morte-de-mergulhador-em-sesimbra\/#breadcrumb","itemListElement":[{"@type":"ListItem","position":1,"name":"In\u00edcio","item":"https:\/\/portaltela.pt\/"},{"@type":"ListItem","position":2,"name":"Barcelos em choque pela morte de mergulhador em Sesimbra"}]},{"@type":"WebSite","@id":"https:\/\/portaltela.pt\/#website","url":"https:\/\/portaltela.pt\/","name":"Portal Tela Portugal","description":"","potentialAction":[{"@type":"SearchAction","target":{"@type":"EntryPoint","urlTemplate":"https:\/\/portaltela.pt\/?s={search_term_string}"},"query-input":{"@type":"PropertyValueSpecification","valueRequired":true,"valueName":"search_term_string"}}],"inLanguage":"pt-PT"},{"@type":"Person","@id":"https:\/\/portaltela.pt\/#\/schema\/person\/c4278d4a6028830caff9ee44b42d32ed","name":"Telinha","image":{"@type":"ImageObject","inLanguage":"pt-PT","@id":"https:\/\/portaltela.pt\/s.01k8rhncp4jt1\/2025\/11\/talking-bot-125x125.png","url":"https:\/\/portaltela.pt\/s.01k8rhncp4jt1\/2025\/11\/talking-bot-125x125.png","contentUrl":"https:\/\/portaltela.pt\/s.01k8rhncp4jt1\/2025\/11\/talking-bot-125x125.png","caption":"Telinha"},"sameAs":["https:\/\/portaltela.pt\/"],"url":"https:\/\/portaltela.pt\/por\/367410592786\/"}]}},"_links":{"self":[{"href":"https:\/\/portaltela.pt\/api\/wp\/v2\/posts\/426228","targetHints":{"allow":["GET"]}}],"collection":[{"href":"https:\/\/portaltela.pt\/api\/wp\/v2\/posts"}],"about":[{"href":"https:\/\/portaltela.pt\/api\/wp\/v2\/types\/post"}],"author":[{"embeddable":true,"href":"https:\/\/portaltela.pt\/api\/wp\/v2\/users\/2"}],"replies":[{"embeddable":true,"href":"https:\/\/portaltela.pt\/api\/wp\/v2\/comments?post=426228"}],"version-history":[{"count":0,"href":"https:\/\/portaltela.pt\/api\/wp\/v2\/posts\/426228\/revisions"}],"wp:featuredmedia":[{"embeddable":true,"href":"https:\/\/portaltela.pt\/api\/wp\/v2\/media\/426230"}],"wp:attachment":[{"href":"https:\/\/portaltela.pt\/api\/wp\/v2\/media?parent=426228"}],"wp:term":[{"taxonomy":"category","embeddable":true,"href":"https:\/\/portaltela.pt\/api\/wp\/v2\/categories?post=426228"},{"taxonomy":"post_tag","embeddable":true,"href":"https:\/\/portaltela.pt\/api\/wp\/v2\/tags?post=426228"}],"curies":[{"name":"wp","href":"https:\/\/api.w.org\/{rel}","templated":true}]}}