{"id":426224,"date":"2026-03-29T15:47:14","date_gmt":"2026-03-29T18:47:14","guid":{"rendered":"https:\/\/portaltela.pt\/noticias\/2026\/03\/29\/locatelli-criticado-por-fas-da-juventus-apos-foto-com-jogadores-do-inter\/"},"modified":"2026-03-29T15:47:14","modified_gmt":"2026-03-29T18:47:14","slug":"locatelli-criticado-por-fas-da-juventus-apos-foto-com-jogadores-do-inter","status":"publish","type":"post","link":"https:\/\/portaltela.pt\/desporto\/futebol\/2026\/03\/29\/locatelli-criticado-por-fas-da-juventus-apos-foto-com-jogadores-do-inter\/","title":{"rendered":"Locatelli criticado por f\u00e3s da Juventus ap\u00f3s foto com jogadores do Inter"},"content":{"rendered":"<p>Locatelli, m\u00e9dior da Juventus, foi alvo de cr\u00edticas de parte de f\u00e3s da Vecchia Signora ao ser fotografado num jantar em Floren\u00e7a junto de jogadores do Inter, arquirrival da equipa.<\/p>\n<p>A reuni\u00e3o ocorreu antes do embate com a B\u00f3snia, pelo playoff de acesso ao Mundial, servindo como momento de descontra\u00e7\u00e3o no ambiente pr\u00e9-jogo. Os presentes inclu\u00edram Bastoni, Dimarco, Barella e Pio Esposito, todos jogadores do Inter.<\/p>\n<p>Nas redes sociais, muitos internautas consideraram o encontro inadequado, questionando a neutralidade do jogador perante o cl\u00e1ssico rival. Por outro lado, houve quem defendesse o gesto, classificando-o como uma simples amizade entre profissionais.<\/p>\n<p>N\u00e3o houve declara\u00e7\u00f5es oficiais da Juventus ou de Locatelli at\u00e9 ao momento, mantendo-se apenas o registro p\u00fablico do encontro. O epis\u00f3dio ocorre numa fase de decis\u00f5es importantes para a sele\u00e7\u00e3o italiana e para o clube.<\/p>\n","protected":false},"excerpt":{"rendered":"<ul>\n<li>Locatelli, m\u00e9dio da Juventus, \u00e9 fortemente criticado por f\u00e3s por ter sido fotografado num jantar em Floren\u00e7a ao lado de jogadores do Inter: Bastoni, Dimarco, Barella e Pio Esposito.<\/li>\n<li>O encontro ocorreu antes do jogo de playoff de acesso ao Mundial contra a B\u00f3snia, descrito como momento de descanso.<\/li>\n<li>Nas redes sociais, os comentarios variaram entre reprova\u00e7\u00e3o pesada, com a express\u00e3o \u201cinapropriado\u2026 para dizer o m\u00ednimo\u201d, e quem defendeu a situa\u00e7\u00e3o.<\/li>\n<li>Alguns f\u00e3s chegaram a qualificar a situa\u00e7\u00e3o de \u201ccrime de amizade\u201d com jogadores do Inter.<\/li>\n<li>N\u00e3o h\u00e1 men\u00e7\u00e3o de consequ\u00eancias oficiais para Locatelli; a not\u00edcia descreve apenas as reac\u00e7\u00f5es nas redes.<\/li>\n<\/ul>\n","protected":false},"author":2,"featured_media":426227,"comment_status":"closed","ping_status":"closed","sticky":false,"template":"","format":"standard","meta":{"footnotes":""},"categories":[21,24],"tags":[32,3338,2119,81,2057],"class_list":["post-426224","post","type-post","status-publish","format-standard","has-post-thumbnail","hentry","category-desporto","category-futebol","tag-futebol","tag-futebol-internacional","tag-inter-de-milao","tag-internacionais","tag-selecao-nacional"],"yoast_head":"<!-- This site is optimized with the Yoast SEO plugin v27.2 - https:\/\/yoast.com\/product\/yoast-seo-wordpress\/ -->\n<title>Locatelli criticado por f\u00e3s da Juventus ap\u00f3s foto com jogadores do Inter - Portal Tela Portugal<\/title>\n<meta name=\"robots\" content=\"index, follow, max-snippet:-1, max-image-preview:large, max-video-preview:-1\" \/>\n<meta property=\"og:locale\" content=\"pt_PT\" \/>\n<meta property=\"og:type\" content=\"article\" \/>\n<meta property=\"og:title\" content=\"Locatelli criticado por f\u00e3s da Juventus ap\u00f3s foto com jogadores do Inter - Portal Tela Portugal\" \/>\n<meta property=\"og:description\" content=\"Locatelli, m\u00e9dio da Juventus, \u00e9 fortemente criticado por f\u00e3s por ter sido fotografado num jantar em Floren\u00e7a ao lado de jogadores do Inter: Bastoni, Dimarco, Barella e Pio Esposito. O encontro ocorreu antes do jogo de playoff de acesso ao Mundial contra a B\u00f3snia, descrito como momento de descanso. Nas redes sociais, os comentarios variaram entre reprova\u00e7\u00e3o pesada, com a express\u00e3o \u201cinapropriado\u2026 para dizer o m\u00ednimo\u201d, e quem defendeu a situa\u00e7\u00e3o. Alguns f\u00e3s chegaram a qualificar a situa\u00e7\u00e3o de \u201ccrime de amizade\u201d com jogadores do Inter. N\u00e3o h\u00e1 men\u00e7\u00e3o de consequ\u00eancias oficiais para Locatelli; a not\u00edcia descreve apenas as reac\u00e7\u00f5es nas redes.\" \/>\n<meta property=\"og:url\" content=\"https:\/\/portaltela.pt\/noticias\/2026\/03\/29\/locatelli-criticado-por-fas-da-juventus-apos-foto-com-jogadores-do-inter\/\" \/>\n<meta property=\"og:site_name\" content=\"Portal Tela Portugal\" \/>\n<meta property=\"article:published_time\" content=\"2026-03-29T18:47:14+00:00\" \/>\n<meta name=\"author\" content=\"Telinha\" \/>\n<meta name=\"twitter:card\" content=\"summary_large_image\" \/>\n<meta name=\"twitter:label1\" content=\"Escrito por\" \/>\n\t<meta name=\"twitter:data1\" content=\"Telinha\" \/>\n\t<meta name=\"twitter:label2\" content=\"Tempo estimado de leitura\" \/>\n\t<meta name=\"twitter:data2\" content=\"1 minuto\" \/>\n<script type=\"application\/ld+json\" class=\"yoast-schema-graph\">{\"@context\":\"https:\/\/schema.org\",\"@graph\":[{\"@type\":\"Article\",\"@id\":\"https:\/\/portaltela.pt\/noticias\/2026\/03\/29\/locatelli-criticado-por-fas-da-juventus-apos-foto-com-jogadores-do-inter\/#article\",\"isPartOf\":{\"@id\":\"https:\/\/portaltela.pt\/noticias\/2026\/03\/29\/locatelli-criticado-por-fas-da-juventus-apos-foto-com-jogadores-do-inter\/\"},\"author\":{\"name\":\"Telinha\",\"@id\":\"https:\/\/portaltela.pt\/#\/schema\/person\/c4278d4a6028830caff9ee44b42d32ed\"},\"headline\":\"Locatelli criticado por f\u00e3s da Juventus ap\u00f3s foto com jogadores do Inter\",\"datePublished\":\"2026-03-29T18:47:14+00:00\",\"mainEntityOfPage\":{\"@id\":\"https:\/\/portaltela.pt\/noticias\/2026\/03\/29\/locatelli-criticado-por-fas-da-juventus-apos-foto-com-jogadores-do-inter\/\"},\"wordCount\":164,\"image\":{\"@id\":\"https:\/\/portaltela.pt\/noticias\/2026\/03\/29\/locatelli-criticado-por-fas-da-juventus-apos-foto-com-jogadores-do-inter\/#primaryimage\"},\"thumbnailUrl\":\"https:\/\/portaltela.pt\/s.01k8rhncp4jt1\/2026\/03\/img_920x518uu2026-03-29-19-40-22-2430022.jpg\",\"keywords\":[\"futebol\",\"futebol internacional\",\"Inter de Mil\u00e3o\",\"internacionais\",\"Sele\u00e7\u00e3o Nacional\"],\"articleSection\":[\"Desporto\",\"Futebol\"],\"inLanguage\":\"pt-PT\"},{\"@type\":\"WebPage\",\"@id\":\"https:\/\/portaltela.pt\/noticias\/2026\/03\/29\/locatelli-criticado-por-fas-da-juventus-apos-foto-com-jogadores-do-inter\/\",\"url\":\"https:\/\/portaltela.pt\/noticias\/2026\/03\/29\/locatelli-criticado-por-fas-da-juventus-apos-foto-com-jogadores-do-inter\/\",\"name\":\"Locatelli criticado por f\u00e3s da Juventus ap\u00f3s foto com jogadores do Inter - Portal Tela Portugal\",\"isPartOf\":{\"@id\":\"https:\/\/portaltela.pt\/#website\"},\"primaryImageOfPage\":{\"@id\":\"https:\/\/portaltela.pt\/noticias\/2026\/03\/29\/locatelli-criticado-por-fas-da-juventus-apos-foto-com-jogadores-do-inter\/#primaryimage\"},\"image\":{\"@id\":\"https:\/\/portaltela.pt\/noticias\/2026\/03\/29\/locatelli-criticado-por-fas-da-juventus-apos-foto-com-jogadores-do-inter\/#primaryimage\"},\"thumbnailUrl\":\"https:\/\/portaltela.pt\/s.01k8rhncp4jt1\/2026\/03\/img_920x518uu2026-03-29-19-40-22-2430022.jpg\",\"datePublished\":\"2026-03-29T18:47:14+00:00\",\"author\":{\"@id\":\"https:\/\/portaltela.pt\/#\/schema\/person\/c4278d4a6028830caff9ee44b42d32ed\"},\"breadcrumb\":{\"@id\":\"https:\/\/portaltela.pt\/noticias\/2026\/03\/29\/locatelli-criticado-por-fas-da-juventus-apos-foto-com-jogadores-do-inter\/#breadcrumb\"},\"inLanguage\":\"pt-PT\",\"potentialAction\":[{\"@type\":\"ReadAction\",\"target\":[\"https:\/\/portaltela.pt\/noticias\/2026\/03\/29\/locatelli-criticado-por-fas-da-juventus-apos-foto-com-jogadores-do-inter\/\"]}]},{\"@type\":\"ImageObject\",\"inLanguage\":\"pt-PT\",\"@id\":\"https:\/\/portaltela.pt\/noticias\/2026\/03\/29\/locatelli-criticado-por-fas-da-juventus-apos-foto-com-jogadores-do-inter\/#primaryimage\",\"url\":\"https:\/\/portaltela.pt\/s.01k8rhncp4jt1\/2026\/03\/img_920x518uu2026-03-29-19-40-22-2430022.jpg\",\"contentUrl\":\"https:\/\/portaltela.pt\/s.01k8rhncp4jt1\/2026\/03\/img_920x518uu2026-03-29-19-40-22-2430022.jpg\",\"width\":796,\"height\":448,\"caption\":\"Locatelli \u00e9 um dos m\u00e9dios da juventus\"},{\"@type\":\"BreadcrumbList\",\"@id\":\"https:\/\/portaltela.pt\/noticias\/2026\/03\/29\/locatelli-criticado-por-fas-da-juventus-apos-foto-com-jogadores-do-inter\/#breadcrumb\",\"itemListElement\":[{\"@type\":\"ListItem\",\"position\":1,\"name\":\"In\u00edcio\",\"item\":\"https:\/\/portaltela.pt\/\"},{\"@type\":\"ListItem\",\"position\":2,\"name\":\"Locatelli criticado por f\u00e3s da Juventus ap\u00f3s foto com jogadores do Inter\"}]},{\"@type\":\"WebSite\",\"@id\":\"https:\/\/portaltela.pt\/#website\",\"url\":\"https:\/\/portaltela.pt\/\",\"name\":\"Portal Tela Portugal\",\"description\":\"\",\"potentialAction\":[{\"@type\":\"SearchAction\",\"target\":{\"@type\":\"EntryPoint\",\"urlTemplate\":\"https:\/\/portaltela.pt\/?s={search_term_string}\"},\"query-input\":{\"@type\":\"PropertyValueSpecification\",\"valueRequired\":true,\"valueName\":\"search_term_string\"}}],\"inLanguage\":\"pt-PT\"},{\"@type\":\"Person\",\"@id\":\"https:\/\/portaltela.pt\/#\/schema\/person\/c4278d4a6028830caff9ee44b42d32ed\",\"name\":\"Telinha\",\"image\":{\"@type\":\"ImageObject\",\"inLanguage\":\"pt-PT\",\"@id\":\"https:\/\/portaltela.pt\/s.01k8rhncp4jt1\/2025\/11\/talking-bot-125x125.png\",\"url\":\"https:\/\/portaltela.pt\/s.01k8rhncp4jt1\/2025\/11\/talking-bot-125x125.png\",\"contentUrl\":\"https:\/\/portaltela.pt\/s.01k8rhncp4jt1\/2025\/11\/talking-bot-125x125.png\",\"caption\":\"Telinha\"},\"sameAs\":[\"https:\/\/portaltela.pt\/\"],\"url\":\"https:\/\/portaltela.pt\/por\/367410592786\/\"}]}<\/script>\n<!-- \/ Yoast SEO plugin. -->","yoast_head_json":{"title":"Locatelli criticado por f\u00e3s da Juventus ap\u00f3s foto com jogadores do Inter - Portal Tela Portugal","robots":{"index":"index","follow":"follow","max-snippet":"max-snippet:-1","max-image-preview":"max-image-preview:large","max-video-preview":"max-video-preview:-1"},"og_locale":"pt_PT","og_type":"article","og_title":"Locatelli criticado por f\u00e3s da Juventus ap\u00f3s foto com jogadores do Inter - Portal Tela Portugal","og_description":"Locatelli, m\u00e9dio da Juventus, \u00e9 fortemente criticado por f\u00e3s por ter sido fotografado num jantar em Floren\u00e7a ao lado de jogadores do Inter: Bastoni, Dimarco, Barella e Pio Esposito. O encontro ocorreu antes do jogo de playoff de acesso ao Mundial contra a B\u00f3snia, descrito como momento de descanso. Nas redes sociais, os comentarios variaram entre reprova\u00e7\u00e3o pesada, com a express\u00e3o \u201cinapropriado\u2026 para dizer o m\u00ednimo\u201d, e quem defendeu a situa\u00e7\u00e3o. Alguns f\u00e3s chegaram a qualificar a situa\u00e7\u00e3o de \u201ccrime de amizade\u201d com jogadores do Inter. N\u00e3o h\u00e1 men\u00e7\u00e3o de consequ\u00eancias oficiais para Locatelli; a not\u00edcia descreve apenas as reac\u00e7\u00f5es nas redes.","og_url":"https:\/\/portaltela.pt\/noticias\/2026\/03\/29\/locatelli-criticado-por-fas-da-juventus-apos-foto-com-jogadores-do-inter\/","og_site_name":"Portal Tela Portugal","article_published_time":"2026-03-29T18:47:14+00:00","author":"Telinha","twitter_card":"summary_large_image","twitter_misc":{"Escrito por":"Telinha","Tempo estimado de leitura":"1 minuto"},"schema":{"@context":"https:\/\/schema.org","@graph":[{"@type":"Article","@id":"https:\/\/portaltela.pt\/noticias\/2026\/03\/29\/locatelli-criticado-por-fas-da-juventus-apos-foto-com-jogadores-do-inter\/#article","isPartOf":{"@id":"https:\/\/portaltela.pt\/noticias\/2026\/03\/29\/locatelli-criticado-por-fas-da-juventus-apos-foto-com-jogadores-do-inter\/"},"author":{"name":"Telinha","@id":"https:\/\/portaltela.pt\/#\/schema\/person\/c4278d4a6028830caff9ee44b42d32ed"},"headline":"Locatelli criticado por f\u00e3s da Juventus ap\u00f3s foto com jogadores do Inter","datePublished":"2026-03-29T18:47:14+00:00","mainEntityOfPage":{"@id":"https:\/\/portaltela.pt\/noticias\/2026\/03\/29\/locatelli-criticado-por-fas-da-juventus-apos-foto-com-jogadores-do-inter\/"},"wordCount":164,"image":{"@id":"https:\/\/portaltela.pt\/noticias\/2026\/03\/29\/locatelli-criticado-por-fas-da-juventus-apos-foto-com-jogadores-do-inter\/#primaryimage"},"thumbnailUrl":"https:\/\/portaltela.pt\/s.01k8rhncp4jt1\/2026\/03\/img_920x518uu2026-03-29-19-40-22-2430022.jpg","keywords":["futebol","futebol internacional","Inter de Mil\u00e3o","internacionais","Sele\u00e7\u00e3o Nacional"],"articleSection":["Desporto","Futebol"],"inLanguage":"pt-PT"},{"@type":"WebPage","@id":"https:\/\/portaltela.pt\/noticias\/2026\/03\/29\/locatelli-criticado-por-fas-da-juventus-apos-foto-com-jogadores-do-inter\/","url":"https:\/\/portaltela.pt\/noticias\/2026\/03\/29\/locatelli-criticado-por-fas-da-juventus-apos-foto-com-jogadores-do-inter\/","name":"Locatelli criticado por f\u00e3s da Juventus ap\u00f3s foto com jogadores do Inter - Portal Tela Portugal","isPartOf":{"@id":"https:\/\/portaltela.pt\/#website"},"primaryImageOfPage":{"@id":"https:\/\/portaltela.pt\/noticias\/2026\/03\/29\/locatelli-criticado-por-fas-da-juventus-apos-foto-com-jogadores-do-inter\/#primaryimage"},"image":{"@id":"https:\/\/portaltela.pt\/noticias\/2026\/03\/29\/locatelli-criticado-por-fas-da-juventus-apos-foto-com-jogadores-do-inter\/#primaryimage"},"thumbnailUrl":"https:\/\/portaltela.pt\/s.01k8rhncp4jt1\/2026\/03\/img_920x518uu2026-03-29-19-40-22-2430022.jpg","datePublished":"2026-03-29T18:47:14+00:00","author":{"@id":"https:\/\/portaltela.pt\/#\/schema\/person\/c4278d4a6028830caff9ee44b42d32ed"},"breadcrumb":{"@id":"https:\/\/portaltela.pt\/noticias\/2026\/03\/29\/locatelli-criticado-por-fas-da-juventus-apos-foto-com-jogadores-do-inter\/#breadcrumb"},"inLanguage":"pt-PT","potentialAction":[{"@type":"ReadAction","target":["https:\/\/portaltela.pt\/noticias\/2026\/03\/29\/locatelli-criticado-por-fas-da-juventus-apos-foto-com-jogadores-do-inter\/"]}]},{"@type":"ImageObject","inLanguage":"pt-PT","@id":"https:\/\/portaltela.pt\/noticias\/2026\/03\/29\/locatelli-criticado-por-fas-da-juventus-apos-foto-com-jogadores-do-inter\/#primaryimage","url":"https:\/\/portaltela.pt\/s.01k8rhncp4jt1\/2026\/03\/img_920x518uu2026-03-29-19-40-22-2430022.jpg","contentUrl":"https:\/\/portaltela.pt\/s.01k8rhncp4jt1\/2026\/03\/img_920x518uu2026-03-29-19-40-22-2430022.jpg","width":796,"height":448,"caption":"Locatelli \u00e9 um dos m\u00e9dios da juventus"},{"@type":"BreadcrumbList","@id":"https:\/\/portaltela.pt\/noticias\/2026\/03\/29\/locatelli-criticado-por-fas-da-juventus-apos-foto-com-jogadores-do-inter\/#breadcrumb","itemListElement":[{"@type":"ListItem","position":1,"name":"In\u00edcio","item":"https:\/\/portaltela.pt\/"},{"@type":"ListItem","position":2,"name":"Locatelli criticado por f\u00e3s da Juventus ap\u00f3s foto com jogadores do Inter"}]},{"@type":"WebSite","@id":"https:\/\/portaltela.pt\/#website","url":"https:\/\/portaltela.pt\/","name":"Portal Tela Portugal","description":"","potentialAction":[{"@type":"SearchAction","target":{"@type":"EntryPoint","urlTemplate":"https:\/\/portaltela.pt\/?s={search_term_string}"},"query-input":{"@type":"PropertyValueSpecification","valueRequired":true,"valueName":"search_term_string"}}],"inLanguage":"pt-PT"},{"@type":"Person","@id":"https:\/\/portaltela.pt\/#\/schema\/person\/c4278d4a6028830caff9ee44b42d32ed","name":"Telinha","image":{"@type":"ImageObject","inLanguage":"pt-PT","@id":"https:\/\/portaltela.pt\/s.01k8rhncp4jt1\/2025\/11\/talking-bot-125x125.png","url":"https:\/\/portaltela.pt\/s.01k8rhncp4jt1\/2025\/11\/talking-bot-125x125.png","contentUrl":"https:\/\/portaltela.pt\/s.01k8rhncp4jt1\/2025\/11\/talking-bot-125x125.png","caption":"Telinha"},"sameAs":["https:\/\/portaltela.pt\/"],"url":"https:\/\/portaltela.pt\/por\/367410592786\/"}]}},"_links":{"self":[{"href":"https:\/\/portaltela.pt\/api\/wp\/v2\/posts\/426224","targetHints":{"allow":["GET"]}}],"collection":[{"href":"https:\/\/portaltela.pt\/api\/wp\/v2\/posts"}],"about":[{"href":"https:\/\/portaltela.pt\/api\/wp\/v2\/types\/post"}],"author":[{"embeddable":true,"href":"https:\/\/portaltela.pt\/api\/wp\/v2\/users\/2"}],"replies":[{"embeddable":true,"href":"https:\/\/portaltela.pt\/api\/wp\/v2\/comments?post=426224"}],"version-history":[{"count":0,"href":"https:\/\/portaltela.pt\/api\/wp\/v2\/posts\/426224\/revisions"}],"wp:featuredmedia":[{"embeddable":true,"href":"https:\/\/portaltela.pt\/api\/wp\/v2\/media\/426227"}],"wp:attachment":[{"href":"https:\/\/portaltela.pt\/api\/wp\/v2\/media?parent=426224"}],"wp:term":[{"taxonomy":"category","embeddable":true,"href":"https:\/\/portaltela.pt\/api\/wp\/v2\/categories?post=426224"},{"taxonomy":"post_tag","embeddable":true,"href":"https:\/\/portaltela.pt\/api\/wp\/v2\/tags?post=426224"}],"curies":[{"name":"wp","href":"https:\/\/api.w.org\/{rel}","templated":true}]}}