{"id":426218,"date":"2026-03-29T15:32:11","date_gmt":"2026-03-29T18:32:11","guid":{"rendered":"https:\/\/portaltela.pt\/noticias\/2026\/03\/29\/protesto-em-lisboa-exige-protecao-de-criancas-trans-contra-medidas-medievais\/"},"modified":"2026-03-29T15:32:11","modified_gmt":"2026-03-29T18:32:11","slug":"protesto-em-lisboa-exige-protecao-de-criancas-trans-contra-medidas-medievais","status":"publish","type":"post","link":"https:\/\/portaltela.pt\/sociedade\/2026\/03\/29\/protesto-em-lisboa-exige-protecao-de-criancas-trans-contra-medidas-medievais\/","title":{"rendered":"Protesto em Lisboa exige prote\u00e7\u00e3o de crian\u00e7as trans contra medidas medievais"},"content":{"rendered":"<p>Centenas de pessoas manifestaram-se neste domingo no Largo do Intendente, em Lisboa, contra o recuo dos direitos humanos e para assinalar a marcha da visibilidade trans, que se celebra a 31 de mar\u00e7o. A concentra\u00e7\u00e3o come\u00e7ou \u00e0s 15h30 e seguiu em dire\u00e7\u00e3o \u00e0 Ribeira das Naus, com palavras de ordem associadas a uma cr\u00edtica ao patriarcado e a mensagens de prote\u00e7\u00e3o \u00e0s crian\u00e7as trans.<\/p>\n<p>Activistas associadas \u00e0s organiza\u00e7\u00f5es organizadoras, como a Transmutar, apresentaram o valor das a\u00e7\u00f5es e desmontaram o que consideram propostas legislativas medievais. Salema Yahudah afirmou que as medidas aprovadas recentemente na Assembleia da Rep\u00fablica s\u00e3o in\u00fateis e que este \u00e9 apenas o come\u00e7o de um movimento de protesto. A activista pediu para pensar com humanidade e questionar a narrativa vigente.<\/p>\n<p>Outra porta-voz, Daniela Bento, sustentou que os projetos de lei aprovados atentam contra os direitos de pessoas trans e intersexo, lembrando melhorias alcan\u00e7adas em 2018 e defendendo a mobiliza\u00e7\u00e3o para manter esses direitos. Um manifestante, Nelson Delgado, salientou quest\u00f5es nacionais como habita\u00e7\u00e3o e sal\u00e1rios, pedindo que se mantenham direitos j\u00e1 concedidos para evitar novas dificuldades.<\/p>\n<h3>Contexto legislativo<\/h3>\n<p>O protesto acontece numa semana em que o PSD, Chega e CDS-PP aprovaram na Assembleia da Rep\u00fablica tr\u00eas projetos de lei. Estes regulam a valida\u00e7\u00e3o m\u00e9dica para altera\u00e7\u00f5es de nome e g\u00e9nero no registo civil e mencionam tratamentos m\u00e9dicos em menores de 18 anos. Os opositores veem os textos como restritivos para pessoas trans, enquanto os apoiantes defendem salvaguardas e salvaguardas de menores.<\/p>\n","protected":false},"excerpt":{"rendered":"<ul>\n<li>Centenas de pessoas manifestaram-se no Largo do Intendente, em Lisboa, contra o recuo dos direitos humanos e para assinalar a marcha da visibilidade trans, que decorre at\u00e9 \u00e0 Ribeira das Naus.<\/li>\n<li>Durante a marchas ouviram-se palavras de ordem como \u201cabaixo o patriarcado\u201d e surgiram cartazes com a mensagem \u201cprotect trans kids\u201d (protejam as crian\u00e7as trans).<\/li>\n<li>Salema Yahudah, da associa\u00e7\u00e3o Transmutar, afirmou que as propostas aprovadas na Assembleia da Rep\u00fablica s\u00e3o medievais e que este \u00e9 apenas o in\u00edcio de mudan\u00e7as maiores, alegando que leis assim afetam migrantes e mulheres.<\/li>\n<li>Daniela Bento disse que os projetos de lei aprovados violam direitos de pessoas trans e intersexo e sublinhou a import\u00e2ncia de lutar por um movimento relevante; lembrou o progresso de 2018.<\/li>\n<li>O protesto ocorre uma semana depois da aprova\u00e7\u00e3o de tr\u00eas projetos de lei na Assembleia da Rep\u00fablica, apresentados pelo PSD, Chega e CDS-PP, que exigem valida\u00e7\u00e3o m\u00e9dica para mudan\u00e7a de nome e g\u00e9nero no registo civil e mencionam tratamentos para jovens com disforia de g\u00e9nero.<\/li>\n<\/ul>\n","protected":false},"author":2,"featured_media":426221,"comment_status":"closed","ping_status":"closed","sticky":false,"template":"","format":"standard","meta":{"footnotes":""},"categories":[6745,6871],"tags":[7178,2633,981,6165,2181,2857],"class_list":["post-426218","post","type-post","status-publish","format-standard","has-post-thumbnail","hentry","category-saude","category-sociedade","tag-direitos-de-menores","tag-direitos-humanos","tag-lisboa","tag-pessoas-lgbt","tag-protecao-de-menores","tag-protestos"],"yoast_head":"<!-- This site is optimized with the Yoast SEO plugin v27.2 - https:\/\/yoast.com\/product\/yoast-seo-wordpress\/ -->\n<title>Protesto em Lisboa exige prote\u00e7\u00e3o de crian\u00e7as trans contra medidas medievais - Portal Tela Portugal<\/title>\n<meta name=\"robots\" content=\"index, follow, max-snippet:-1, max-image-preview:large, max-video-preview:-1\" \/>\n<meta property=\"og:locale\" content=\"pt_PT\" \/>\n<meta property=\"og:type\" content=\"article\" \/>\n<meta property=\"og:title\" content=\"Protesto em Lisboa exige prote\u00e7\u00e3o de crian\u00e7as trans contra medidas medievais - Portal Tela Portugal\" \/>\n<meta property=\"og:description\" content=\"Centenas de pessoas manifestaram-se no Largo do Intendente, em Lisboa, contra o recuo dos direitos humanos e para assinalar a marcha da visibilidade trans, que decorre at\u00e9 \u00e0 Ribeira das Naus. Durante a marchas ouviram-se palavras de ordem como \u201cabaixo o patriarcado\u201d e surgiram cartazes com a mensagem \u201cprotect trans kids\u201d (protejam as crian\u00e7as trans). Salema Yahudah, da associa\u00e7\u00e3o Transmutar, afirmou que as propostas aprovadas na Assembleia da Rep\u00fablica s\u00e3o medievais e que este \u00e9 apenas o in\u00edcio de mudan\u00e7as maiores, alegando que leis assim afetam migrantes e mulheres. Daniela Bento disse que os projetos de lei aprovados violam direitos de pessoas trans e intersexo e sublinhou a import\u00e2ncia de lutar por um movimento relevante; lembrou o progresso de 2018. O protesto ocorre uma semana depois da aprova\u00e7\u00e3o de tr\u00eas projetos de lei na Assembleia da Rep\u00fablica, apresentados pelo PSD, Chega e CDS-PP, que exigem valida\u00e7\u00e3o m\u00e9dica para mudan\u00e7a de nome e g\u00e9nero no registo civil e mencionam tratamentos para jovens com disforia de g\u00e9nero.\" \/>\n<meta property=\"og:url\" content=\"https:\/\/portaltela.pt\/noticias\/2026\/03\/29\/protesto-em-lisboa-exige-protecao-de-criancas-trans-contra-medidas-medievais\/\" \/>\n<meta property=\"og:site_name\" content=\"Portal Tela Portugal\" \/>\n<meta property=\"article:published_time\" content=\"2026-03-29T18:32:11+00:00\" \/>\n<meta name=\"author\" content=\"Telinha\" \/>\n<meta name=\"twitter:card\" content=\"summary_large_image\" \/>\n<meta name=\"twitter:label1\" content=\"Escrito por\" \/>\n\t<meta name=\"twitter:data1\" content=\"Telinha\" \/>\n\t<meta name=\"twitter:label2\" content=\"Tempo estimado de leitura\" \/>\n\t<meta name=\"twitter:data2\" content=\"1 minuto\" \/>\n<script type=\"application\/ld+json\" class=\"yoast-schema-graph\">{\"@context\":\"https:\/\/schema.org\",\"@graph\":[{\"@type\":\"Article\",\"@id\":\"https:\/\/portaltela.pt\/noticias\/2026\/03\/29\/protesto-em-lisboa-exige-protecao-de-criancas-trans-contra-medidas-medievais\/#article\",\"isPartOf\":{\"@id\":\"https:\/\/portaltela.pt\/noticias\/2026\/03\/29\/protesto-em-lisboa-exige-protecao-de-criancas-trans-contra-medidas-medievais\/\"},\"author\":{\"name\":\"Telinha\",\"@id\":\"https:\/\/portaltela.pt\/#\/schema\/person\/c4278d4a6028830caff9ee44b42d32ed\"},\"headline\":\"Protesto em Lisboa exige prote\u00e7\u00e3o de crian\u00e7as trans contra medidas medievais\",\"datePublished\":\"2026-03-29T18:32:11+00:00\",\"mainEntityOfPage\":{\"@id\":\"https:\/\/portaltela.pt\/noticias\/2026\/03\/29\/protesto-em-lisboa-exige-protecao-de-criancas-trans-contra-medidas-medievais\/\"},\"wordCount\":276,\"image\":{\"@id\":\"https:\/\/portaltela.pt\/noticias\/2026\/03\/29\/protesto-em-lisboa-exige-protecao-de-criancas-trans-contra-medidas-medievais\/#primaryimage\"},\"thumbnailUrl\":\"https:\/\/portaltela.pt\/s.01k8rhncp4jt1\/2026\/03\/image-1754.jpg\",\"keywords\":[\"direitos de menores\",\"direitos humanos\",\"Lisboa\",\"pessoas LGBT\",\"prote\u00e7\u00e3o de menores\",\"protestos\"],\"articleSection\":[\"Sa\u00fade\",\"Sociedade\"],\"inLanguage\":\"pt-PT\"},{\"@type\":\"WebPage\",\"@id\":\"https:\/\/portaltela.pt\/noticias\/2026\/03\/29\/protesto-em-lisboa-exige-protecao-de-criancas-trans-contra-medidas-medievais\/\",\"url\":\"https:\/\/portaltela.pt\/noticias\/2026\/03\/29\/protesto-em-lisboa-exige-protecao-de-criancas-trans-contra-medidas-medievais\/\",\"name\":\"Protesto em Lisboa exige prote\u00e7\u00e3o de crian\u00e7as trans contra medidas medievais - Portal Tela Portugal\",\"isPartOf\":{\"@id\":\"https:\/\/portaltela.pt\/#website\"},\"primaryImageOfPage\":{\"@id\":\"https:\/\/portaltela.pt\/noticias\/2026\/03\/29\/protesto-em-lisboa-exige-protecao-de-criancas-trans-contra-medidas-medievais\/#primaryimage\"},\"image\":{\"@id\":\"https:\/\/portaltela.pt\/noticias\/2026\/03\/29\/protesto-em-lisboa-exige-protecao-de-criancas-trans-contra-medidas-medievais\/#primaryimage\"},\"thumbnailUrl\":\"https:\/\/portaltela.pt\/s.01k8rhncp4jt1\/2026\/03\/image-1754.jpg\",\"datePublished\":\"2026-03-29T18:32:11+00:00\",\"author\":{\"@id\":\"https:\/\/portaltela.pt\/#\/schema\/person\/c4278d4a6028830caff9ee44b42d32ed\"},\"breadcrumb\":{\"@id\":\"https:\/\/portaltela.pt\/noticias\/2026\/03\/29\/protesto-em-lisboa-exige-protecao-de-criancas-trans-contra-medidas-medievais\/#breadcrumb\"},\"inLanguage\":\"pt-PT\",\"potentialAction\":[{\"@type\":\"ReadAction\",\"target\":[\"https:\/\/portaltela.pt\/noticias\/2026\/03\/29\/protesto-em-lisboa-exige-protecao-de-criancas-trans-contra-medidas-medievais\/\"]}]},{\"@type\":\"ImageObject\",\"inLanguage\":\"pt-PT\",\"@id\":\"https:\/\/portaltela.pt\/noticias\/2026\/03\/29\/protesto-em-lisboa-exige-protecao-de-criancas-trans-contra-medidas-medievais\/#primaryimage\",\"url\":\"https:\/\/portaltela.pt\/s.01k8rhncp4jt1\/2026\/03\/image-1754.jpg\",\"contentUrl\":\"https:\/\/portaltela.pt\/s.01k8rhncp4jt1\/2026\/03\/image-1754.jpg\",\"width\":796,\"height\":448,\"caption\":\"O protesto acontece uma semana depois de PSD, Chega e CDS-PP terem aprovado tr\u00eas projetos de lei na Assembleia da Rep\u00fablica que implementam a obrigatoriedade de valida\u00e7\u00e3o m\u00e9dica para a mudan\u00e7a de nome e g\u00e9nero no registo civil\"},{\"@type\":\"BreadcrumbList\",\"@id\":\"https:\/\/portaltela.pt\/noticias\/2026\/03\/29\/protesto-em-lisboa-exige-protecao-de-criancas-trans-contra-medidas-medievais\/#breadcrumb\",\"itemListElement\":[{\"@type\":\"ListItem\",\"position\":1,\"name\":\"In\u00edcio\",\"item\":\"https:\/\/portaltela.pt\/\"},{\"@type\":\"ListItem\",\"position\":2,\"name\":\"Protesto em Lisboa exige prote\u00e7\u00e3o de crian\u00e7as trans contra medidas medievais\"}]},{\"@type\":\"WebSite\",\"@id\":\"https:\/\/portaltela.pt\/#website\",\"url\":\"https:\/\/portaltela.pt\/\",\"name\":\"Portal Tela Portugal\",\"description\":\"\",\"potentialAction\":[{\"@type\":\"SearchAction\",\"target\":{\"@type\":\"EntryPoint\",\"urlTemplate\":\"https:\/\/portaltela.pt\/?s={search_term_string}\"},\"query-input\":{\"@type\":\"PropertyValueSpecification\",\"valueRequired\":true,\"valueName\":\"search_term_string\"}}],\"inLanguage\":\"pt-PT\"},{\"@type\":\"Person\",\"@id\":\"https:\/\/portaltela.pt\/#\/schema\/person\/c4278d4a6028830caff9ee44b42d32ed\",\"name\":\"Telinha\",\"image\":{\"@type\":\"ImageObject\",\"inLanguage\":\"pt-PT\",\"@id\":\"https:\/\/portaltela.pt\/s.01k8rhncp4jt1\/2025\/11\/talking-bot-125x125.png\",\"url\":\"https:\/\/portaltela.pt\/s.01k8rhncp4jt1\/2025\/11\/talking-bot-125x125.png\",\"contentUrl\":\"https:\/\/portaltela.pt\/s.01k8rhncp4jt1\/2025\/11\/talking-bot-125x125.png\",\"caption\":\"Telinha\"},\"sameAs\":[\"https:\/\/portaltela.pt\/\"],\"url\":\"https:\/\/portaltela.pt\/por\/367410592786\/\"}]}<\/script>\n<!-- \/ Yoast SEO plugin. -->","yoast_head_json":{"title":"Protesto em Lisboa exige prote\u00e7\u00e3o de crian\u00e7as trans contra medidas medievais - Portal Tela Portugal","robots":{"index":"index","follow":"follow","max-snippet":"max-snippet:-1","max-image-preview":"max-image-preview:large","max-video-preview":"max-video-preview:-1"},"og_locale":"pt_PT","og_type":"article","og_title":"Protesto em Lisboa exige prote\u00e7\u00e3o de crian\u00e7as trans contra medidas medievais - Portal Tela Portugal","og_description":"Centenas de pessoas manifestaram-se no Largo do Intendente, em Lisboa, contra o recuo dos direitos humanos e para assinalar a marcha da visibilidade trans, que decorre at\u00e9 \u00e0 Ribeira das Naus. Durante a marchas ouviram-se palavras de ordem como \u201cabaixo o patriarcado\u201d e surgiram cartazes com a mensagem \u201cprotect trans kids\u201d (protejam as crian\u00e7as trans). Salema Yahudah, da associa\u00e7\u00e3o Transmutar, afirmou que as propostas aprovadas na Assembleia da Rep\u00fablica s\u00e3o medievais e que este \u00e9 apenas o in\u00edcio de mudan\u00e7as maiores, alegando que leis assim afetam migrantes e mulheres. Daniela Bento disse que os projetos de lei aprovados violam direitos de pessoas trans e intersexo e sublinhou a import\u00e2ncia de lutar por um movimento relevante; lembrou o progresso de 2018. O protesto ocorre uma semana depois da aprova\u00e7\u00e3o de tr\u00eas projetos de lei na Assembleia da Rep\u00fablica, apresentados pelo PSD, Chega e CDS-PP, que exigem valida\u00e7\u00e3o m\u00e9dica para mudan\u00e7a de nome e g\u00e9nero no registo civil e mencionam tratamentos para jovens com disforia de g\u00e9nero.","og_url":"https:\/\/portaltela.pt\/noticias\/2026\/03\/29\/protesto-em-lisboa-exige-protecao-de-criancas-trans-contra-medidas-medievais\/","og_site_name":"Portal Tela Portugal","article_published_time":"2026-03-29T18:32:11+00:00","author":"Telinha","twitter_card":"summary_large_image","twitter_misc":{"Escrito por":"Telinha","Tempo estimado de leitura":"1 minuto"},"schema":{"@context":"https:\/\/schema.org","@graph":[{"@type":"Article","@id":"https:\/\/portaltela.pt\/noticias\/2026\/03\/29\/protesto-em-lisboa-exige-protecao-de-criancas-trans-contra-medidas-medievais\/#article","isPartOf":{"@id":"https:\/\/portaltela.pt\/noticias\/2026\/03\/29\/protesto-em-lisboa-exige-protecao-de-criancas-trans-contra-medidas-medievais\/"},"author":{"name":"Telinha","@id":"https:\/\/portaltela.pt\/#\/schema\/person\/c4278d4a6028830caff9ee44b42d32ed"},"headline":"Protesto em Lisboa exige prote\u00e7\u00e3o de crian\u00e7as trans contra medidas medievais","datePublished":"2026-03-29T18:32:11+00:00","mainEntityOfPage":{"@id":"https:\/\/portaltela.pt\/noticias\/2026\/03\/29\/protesto-em-lisboa-exige-protecao-de-criancas-trans-contra-medidas-medievais\/"},"wordCount":276,"image":{"@id":"https:\/\/portaltela.pt\/noticias\/2026\/03\/29\/protesto-em-lisboa-exige-protecao-de-criancas-trans-contra-medidas-medievais\/#primaryimage"},"thumbnailUrl":"https:\/\/portaltela.pt\/s.01k8rhncp4jt1\/2026\/03\/image-1754.jpg","keywords":["direitos de menores","direitos humanos","Lisboa","pessoas LGBT","prote\u00e7\u00e3o de menores","protestos"],"articleSection":["Sa\u00fade","Sociedade"],"inLanguage":"pt-PT"},{"@type":"WebPage","@id":"https:\/\/portaltela.pt\/noticias\/2026\/03\/29\/protesto-em-lisboa-exige-protecao-de-criancas-trans-contra-medidas-medievais\/","url":"https:\/\/portaltela.pt\/noticias\/2026\/03\/29\/protesto-em-lisboa-exige-protecao-de-criancas-trans-contra-medidas-medievais\/","name":"Protesto em Lisboa exige prote\u00e7\u00e3o de crian\u00e7as trans contra medidas medievais - Portal Tela Portugal","isPartOf":{"@id":"https:\/\/portaltela.pt\/#website"},"primaryImageOfPage":{"@id":"https:\/\/portaltela.pt\/noticias\/2026\/03\/29\/protesto-em-lisboa-exige-protecao-de-criancas-trans-contra-medidas-medievais\/#primaryimage"},"image":{"@id":"https:\/\/portaltela.pt\/noticias\/2026\/03\/29\/protesto-em-lisboa-exige-protecao-de-criancas-trans-contra-medidas-medievais\/#primaryimage"},"thumbnailUrl":"https:\/\/portaltela.pt\/s.01k8rhncp4jt1\/2026\/03\/image-1754.jpg","datePublished":"2026-03-29T18:32:11+00:00","author":{"@id":"https:\/\/portaltela.pt\/#\/schema\/person\/c4278d4a6028830caff9ee44b42d32ed"},"breadcrumb":{"@id":"https:\/\/portaltela.pt\/noticias\/2026\/03\/29\/protesto-em-lisboa-exige-protecao-de-criancas-trans-contra-medidas-medievais\/#breadcrumb"},"inLanguage":"pt-PT","potentialAction":[{"@type":"ReadAction","target":["https:\/\/portaltela.pt\/noticias\/2026\/03\/29\/protesto-em-lisboa-exige-protecao-de-criancas-trans-contra-medidas-medievais\/"]}]},{"@type":"ImageObject","inLanguage":"pt-PT","@id":"https:\/\/portaltela.pt\/noticias\/2026\/03\/29\/protesto-em-lisboa-exige-protecao-de-criancas-trans-contra-medidas-medievais\/#primaryimage","url":"https:\/\/portaltela.pt\/s.01k8rhncp4jt1\/2026\/03\/image-1754.jpg","contentUrl":"https:\/\/portaltela.pt\/s.01k8rhncp4jt1\/2026\/03\/image-1754.jpg","width":796,"height":448,"caption":"O protesto acontece uma semana depois de PSD, Chega e CDS-PP terem aprovado tr\u00eas projetos de lei na Assembleia da Rep\u00fablica que implementam a obrigatoriedade de valida\u00e7\u00e3o m\u00e9dica para a mudan\u00e7a de nome e g\u00e9nero no registo civil"},{"@type":"BreadcrumbList","@id":"https:\/\/portaltela.pt\/noticias\/2026\/03\/29\/protesto-em-lisboa-exige-protecao-de-criancas-trans-contra-medidas-medievais\/#breadcrumb","itemListElement":[{"@type":"ListItem","position":1,"name":"In\u00edcio","item":"https:\/\/portaltela.pt\/"},{"@type":"ListItem","position":2,"name":"Protesto em Lisboa exige prote\u00e7\u00e3o de crian\u00e7as trans contra medidas medievais"}]},{"@type":"WebSite","@id":"https:\/\/portaltela.pt\/#website","url":"https:\/\/portaltela.pt\/","name":"Portal Tela Portugal","description":"","potentialAction":[{"@type":"SearchAction","target":{"@type":"EntryPoint","urlTemplate":"https:\/\/portaltela.pt\/?s={search_term_string}"},"query-input":{"@type":"PropertyValueSpecification","valueRequired":true,"valueName":"search_term_string"}}],"inLanguage":"pt-PT"},{"@type":"Person","@id":"https:\/\/portaltela.pt\/#\/schema\/person\/c4278d4a6028830caff9ee44b42d32ed","name":"Telinha","image":{"@type":"ImageObject","inLanguage":"pt-PT","@id":"https:\/\/portaltela.pt\/s.01k8rhncp4jt1\/2025\/11\/talking-bot-125x125.png","url":"https:\/\/portaltela.pt\/s.01k8rhncp4jt1\/2025\/11\/talking-bot-125x125.png","contentUrl":"https:\/\/portaltela.pt\/s.01k8rhncp4jt1\/2025\/11\/talking-bot-125x125.png","caption":"Telinha"},"sameAs":["https:\/\/portaltela.pt\/"],"url":"https:\/\/portaltela.pt\/por\/367410592786\/"}]}},"_links":{"self":[{"href":"https:\/\/portaltela.pt\/api\/wp\/v2\/posts\/426218","targetHints":{"allow":["GET"]}}],"collection":[{"href":"https:\/\/portaltela.pt\/api\/wp\/v2\/posts"}],"about":[{"href":"https:\/\/portaltela.pt\/api\/wp\/v2\/types\/post"}],"author":[{"embeddable":true,"href":"https:\/\/portaltela.pt\/api\/wp\/v2\/users\/2"}],"replies":[{"embeddable":true,"href":"https:\/\/portaltela.pt\/api\/wp\/v2\/comments?post=426218"}],"version-history":[{"count":0,"href":"https:\/\/portaltela.pt\/api\/wp\/v2\/posts\/426218\/revisions"}],"wp:featuredmedia":[{"embeddable":true,"href":"https:\/\/portaltela.pt\/api\/wp\/v2\/media\/426221"}],"wp:attachment":[{"href":"https:\/\/portaltela.pt\/api\/wp\/v2\/media?parent=426218"}],"wp:term":[{"taxonomy":"category","embeddable":true,"href":"https:\/\/portaltela.pt\/api\/wp\/v2\/categories?post=426218"},{"taxonomy":"post_tag","embeddable":true,"href":"https:\/\/portaltela.pt\/api\/wp\/v2\/tags?post=426218"}],"curies":[{"name":"wp","href":"https:\/\/api.w.org\/{rel}","templated":true}]}}