{"id":426214,"date":"2026-03-29T15:32:03","date_gmt":"2026-03-29T18:32:03","guid":{"rendered":"https:\/\/portaltela.pt\/noticias\/2026\/03\/29\/tapete-floral-de-pascoa-encanta-barcelos-e-celebra-tradicao\/"},"modified":"2026-03-29T15:32:03","modified_gmt":"2026-03-29T18:32:03","slug":"tapete-floral-de-pascoa-encanta-barcelos-e-celebra-tradicao","status":"publish","type":"post","link":"https:\/\/portaltela.pt\/lazer\/2026\/03\/29\/tapete-floral-de-pascoa-encanta-barcelos-e-celebra-tradicao\/","title":{"rendered":"Tapete floral de P\u00e1scoa encanta Barcelos e celebra tradi\u00e7\u00e3o"},"content":{"rendered":"<p>Barcelos celebrou a P\u00e1scoa com a inaugura\u00e7\u00e3o de um tapete floral no Largo Dr. Jos\u00e9 Novais, integrado no programa de anima\u00e7\u00e3o pascal. A iniciativa aconteceu este domingo, num momento de celebra\u00e7\u00e3o comunit\u00e1ria.<\/p>\n<p>A obra \u00e9 da responsabilidade da F\u00e1brica da Igreja de Alheira, que dedicou aten\u00e7\u00e3o aos detalhes para criar a pe\u00e7a. O trabalho combinou delicadeza art\u00edstica com s\u00edmbolos da \u00e9poca.<\/p>\n<p>O tapete, composto por elementos naturais alusivos \u00e0 P\u00e1scoa, evidencia o esp\u00edrito de dedica\u00e7\u00e3o da comunidade envolvida e a valoriza\u00e7\u00e3o das tradi\u00e7\u00f5es locais.<\/p>\n<h3>Organiza\u00e7\u00e3o e impacto<\/h3>\n<p>A inaugura\u00e7\u00e3o atraiu numerosos visitantes, que puderam apreciar o tapete de perto e acompanhar o desenrolar das mensagens culturais associadas \u00e0 celebra\u00e7\u00e3o. O evento refor\u00e7a a coes\u00e3o e o orgulho local.<\/p>\n","protected":false},"excerpt":{"rendered":"<ul>\n<li>Em Barcelos, foi inaugurado no Largo Dr. Jos\u00e9 Novais um tapete floral de P\u00e1scoa, integrado no programa de anima\u00e7\u00e3o pascal deste domingo.<\/li>\n<li>A obra \u00e9 da responsabilidade da F\u00e1brica da Igreja de Alheira e destacou-se pela riqueza de detalhes e pela qualidade da execu\u00e7\u00e3o.<\/li>\n<li>O tapete \u00e9 composto por elementos naturais e refer\u00eancias \u00e0 \u00e9poca pascal, refletindo a dedica\u00e7\u00e3o da comunidade envolvida.<\/li>\n<li>A iniciativa teve impacto visual e valor cultural, fortalecendo o sentimento de uni\u00e3o e identidade em torno das celebra\u00e7\u00f5es da P\u00e1scoa.<\/li>\n<\/ul>\n","protected":false},"author":2,"featured_media":426220,"comment_status":"closed","ping_status":"closed","sticky":false,"template":"","format":"standard","meta":{"footnotes":""},"categories":[7375,7381],"tags":[1027,3035,145,4919,146,169],"class_list":["post-426214","post","type-post","status-publish","format-standard","has-post-thumbnail","hentry","category-cultura","category-lazer","tag-barcelos","tag-comunidade","tag-cultura","tag-festas","tag-tradicoes","tag-turismo"],"yoast_head":"<!-- This site is optimized with the Yoast SEO plugin v27.2 - https:\/\/yoast.com\/product\/yoast-seo-wordpress\/ -->\n<title>Tapete floral de P\u00e1scoa encanta Barcelos e celebra tradi\u00e7\u00e3o - Portal Tela Portugal<\/title>\n<meta name=\"robots\" content=\"index, follow, max-snippet:-1, max-image-preview:large, max-video-preview:-1\" \/>\n<meta property=\"og:locale\" content=\"pt_PT\" \/>\n<meta property=\"og:type\" content=\"article\" \/>\n<meta property=\"og:title\" content=\"Tapete floral de P\u00e1scoa encanta Barcelos e celebra tradi\u00e7\u00e3o - Portal Tela Portugal\" \/>\n<meta property=\"og:description\" content=\"Em Barcelos, foi inaugurado no Largo Dr. Jos\u00e9 Novais um tapete floral de P\u00e1scoa, integrado no programa de anima\u00e7\u00e3o pascal deste domingo. A obra \u00e9 da responsabilidade da F\u00e1brica da Igreja de Alheira e destacou-se pela riqueza de detalhes e pela qualidade da execu\u00e7\u00e3o. O tapete \u00e9 composto por elementos naturais e refer\u00eancias \u00e0 \u00e9poca pascal, refletindo a dedica\u00e7\u00e3o da comunidade envolvida. A iniciativa teve impacto visual e valor cultural, fortalecendo o sentimento de uni\u00e3o e identidade em torno das celebra\u00e7\u00f5es da P\u00e1scoa.\" \/>\n<meta property=\"og:url\" content=\"https:\/\/portaltela.pt\/noticias\/2026\/03\/29\/tapete-floral-de-pascoa-encanta-barcelos-e-celebra-tradicao\/\" \/>\n<meta property=\"og:site_name\" content=\"Portal Tela Portugal\" \/>\n<meta property=\"article:published_time\" content=\"2026-03-29T18:32:03+00:00\" \/>\n<meta name=\"author\" content=\"Telinha\" \/>\n<meta name=\"twitter:card\" content=\"summary_large_image\" \/>\n<meta name=\"twitter:label1\" content=\"Escrito por\" \/>\n\t<meta name=\"twitter:data1\" content=\"Telinha\" \/>\n\t<meta name=\"twitter:label2\" content=\"Tempo estimado de leitura\" \/>\n\t<meta name=\"twitter:data2\" content=\"1 minuto\" \/>\n<script type=\"application\/ld+json\" class=\"yoast-schema-graph\">{\"@context\":\"https:\/\/schema.org\",\"@graph\":[{\"@type\":\"Article\",\"@id\":\"https:\/\/portaltela.pt\/noticias\/2026\/03\/29\/tapete-floral-de-pascoa-encanta-barcelos-e-celebra-tradicao\/#article\",\"isPartOf\":{\"@id\":\"https:\/\/portaltela.pt\/noticias\/2026\/03\/29\/tapete-floral-de-pascoa-encanta-barcelos-e-celebra-tradicao\/\"},\"author\":{\"name\":\"Telinha\",\"@id\":\"https:\/\/portaltela.pt\/#\/schema\/person\/c4278d4a6028830caff9ee44b42d32ed\"},\"headline\":\"Tapete floral de P\u00e1scoa encanta Barcelos e celebra tradi\u00e7\u00e3o\",\"datePublished\":\"2026-03-29T18:32:03+00:00\",\"mainEntityOfPage\":{\"@id\":\"https:\/\/portaltela.pt\/noticias\/2026\/03\/29\/tapete-floral-de-pascoa-encanta-barcelos-e-celebra-tradicao\/\"},\"wordCount\":146,\"image\":{\"@id\":\"https:\/\/portaltela.pt\/noticias\/2026\/03\/29\/tapete-floral-de-pascoa-encanta-barcelos-e-celebra-tradicao\/#primaryimage\"},\"thumbnailUrl\":\"https:\/\/portaltela.pt\/s.01k8rhncp4jt1\/2026\/03\/image-1753.jpg\",\"keywords\":[\"Barcelos\",\"comunidade\",\"cultura\",\"festas\",\"tradi\u00e7\u00f5es\",\"turismo\"],\"articleSection\":[\"Cultura\",\"Lazer\"],\"inLanguage\":\"pt-PT\"},{\"@type\":\"WebPage\",\"@id\":\"https:\/\/portaltela.pt\/noticias\/2026\/03\/29\/tapete-floral-de-pascoa-encanta-barcelos-e-celebra-tradicao\/\",\"url\":\"https:\/\/portaltela.pt\/noticias\/2026\/03\/29\/tapete-floral-de-pascoa-encanta-barcelos-e-celebra-tradicao\/\",\"name\":\"Tapete floral de P\u00e1scoa encanta Barcelos e celebra tradi\u00e7\u00e3o - Portal Tela Portugal\",\"isPartOf\":{\"@id\":\"https:\/\/portaltela.pt\/#website\"},\"primaryImageOfPage\":{\"@id\":\"https:\/\/portaltela.pt\/noticias\/2026\/03\/29\/tapete-floral-de-pascoa-encanta-barcelos-e-celebra-tradicao\/#primaryimage\"},\"image\":{\"@id\":\"https:\/\/portaltela.pt\/noticias\/2026\/03\/29\/tapete-floral-de-pascoa-encanta-barcelos-e-celebra-tradicao\/#primaryimage\"},\"thumbnailUrl\":\"https:\/\/portaltela.pt\/s.01k8rhncp4jt1\/2026\/03\/image-1753.jpg\",\"datePublished\":\"2026-03-29T18:32:03+00:00\",\"author\":{\"@id\":\"https:\/\/portaltela.pt\/#\/schema\/person\/c4278d4a6028830caff9ee44b42d32ed\"},\"breadcrumb\":{\"@id\":\"https:\/\/portaltela.pt\/noticias\/2026\/03\/29\/tapete-floral-de-pascoa-encanta-barcelos-e-celebra-tradicao\/#breadcrumb\"},\"inLanguage\":\"pt-PT\",\"potentialAction\":[{\"@type\":\"ReadAction\",\"target\":[\"https:\/\/portaltela.pt\/noticias\/2026\/03\/29\/tapete-floral-de-pascoa-encanta-barcelos-e-celebra-tradicao\/\"]}]},{\"@type\":\"ImageObject\",\"inLanguage\":\"pt-PT\",\"@id\":\"https:\/\/portaltela.pt\/noticias\/2026\/03\/29\/tapete-floral-de-pascoa-encanta-barcelos-e-celebra-tradicao\/#primaryimage\",\"url\":\"https:\/\/portaltela.pt\/s.01k8rhncp4jt1\/2026\/03\/image-1753.jpg\",\"contentUrl\":\"https:\/\/portaltela.pt\/s.01k8rhncp4jt1\/2026\/03\/image-1753.jpg\",\"width\":796,\"height\":448,\"caption\":\"Tapete floral\"},{\"@type\":\"BreadcrumbList\",\"@id\":\"https:\/\/portaltela.pt\/noticias\/2026\/03\/29\/tapete-floral-de-pascoa-encanta-barcelos-e-celebra-tradicao\/#breadcrumb\",\"itemListElement\":[{\"@type\":\"ListItem\",\"position\":1,\"name\":\"In\u00edcio\",\"item\":\"https:\/\/portaltela.pt\/\"},{\"@type\":\"ListItem\",\"position\":2,\"name\":\"Tapete floral de P\u00e1scoa encanta Barcelos e celebra tradi\u00e7\u00e3o\"}]},{\"@type\":\"WebSite\",\"@id\":\"https:\/\/portaltela.pt\/#website\",\"url\":\"https:\/\/portaltela.pt\/\",\"name\":\"Portal Tela Portugal\",\"description\":\"\",\"potentialAction\":[{\"@type\":\"SearchAction\",\"target\":{\"@type\":\"EntryPoint\",\"urlTemplate\":\"https:\/\/portaltela.pt\/?s={search_term_string}\"},\"query-input\":{\"@type\":\"PropertyValueSpecification\",\"valueRequired\":true,\"valueName\":\"search_term_string\"}}],\"inLanguage\":\"pt-PT\"},{\"@type\":\"Person\",\"@id\":\"https:\/\/portaltela.pt\/#\/schema\/person\/c4278d4a6028830caff9ee44b42d32ed\",\"name\":\"Telinha\",\"image\":{\"@type\":\"ImageObject\",\"inLanguage\":\"pt-PT\",\"@id\":\"https:\/\/portaltela.pt\/s.01k8rhncp4jt1\/2025\/11\/talking-bot-125x125.png\",\"url\":\"https:\/\/portaltela.pt\/s.01k8rhncp4jt1\/2025\/11\/talking-bot-125x125.png\",\"contentUrl\":\"https:\/\/portaltela.pt\/s.01k8rhncp4jt1\/2025\/11\/talking-bot-125x125.png\",\"caption\":\"Telinha\"},\"sameAs\":[\"https:\/\/portaltela.pt\/\"],\"url\":\"https:\/\/portaltela.pt\/por\/367410592786\/\"}]}<\/script>\n<!-- \/ Yoast SEO plugin. -->","yoast_head_json":{"title":"Tapete floral de P\u00e1scoa encanta Barcelos e celebra tradi\u00e7\u00e3o - Portal Tela Portugal","robots":{"index":"index","follow":"follow","max-snippet":"max-snippet:-1","max-image-preview":"max-image-preview:large","max-video-preview":"max-video-preview:-1"},"og_locale":"pt_PT","og_type":"article","og_title":"Tapete floral de P\u00e1scoa encanta Barcelos e celebra tradi\u00e7\u00e3o - Portal Tela Portugal","og_description":"Em Barcelos, foi inaugurado no Largo Dr. Jos\u00e9 Novais um tapete floral de P\u00e1scoa, integrado no programa de anima\u00e7\u00e3o pascal deste domingo. A obra \u00e9 da responsabilidade da F\u00e1brica da Igreja de Alheira e destacou-se pela riqueza de detalhes e pela qualidade da execu\u00e7\u00e3o. O tapete \u00e9 composto por elementos naturais e refer\u00eancias \u00e0 \u00e9poca pascal, refletindo a dedica\u00e7\u00e3o da comunidade envolvida. A iniciativa teve impacto visual e valor cultural, fortalecendo o sentimento de uni\u00e3o e identidade em torno das celebra\u00e7\u00f5es da P\u00e1scoa.","og_url":"https:\/\/portaltela.pt\/noticias\/2026\/03\/29\/tapete-floral-de-pascoa-encanta-barcelos-e-celebra-tradicao\/","og_site_name":"Portal Tela Portugal","article_published_time":"2026-03-29T18:32:03+00:00","author":"Telinha","twitter_card":"summary_large_image","twitter_misc":{"Escrito por":"Telinha","Tempo estimado de leitura":"1 minuto"},"schema":{"@context":"https:\/\/schema.org","@graph":[{"@type":"Article","@id":"https:\/\/portaltela.pt\/noticias\/2026\/03\/29\/tapete-floral-de-pascoa-encanta-barcelos-e-celebra-tradicao\/#article","isPartOf":{"@id":"https:\/\/portaltela.pt\/noticias\/2026\/03\/29\/tapete-floral-de-pascoa-encanta-barcelos-e-celebra-tradicao\/"},"author":{"name":"Telinha","@id":"https:\/\/portaltela.pt\/#\/schema\/person\/c4278d4a6028830caff9ee44b42d32ed"},"headline":"Tapete floral de P\u00e1scoa encanta Barcelos e celebra tradi\u00e7\u00e3o","datePublished":"2026-03-29T18:32:03+00:00","mainEntityOfPage":{"@id":"https:\/\/portaltela.pt\/noticias\/2026\/03\/29\/tapete-floral-de-pascoa-encanta-barcelos-e-celebra-tradicao\/"},"wordCount":146,"image":{"@id":"https:\/\/portaltela.pt\/noticias\/2026\/03\/29\/tapete-floral-de-pascoa-encanta-barcelos-e-celebra-tradicao\/#primaryimage"},"thumbnailUrl":"https:\/\/portaltela.pt\/s.01k8rhncp4jt1\/2026\/03\/image-1753.jpg","keywords":["Barcelos","comunidade","cultura","festas","tradi\u00e7\u00f5es","turismo"],"articleSection":["Cultura","Lazer"],"inLanguage":"pt-PT"},{"@type":"WebPage","@id":"https:\/\/portaltela.pt\/noticias\/2026\/03\/29\/tapete-floral-de-pascoa-encanta-barcelos-e-celebra-tradicao\/","url":"https:\/\/portaltela.pt\/noticias\/2026\/03\/29\/tapete-floral-de-pascoa-encanta-barcelos-e-celebra-tradicao\/","name":"Tapete floral de P\u00e1scoa encanta Barcelos e celebra tradi\u00e7\u00e3o - Portal Tela Portugal","isPartOf":{"@id":"https:\/\/portaltela.pt\/#website"},"primaryImageOfPage":{"@id":"https:\/\/portaltela.pt\/noticias\/2026\/03\/29\/tapete-floral-de-pascoa-encanta-barcelos-e-celebra-tradicao\/#primaryimage"},"image":{"@id":"https:\/\/portaltela.pt\/noticias\/2026\/03\/29\/tapete-floral-de-pascoa-encanta-barcelos-e-celebra-tradicao\/#primaryimage"},"thumbnailUrl":"https:\/\/portaltela.pt\/s.01k8rhncp4jt1\/2026\/03\/image-1753.jpg","datePublished":"2026-03-29T18:32:03+00:00","author":{"@id":"https:\/\/portaltela.pt\/#\/schema\/person\/c4278d4a6028830caff9ee44b42d32ed"},"breadcrumb":{"@id":"https:\/\/portaltela.pt\/noticias\/2026\/03\/29\/tapete-floral-de-pascoa-encanta-barcelos-e-celebra-tradicao\/#breadcrumb"},"inLanguage":"pt-PT","potentialAction":[{"@type":"ReadAction","target":["https:\/\/portaltela.pt\/noticias\/2026\/03\/29\/tapete-floral-de-pascoa-encanta-barcelos-e-celebra-tradicao\/"]}]},{"@type":"ImageObject","inLanguage":"pt-PT","@id":"https:\/\/portaltela.pt\/noticias\/2026\/03\/29\/tapete-floral-de-pascoa-encanta-barcelos-e-celebra-tradicao\/#primaryimage","url":"https:\/\/portaltela.pt\/s.01k8rhncp4jt1\/2026\/03\/image-1753.jpg","contentUrl":"https:\/\/portaltela.pt\/s.01k8rhncp4jt1\/2026\/03\/image-1753.jpg","width":796,"height":448,"caption":"Tapete floral"},{"@type":"BreadcrumbList","@id":"https:\/\/portaltela.pt\/noticias\/2026\/03\/29\/tapete-floral-de-pascoa-encanta-barcelos-e-celebra-tradicao\/#breadcrumb","itemListElement":[{"@type":"ListItem","position":1,"name":"In\u00edcio","item":"https:\/\/portaltela.pt\/"},{"@type":"ListItem","position":2,"name":"Tapete floral de P\u00e1scoa encanta Barcelos e celebra tradi\u00e7\u00e3o"}]},{"@type":"WebSite","@id":"https:\/\/portaltela.pt\/#website","url":"https:\/\/portaltela.pt\/","name":"Portal Tela Portugal","description":"","potentialAction":[{"@type":"SearchAction","target":{"@type":"EntryPoint","urlTemplate":"https:\/\/portaltela.pt\/?s={search_term_string}"},"query-input":{"@type":"PropertyValueSpecification","valueRequired":true,"valueName":"search_term_string"}}],"inLanguage":"pt-PT"},{"@type":"Person","@id":"https:\/\/portaltela.pt\/#\/schema\/person\/c4278d4a6028830caff9ee44b42d32ed","name":"Telinha","image":{"@type":"ImageObject","inLanguage":"pt-PT","@id":"https:\/\/portaltela.pt\/s.01k8rhncp4jt1\/2025\/11\/talking-bot-125x125.png","url":"https:\/\/portaltela.pt\/s.01k8rhncp4jt1\/2025\/11\/talking-bot-125x125.png","contentUrl":"https:\/\/portaltela.pt\/s.01k8rhncp4jt1\/2025\/11\/talking-bot-125x125.png","caption":"Telinha"},"sameAs":["https:\/\/portaltela.pt\/"],"url":"https:\/\/portaltela.pt\/por\/367410592786\/"}]}},"_links":{"self":[{"href":"https:\/\/portaltela.pt\/api\/wp\/v2\/posts\/426214","targetHints":{"allow":["GET"]}}],"collection":[{"href":"https:\/\/portaltela.pt\/api\/wp\/v2\/posts"}],"about":[{"href":"https:\/\/portaltela.pt\/api\/wp\/v2\/types\/post"}],"author":[{"embeddable":true,"href":"https:\/\/portaltela.pt\/api\/wp\/v2\/users\/2"}],"replies":[{"embeddable":true,"href":"https:\/\/portaltela.pt\/api\/wp\/v2\/comments?post=426214"}],"version-history":[{"count":0,"href":"https:\/\/portaltela.pt\/api\/wp\/v2\/posts\/426214\/revisions"}],"wp:featuredmedia":[{"embeddable":true,"href":"https:\/\/portaltela.pt\/api\/wp\/v2\/media\/426220"}],"wp:attachment":[{"href":"https:\/\/portaltela.pt\/api\/wp\/v2\/media?parent=426214"}],"wp:term":[{"taxonomy":"category","embeddable":true,"href":"https:\/\/portaltela.pt\/api\/wp\/v2\/categories?post=426214"},{"taxonomy":"post_tag","embeddable":true,"href":"https:\/\/portaltela.pt\/api\/wp\/v2\/tags?post=426214"}],"curies":[{"name":"wp","href":"https:\/\/api.w.org\/{rel}","templated":true}]}}