{"id":426194,"date":"2026-03-29T15:02:46","date_gmt":"2026-03-29T18:02:46","guid":{"rendered":"https:\/\/portaltela.pt\/noticias\/2026\/03\/29\/incendio-numa-discoteca-perto-de-estrasburgo-obriga-evacuacao-de-750-pessoas\/"},"modified":"2026-03-29T15:02:46","modified_gmt":"2026-03-29T18:02:46","slug":"incendio-numa-discoteca-perto-de-estrasburgo-obriga-evacuacao-de-750-pessoas","status":"publish","type":"post","link":"https:\/\/portaltela.pt\/noticias\/2026\/03\/29\/incendio-numa-discoteca-perto-de-estrasburgo-obriga-evacuacao-de-750-pessoas\/","title":{"rendered":"Inc\u00eandio numa discoteca perto de Estrasburgo obriga evacua\u00e7\u00e3o de 750 pessoas"},"content":{"rendered":"<p>Um inc\u00eandio de grandes propor\u00e7\u00f5es atingiu o K Club, em Kehl, no sudoeste da Alemanha, perto da fronteira com a Fran\u00e7a. O fogo deflagrou por volta das 3h45 da manh\u00e3 e alastrou-se a todo o edif\u00edcio, segundo a pol\u00edcia.<\/p>\n<p>No interior encontravam-se cerca de 750 pessoas. Todas conseguiram sair sem necessidade de assist\u00eancia m\u00e9dica imediata. Tr\u00eas frequentadores foram atendidos por stress, sem registo de hospitaliza\u00e7\u00e3o.<\/p>\n<p>O K Club \u00e9 conhecido pela programa\u00e7\u00e3o de hip-hop e m\u00fasica Afro. O incidente ocorreu numa zona industrial da cidade, pr\u00f3ximo de Estrasburgo, na Als\u00e1cia.<\/p>\n<h3>Investiga\u00e7\u00e3o<\/h3>\n<p>Foi aberto um inqu\u00e9rito para apurar a causa do inc\u00eandio, que ainda n\u00e3o \u00e9 conhecida. A evacua\u00e7\u00e3o foi descrita como r\u00e1pida e sem p\u00e2nico, conforme relatos de frequentadores e meios locais.<\/p>\n","protected":false},"excerpt":{"rendered":"<ul>\n<li>O inc\u00eandio deflagrou por volta das 3h45 da manh\u00e3 no K Club, discoteca em Kehl, distrito de Ortenau, perto de Estrasburgo.<\/li>\n<li>Cerca de 750 pessoas estavam no interior, sa\u00edram sem necessidade de assist\u00eancia; tr\u00eas pessoas foram tratadas por stress, sem hospitaliza\u00e7\u00e3o.<\/li>\n<li>As chamas atingiram o telhado e propagaram-se ao edif\u00edcio, com imagens a mostrarem fogo intenso.<\/li>\n<li>A evacua\u00e7\u00e3o decorreu de forma r\u00e1pida e sem p\u00e2nico, segundo um frequentador citado pelo jornal Derni\u00e8res Nouvelles d&#8217;Alsace.<\/li>\n<li>Foi aberto um inqu\u00e9rito para apurar as causas, ainda desconhecidas.<\/li>\n<\/ul>\n","protected":false},"author":2,"featured_media":426197,"comment_status":"closed","ping_status":"closed","sticky":false,"template":"","format":"standard","meta":{"footnotes":""},"categories":[6849,1],"tags":[1603,7616,1157,1438,2617,7143],"class_list":["post-426194","post","type-post","status-publish","format-standard","has-post-thumbnail","hentry","category-acidentes","category-noticias","tag-alemanha","tag-alsacia","tag-estrasburgo","tag-incendio","tag-incendios","tag-zona-industrial"],"yoast_head":"<!-- This site is optimized with the Yoast SEO plugin v27.2 - https:\/\/yoast.com\/product\/yoast-seo-wordpress\/ -->\n<title>Inc\u00eandio numa discoteca perto de Estrasburgo obriga evacua\u00e7\u00e3o de 750 pessoas - Portal Tela Portugal<\/title>\n<meta name=\"robots\" content=\"index, follow, max-snippet:-1, max-image-preview:large, max-video-preview:-1\" \/>\n<meta property=\"og:locale\" content=\"pt_PT\" \/>\n<meta property=\"og:type\" content=\"article\" \/>\n<meta property=\"og:title\" content=\"Inc\u00eandio numa discoteca perto de Estrasburgo obriga evacua\u00e7\u00e3o de 750 pessoas - Portal Tela Portugal\" \/>\n<meta property=\"og:description\" content=\"O inc\u00eandio deflagrou por volta das 3h45 da manh\u00e3 no K Club, discoteca em Kehl, distrito de Ortenau, perto de Estrasburgo. Cerca de 750 pessoas estavam no interior, sa\u00edram sem necessidade de assist\u00eancia; tr\u00eas pessoas foram tratadas por stress, sem hospitaliza\u00e7\u00e3o. As chamas atingiram o telhado e propagaram-se ao edif\u00edcio, com imagens a mostrarem fogo intenso. A evacua\u00e7\u00e3o decorreu de forma r\u00e1pida e sem p\u00e2nico, segundo um frequentador citado pelo jornal Derni\u00e8res Nouvelles d&#039;Alsace. Foi aberto um inqu\u00e9rito para apurar as causas, ainda desconhecidas.\" \/>\n<meta property=\"og:url\" content=\"https:\/\/portaltela.pt\/noticias\/2026\/03\/29\/incendio-numa-discoteca-perto-de-estrasburgo-obriga-evacuacao-de-750-pessoas\/\" \/>\n<meta property=\"og:site_name\" content=\"Portal Tela Portugal\" \/>\n<meta property=\"article:published_time\" content=\"2026-03-29T18:02:46+00:00\" \/>\n<meta name=\"author\" content=\"Telinha\" \/>\n<meta name=\"twitter:card\" content=\"summary_large_image\" \/>\n<meta name=\"twitter:label1\" content=\"Escrito por\" \/>\n\t<meta name=\"twitter:data1\" content=\"Telinha\" \/>\n\t<meta name=\"twitter:label2\" content=\"Tempo estimado de leitura\" \/>\n\t<meta name=\"twitter:data2\" content=\"1 minuto\" \/>\n<script type=\"application\/ld+json\" class=\"yoast-schema-graph\">{\"@context\":\"https:\/\/schema.org\",\"@graph\":[{\"@type\":\"Article\",\"@id\":\"https:\/\/portaltela.pt\/noticias\/2026\/03\/29\/incendio-numa-discoteca-perto-de-estrasburgo-obriga-evacuacao-de-750-pessoas\/#article\",\"isPartOf\":{\"@id\":\"https:\/\/portaltela.pt\/noticias\/2026\/03\/29\/incendio-numa-discoteca-perto-de-estrasburgo-obriga-evacuacao-de-750-pessoas\/\"},\"author\":{\"name\":\"Telinha\",\"@id\":\"https:\/\/portaltela.pt\/#\/schema\/person\/c4278d4a6028830caff9ee44b42d32ed\"},\"headline\":\"Inc\u00eandio numa discoteca perto de Estrasburgo obriga evacua\u00e7\u00e3o de 750 pessoas\",\"datePublished\":\"2026-03-29T18:02:46+00:00\",\"mainEntityOfPage\":{\"@id\":\"https:\/\/portaltela.pt\/noticias\/2026\/03\/29\/incendio-numa-discoteca-perto-de-estrasburgo-obriga-evacuacao-de-750-pessoas\/\"},\"wordCount\":151,\"image\":{\"@id\":\"https:\/\/portaltela.pt\/noticias\/2026\/03\/29\/incendio-numa-discoteca-perto-de-estrasburgo-obriga-evacuacao-de-750-pessoas\/#primaryimage\"},\"thumbnailUrl\":\"https:\/\/portaltela.pt\/s.01k8rhncp4jt1\/2026\/03\/1536x864_cmsv2_96001913-ee0b-5949-8271-43d168b4e9a3-9702946.jpg\",\"keywords\":[\"Alemanha\",\"Als\u00e1cia\",\"Estrasburgo\",\"inc\u00eandio\",\"inc\u00eandios\",\"Zona Industrial\"],\"articleSection\":[\"Acidentes\",\"Not\u00edcias\"],\"inLanguage\":\"pt-PT\"},{\"@type\":\"WebPage\",\"@id\":\"https:\/\/portaltela.pt\/noticias\/2026\/03\/29\/incendio-numa-discoteca-perto-de-estrasburgo-obriga-evacuacao-de-750-pessoas\/\",\"url\":\"https:\/\/portaltela.pt\/noticias\/2026\/03\/29\/incendio-numa-discoteca-perto-de-estrasburgo-obriga-evacuacao-de-750-pessoas\/\",\"name\":\"Inc\u00eandio numa discoteca perto de Estrasburgo obriga evacua\u00e7\u00e3o de 750 pessoas - Portal Tela Portugal\",\"isPartOf\":{\"@id\":\"https:\/\/portaltela.pt\/#website\"},\"primaryImageOfPage\":{\"@id\":\"https:\/\/portaltela.pt\/noticias\/2026\/03\/29\/incendio-numa-discoteca-perto-de-estrasburgo-obriga-evacuacao-de-750-pessoas\/#primaryimage\"},\"image\":{\"@id\":\"https:\/\/portaltela.pt\/noticias\/2026\/03\/29\/incendio-numa-discoteca-perto-de-estrasburgo-obriga-evacuacao-de-750-pessoas\/#primaryimage\"},\"thumbnailUrl\":\"https:\/\/portaltela.pt\/s.01k8rhncp4jt1\/2026\/03\/1536x864_cmsv2_96001913-ee0b-5949-8271-43d168b4e9a3-9702946.jpg\",\"datePublished\":\"2026-03-29T18:02:46+00:00\",\"author\":{\"@id\":\"https:\/\/portaltela.pt\/#\/schema\/person\/c4278d4a6028830caff9ee44b42d32ed\"},\"breadcrumb\":{\"@id\":\"https:\/\/portaltela.pt\/noticias\/2026\/03\/29\/incendio-numa-discoteca-perto-de-estrasburgo-obriga-evacuacao-de-750-pessoas\/#breadcrumb\"},\"inLanguage\":\"pt-PT\",\"potentialAction\":[{\"@type\":\"ReadAction\",\"target\":[\"https:\/\/portaltela.pt\/noticias\/2026\/03\/29\/incendio-numa-discoteca-perto-de-estrasburgo-obriga-evacuacao-de-750-pessoas\/\"]}]},{\"@type\":\"ImageObject\",\"inLanguage\":\"pt-PT\",\"@id\":\"https:\/\/portaltela.pt\/noticias\/2026\/03\/29\/incendio-numa-discoteca-perto-de-estrasburgo-obriga-evacuacao-de-750-pessoas\/#primaryimage\",\"url\":\"https:\/\/portaltela.pt\/s.01k8rhncp4jt1\/2026\/03\/1536x864_cmsv2_96001913-ee0b-5949-8271-43d168b4e9a3-9702946.jpg\",\"contentUrl\":\"https:\/\/portaltela.pt\/s.01k8rhncp4jt1\/2026\/03\/1536x864_cmsv2_96001913-ee0b-5949-8271-43d168b4e9a3-9702946.jpg\",\"width\":796,\"height\":448,\"caption\":\"Os bombeiros utilizam maquinaria pesada para abrir caminho atrav\u00e9s de bolsas de brasas ap\u00f3s um inc\u00eandio num clube noturno em Kehl, na Alemanha, no domingo, 29 de mar\u00e7o.\"},{\"@type\":\"BreadcrumbList\",\"@id\":\"https:\/\/portaltela.pt\/noticias\/2026\/03\/29\/incendio-numa-discoteca-perto-de-estrasburgo-obriga-evacuacao-de-750-pessoas\/#breadcrumb\",\"itemListElement\":[{\"@type\":\"ListItem\",\"position\":1,\"name\":\"In\u00edcio\",\"item\":\"https:\/\/portaltela.pt\/\"},{\"@type\":\"ListItem\",\"position\":2,\"name\":\"Inc\u00eandio numa discoteca perto de Estrasburgo obriga evacua\u00e7\u00e3o de 750 pessoas\"}]},{\"@type\":\"WebSite\",\"@id\":\"https:\/\/portaltela.pt\/#website\",\"url\":\"https:\/\/portaltela.pt\/\",\"name\":\"Portal Tela Portugal\",\"description\":\"\",\"potentialAction\":[{\"@type\":\"SearchAction\",\"target\":{\"@type\":\"EntryPoint\",\"urlTemplate\":\"https:\/\/portaltela.pt\/?s={search_term_string}\"},\"query-input\":{\"@type\":\"PropertyValueSpecification\",\"valueRequired\":true,\"valueName\":\"search_term_string\"}}],\"inLanguage\":\"pt-PT\"},{\"@type\":\"Person\",\"@id\":\"https:\/\/portaltela.pt\/#\/schema\/person\/c4278d4a6028830caff9ee44b42d32ed\",\"name\":\"Telinha\",\"image\":{\"@type\":\"ImageObject\",\"inLanguage\":\"pt-PT\",\"@id\":\"https:\/\/portaltela.pt\/s.01k8rhncp4jt1\/2025\/11\/talking-bot-125x125.png\",\"url\":\"https:\/\/portaltela.pt\/s.01k8rhncp4jt1\/2025\/11\/talking-bot-125x125.png\",\"contentUrl\":\"https:\/\/portaltela.pt\/s.01k8rhncp4jt1\/2025\/11\/talking-bot-125x125.png\",\"caption\":\"Telinha\"},\"sameAs\":[\"https:\/\/portaltela.pt\/\"],\"url\":\"https:\/\/portaltela.pt\/por\/367410592786\/\"}]}<\/script>\n<!-- \/ Yoast SEO plugin. -->","yoast_head_json":{"title":"Inc\u00eandio numa discoteca perto de Estrasburgo obriga evacua\u00e7\u00e3o de 750 pessoas - Portal Tela Portugal","robots":{"index":"index","follow":"follow","max-snippet":"max-snippet:-1","max-image-preview":"max-image-preview:large","max-video-preview":"max-video-preview:-1"},"og_locale":"pt_PT","og_type":"article","og_title":"Inc\u00eandio numa discoteca perto de Estrasburgo obriga evacua\u00e7\u00e3o de 750 pessoas - Portal Tela Portugal","og_description":"O inc\u00eandio deflagrou por volta das 3h45 da manh\u00e3 no K Club, discoteca em Kehl, distrito de Ortenau, perto de Estrasburgo. Cerca de 750 pessoas estavam no interior, sa\u00edram sem necessidade de assist\u00eancia; tr\u00eas pessoas foram tratadas por stress, sem hospitaliza\u00e7\u00e3o. As chamas atingiram o telhado e propagaram-se ao edif\u00edcio, com imagens a mostrarem fogo intenso. A evacua\u00e7\u00e3o decorreu de forma r\u00e1pida e sem p\u00e2nico, segundo um frequentador citado pelo jornal Derni\u00e8res Nouvelles d'Alsace. Foi aberto um inqu\u00e9rito para apurar as causas, ainda desconhecidas.","og_url":"https:\/\/portaltela.pt\/noticias\/2026\/03\/29\/incendio-numa-discoteca-perto-de-estrasburgo-obriga-evacuacao-de-750-pessoas\/","og_site_name":"Portal Tela Portugal","article_published_time":"2026-03-29T18:02:46+00:00","author":"Telinha","twitter_card":"summary_large_image","twitter_misc":{"Escrito por":"Telinha","Tempo estimado de leitura":"1 minuto"},"schema":{"@context":"https:\/\/schema.org","@graph":[{"@type":"Article","@id":"https:\/\/portaltela.pt\/noticias\/2026\/03\/29\/incendio-numa-discoteca-perto-de-estrasburgo-obriga-evacuacao-de-750-pessoas\/#article","isPartOf":{"@id":"https:\/\/portaltela.pt\/noticias\/2026\/03\/29\/incendio-numa-discoteca-perto-de-estrasburgo-obriga-evacuacao-de-750-pessoas\/"},"author":{"name":"Telinha","@id":"https:\/\/portaltela.pt\/#\/schema\/person\/c4278d4a6028830caff9ee44b42d32ed"},"headline":"Inc\u00eandio numa discoteca perto de Estrasburgo obriga evacua\u00e7\u00e3o de 750 pessoas","datePublished":"2026-03-29T18:02:46+00:00","mainEntityOfPage":{"@id":"https:\/\/portaltela.pt\/noticias\/2026\/03\/29\/incendio-numa-discoteca-perto-de-estrasburgo-obriga-evacuacao-de-750-pessoas\/"},"wordCount":151,"image":{"@id":"https:\/\/portaltela.pt\/noticias\/2026\/03\/29\/incendio-numa-discoteca-perto-de-estrasburgo-obriga-evacuacao-de-750-pessoas\/#primaryimage"},"thumbnailUrl":"https:\/\/portaltela.pt\/s.01k8rhncp4jt1\/2026\/03\/1536x864_cmsv2_96001913-ee0b-5949-8271-43d168b4e9a3-9702946.jpg","keywords":["Alemanha","Als\u00e1cia","Estrasburgo","inc\u00eandio","inc\u00eandios","Zona Industrial"],"articleSection":["Acidentes","Not\u00edcias"],"inLanguage":"pt-PT"},{"@type":"WebPage","@id":"https:\/\/portaltela.pt\/noticias\/2026\/03\/29\/incendio-numa-discoteca-perto-de-estrasburgo-obriga-evacuacao-de-750-pessoas\/","url":"https:\/\/portaltela.pt\/noticias\/2026\/03\/29\/incendio-numa-discoteca-perto-de-estrasburgo-obriga-evacuacao-de-750-pessoas\/","name":"Inc\u00eandio numa discoteca perto de Estrasburgo obriga evacua\u00e7\u00e3o de 750 pessoas - Portal Tela Portugal","isPartOf":{"@id":"https:\/\/portaltela.pt\/#website"},"primaryImageOfPage":{"@id":"https:\/\/portaltela.pt\/noticias\/2026\/03\/29\/incendio-numa-discoteca-perto-de-estrasburgo-obriga-evacuacao-de-750-pessoas\/#primaryimage"},"image":{"@id":"https:\/\/portaltela.pt\/noticias\/2026\/03\/29\/incendio-numa-discoteca-perto-de-estrasburgo-obriga-evacuacao-de-750-pessoas\/#primaryimage"},"thumbnailUrl":"https:\/\/portaltela.pt\/s.01k8rhncp4jt1\/2026\/03\/1536x864_cmsv2_96001913-ee0b-5949-8271-43d168b4e9a3-9702946.jpg","datePublished":"2026-03-29T18:02:46+00:00","author":{"@id":"https:\/\/portaltela.pt\/#\/schema\/person\/c4278d4a6028830caff9ee44b42d32ed"},"breadcrumb":{"@id":"https:\/\/portaltela.pt\/noticias\/2026\/03\/29\/incendio-numa-discoteca-perto-de-estrasburgo-obriga-evacuacao-de-750-pessoas\/#breadcrumb"},"inLanguage":"pt-PT","potentialAction":[{"@type":"ReadAction","target":["https:\/\/portaltela.pt\/noticias\/2026\/03\/29\/incendio-numa-discoteca-perto-de-estrasburgo-obriga-evacuacao-de-750-pessoas\/"]}]},{"@type":"ImageObject","inLanguage":"pt-PT","@id":"https:\/\/portaltela.pt\/noticias\/2026\/03\/29\/incendio-numa-discoteca-perto-de-estrasburgo-obriga-evacuacao-de-750-pessoas\/#primaryimage","url":"https:\/\/portaltela.pt\/s.01k8rhncp4jt1\/2026\/03\/1536x864_cmsv2_96001913-ee0b-5949-8271-43d168b4e9a3-9702946.jpg","contentUrl":"https:\/\/portaltela.pt\/s.01k8rhncp4jt1\/2026\/03\/1536x864_cmsv2_96001913-ee0b-5949-8271-43d168b4e9a3-9702946.jpg","width":796,"height":448,"caption":"Os bombeiros utilizam maquinaria pesada para abrir caminho atrav\u00e9s de bolsas de brasas ap\u00f3s um inc\u00eandio num clube noturno em Kehl, na Alemanha, no domingo, 29 de mar\u00e7o."},{"@type":"BreadcrumbList","@id":"https:\/\/portaltela.pt\/noticias\/2026\/03\/29\/incendio-numa-discoteca-perto-de-estrasburgo-obriga-evacuacao-de-750-pessoas\/#breadcrumb","itemListElement":[{"@type":"ListItem","position":1,"name":"In\u00edcio","item":"https:\/\/portaltela.pt\/"},{"@type":"ListItem","position":2,"name":"Inc\u00eandio numa discoteca perto de Estrasburgo obriga evacua\u00e7\u00e3o de 750 pessoas"}]},{"@type":"WebSite","@id":"https:\/\/portaltela.pt\/#website","url":"https:\/\/portaltela.pt\/","name":"Portal Tela Portugal","description":"","potentialAction":[{"@type":"SearchAction","target":{"@type":"EntryPoint","urlTemplate":"https:\/\/portaltela.pt\/?s={search_term_string}"},"query-input":{"@type":"PropertyValueSpecification","valueRequired":true,"valueName":"search_term_string"}}],"inLanguage":"pt-PT"},{"@type":"Person","@id":"https:\/\/portaltela.pt\/#\/schema\/person\/c4278d4a6028830caff9ee44b42d32ed","name":"Telinha","image":{"@type":"ImageObject","inLanguage":"pt-PT","@id":"https:\/\/portaltela.pt\/s.01k8rhncp4jt1\/2025\/11\/talking-bot-125x125.png","url":"https:\/\/portaltela.pt\/s.01k8rhncp4jt1\/2025\/11\/talking-bot-125x125.png","contentUrl":"https:\/\/portaltela.pt\/s.01k8rhncp4jt1\/2025\/11\/talking-bot-125x125.png","caption":"Telinha"},"sameAs":["https:\/\/portaltela.pt\/"],"url":"https:\/\/portaltela.pt\/por\/367410592786\/"}]}},"_links":{"self":[{"href":"https:\/\/portaltela.pt\/api\/wp\/v2\/posts\/426194","targetHints":{"allow":["GET"]}}],"collection":[{"href":"https:\/\/portaltela.pt\/api\/wp\/v2\/posts"}],"about":[{"href":"https:\/\/portaltela.pt\/api\/wp\/v2\/types\/post"}],"author":[{"embeddable":true,"href":"https:\/\/portaltela.pt\/api\/wp\/v2\/users\/2"}],"replies":[{"embeddable":true,"href":"https:\/\/portaltela.pt\/api\/wp\/v2\/comments?post=426194"}],"version-history":[{"count":0,"href":"https:\/\/portaltela.pt\/api\/wp\/v2\/posts\/426194\/revisions"}],"wp:featuredmedia":[{"embeddable":true,"href":"https:\/\/portaltela.pt\/api\/wp\/v2\/media\/426197"}],"wp:attachment":[{"href":"https:\/\/portaltela.pt\/api\/wp\/v2\/media?parent=426194"}],"wp:term":[{"taxonomy":"category","embeddable":true,"href":"https:\/\/portaltela.pt\/api\/wp\/v2\/categories?post=426194"},{"taxonomy":"post_tag","embeddable":true,"href":"https:\/\/portaltela.pt\/api\/wp\/v2\/tags?post=426194"}],"curies":[{"name":"wp","href":"https:\/\/api.w.org\/{rel}","templated":true}]}}