{"id":426187,"date":"2026-03-29T14:53:00","date_gmt":"2026-03-29T17:53:00","guid":{"rendered":"https:\/\/portaltela.pt\/noticias\/2026\/03\/29\/igor-tudor-deixa-o-comando-tecnico-do-tottenham-apos-mes-e-meio\/"},"modified":"2026-03-29T14:53:00","modified_gmt":"2026-03-29T17:53:00","slug":"igor-tudor-deixa-o-comando-tecnico-do-tottenham-apos-mes-e-meio","status":"publish","type":"post","link":"https:\/\/portaltela.pt\/desporto\/futebol\/2026\/03\/29\/igor-tudor-deixa-o-comando-tecnico-do-tottenham-apos-mes-e-meio\/","title":{"rendered":"Igor Tudor deixa o comando t\u00e9cnico do Tottenham ap\u00f3s m\u00eas e meio"},"content":{"rendered":"<p>Igor Tudor deixou o comando t\u00e9cnico do Tottenham com efeito imediato, ap\u00f3s acordo m\u00fatuo entre as partes, anunciou o clube londrino. O an\u00fancio adianta que o novo treinador ser\u00e1 apresentado \u201ca seu tempo\u201d.<\/p>\n<p>Tudor, de 47 anos, chegou ao Tottenham no ver\u00e3o para substituir o dinamarqu\u00eas Thomas Frank. Em sete jogos disputados, registou apenas uma vit\u00f3ria, diante do Atl\u00e9tico de Madrid (3-2) em casa. No entanto, a equipa perdeu por 5-2 na primeira m\u00e3o dos oitavos de final da Liga dos Campe\u00f5es frente aos espanh\u00f3is.<\/p>\n<p>A derrota mais recente ocorreu em casa, frente ao Nottingham Forest, por 0-3, num jogo dirigido pelo treinador portugu\u00eas V\u00edtor Pereira. O Tottenham permanece em 17.\u00ba lugar na Premier League, com 30 pontos, a apenas um ponto da zona de despromo\u00e7\u00e3o ocupada pelo West Ham (18.\u00ba). O clube confirmou que j\u00e1 est\u00e1 a procurar o substituto de Tudor.<\/p>\n<h3>Comunicado oficial<\/h3>\n<p>O Tottenham citou um \u201cacordo m\u00fatuo\u201d para a sa\u00edda do treinador, sem detalhar circunst\u00e2ncias adicionais. O clube acrescentou que o seu progresso ser\u00e1 comunicado assim que houver an\u00fancio do novo t\u00e9cnico.<\/p>\n<h3>Contexto desportivo<\/h3>\n<p>Desde o in\u00edcio da \u00e9poca, os Spurs alternaram resultados e permanecem numa posi\u00e7\u00e3o insegura na Liga. A dire\u00e7\u00e3o do clube procura estabilizar a equipa ap\u00f3s a sa\u00edda de Tudor, com foco na recupera\u00e7\u00e3o de posi\u00e7\u00e3o na tabela e no desempenho nas competi\u00e7\u00f5es restantes.<\/p>\n","protected":false},"excerpt":{"rendered":"<ul>\n<li>O treinador Igor Tudor deixou o Tottenham com efeito imediato, em m\u00fatuo acordo.<\/li>\n<li>O clube londrino informou que o novo treinador ser\u00e1 anunciado a seu tempo.<\/li>\n<li>Tudor, de 47 anos, tinha sido contratado para substituir Thomas Frank ap\u00f3s abandonar a Juventus no final de outubro.<\/li>\n<li>Em sete encontros, Tudor venceu apenas uma vez, frente ao Atl\u00e9tico de Madrid (3-2), mas sofreu 5-2 na primeira m\u00e3o dos oitavos de final da Liga dos Campe\u00f5es.<\/li>\n<li>O Tottenham perdeu em casa com o Nottingham Forest (0-3), segue na 17.\u00aa posi\u00e7\u00e3o da Premier League com 30 pontos, apenas um acima do West Ham (18.\u00ba).<\/li>\n<\/ul>\n","protected":false},"author":2,"featured_media":426189,"comment_status":"closed","ping_status":"closed","sticky":false,"template":"","format":"standard","meta":{"footnotes":""},"categories":[21,24],"tags":[5757,32,3338,4761,3369,2477],"class_list":["post-426187","post","type-post","status-publish","format-standard","has-post-thumbnail","hentry","category-desporto","category-futebol","tag-demissao","tag-futebol","tag-futebol-internacional","tag-nottingham-forest","tag-premier-league","tag-treinadores"],"yoast_head":"<!-- This site is optimized with the Yoast SEO plugin v27.2 - https:\/\/yoast.com\/product\/yoast-seo-wordpress\/ -->\n<title>Igor Tudor deixa o comando t\u00e9cnico do Tottenham ap\u00f3s m\u00eas e meio - Portal Tela Portugal<\/title>\n<meta name=\"robots\" content=\"index, follow, max-snippet:-1, max-image-preview:large, max-video-preview:-1\" \/>\n<meta property=\"og:locale\" content=\"pt_PT\" \/>\n<meta property=\"og:type\" content=\"article\" \/>\n<meta property=\"og:title\" content=\"Igor Tudor deixa o comando t\u00e9cnico do Tottenham ap\u00f3s m\u00eas e meio - Portal Tela Portugal\" \/>\n<meta property=\"og:description\" content=\"O treinador Igor Tudor deixou o Tottenham com efeito imediato, em m\u00fatuo acordo. O clube londrino informou que o novo treinador ser\u00e1 anunciado a seu tempo. Tudor, de 47 anos, tinha sido contratado para substituir Thomas Frank ap\u00f3s abandonar a Juventus no final de outubro. Em sete encontros, Tudor venceu apenas uma vez, frente ao Atl\u00e9tico de Madrid (3-2), mas sofreu 5-2 na primeira m\u00e3o dos oitavos de final da Liga dos Campe\u00f5es. O Tottenham perdeu em casa com o Nottingham Forest (0-3), segue na 17.\u00aa posi\u00e7\u00e3o da Premier League com 30 pontos, apenas um acima do West Ham (18.\u00ba).\" \/>\n<meta property=\"og:url\" content=\"https:\/\/portaltela.pt\/noticias\/2026\/03\/29\/igor-tudor-deixa-o-comando-tecnico-do-tottenham-apos-mes-e-meio\/\" \/>\n<meta property=\"og:site_name\" content=\"Portal Tela Portugal\" \/>\n<meta property=\"article:published_time\" content=\"2026-03-29T17:53:00+00:00\" \/>\n<meta name=\"author\" content=\"Telinha\" \/>\n<meta name=\"twitter:card\" content=\"summary_large_image\" \/>\n<meta name=\"twitter:label1\" content=\"Escrito por\" \/>\n\t<meta name=\"twitter:data1\" content=\"Telinha\" \/>\n\t<meta name=\"twitter:label2\" content=\"Tempo estimado de leitura\" \/>\n\t<meta name=\"twitter:data2\" content=\"1 minuto\" \/>\n<script type=\"application\/ld+json\" class=\"yoast-schema-graph\">{\"@context\":\"https:\/\/schema.org\",\"@graph\":[{\"@type\":\"Article\",\"@id\":\"https:\/\/portaltela.pt\/noticias\/2026\/03\/29\/igor-tudor-deixa-o-comando-tecnico-do-tottenham-apos-mes-e-meio\/#article\",\"isPartOf\":{\"@id\":\"https:\/\/portaltela.pt\/noticias\/2026\/03\/29\/igor-tudor-deixa-o-comando-tecnico-do-tottenham-apos-mes-e-meio\/\"},\"author\":{\"name\":\"Telinha\",\"@id\":\"https:\/\/portaltela.pt\/#\/schema\/person\/c4278d4a6028830caff9ee44b42d32ed\"},\"headline\":\"Igor Tudor deixa o comando t\u00e9cnico do Tottenham ap\u00f3s m\u00eas e meio\",\"datePublished\":\"2026-03-29T17:53:00+00:00\",\"mainEntityOfPage\":{\"@id\":\"https:\/\/portaltela.pt\/noticias\/2026\/03\/29\/igor-tudor-deixa-o-comando-tecnico-do-tottenham-apos-mes-e-meio\/\"},\"wordCount\":259,\"image\":{\"@id\":\"https:\/\/portaltela.pt\/noticias\/2026\/03\/29\/igor-tudor-deixa-o-comando-tecnico-do-tottenham-apos-mes-e-meio\/#primaryimage\"},\"thumbnailUrl\":\"https:\/\/portaltela.pt\/s.01k8rhncp4jt1\/2026\/03\/image-1750.jpg\",\"keywords\":[\"demiss\u00e3o\",\"futebol\",\"futebol internacional\",\"Nottingham Forest\",\"Premier League\",\"treinadores\"],\"articleSection\":[\"Desporto\",\"Futebol\"],\"inLanguage\":\"pt-PT\"},{\"@type\":\"WebPage\",\"@id\":\"https:\/\/portaltela.pt\/noticias\/2026\/03\/29\/igor-tudor-deixa-o-comando-tecnico-do-tottenham-apos-mes-e-meio\/\",\"url\":\"https:\/\/portaltela.pt\/noticias\/2026\/03\/29\/igor-tudor-deixa-o-comando-tecnico-do-tottenham-apos-mes-e-meio\/\",\"name\":\"Igor Tudor deixa o comando t\u00e9cnico do Tottenham ap\u00f3s m\u00eas e meio - Portal Tela Portugal\",\"isPartOf\":{\"@id\":\"https:\/\/portaltela.pt\/#website\"},\"primaryImageOfPage\":{\"@id\":\"https:\/\/portaltela.pt\/noticias\/2026\/03\/29\/igor-tudor-deixa-o-comando-tecnico-do-tottenham-apos-mes-e-meio\/#primaryimage\"},\"image\":{\"@id\":\"https:\/\/portaltela.pt\/noticias\/2026\/03\/29\/igor-tudor-deixa-o-comando-tecnico-do-tottenham-apos-mes-e-meio\/#primaryimage\"},\"thumbnailUrl\":\"https:\/\/portaltela.pt\/s.01k8rhncp4jt1\/2026\/03\/image-1750.jpg\",\"datePublished\":\"2026-03-29T17:53:00+00:00\",\"author\":{\"@id\":\"https:\/\/portaltela.pt\/#\/schema\/person\/c4278d4a6028830caff9ee44b42d32ed\"},\"breadcrumb\":{\"@id\":\"https:\/\/portaltela.pt\/noticias\/2026\/03\/29\/igor-tudor-deixa-o-comando-tecnico-do-tottenham-apos-mes-e-meio\/#breadcrumb\"},\"inLanguage\":\"pt-PT\",\"potentialAction\":[{\"@type\":\"ReadAction\",\"target\":[\"https:\/\/portaltela.pt\/noticias\/2026\/03\/29\/igor-tudor-deixa-o-comando-tecnico-do-tottenham-apos-mes-e-meio\/\"]}]},{\"@type\":\"ImageObject\",\"inLanguage\":\"pt-PT\",\"@id\":\"https:\/\/portaltela.pt\/noticias\/2026\/03\/29\/igor-tudor-deixa-o-comando-tecnico-do-tottenham-apos-mes-e-meio\/#primaryimage\",\"url\":\"https:\/\/portaltela.pt\/s.01k8rhncp4jt1\/2026\/03\/image-1750.jpg\",\"contentUrl\":\"https:\/\/portaltela.pt\/s.01k8rhncp4jt1\/2026\/03\/image-1750.jpg\",\"width\":796,\"height\":448,\"caption\":\"Igor Tudor com passagem infeliz nos \\\"Spurs\\\"\"},{\"@type\":\"BreadcrumbList\",\"@id\":\"https:\/\/portaltela.pt\/noticias\/2026\/03\/29\/igor-tudor-deixa-o-comando-tecnico-do-tottenham-apos-mes-e-meio\/#breadcrumb\",\"itemListElement\":[{\"@type\":\"ListItem\",\"position\":1,\"name\":\"In\u00edcio\",\"item\":\"https:\/\/portaltela.pt\/\"},{\"@type\":\"ListItem\",\"position\":2,\"name\":\"Igor Tudor deixa o comando t\u00e9cnico do Tottenham ap\u00f3s m\u00eas e meio\"}]},{\"@type\":\"WebSite\",\"@id\":\"https:\/\/portaltela.pt\/#website\",\"url\":\"https:\/\/portaltela.pt\/\",\"name\":\"Portal Tela Portugal\",\"description\":\"\",\"potentialAction\":[{\"@type\":\"SearchAction\",\"target\":{\"@type\":\"EntryPoint\",\"urlTemplate\":\"https:\/\/portaltela.pt\/?s={search_term_string}\"},\"query-input\":{\"@type\":\"PropertyValueSpecification\",\"valueRequired\":true,\"valueName\":\"search_term_string\"}}],\"inLanguage\":\"pt-PT\"},{\"@type\":\"Person\",\"@id\":\"https:\/\/portaltela.pt\/#\/schema\/person\/c4278d4a6028830caff9ee44b42d32ed\",\"name\":\"Telinha\",\"image\":{\"@type\":\"ImageObject\",\"inLanguage\":\"pt-PT\",\"@id\":\"https:\/\/portaltela.pt\/s.01k8rhncp4jt1\/2025\/11\/talking-bot-125x125.png\",\"url\":\"https:\/\/portaltela.pt\/s.01k8rhncp4jt1\/2025\/11\/talking-bot-125x125.png\",\"contentUrl\":\"https:\/\/portaltela.pt\/s.01k8rhncp4jt1\/2025\/11\/talking-bot-125x125.png\",\"caption\":\"Telinha\"},\"sameAs\":[\"https:\/\/portaltela.pt\/\"],\"url\":\"https:\/\/portaltela.pt\/por\/367410592786\/\"}]}<\/script>\n<!-- \/ Yoast SEO plugin. -->","yoast_head_json":{"title":"Igor Tudor deixa o comando t\u00e9cnico do Tottenham ap\u00f3s m\u00eas e meio - Portal Tela Portugal","robots":{"index":"index","follow":"follow","max-snippet":"max-snippet:-1","max-image-preview":"max-image-preview:large","max-video-preview":"max-video-preview:-1"},"og_locale":"pt_PT","og_type":"article","og_title":"Igor Tudor deixa o comando t\u00e9cnico do Tottenham ap\u00f3s m\u00eas e meio - Portal Tela Portugal","og_description":"O treinador Igor Tudor deixou o Tottenham com efeito imediato, em m\u00fatuo acordo. O clube londrino informou que o novo treinador ser\u00e1 anunciado a seu tempo. Tudor, de 47 anos, tinha sido contratado para substituir Thomas Frank ap\u00f3s abandonar a Juventus no final de outubro. Em sete encontros, Tudor venceu apenas uma vez, frente ao Atl\u00e9tico de Madrid (3-2), mas sofreu 5-2 na primeira m\u00e3o dos oitavos de final da Liga dos Campe\u00f5es. O Tottenham perdeu em casa com o Nottingham Forest (0-3), segue na 17.\u00aa posi\u00e7\u00e3o da Premier League com 30 pontos, apenas um acima do West Ham (18.\u00ba).","og_url":"https:\/\/portaltela.pt\/noticias\/2026\/03\/29\/igor-tudor-deixa-o-comando-tecnico-do-tottenham-apos-mes-e-meio\/","og_site_name":"Portal Tela Portugal","article_published_time":"2026-03-29T17:53:00+00:00","author":"Telinha","twitter_card":"summary_large_image","twitter_misc":{"Escrito por":"Telinha","Tempo estimado de leitura":"1 minuto"},"schema":{"@context":"https:\/\/schema.org","@graph":[{"@type":"Article","@id":"https:\/\/portaltela.pt\/noticias\/2026\/03\/29\/igor-tudor-deixa-o-comando-tecnico-do-tottenham-apos-mes-e-meio\/#article","isPartOf":{"@id":"https:\/\/portaltela.pt\/noticias\/2026\/03\/29\/igor-tudor-deixa-o-comando-tecnico-do-tottenham-apos-mes-e-meio\/"},"author":{"name":"Telinha","@id":"https:\/\/portaltela.pt\/#\/schema\/person\/c4278d4a6028830caff9ee44b42d32ed"},"headline":"Igor Tudor deixa o comando t\u00e9cnico do Tottenham ap\u00f3s m\u00eas e meio","datePublished":"2026-03-29T17:53:00+00:00","mainEntityOfPage":{"@id":"https:\/\/portaltela.pt\/noticias\/2026\/03\/29\/igor-tudor-deixa-o-comando-tecnico-do-tottenham-apos-mes-e-meio\/"},"wordCount":259,"image":{"@id":"https:\/\/portaltela.pt\/noticias\/2026\/03\/29\/igor-tudor-deixa-o-comando-tecnico-do-tottenham-apos-mes-e-meio\/#primaryimage"},"thumbnailUrl":"https:\/\/portaltela.pt\/s.01k8rhncp4jt1\/2026\/03\/image-1750.jpg","keywords":["demiss\u00e3o","futebol","futebol internacional","Nottingham Forest","Premier League","treinadores"],"articleSection":["Desporto","Futebol"],"inLanguage":"pt-PT"},{"@type":"WebPage","@id":"https:\/\/portaltela.pt\/noticias\/2026\/03\/29\/igor-tudor-deixa-o-comando-tecnico-do-tottenham-apos-mes-e-meio\/","url":"https:\/\/portaltela.pt\/noticias\/2026\/03\/29\/igor-tudor-deixa-o-comando-tecnico-do-tottenham-apos-mes-e-meio\/","name":"Igor Tudor deixa o comando t\u00e9cnico do Tottenham ap\u00f3s m\u00eas e meio - Portal Tela Portugal","isPartOf":{"@id":"https:\/\/portaltela.pt\/#website"},"primaryImageOfPage":{"@id":"https:\/\/portaltela.pt\/noticias\/2026\/03\/29\/igor-tudor-deixa-o-comando-tecnico-do-tottenham-apos-mes-e-meio\/#primaryimage"},"image":{"@id":"https:\/\/portaltela.pt\/noticias\/2026\/03\/29\/igor-tudor-deixa-o-comando-tecnico-do-tottenham-apos-mes-e-meio\/#primaryimage"},"thumbnailUrl":"https:\/\/portaltela.pt\/s.01k8rhncp4jt1\/2026\/03\/image-1750.jpg","datePublished":"2026-03-29T17:53:00+00:00","author":{"@id":"https:\/\/portaltela.pt\/#\/schema\/person\/c4278d4a6028830caff9ee44b42d32ed"},"breadcrumb":{"@id":"https:\/\/portaltela.pt\/noticias\/2026\/03\/29\/igor-tudor-deixa-o-comando-tecnico-do-tottenham-apos-mes-e-meio\/#breadcrumb"},"inLanguage":"pt-PT","potentialAction":[{"@type":"ReadAction","target":["https:\/\/portaltela.pt\/noticias\/2026\/03\/29\/igor-tudor-deixa-o-comando-tecnico-do-tottenham-apos-mes-e-meio\/"]}]},{"@type":"ImageObject","inLanguage":"pt-PT","@id":"https:\/\/portaltela.pt\/noticias\/2026\/03\/29\/igor-tudor-deixa-o-comando-tecnico-do-tottenham-apos-mes-e-meio\/#primaryimage","url":"https:\/\/portaltela.pt\/s.01k8rhncp4jt1\/2026\/03\/image-1750.jpg","contentUrl":"https:\/\/portaltela.pt\/s.01k8rhncp4jt1\/2026\/03\/image-1750.jpg","width":796,"height":448,"caption":"Igor Tudor com passagem infeliz nos \"Spurs\""},{"@type":"BreadcrumbList","@id":"https:\/\/portaltela.pt\/noticias\/2026\/03\/29\/igor-tudor-deixa-o-comando-tecnico-do-tottenham-apos-mes-e-meio\/#breadcrumb","itemListElement":[{"@type":"ListItem","position":1,"name":"In\u00edcio","item":"https:\/\/portaltela.pt\/"},{"@type":"ListItem","position":2,"name":"Igor Tudor deixa o comando t\u00e9cnico do Tottenham ap\u00f3s m\u00eas e meio"}]},{"@type":"WebSite","@id":"https:\/\/portaltela.pt\/#website","url":"https:\/\/portaltela.pt\/","name":"Portal Tela Portugal","description":"","potentialAction":[{"@type":"SearchAction","target":{"@type":"EntryPoint","urlTemplate":"https:\/\/portaltela.pt\/?s={search_term_string}"},"query-input":{"@type":"PropertyValueSpecification","valueRequired":true,"valueName":"search_term_string"}}],"inLanguage":"pt-PT"},{"@type":"Person","@id":"https:\/\/portaltela.pt\/#\/schema\/person\/c4278d4a6028830caff9ee44b42d32ed","name":"Telinha","image":{"@type":"ImageObject","inLanguage":"pt-PT","@id":"https:\/\/portaltela.pt\/s.01k8rhncp4jt1\/2025\/11\/talking-bot-125x125.png","url":"https:\/\/portaltela.pt\/s.01k8rhncp4jt1\/2025\/11\/talking-bot-125x125.png","contentUrl":"https:\/\/portaltela.pt\/s.01k8rhncp4jt1\/2025\/11\/talking-bot-125x125.png","caption":"Telinha"},"sameAs":["https:\/\/portaltela.pt\/"],"url":"https:\/\/portaltela.pt\/por\/367410592786\/"}]}},"_links":{"self":[{"href":"https:\/\/portaltela.pt\/api\/wp\/v2\/posts\/426187","targetHints":{"allow":["GET"]}}],"collection":[{"href":"https:\/\/portaltela.pt\/api\/wp\/v2\/posts"}],"about":[{"href":"https:\/\/portaltela.pt\/api\/wp\/v2\/types\/post"}],"author":[{"embeddable":true,"href":"https:\/\/portaltela.pt\/api\/wp\/v2\/users\/2"}],"replies":[{"embeddable":true,"href":"https:\/\/portaltela.pt\/api\/wp\/v2\/comments?post=426187"}],"version-history":[{"count":0,"href":"https:\/\/portaltela.pt\/api\/wp\/v2\/posts\/426187\/revisions"}],"wp:featuredmedia":[{"embeddable":true,"href":"https:\/\/portaltela.pt\/api\/wp\/v2\/media\/426189"}],"wp:attachment":[{"href":"https:\/\/portaltela.pt\/api\/wp\/v2\/media?parent=426187"}],"wp:term":[{"taxonomy":"category","embeddable":true,"href":"https:\/\/portaltela.pt\/api\/wp\/v2\/categories?post=426187"},{"taxonomy":"post_tag","embeddable":true,"href":"https:\/\/portaltela.pt\/api\/wp\/v2\/tags?post=426187"}],"curies":[{"name":"wp","href":"https:\/\/api.w.org\/{rel}","templated":true}]}}