{"id":426179,"date":"2026-03-29T14:47:20","date_gmt":"2026-03-29T17:47:20","guid":{"rendered":"https:\/\/portaltela.pt\/noticias\/2026\/03\/29\/12-detidos-em-moscovo-por-protestos-contra-o-bloqueio-da-internet-e-telegram\/"},"modified":"2026-03-29T14:47:20","modified_gmt":"2026-03-29T17:47:20","slug":"12-detidos-em-moscovo-por-protestos-contra-o-bloqueio-da-internet-e-telegram","status":"publish","type":"post","link":"https:\/\/portaltela.pt\/noticias\/politica\/2026\/03\/29\/12-detidos-em-moscovo-por-protestos-contra-o-bloqueio-da-internet-e-telegram\/","title":{"rendered":"12 detidos em Moscovo por protestos contra o bloqueio da Internet e Telegram"},"content":{"rendered":"<p>Doze pessoas foram detidas hoje em Moscovo durante protestos n\u00e3o autorizados contra o bloqueio da Internet e do Telegram, segundo relatos de meios locais citados pela ag\u00eancia EFE. O evento teve lugar na Pra\u00e7a Bolotnaya, conhecida por ter sido palco de grandes manifesta\u00e7\u00f5es antigovernamentais no pa\u00eds.<\/p>\n<p>Entre os detidos est\u00e1 Alexandr Podrabinek, defensor dos direitos humanos e escritor, de 72 anos. A EFE aponta que Podrabinek foi levado para a esquadra por fotografar o protesto. O OVD-Info, que acompanha deten\u00e7\u00f5es, relata tamb\u00e9m registos de pelo menos dois detidos em S\u00e3o Petersburgo.<\/p>\n<p>Outras deten\u00e7\u00f5es ocorreram em cidades como Novosibirsk e Vor\u00f3nezh. Em Vor\u00f3nezh, um ativista participou num protesto solit\u00e1rio com uma faixa contra bloqueios e censura. Anteriormente, autoridades rejeitaram a realiza\u00e7\u00e3o de protestos contra os bloqueios da Internet em mais de 30 cidades russas.<\/p>\n<h3>Contexto<\/h3>\n<p>Diversos meios de comunica\u00e7\u00e3o russos indicam que a rede Telegram poder\u00e1 ser bloqueada de forma definitiva a 1 de abril. O regulador das comunica\u00e7\u00f5es acusa a plataforma de violar leis locais; a aplica\u00e7\u00e3o sustenta que a san\u00e7\u00e3o representa uma tentativa de censura da liberdade de express\u00e3o.<\/p>\n","protected":false},"excerpt":{"rendered":"<ul>\n<li>Pelo menos doze pessoas foram detidas em Moscovo por participarem em protestos n\u00e3o autorizados contra o bloqueio da Internet e do Telegram.<\/li>\n<li>Entre os detidos est\u00e1 Alexandr Podrabinek, defensor dos direitos humanos e escritor, de 72 anos, levado \u00e0 esquadra por tirar fotografias durante o protesto.<\/li>\n<li>Existem deten\u00e7\u00f5es em S\u00e3o Petersburgo, Novosibirsk e Vor\u00f3nezh, incluindo um ativista em Vor\u00f3nezh que exibiu uma faixa com o lema &#8220;basta de bloqueios e de censura&#8221;.<\/li>\n<li>Autoridades denunciaram o bloqueio da Internet em mais de trinta cidades russas, impedindo protestos planeados.<\/li>\n<li>A imprensa indica que o Telegram dever\u00e1 ser bloqueado definitivamente a 1 de abril; o regulador acusa a aplica\u00e7\u00e3o de violar leis, enquanto a plataforma v\u00ea censura \u00e0 liberdade de express\u00e3o.<\/li>\n<\/ul>\n","protected":false},"author":2,"featured_media":426182,"comment_status":"closed","ping_status":"closed","sticky":false,"template":"","format":"standard","meta":{"footnotes":""},"categories":[6912,5],"tags":[5349,6244,2633,2920,2857,3110],"class_list":["post-426179","post","type-post","status-publish","format-standard","has-post-thumbnail","hentry","category-internacionais","category-politica","tag-censura","tag-detidos","tag-direitos-humanos","tag-liberdade-de-expressao","tag-protestos","tag-russia"],"yoast_head":"<!-- This site is optimized with the Yoast SEO plugin v27.2 - https:\/\/yoast.com\/product\/yoast-seo-wordpress\/ -->\n<title>12 detidos em Moscovo por protestos contra o bloqueio da Internet e Telegram - Portal Tela Portugal<\/title>\n<meta name=\"robots\" content=\"index, follow, max-snippet:-1, max-image-preview:large, max-video-preview:-1\" \/>\n<meta property=\"og:locale\" content=\"pt_PT\" \/>\n<meta property=\"og:type\" content=\"article\" \/>\n<meta property=\"og:title\" content=\"12 detidos em Moscovo por protestos contra o bloqueio da Internet e Telegram - Portal Tela Portugal\" \/>\n<meta property=\"og:description\" content=\"Pelo menos doze pessoas foram detidas em Moscovo por participarem em protestos n\u00e3o autorizados contra o bloqueio da Internet e do Telegram. Entre os detidos est\u00e1 Alexandr Podrabinek, defensor dos direitos humanos e escritor, de 72 anos, levado \u00e0 esquadra por tirar fotografias durante o protesto. Existem deten\u00e7\u00f5es em S\u00e3o Petersburgo, Novosibirsk e Vor\u00f3nezh, incluindo um ativista em Vor\u00f3nezh que exibiu uma faixa com o lema &quot;basta de bloqueios e de censura&quot;. Autoridades denunciaram o bloqueio da Internet em mais de trinta cidades russas, impedindo protestos planeados. A imprensa indica que o Telegram dever\u00e1 ser bloqueado definitivamente a 1 de abril; o regulador acusa a aplica\u00e7\u00e3o de violar leis, enquanto a plataforma v\u00ea censura \u00e0 liberdade de express\u00e3o.\" \/>\n<meta property=\"og:url\" content=\"https:\/\/portaltela.pt\/noticias\/2026\/03\/29\/12-detidos-em-moscovo-por-protestos-contra-o-bloqueio-da-internet-e-telegram\/\" \/>\n<meta property=\"og:site_name\" content=\"Portal Tela Portugal\" \/>\n<meta property=\"article:published_time\" content=\"2026-03-29T17:47:20+00:00\" \/>\n<meta name=\"author\" content=\"Telinha\" \/>\n<meta name=\"twitter:card\" content=\"summary_large_image\" \/>\n<meta name=\"twitter:label1\" content=\"Escrito por\" \/>\n\t<meta name=\"twitter:data1\" content=\"Telinha\" \/>\n\t<meta name=\"twitter:label2\" content=\"Tempo estimado de leitura\" \/>\n\t<meta name=\"twitter:data2\" content=\"1 minuto\" \/>\n<script type=\"application\/ld+json\" class=\"yoast-schema-graph\">{\"@context\":\"https:\/\/schema.org\",\"@graph\":[{\"@type\":\"Article\",\"@id\":\"https:\/\/portaltela.pt\/noticias\/2026\/03\/29\/12-detidos-em-moscovo-por-protestos-contra-o-bloqueio-da-internet-e-telegram\/#article\",\"isPartOf\":{\"@id\":\"https:\/\/portaltela.pt\/noticias\/2026\/03\/29\/12-detidos-em-moscovo-por-protestos-contra-o-bloqueio-da-internet-e-telegram\/\"},\"author\":{\"name\":\"Telinha\",\"@id\":\"https:\/\/portaltela.pt\/#\/schema\/person\/c4278d4a6028830caff9ee44b42d32ed\"},\"headline\":\"12 detidos em Moscovo por protestos contra o bloqueio da Internet e Telegram\",\"datePublished\":\"2026-03-29T17:47:20+00:00\",\"mainEntityOfPage\":{\"@id\":\"https:\/\/portaltela.pt\/noticias\/2026\/03\/29\/12-detidos-em-moscovo-por-protestos-contra-o-bloqueio-da-internet-e-telegram\/\"},\"wordCount\":207,\"image\":{\"@id\":\"https:\/\/portaltela.pt\/noticias\/2026\/03\/29\/12-detidos-em-moscovo-por-protestos-contra-o-bloqueio-da-internet-e-telegram\/#primaryimage\"},\"thumbnailUrl\":\"https:\/\/portaltela.pt\/s.01k8rhncp4jt1\/2026\/03\/img_1280x721uu2025-06-19-19-29-49-2217456.jpg\",\"keywords\":[\"censura\",\"detidos\",\"direitos humanos\",\"liberdade de express\u00e3o\",\"protestos\",\"R\u00fassia\"],\"articleSection\":[\"Internacionais\",\"Pol\u00edtica\"],\"inLanguage\":\"pt-PT\"},{\"@type\":\"WebPage\",\"@id\":\"https:\/\/portaltela.pt\/noticias\/2026\/03\/29\/12-detidos-em-moscovo-por-protestos-contra-o-bloqueio-da-internet-e-telegram\/\",\"url\":\"https:\/\/portaltela.pt\/noticias\/2026\/03\/29\/12-detidos-em-moscovo-por-protestos-contra-o-bloqueio-da-internet-e-telegram\/\",\"name\":\"12 detidos em Moscovo por protestos contra o bloqueio da Internet e Telegram - Portal Tela Portugal\",\"isPartOf\":{\"@id\":\"https:\/\/portaltela.pt\/#website\"},\"primaryImageOfPage\":{\"@id\":\"https:\/\/portaltela.pt\/noticias\/2026\/03\/29\/12-detidos-em-moscovo-por-protestos-contra-o-bloqueio-da-internet-e-telegram\/#primaryimage\"},\"image\":{\"@id\":\"https:\/\/portaltela.pt\/noticias\/2026\/03\/29\/12-detidos-em-moscovo-por-protestos-contra-o-bloqueio-da-internet-e-telegram\/#primaryimage\"},\"thumbnailUrl\":\"https:\/\/portaltela.pt\/s.01k8rhncp4jt1\/2026\/03\/img_1280x721uu2025-06-19-19-29-49-2217456.jpg\",\"datePublished\":\"2026-03-29T17:47:20+00:00\",\"author\":{\"@id\":\"https:\/\/portaltela.pt\/#\/schema\/person\/c4278d4a6028830caff9ee44b42d32ed\"},\"breadcrumb\":{\"@id\":\"https:\/\/portaltela.pt\/noticias\/2026\/03\/29\/12-detidos-em-moscovo-por-protestos-contra-o-bloqueio-da-internet-e-telegram\/#breadcrumb\"},\"inLanguage\":\"pt-PT\",\"potentialAction\":[{\"@type\":\"ReadAction\",\"target\":[\"https:\/\/portaltela.pt\/noticias\/2026\/03\/29\/12-detidos-em-moscovo-por-protestos-contra-o-bloqueio-da-internet-e-telegram\/\"]}]},{\"@type\":\"ImageObject\",\"inLanguage\":\"pt-PT\",\"@id\":\"https:\/\/portaltela.pt\/noticias\/2026\/03\/29\/12-detidos-em-moscovo-por-protestos-contra-o-bloqueio-da-internet-e-telegram\/#primaryimage\",\"url\":\"https:\/\/portaltela.pt\/s.01k8rhncp4jt1\/2026\/03\/img_1280x721uu2025-06-19-19-29-49-2217456.jpg\",\"contentUrl\":\"https:\/\/portaltela.pt\/s.01k8rhncp4jt1\/2026\/03\/img_1280x721uu2025-06-19-19-29-49-2217456.jpg\",\"width\":796,\"height\":448,\"caption\":\"Photo\"},{\"@type\":\"BreadcrumbList\",\"@id\":\"https:\/\/portaltela.pt\/noticias\/2026\/03\/29\/12-detidos-em-moscovo-por-protestos-contra-o-bloqueio-da-internet-e-telegram\/#breadcrumb\",\"itemListElement\":[{\"@type\":\"ListItem\",\"position\":1,\"name\":\"In\u00edcio\",\"item\":\"https:\/\/portaltela.pt\/\"},{\"@type\":\"ListItem\",\"position\":2,\"name\":\"12 detidos em Moscovo por protestos contra o bloqueio da Internet e Telegram\"}]},{\"@type\":\"WebSite\",\"@id\":\"https:\/\/portaltela.pt\/#website\",\"url\":\"https:\/\/portaltela.pt\/\",\"name\":\"Portal Tela Portugal\",\"description\":\"\",\"potentialAction\":[{\"@type\":\"SearchAction\",\"target\":{\"@type\":\"EntryPoint\",\"urlTemplate\":\"https:\/\/portaltela.pt\/?s={search_term_string}\"},\"query-input\":{\"@type\":\"PropertyValueSpecification\",\"valueRequired\":true,\"valueName\":\"search_term_string\"}}],\"inLanguage\":\"pt-PT\"},{\"@type\":\"Person\",\"@id\":\"https:\/\/portaltela.pt\/#\/schema\/person\/c4278d4a6028830caff9ee44b42d32ed\",\"name\":\"Telinha\",\"image\":{\"@type\":\"ImageObject\",\"inLanguage\":\"pt-PT\",\"@id\":\"https:\/\/portaltela.pt\/s.01k8rhncp4jt1\/2025\/11\/talking-bot-125x125.png\",\"url\":\"https:\/\/portaltela.pt\/s.01k8rhncp4jt1\/2025\/11\/talking-bot-125x125.png\",\"contentUrl\":\"https:\/\/portaltela.pt\/s.01k8rhncp4jt1\/2025\/11\/talking-bot-125x125.png\",\"caption\":\"Telinha\"},\"sameAs\":[\"https:\/\/portaltela.pt\/\"],\"url\":\"https:\/\/portaltela.pt\/por\/367410592786\/\"}]}<\/script>\n<!-- \/ Yoast SEO plugin. -->","yoast_head_json":{"title":"12 detidos em Moscovo por protestos contra o bloqueio da Internet e Telegram - Portal Tela Portugal","robots":{"index":"index","follow":"follow","max-snippet":"max-snippet:-1","max-image-preview":"max-image-preview:large","max-video-preview":"max-video-preview:-1"},"og_locale":"pt_PT","og_type":"article","og_title":"12 detidos em Moscovo por protestos contra o bloqueio da Internet e Telegram - Portal Tela Portugal","og_description":"Pelo menos doze pessoas foram detidas em Moscovo por participarem em protestos n\u00e3o autorizados contra o bloqueio da Internet e do Telegram. Entre os detidos est\u00e1 Alexandr Podrabinek, defensor dos direitos humanos e escritor, de 72 anos, levado \u00e0 esquadra por tirar fotografias durante o protesto. Existem deten\u00e7\u00f5es em S\u00e3o Petersburgo, Novosibirsk e Vor\u00f3nezh, incluindo um ativista em Vor\u00f3nezh que exibiu uma faixa com o lema \"basta de bloqueios e de censura\". Autoridades denunciaram o bloqueio da Internet em mais de trinta cidades russas, impedindo protestos planeados. A imprensa indica que o Telegram dever\u00e1 ser bloqueado definitivamente a 1 de abril; o regulador acusa a aplica\u00e7\u00e3o de violar leis, enquanto a plataforma v\u00ea censura \u00e0 liberdade de express\u00e3o.","og_url":"https:\/\/portaltela.pt\/noticias\/2026\/03\/29\/12-detidos-em-moscovo-por-protestos-contra-o-bloqueio-da-internet-e-telegram\/","og_site_name":"Portal Tela Portugal","article_published_time":"2026-03-29T17:47:20+00:00","author":"Telinha","twitter_card":"summary_large_image","twitter_misc":{"Escrito por":"Telinha","Tempo estimado de leitura":"1 minuto"},"schema":{"@context":"https:\/\/schema.org","@graph":[{"@type":"Article","@id":"https:\/\/portaltela.pt\/noticias\/2026\/03\/29\/12-detidos-em-moscovo-por-protestos-contra-o-bloqueio-da-internet-e-telegram\/#article","isPartOf":{"@id":"https:\/\/portaltela.pt\/noticias\/2026\/03\/29\/12-detidos-em-moscovo-por-protestos-contra-o-bloqueio-da-internet-e-telegram\/"},"author":{"name":"Telinha","@id":"https:\/\/portaltela.pt\/#\/schema\/person\/c4278d4a6028830caff9ee44b42d32ed"},"headline":"12 detidos em Moscovo por protestos contra o bloqueio da Internet e Telegram","datePublished":"2026-03-29T17:47:20+00:00","mainEntityOfPage":{"@id":"https:\/\/portaltela.pt\/noticias\/2026\/03\/29\/12-detidos-em-moscovo-por-protestos-contra-o-bloqueio-da-internet-e-telegram\/"},"wordCount":207,"image":{"@id":"https:\/\/portaltela.pt\/noticias\/2026\/03\/29\/12-detidos-em-moscovo-por-protestos-contra-o-bloqueio-da-internet-e-telegram\/#primaryimage"},"thumbnailUrl":"https:\/\/portaltela.pt\/s.01k8rhncp4jt1\/2026\/03\/img_1280x721uu2025-06-19-19-29-49-2217456.jpg","keywords":["censura","detidos","direitos humanos","liberdade de express\u00e3o","protestos","R\u00fassia"],"articleSection":["Internacionais","Pol\u00edtica"],"inLanguage":"pt-PT"},{"@type":"WebPage","@id":"https:\/\/portaltela.pt\/noticias\/2026\/03\/29\/12-detidos-em-moscovo-por-protestos-contra-o-bloqueio-da-internet-e-telegram\/","url":"https:\/\/portaltela.pt\/noticias\/2026\/03\/29\/12-detidos-em-moscovo-por-protestos-contra-o-bloqueio-da-internet-e-telegram\/","name":"12 detidos em Moscovo por protestos contra o bloqueio da Internet e Telegram - Portal Tela Portugal","isPartOf":{"@id":"https:\/\/portaltela.pt\/#website"},"primaryImageOfPage":{"@id":"https:\/\/portaltela.pt\/noticias\/2026\/03\/29\/12-detidos-em-moscovo-por-protestos-contra-o-bloqueio-da-internet-e-telegram\/#primaryimage"},"image":{"@id":"https:\/\/portaltela.pt\/noticias\/2026\/03\/29\/12-detidos-em-moscovo-por-protestos-contra-o-bloqueio-da-internet-e-telegram\/#primaryimage"},"thumbnailUrl":"https:\/\/portaltela.pt\/s.01k8rhncp4jt1\/2026\/03\/img_1280x721uu2025-06-19-19-29-49-2217456.jpg","datePublished":"2026-03-29T17:47:20+00:00","author":{"@id":"https:\/\/portaltela.pt\/#\/schema\/person\/c4278d4a6028830caff9ee44b42d32ed"},"breadcrumb":{"@id":"https:\/\/portaltela.pt\/noticias\/2026\/03\/29\/12-detidos-em-moscovo-por-protestos-contra-o-bloqueio-da-internet-e-telegram\/#breadcrumb"},"inLanguage":"pt-PT","potentialAction":[{"@type":"ReadAction","target":["https:\/\/portaltela.pt\/noticias\/2026\/03\/29\/12-detidos-em-moscovo-por-protestos-contra-o-bloqueio-da-internet-e-telegram\/"]}]},{"@type":"ImageObject","inLanguage":"pt-PT","@id":"https:\/\/portaltela.pt\/noticias\/2026\/03\/29\/12-detidos-em-moscovo-por-protestos-contra-o-bloqueio-da-internet-e-telegram\/#primaryimage","url":"https:\/\/portaltela.pt\/s.01k8rhncp4jt1\/2026\/03\/img_1280x721uu2025-06-19-19-29-49-2217456.jpg","contentUrl":"https:\/\/portaltela.pt\/s.01k8rhncp4jt1\/2026\/03\/img_1280x721uu2025-06-19-19-29-49-2217456.jpg","width":796,"height":448,"caption":"Photo"},{"@type":"BreadcrumbList","@id":"https:\/\/portaltela.pt\/noticias\/2026\/03\/29\/12-detidos-em-moscovo-por-protestos-contra-o-bloqueio-da-internet-e-telegram\/#breadcrumb","itemListElement":[{"@type":"ListItem","position":1,"name":"In\u00edcio","item":"https:\/\/portaltela.pt\/"},{"@type":"ListItem","position":2,"name":"12 detidos em Moscovo por protestos contra o bloqueio da Internet e Telegram"}]},{"@type":"WebSite","@id":"https:\/\/portaltela.pt\/#website","url":"https:\/\/portaltela.pt\/","name":"Portal Tela Portugal","description":"","potentialAction":[{"@type":"SearchAction","target":{"@type":"EntryPoint","urlTemplate":"https:\/\/portaltela.pt\/?s={search_term_string}"},"query-input":{"@type":"PropertyValueSpecification","valueRequired":true,"valueName":"search_term_string"}}],"inLanguage":"pt-PT"},{"@type":"Person","@id":"https:\/\/portaltela.pt\/#\/schema\/person\/c4278d4a6028830caff9ee44b42d32ed","name":"Telinha","image":{"@type":"ImageObject","inLanguage":"pt-PT","@id":"https:\/\/portaltela.pt\/s.01k8rhncp4jt1\/2025\/11\/talking-bot-125x125.png","url":"https:\/\/portaltela.pt\/s.01k8rhncp4jt1\/2025\/11\/talking-bot-125x125.png","contentUrl":"https:\/\/portaltela.pt\/s.01k8rhncp4jt1\/2025\/11\/talking-bot-125x125.png","caption":"Telinha"},"sameAs":["https:\/\/portaltela.pt\/"],"url":"https:\/\/portaltela.pt\/por\/367410592786\/"}]}},"_links":{"self":[{"href":"https:\/\/portaltela.pt\/api\/wp\/v2\/posts\/426179","targetHints":{"allow":["GET"]}}],"collection":[{"href":"https:\/\/portaltela.pt\/api\/wp\/v2\/posts"}],"about":[{"href":"https:\/\/portaltela.pt\/api\/wp\/v2\/types\/post"}],"author":[{"embeddable":true,"href":"https:\/\/portaltela.pt\/api\/wp\/v2\/users\/2"}],"replies":[{"embeddable":true,"href":"https:\/\/portaltela.pt\/api\/wp\/v2\/comments?post=426179"}],"version-history":[{"count":0,"href":"https:\/\/portaltela.pt\/api\/wp\/v2\/posts\/426179\/revisions"}],"wp:featuredmedia":[{"embeddable":true,"href":"https:\/\/portaltela.pt\/api\/wp\/v2\/media\/426182"}],"wp:attachment":[{"href":"https:\/\/portaltela.pt\/api\/wp\/v2\/media?parent=426179"}],"wp:term":[{"taxonomy":"category","embeddable":true,"href":"https:\/\/portaltela.pt\/api\/wp\/v2\/categories?post=426179"},{"taxonomy":"post_tag","embeddable":true,"href":"https:\/\/portaltela.pt\/api\/wp\/v2\/tags?post=426179"}],"curies":[{"name":"wp","href":"https:\/\/api.w.org\/{rel}","templated":true}]}}