{"id":426174,"date":"2026-03-29T12:05:00","date_gmt":"2026-03-29T15:05:00","guid":{"rendered":"https:\/\/portaltela.pt\/noticias\/2026\/03\/29\/finlandia-declara-estado-de-alerta-apos-entrada-de-drones-ucranianos\/"},"modified":"2026-03-29T12:05:00","modified_gmt":"2026-03-29T15:05:00","slug":"finlandia-declara-estado-de-alerta-apos-entrada-de-drones-ucranianos","status":"publish","type":"post","link":"https:\/\/portaltela.pt\/noticias\/internacional\/2026\/03\/29\/finlandia-declara-estado-de-alerta-apos-entrada-de-drones-ucranianos\/","title":{"rendered":"Finl\u00e2ndia declara estado de alerta ap\u00f3s entrada de drones ucranianos"},"content":{"rendered":"<p>A For\u00e7a A\u00e9rea da Finl\u00e2ndia declarou hoje, provisoriamente, estado de alerta ap\u00f3s confirmar a entrada de dois drones de fabrico ucraniano no pa\u00eds. A medida foi comunicada pela autoridade militar finlandesa, sem indicar quaisquer danos ou incidentes.<\/p>\n<p>Segundo as autoridades, os drones entraram no territ\u00f3rio finland\u00eas recentemente, sem detalhar as regi\u00f5es afetadas ou as rotas utilizadas. A motiva\u00e7\u00e3o da resposta \u00e9 passar a haver maior vigil\u00e2ncia e prontid\u00e3o em \u00e1reas relevantes das for\u00e7as armadas.<\/p>\n<p>Ainda n\u00e3o foram divulgados dados sobre o poss\u00edvel objetivo dos drones nem sobre quem poder\u00e1 ter operado os aparelhos. O an\u00fancio insere-se numa sequ\u00eancia de monitoriza\u00e7\u00e3o de atividades com drones na regi\u00e3o, com tom neutro e de avalia\u00e7\u00e3o cont\u00ednua.<\/p>\n","protected":false},"excerpt":{"rendered":"<ul>\n<li>A For\u00e7a A\u00e9rea da Finl\u00e2ndia declarou provisoriamente estado de alerta.<\/li>\n<li>A decis\u00e3o ocorreu ap\u00f3s confirmar a entrada de dois drones de fabrico ucraniano no territ\u00f3rio finland\u00eas.<\/li>\n<li>N\u00e3o foram divulgados detalhes adicionais sobre o incidente, como localiza\u00e7\u00e3o ou hor\u00e1rio exacto.<\/li>\n<li>O an\u00fancio mant\u00e9m-se factual e sem especula\u00e7\u00f5es, apenas com os fatos confirmados pela autoridade aeroespacial.<\/li>\n<\/ul>\n","protected":false},"author":2,"featured_media":426177,"comment_status":"closed","ping_status":"closed","sticky":false,"template":"","format":"standard","meta":{"footnotes":""},"categories":[6804,4],"tags":[7400,3484,4299,4536,4222],"class_list":["post-426174","post","type-post","status-publish","format-standard","has-post-thumbnail","hentry","category-guerra","category-internacional","tag-drones","tag-finlandia","tag-forca-aerea","tag-seguranca","tag-seguranca-internacional"],"yoast_head":"<!-- This site is optimized with the Yoast SEO plugin v27.2 - https:\/\/yoast.com\/product\/yoast-seo-wordpress\/ -->\n<title>Finl\u00e2ndia declara estado de alerta ap\u00f3s entrada de drones ucranianos - Portal Tela Portugal<\/title>\n<meta name=\"robots\" content=\"index, follow, max-snippet:-1, max-image-preview:large, max-video-preview:-1\" \/>\n<meta property=\"og:locale\" content=\"pt_PT\" \/>\n<meta property=\"og:type\" content=\"article\" \/>\n<meta property=\"og:title\" content=\"Finl\u00e2ndia declara estado de alerta ap\u00f3s entrada de drones ucranianos - Portal Tela Portugal\" \/>\n<meta property=\"og:description\" content=\"A For\u00e7a A\u00e9rea da Finl\u00e2ndia declarou provisoriamente estado de alerta. A decis\u00e3o ocorreu ap\u00f3s confirmar a entrada de dois drones de fabrico ucraniano no territ\u00f3rio finland\u00eas. N\u00e3o foram divulgados detalhes adicionais sobre o incidente, como localiza\u00e7\u00e3o ou hor\u00e1rio exacto. O an\u00fancio mant\u00e9m-se factual e sem especula\u00e7\u00f5es, apenas com os fatos confirmados pela autoridade aeroespacial.\" \/>\n<meta property=\"og:url\" content=\"https:\/\/portaltela.pt\/noticias\/2026\/03\/29\/finlandia-declara-estado-de-alerta-apos-entrada-de-drones-ucranianos\/\" \/>\n<meta property=\"og:site_name\" content=\"Portal Tela Portugal\" \/>\n<meta property=\"article:published_time\" content=\"2026-03-29T15:05:00+00:00\" \/>\n<meta name=\"author\" content=\"Telinha\" \/>\n<meta name=\"twitter:card\" content=\"summary_large_image\" \/>\n<meta name=\"twitter:label1\" content=\"Escrito por\" \/>\n\t<meta name=\"twitter:data1\" content=\"Telinha\" \/>\n\t<meta name=\"twitter:label2\" content=\"Tempo estimado de leitura\" \/>\n\t<meta name=\"twitter:data2\" content=\"1 minuto\" \/>\n<script type=\"application\/ld+json\" class=\"yoast-schema-graph\">{\"@context\":\"https:\/\/schema.org\",\"@graph\":[{\"@type\":\"Article\",\"@id\":\"https:\/\/portaltela.pt\/noticias\/2026\/03\/29\/finlandia-declara-estado-de-alerta-apos-entrada-de-drones-ucranianos\/#article\",\"isPartOf\":{\"@id\":\"https:\/\/portaltela.pt\/noticias\/2026\/03\/29\/finlandia-declara-estado-de-alerta-apos-entrada-de-drones-ucranianos\/\"},\"author\":{\"name\":\"Telinha\",\"@id\":\"https:\/\/portaltela.pt\/#\/schema\/person\/c4278d4a6028830caff9ee44b42d32ed\"},\"headline\":\"Finl\u00e2ndia declara estado de alerta ap\u00f3s entrada de drones ucranianos\",\"datePublished\":\"2026-03-29T15:05:00+00:00\",\"mainEntityOfPage\":{\"@id\":\"https:\/\/portaltela.pt\/noticias\/2026\/03\/29\/finlandia-declara-estado-de-alerta-apos-entrada-de-drones-ucranianos\/\"},\"wordCount\":144,\"image\":{\"@id\":\"https:\/\/portaltela.pt\/noticias\/2026\/03\/29\/finlandia-declara-estado-de-alerta-apos-entrada-de-drones-ucranianos\/#primaryimage\"},\"thumbnailUrl\":\"https:\/\/portaltela.pt\/s.01k8rhncp4jt1\/2026\/03\/CACHE_780X1200_ANALOG_WATERMARKED_46727388_240156016665077.jpg\",\"keywords\":[\"drones\",\"Finl\u00e2ndia\",\"For\u00e7a A\u00e9rea\",\"seguran\u00e7a\",\"seguran\u00e7a internacional\"],\"articleSection\":[\"Guerra\",\"Internacional\"],\"inLanguage\":\"pt-PT\"},{\"@type\":\"WebPage\",\"@id\":\"https:\/\/portaltela.pt\/noticias\/2026\/03\/29\/finlandia-declara-estado-de-alerta-apos-entrada-de-drones-ucranianos\/\",\"url\":\"https:\/\/portaltela.pt\/noticias\/2026\/03\/29\/finlandia-declara-estado-de-alerta-apos-entrada-de-drones-ucranianos\/\",\"name\":\"Finl\u00e2ndia declara estado de alerta ap\u00f3s entrada de drones ucranianos - Portal Tela Portugal\",\"isPartOf\":{\"@id\":\"https:\/\/portaltela.pt\/#website\"},\"primaryImageOfPage\":{\"@id\":\"https:\/\/portaltela.pt\/noticias\/2026\/03\/29\/finlandia-declara-estado-de-alerta-apos-entrada-de-drones-ucranianos\/#primaryimage\"},\"image\":{\"@id\":\"https:\/\/portaltela.pt\/noticias\/2026\/03\/29\/finlandia-declara-estado-de-alerta-apos-entrada-de-drones-ucranianos\/#primaryimage\"},\"thumbnailUrl\":\"https:\/\/portaltela.pt\/s.01k8rhncp4jt1\/2026\/03\/CACHE_780X1200_ANALOG_WATERMARKED_46727388_240156016665077.jpg\",\"datePublished\":\"2026-03-29T15:05:00+00:00\",\"author\":{\"@id\":\"https:\/\/portaltela.pt\/#\/schema\/person\/c4278d4a6028830caff9ee44b42d32ed\"},\"breadcrumb\":{\"@id\":\"https:\/\/portaltela.pt\/noticias\/2026\/03\/29\/finlandia-declara-estado-de-alerta-apos-entrada-de-drones-ucranianos\/#breadcrumb\"},\"inLanguage\":\"pt-PT\",\"potentialAction\":[{\"@type\":\"ReadAction\",\"target\":[\"https:\/\/portaltela.pt\/noticias\/2026\/03\/29\/finlandia-declara-estado-de-alerta-apos-entrada-de-drones-ucranianos\/\"]}]},{\"@type\":\"ImageObject\",\"inLanguage\":\"pt-PT\",\"@id\":\"https:\/\/portaltela.pt\/noticias\/2026\/03\/29\/finlandia-declara-estado-de-alerta-apos-entrada-de-drones-ucranianos\/#primaryimage\",\"url\":\"https:\/\/portaltela.pt\/s.01k8rhncp4jt1\/2026\/03\/CACHE_780X1200_ANALOG_WATERMARKED_46727388_240156016665077.jpg\",\"contentUrl\":\"https:\/\/portaltela.pt\/s.01k8rhncp4jt1\/2026\/03\/CACHE_780X1200_ANALOG_WATERMARKED_46727388_240156016665077.jpg\",\"width\":796,\"height\":448,\"caption\":\"Finl\u00e2ndia declara estado de alerta ap\u00f3s entrada de drones de fabrico ucraniano\"},{\"@type\":\"BreadcrumbList\",\"@id\":\"https:\/\/portaltela.pt\/noticias\/2026\/03\/29\/finlandia-declara-estado-de-alerta-apos-entrada-de-drones-ucranianos\/#breadcrumb\",\"itemListElement\":[{\"@type\":\"ListItem\",\"position\":1,\"name\":\"In\u00edcio\",\"item\":\"https:\/\/portaltela.pt\/\"},{\"@type\":\"ListItem\",\"position\":2,\"name\":\"Finl\u00e2ndia declara estado de alerta ap\u00f3s entrada de drones ucranianos\"}]},{\"@type\":\"WebSite\",\"@id\":\"https:\/\/portaltela.pt\/#website\",\"url\":\"https:\/\/portaltela.pt\/\",\"name\":\"Portal Tela Portugal\",\"description\":\"\",\"potentialAction\":[{\"@type\":\"SearchAction\",\"target\":{\"@type\":\"EntryPoint\",\"urlTemplate\":\"https:\/\/portaltela.pt\/?s={search_term_string}\"},\"query-input\":{\"@type\":\"PropertyValueSpecification\",\"valueRequired\":true,\"valueName\":\"search_term_string\"}}],\"inLanguage\":\"pt-PT\"},{\"@type\":\"Person\",\"@id\":\"https:\/\/portaltela.pt\/#\/schema\/person\/c4278d4a6028830caff9ee44b42d32ed\",\"name\":\"Telinha\",\"image\":{\"@type\":\"ImageObject\",\"inLanguage\":\"pt-PT\",\"@id\":\"https:\/\/portaltela.pt\/s.01k8rhncp4jt1\/2025\/11\/talking-bot-125x125.png\",\"url\":\"https:\/\/portaltela.pt\/s.01k8rhncp4jt1\/2025\/11\/talking-bot-125x125.png\",\"contentUrl\":\"https:\/\/portaltela.pt\/s.01k8rhncp4jt1\/2025\/11\/talking-bot-125x125.png\",\"caption\":\"Telinha\"},\"sameAs\":[\"https:\/\/portaltela.pt\/\"],\"url\":\"https:\/\/portaltela.pt\/por\/367410592786\/\"}]}<\/script>\n<!-- \/ Yoast SEO plugin. -->","yoast_head_json":{"title":"Finl\u00e2ndia declara estado de alerta ap\u00f3s entrada de drones ucranianos - Portal Tela Portugal","robots":{"index":"index","follow":"follow","max-snippet":"max-snippet:-1","max-image-preview":"max-image-preview:large","max-video-preview":"max-video-preview:-1"},"og_locale":"pt_PT","og_type":"article","og_title":"Finl\u00e2ndia declara estado de alerta ap\u00f3s entrada de drones ucranianos - Portal Tela Portugal","og_description":"A For\u00e7a A\u00e9rea da Finl\u00e2ndia declarou provisoriamente estado de alerta. A decis\u00e3o ocorreu ap\u00f3s confirmar a entrada de dois drones de fabrico ucraniano no territ\u00f3rio finland\u00eas. N\u00e3o foram divulgados detalhes adicionais sobre o incidente, como localiza\u00e7\u00e3o ou hor\u00e1rio exacto. O an\u00fancio mant\u00e9m-se factual e sem especula\u00e7\u00f5es, apenas com os fatos confirmados pela autoridade aeroespacial.","og_url":"https:\/\/portaltela.pt\/noticias\/2026\/03\/29\/finlandia-declara-estado-de-alerta-apos-entrada-de-drones-ucranianos\/","og_site_name":"Portal Tela Portugal","article_published_time":"2026-03-29T15:05:00+00:00","author":"Telinha","twitter_card":"summary_large_image","twitter_misc":{"Escrito por":"Telinha","Tempo estimado de leitura":"1 minuto"},"schema":{"@context":"https:\/\/schema.org","@graph":[{"@type":"Article","@id":"https:\/\/portaltela.pt\/noticias\/2026\/03\/29\/finlandia-declara-estado-de-alerta-apos-entrada-de-drones-ucranianos\/#article","isPartOf":{"@id":"https:\/\/portaltela.pt\/noticias\/2026\/03\/29\/finlandia-declara-estado-de-alerta-apos-entrada-de-drones-ucranianos\/"},"author":{"name":"Telinha","@id":"https:\/\/portaltela.pt\/#\/schema\/person\/c4278d4a6028830caff9ee44b42d32ed"},"headline":"Finl\u00e2ndia declara estado de alerta ap\u00f3s entrada de drones ucranianos","datePublished":"2026-03-29T15:05:00+00:00","mainEntityOfPage":{"@id":"https:\/\/portaltela.pt\/noticias\/2026\/03\/29\/finlandia-declara-estado-de-alerta-apos-entrada-de-drones-ucranianos\/"},"wordCount":144,"image":{"@id":"https:\/\/portaltela.pt\/noticias\/2026\/03\/29\/finlandia-declara-estado-de-alerta-apos-entrada-de-drones-ucranianos\/#primaryimage"},"thumbnailUrl":"https:\/\/portaltela.pt\/s.01k8rhncp4jt1\/2026\/03\/CACHE_780X1200_ANALOG_WATERMARKED_46727388_240156016665077.jpg","keywords":["drones","Finl\u00e2ndia","For\u00e7a A\u00e9rea","seguran\u00e7a","seguran\u00e7a internacional"],"articleSection":["Guerra","Internacional"],"inLanguage":"pt-PT"},{"@type":"WebPage","@id":"https:\/\/portaltela.pt\/noticias\/2026\/03\/29\/finlandia-declara-estado-de-alerta-apos-entrada-de-drones-ucranianos\/","url":"https:\/\/portaltela.pt\/noticias\/2026\/03\/29\/finlandia-declara-estado-de-alerta-apos-entrada-de-drones-ucranianos\/","name":"Finl\u00e2ndia declara estado de alerta ap\u00f3s entrada de drones ucranianos - Portal Tela Portugal","isPartOf":{"@id":"https:\/\/portaltela.pt\/#website"},"primaryImageOfPage":{"@id":"https:\/\/portaltela.pt\/noticias\/2026\/03\/29\/finlandia-declara-estado-de-alerta-apos-entrada-de-drones-ucranianos\/#primaryimage"},"image":{"@id":"https:\/\/portaltela.pt\/noticias\/2026\/03\/29\/finlandia-declara-estado-de-alerta-apos-entrada-de-drones-ucranianos\/#primaryimage"},"thumbnailUrl":"https:\/\/portaltela.pt\/s.01k8rhncp4jt1\/2026\/03\/CACHE_780X1200_ANALOG_WATERMARKED_46727388_240156016665077.jpg","datePublished":"2026-03-29T15:05:00+00:00","author":{"@id":"https:\/\/portaltela.pt\/#\/schema\/person\/c4278d4a6028830caff9ee44b42d32ed"},"breadcrumb":{"@id":"https:\/\/portaltela.pt\/noticias\/2026\/03\/29\/finlandia-declara-estado-de-alerta-apos-entrada-de-drones-ucranianos\/#breadcrumb"},"inLanguage":"pt-PT","potentialAction":[{"@type":"ReadAction","target":["https:\/\/portaltela.pt\/noticias\/2026\/03\/29\/finlandia-declara-estado-de-alerta-apos-entrada-de-drones-ucranianos\/"]}]},{"@type":"ImageObject","inLanguage":"pt-PT","@id":"https:\/\/portaltela.pt\/noticias\/2026\/03\/29\/finlandia-declara-estado-de-alerta-apos-entrada-de-drones-ucranianos\/#primaryimage","url":"https:\/\/portaltela.pt\/s.01k8rhncp4jt1\/2026\/03\/CACHE_780X1200_ANALOG_WATERMARKED_46727388_240156016665077.jpg","contentUrl":"https:\/\/portaltela.pt\/s.01k8rhncp4jt1\/2026\/03\/CACHE_780X1200_ANALOG_WATERMARKED_46727388_240156016665077.jpg","width":796,"height":448,"caption":"Finl\u00e2ndia declara estado de alerta ap\u00f3s entrada de drones de fabrico ucraniano"},{"@type":"BreadcrumbList","@id":"https:\/\/portaltela.pt\/noticias\/2026\/03\/29\/finlandia-declara-estado-de-alerta-apos-entrada-de-drones-ucranianos\/#breadcrumb","itemListElement":[{"@type":"ListItem","position":1,"name":"In\u00edcio","item":"https:\/\/portaltela.pt\/"},{"@type":"ListItem","position":2,"name":"Finl\u00e2ndia declara estado de alerta ap\u00f3s entrada de drones ucranianos"}]},{"@type":"WebSite","@id":"https:\/\/portaltela.pt\/#website","url":"https:\/\/portaltela.pt\/","name":"Portal Tela Portugal","description":"","potentialAction":[{"@type":"SearchAction","target":{"@type":"EntryPoint","urlTemplate":"https:\/\/portaltela.pt\/?s={search_term_string}"},"query-input":{"@type":"PropertyValueSpecification","valueRequired":true,"valueName":"search_term_string"}}],"inLanguage":"pt-PT"},{"@type":"Person","@id":"https:\/\/portaltela.pt\/#\/schema\/person\/c4278d4a6028830caff9ee44b42d32ed","name":"Telinha","image":{"@type":"ImageObject","inLanguage":"pt-PT","@id":"https:\/\/portaltela.pt\/s.01k8rhncp4jt1\/2025\/11\/talking-bot-125x125.png","url":"https:\/\/portaltela.pt\/s.01k8rhncp4jt1\/2025\/11\/talking-bot-125x125.png","contentUrl":"https:\/\/portaltela.pt\/s.01k8rhncp4jt1\/2025\/11\/talking-bot-125x125.png","caption":"Telinha"},"sameAs":["https:\/\/portaltela.pt\/"],"url":"https:\/\/portaltela.pt\/por\/367410592786\/"}]}},"_links":{"self":[{"href":"https:\/\/portaltela.pt\/api\/wp\/v2\/posts\/426174","targetHints":{"allow":["GET"]}}],"collection":[{"href":"https:\/\/portaltela.pt\/api\/wp\/v2\/posts"}],"about":[{"href":"https:\/\/portaltela.pt\/api\/wp\/v2\/types\/post"}],"author":[{"embeddable":true,"href":"https:\/\/portaltela.pt\/api\/wp\/v2\/users\/2"}],"replies":[{"embeddable":true,"href":"https:\/\/portaltela.pt\/api\/wp\/v2\/comments?post=426174"}],"version-history":[{"count":0,"href":"https:\/\/portaltela.pt\/api\/wp\/v2\/posts\/426174\/revisions"}],"wp:featuredmedia":[{"embeddable":true,"href":"https:\/\/portaltela.pt\/api\/wp\/v2\/media\/426177"}],"wp:attachment":[{"href":"https:\/\/portaltela.pt\/api\/wp\/v2\/media?parent=426174"}],"wp:term":[{"taxonomy":"category","embeddable":true,"href":"https:\/\/portaltela.pt\/api\/wp\/v2\/categories?post=426174"},{"taxonomy":"post_tag","embeddable":true,"href":"https:\/\/portaltela.pt\/api\/wp\/v2\/tags?post=426174"}],"curies":[{"name":"wp","href":"https:\/\/api.w.org\/{rel}","templated":true}]}}