{"id":426173,"date":"2026-03-29T14:47:14","date_gmt":"2026-03-29T17:47:14","guid":{"rendered":"https:\/\/portaltela.pt\/noticias\/2026\/03\/29\/eua-registram-recorde-de-manifestacoes-contra-trump-em-todos-os-estados\/"},"modified":"2026-03-29T14:47:14","modified_gmt":"2026-03-29T17:47:14","slug":"eua-registram-recorde-de-manifestacoes-contra-trump-em-todos-os-estados","status":"publish","type":"post","link":"https:\/\/portaltela.pt\/noticias\/internacional\/2026\/03\/29\/eua-registram-recorde-de-manifestacoes-contra-trump-em-todos-os-estados\/","title":{"rendered":"EUA registram recorde de manifesta\u00e7\u00f5es contra Trump em todos os estados"},"content":{"rendered":"<p>Os EUA registaram uma mobiliza\u00e7\u00e3o ampla contra o que os organizadores descrevem como autoritarismo na Casa Branca. Durante o s\u00e1bado, ocorreram protestos pac\u00edficos em mais de 3300 localidades de todos os estados, num movimento denominado No Kings. O objetivo \u00e9 mostrar oposi\u00e7\u00e3o n\u00e3o violenta a decis\u00f5es consideradas autorit\u00e1rias.<\/p>\n<p>Os organizadores afirmam que a manifesta\u00e7\u00e3o contou com participa\u00e7\u00e3o de milhares de pessoas, incluindo participantes que, segundo a organiza\u00e7\u00e3o, costumam ficar \u00e0 margem das ruas. A iniciativa descreve-se como pac\u00edfica e sem uso de viol\u00eancia.<\/p>\n<h3>Contexto e participa\u00e7\u00e3o<\/h3>\n<p>As a\u00e7\u00f5es ocorreram em todas as 50 jurisdi\u00e7\u00f5es, com concentra\u00e7\u00f5es dispersas por cidades e bairros, mantendo o car\u00e1ter de express\u00e3o p\u00fablica n\u00e3o violenta. A organiza\u00e7\u00e3o No Kings diz que o movimento envolve diversos perfis de cidad\u00e3os, incluindo pessoas que n\u00e3o costumam participar em grandes manifesta\u00e7\u00f5es.<\/p>\n<p>Segundo os organizadores, o objetivo \u00e9 chamar a aten\u00e7\u00e3o para quest\u00f5es constitucionais e democr\u00e1ticas, preservando o direito \u00e0 manifesta\u00e7\u00e3o pac\u00edfica. N\u00e3o houve detalhes imediatos sobre incidentes ou confrontos nas v\u00e1rias localidades.<\/p>\n","protected":false},"excerpt":{"rendered":"<ul>\n<li>Nos Estados Unidos, ocorreram protestos em mais de 3.300 localidades de todos os 50 estados.<\/li>\n<li>O movimento No Kings organizou as manifesta\u00e7\u00f5es, descrevendo-as como oposi\u00e7\u00e3o pac\u00edfica ao que chamam de autoridades na Casa Branca.<\/li>\n<li>Os organizadores afirmam que as a\u00e7\u00f5es foram n\u00e3o violentas e englobaram diversas comunidades.<\/li>\n<li>A mobiliza\u00e7\u00e3o ocorreu no s\u00e1bado, reunindo participantes de v\u00e1rias faixas et\u00e1rias, incluindo pessoas que costumam ficar fora das ruas.<\/li>\n<\/ul>\n","protected":false},"author":2,"featured_media":426178,"comment_status":"closed","ping_status":"closed","sticky":false,"template":"","format":"standard","meta":{"footnotes":""},"categories":[4,7127],"tags":[2795,5318,2633,1600,2832,2857],"class_list":["post-426173","post","type-post","status-publish","format-standard","has-post-thumbnail","hentry","category-internacional","category-politica-internacional","tag-democracia","tag-direitos-civis","tag-direitos-humanos","tag-estados-unidos","tag-politica","tag-protestos"],"yoast_head":"<!-- This site is optimized with the Yoast SEO plugin v27.2 - https:\/\/yoast.com\/product\/yoast-seo-wordpress\/ -->\n<title>EUA registram recorde de manifesta\u00e7\u00f5es contra Trump em todos os estados - Portal Tela Portugal<\/title>\n<meta name=\"robots\" content=\"index, follow, max-snippet:-1, max-image-preview:large, max-video-preview:-1\" \/>\n<meta property=\"og:locale\" content=\"pt_PT\" \/>\n<meta property=\"og:type\" content=\"article\" \/>\n<meta property=\"og:title\" content=\"EUA registram recorde de manifesta\u00e7\u00f5es contra Trump em todos os estados - Portal Tela Portugal\" \/>\n<meta property=\"og:description\" content=\"Nos Estados Unidos, ocorreram protestos em mais de 3.300 localidades de todos os 50 estados. O movimento No Kings organizou as manifesta\u00e7\u00f5es, descrevendo-as como oposi\u00e7\u00e3o pac\u00edfica ao que chamam de autoridades na Casa Branca. Os organizadores afirmam que as a\u00e7\u00f5es foram n\u00e3o violentas e englobaram diversas comunidades. A mobiliza\u00e7\u00e3o ocorreu no s\u00e1bado, reunindo participantes de v\u00e1rias faixas et\u00e1rias, incluindo pessoas que costumam ficar fora das ruas.\" \/>\n<meta property=\"og:url\" content=\"https:\/\/portaltela.pt\/noticias\/2026\/03\/29\/eua-registram-recorde-de-manifestacoes-contra-trump-em-todos-os-estados\/\" \/>\n<meta property=\"og:site_name\" content=\"Portal Tela Portugal\" \/>\n<meta property=\"article:published_time\" content=\"2026-03-29T17:47:14+00:00\" \/>\n<meta name=\"author\" content=\"Telinha\" \/>\n<meta name=\"twitter:card\" content=\"summary_large_image\" \/>\n<meta name=\"twitter:label1\" content=\"Escrito por\" \/>\n\t<meta name=\"twitter:data1\" content=\"Telinha\" \/>\n\t<meta name=\"twitter:label2\" content=\"Tempo estimado de leitura\" \/>\n\t<meta name=\"twitter:data2\" content=\"1 minuto\" \/>\n<script type=\"application\/ld+json\" class=\"yoast-schema-graph\">{\"@context\":\"https:\/\/schema.org\",\"@graph\":[{\"@type\":\"Article\",\"@id\":\"https:\/\/portaltela.pt\/noticias\/2026\/03\/29\/eua-registram-recorde-de-manifestacoes-contra-trump-em-todos-os-estados\/#article\",\"isPartOf\":{\"@id\":\"https:\/\/portaltela.pt\/noticias\/2026\/03\/29\/eua-registram-recorde-de-manifestacoes-contra-trump-em-todos-os-estados\/\"},\"author\":{\"name\":\"Telinha\",\"@id\":\"https:\/\/portaltela.pt\/#\/schema\/person\/c4278d4a6028830caff9ee44b42d32ed\"},\"headline\":\"EUA registram recorde de manifesta\u00e7\u00f5es contra Trump em todos os estados\",\"datePublished\":\"2026-03-29T17:47:14+00:00\",\"mainEntityOfPage\":{\"@id\":\"https:\/\/portaltela.pt\/noticias\/2026\/03\/29\/eua-registram-recorde-de-manifestacoes-contra-trump-em-todos-os-estados\/\"},\"wordCount\":199,\"image\":{\"@id\":\"https:\/\/portaltela.pt\/noticias\/2026\/03\/29\/eua-registram-recorde-de-manifestacoes-contra-trump-em-todos-os-estados\/#primaryimage\"},\"thumbnailUrl\":\"https:\/\/portaltela.pt\/s.01k8rhncp4jt1\/2026\/03\/2077853.jpg\",\"keywords\":[\"democracia\",\"direitos civis\",\"direitos humanos\",\"Estados Unidos\",\"pol\u00edtica\",\"protestos\"],\"articleSection\":[\"Internacional\",\"Pol\u00edtica Internacional\"],\"inLanguage\":\"pt-PT\"},{\"@type\":\"WebPage\",\"@id\":\"https:\/\/portaltela.pt\/noticias\/2026\/03\/29\/eua-registram-recorde-de-manifestacoes-contra-trump-em-todos-os-estados\/\",\"url\":\"https:\/\/portaltela.pt\/noticias\/2026\/03\/29\/eua-registram-recorde-de-manifestacoes-contra-trump-em-todos-os-estados\/\",\"name\":\"EUA registram recorde de manifesta\u00e7\u00f5es contra Trump em todos os estados - Portal Tela Portugal\",\"isPartOf\":{\"@id\":\"https:\/\/portaltela.pt\/#website\"},\"primaryImageOfPage\":{\"@id\":\"https:\/\/portaltela.pt\/noticias\/2026\/03\/29\/eua-registram-recorde-de-manifestacoes-contra-trump-em-todos-os-estados\/#primaryimage\"},\"image\":{\"@id\":\"https:\/\/portaltela.pt\/noticias\/2026\/03\/29\/eua-registram-recorde-de-manifestacoes-contra-trump-em-todos-os-estados\/#primaryimage\"},\"thumbnailUrl\":\"https:\/\/portaltela.pt\/s.01k8rhncp4jt1\/2026\/03\/2077853.jpg\",\"datePublished\":\"2026-03-29T17:47:14+00:00\",\"author\":{\"@id\":\"https:\/\/portaltela.pt\/#\/schema\/person\/c4278d4a6028830caff9ee44b42d32ed\"},\"breadcrumb\":{\"@id\":\"https:\/\/portaltela.pt\/noticias\/2026\/03\/29\/eua-registram-recorde-de-manifestacoes-contra-trump-em-todos-os-estados\/#breadcrumb\"},\"inLanguage\":\"pt-PT\",\"potentialAction\":[{\"@type\":\"ReadAction\",\"target\":[\"https:\/\/portaltela.pt\/noticias\/2026\/03\/29\/eua-registram-recorde-de-manifestacoes-contra-trump-em-todos-os-estados\/\"]}]},{\"@type\":\"ImageObject\",\"inLanguage\":\"pt-PT\",\"@id\":\"https:\/\/portaltela.pt\/noticias\/2026\/03\/29\/eua-registram-recorde-de-manifestacoes-contra-trump-em-todos-os-estados\/#primaryimage\",\"url\":\"https:\/\/portaltela.pt\/s.01k8rhncp4jt1\/2026\/03\/2077853.jpg\",\"contentUrl\":\"https:\/\/portaltela.pt\/s.01k8rhncp4jt1\/2026\/03\/2077853.jpg\",\"width\":796,\"height\":448,\"caption\":\"Manifesta\u00e7\u00e3o em Los Angeles, onde se viu o conhecido bal\u00e3o de Donald Trump beb\u00e9\"},{\"@type\":\"BreadcrumbList\",\"@id\":\"https:\/\/portaltela.pt\/noticias\/2026\/03\/29\/eua-registram-recorde-de-manifestacoes-contra-trump-em-todos-os-estados\/#breadcrumb\",\"itemListElement\":[{\"@type\":\"ListItem\",\"position\":1,\"name\":\"In\u00edcio\",\"item\":\"https:\/\/portaltela.pt\/\"},{\"@type\":\"ListItem\",\"position\":2,\"name\":\"EUA registram recorde de manifesta\u00e7\u00f5es contra Trump em todos os estados\"}]},{\"@type\":\"WebSite\",\"@id\":\"https:\/\/portaltela.pt\/#website\",\"url\":\"https:\/\/portaltela.pt\/\",\"name\":\"Portal Tela Portugal\",\"description\":\"\",\"potentialAction\":[{\"@type\":\"SearchAction\",\"target\":{\"@type\":\"EntryPoint\",\"urlTemplate\":\"https:\/\/portaltela.pt\/?s={search_term_string}\"},\"query-input\":{\"@type\":\"PropertyValueSpecification\",\"valueRequired\":true,\"valueName\":\"search_term_string\"}}],\"inLanguage\":\"pt-PT\"},{\"@type\":\"Person\",\"@id\":\"https:\/\/portaltela.pt\/#\/schema\/person\/c4278d4a6028830caff9ee44b42d32ed\",\"name\":\"Telinha\",\"image\":{\"@type\":\"ImageObject\",\"inLanguage\":\"pt-PT\",\"@id\":\"https:\/\/portaltela.pt\/s.01k8rhncp4jt1\/2025\/11\/talking-bot-125x125.png\",\"url\":\"https:\/\/portaltela.pt\/s.01k8rhncp4jt1\/2025\/11\/talking-bot-125x125.png\",\"contentUrl\":\"https:\/\/portaltela.pt\/s.01k8rhncp4jt1\/2025\/11\/talking-bot-125x125.png\",\"caption\":\"Telinha\"},\"sameAs\":[\"https:\/\/portaltela.pt\/\"],\"url\":\"https:\/\/portaltela.pt\/por\/367410592786\/\"}]}<\/script>\n<!-- \/ Yoast SEO plugin. -->","yoast_head_json":{"title":"EUA registram recorde de manifesta\u00e7\u00f5es contra Trump em todos os estados - Portal Tela Portugal","robots":{"index":"index","follow":"follow","max-snippet":"max-snippet:-1","max-image-preview":"max-image-preview:large","max-video-preview":"max-video-preview:-1"},"og_locale":"pt_PT","og_type":"article","og_title":"EUA registram recorde de manifesta\u00e7\u00f5es contra Trump em todos os estados - Portal Tela Portugal","og_description":"Nos Estados Unidos, ocorreram protestos em mais de 3.300 localidades de todos os 50 estados. O movimento No Kings organizou as manifesta\u00e7\u00f5es, descrevendo-as como oposi\u00e7\u00e3o pac\u00edfica ao que chamam de autoridades na Casa Branca. Os organizadores afirmam que as a\u00e7\u00f5es foram n\u00e3o violentas e englobaram diversas comunidades. A mobiliza\u00e7\u00e3o ocorreu no s\u00e1bado, reunindo participantes de v\u00e1rias faixas et\u00e1rias, incluindo pessoas que costumam ficar fora das ruas.","og_url":"https:\/\/portaltela.pt\/noticias\/2026\/03\/29\/eua-registram-recorde-de-manifestacoes-contra-trump-em-todos-os-estados\/","og_site_name":"Portal Tela Portugal","article_published_time":"2026-03-29T17:47:14+00:00","author":"Telinha","twitter_card":"summary_large_image","twitter_misc":{"Escrito por":"Telinha","Tempo estimado de leitura":"1 minuto"},"schema":{"@context":"https:\/\/schema.org","@graph":[{"@type":"Article","@id":"https:\/\/portaltela.pt\/noticias\/2026\/03\/29\/eua-registram-recorde-de-manifestacoes-contra-trump-em-todos-os-estados\/#article","isPartOf":{"@id":"https:\/\/portaltela.pt\/noticias\/2026\/03\/29\/eua-registram-recorde-de-manifestacoes-contra-trump-em-todos-os-estados\/"},"author":{"name":"Telinha","@id":"https:\/\/portaltela.pt\/#\/schema\/person\/c4278d4a6028830caff9ee44b42d32ed"},"headline":"EUA registram recorde de manifesta\u00e7\u00f5es contra Trump em todos os estados","datePublished":"2026-03-29T17:47:14+00:00","mainEntityOfPage":{"@id":"https:\/\/portaltela.pt\/noticias\/2026\/03\/29\/eua-registram-recorde-de-manifestacoes-contra-trump-em-todos-os-estados\/"},"wordCount":199,"image":{"@id":"https:\/\/portaltela.pt\/noticias\/2026\/03\/29\/eua-registram-recorde-de-manifestacoes-contra-trump-em-todos-os-estados\/#primaryimage"},"thumbnailUrl":"https:\/\/portaltela.pt\/s.01k8rhncp4jt1\/2026\/03\/2077853.jpg","keywords":["democracia","direitos civis","direitos humanos","Estados Unidos","pol\u00edtica","protestos"],"articleSection":["Internacional","Pol\u00edtica Internacional"],"inLanguage":"pt-PT"},{"@type":"WebPage","@id":"https:\/\/portaltela.pt\/noticias\/2026\/03\/29\/eua-registram-recorde-de-manifestacoes-contra-trump-em-todos-os-estados\/","url":"https:\/\/portaltela.pt\/noticias\/2026\/03\/29\/eua-registram-recorde-de-manifestacoes-contra-trump-em-todos-os-estados\/","name":"EUA registram recorde de manifesta\u00e7\u00f5es contra Trump em todos os estados - Portal Tela Portugal","isPartOf":{"@id":"https:\/\/portaltela.pt\/#website"},"primaryImageOfPage":{"@id":"https:\/\/portaltela.pt\/noticias\/2026\/03\/29\/eua-registram-recorde-de-manifestacoes-contra-trump-em-todos-os-estados\/#primaryimage"},"image":{"@id":"https:\/\/portaltela.pt\/noticias\/2026\/03\/29\/eua-registram-recorde-de-manifestacoes-contra-trump-em-todos-os-estados\/#primaryimage"},"thumbnailUrl":"https:\/\/portaltela.pt\/s.01k8rhncp4jt1\/2026\/03\/2077853.jpg","datePublished":"2026-03-29T17:47:14+00:00","author":{"@id":"https:\/\/portaltela.pt\/#\/schema\/person\/c4278d4a6028830caff9ee44b42d32ed"},"breadcrumb":{"@id":"https:\/\/portaltela.pt\/noticias\/2026\/03\/29\/eua-registram-recorde-de-manifestacoes-contra-trump-em-todos-os-estados\/#breadcrumb"},"inLanguage":"pt-PT","potentialAction":[{"@type":"ReadAction","target":["https:\/\/portaltela.pt\/noticias\/2026\/03\/29\/eua-registram-recorde-de-manifestacoes-contra-trump-em-todos-os-estados\/"]}]},{"@type":"ImageObject","inLanguage":"pt-PT","@id":"https:\/\/portaltela.pt\/noticias\/2026\/03\/29\/eua-registram-recorde-de-manifestacoes-contra-trump-em-todos-os-estados\/#primaryimage","url":"https:\/\/portaltela.pt\/s.01k8rhncp4jt1\/2026\/03\/2077853.jpg","contentUrl":"https:\/\/portaltela.pt\/s.01k8rhncp4jt1\/2026\/03\/2077853.jpg","width":796,"height":448,"caption":"Manifesta\u00e7\u00e3o em Los Angeles, onde se viu o conhecido bal\u00e3o de Donald Trump beb\u00e9"},{"@type":"BreadcrumbList","@id":"https:\/\/portaltela.pt\/noticias\/2026\/03\/29\/eua-registram-recorde-de-manifestacoes-contra-trump-em-todos-os-estados\/#breadcrumb","itemListElement":[{"@type":"ListItem","position":1,"name":"In\u00edcio","item":"https:\/\/portaltela.pt\/"},{"@type":"ListItem","position":2,"name":"EUA registram recorde de manifesta\u00e7\u00f5es contra Trump em todos os estados"}]},{"@type":"WebSite","@id":"https:\/\/portaltela.pt\/#website","url":"https:\/\/portaltela.pt\/","name":"Portal Tela Portugal","description":"","potentialAction":[{"@type":"SearchAction","target":{"@type":"EntryPoint","urlTemplate":"https:\/\/portaltela.pt\/?s={search_term_string}"},"query-input":{"@type":"PropertyValueSpecification","valueRequired":true,"valueName":"search_term_string"}}],"inLanguage":"pt-PT"},{"@type":"Person","@id":"https:\/\/portaltela.pt\/#\/schema\/person\/c4278d4a6028830caff9ee44b42d32ed","name":"Telinha","image":{"@type":"ImageObject","inLanguage":"pt-PT","@id":"https:\/\/portaltela.pt\/s.01k8rhncp4jt1\/2025\/11\/talking-bot-125x125.png","url":"https:\/\/portaltela.pt\/s.01k8rhncp4jt1\/2025\/11\/talking-bot-125x125.png","contentUrl":"https:\/\/portaltela.pt\/s.01k8rhncp4jt1\/2025\/11\/talking-bot-125x125.png","caption":"Telinha"},"sameAs":["https:\/\/portaltela.pt\/"],"url":"https:\/\/portaltela.pt\/por\/367410592786\/"}]}},"_links":{"self":[{"href":"https:\/\/portaltela.pt\/api\/wp\/v2\/posts\/426173","targetHints":{"allow":["GET"]}}],"collection":[{"href":"https:\/\/portaltela.pt\/api\/wp\/v2\/posts"}],"about":[{"href":"https:\/\/portaltela.pt\/api\/wp\/v2\/types\/post"}],"author":[{"embeddable":true,"href":"https:\/\/portaltela.pt\/api\/wp\/v2\/users\/2"}],"replies":[{"embeddable":true,"href":"https:\/\/portaltela.pt\/api\/wp\/v2\/comments?post=426173"}],"version-history":[{"count":0,"href":"https:\/\/portaltela.pt\/api\/wp\/v2\/posts\/426173\/revisions"}],"wp:featuredmedia":[{"embeddable":true,"href":"https:\/\/portaltela.pt\/api\/wp\/v2\/media\/426178"}],"wp:attachment":[{"href":"https:\/\/portaltela.pt\/api\/wp\/v2\/media?parent=426173"}],"wp:term":[{"taxonomy":"category","embeddable":true,"href":"https:\/\/portaltela.pt\/api\/wp\/v2\/categories?post=426173"},{"taxonomy":"post_tag","embeddable":true,"href":"https:\/\/portaltela.pt\/api\/wp\/v2\/tags?post=426173"}],"curies":[{"name":"wp","href":"https:\/\/api.w.org\/{rel}","templated":true}]}}