{"id":426163,"date":"2026-03-29T14:32:05","date_gmt":"2026-03-29T17:32:05","guid":{"rendered":"https:\/\/portaltela.pt\/noticias\/2026\/03\/29\/sarah-ferguson-perde-distincao-historica-apos-escandalo-epstein\/"},"modified":"2026-03-29T14:32:05","modified_gmt":"2026-03-29T17:32:05","slug":"sarah-ferguson-perde-distincao-historica-apos-escandalo-epstein","status":"publish","type":"post","link":"https:\/\/portaltela.pt\/sociedade\/2026\/03\/29\/sarah-ferguson-perde-distincao-historica-apos-escandalo-epstein\/","title":{"rendered":"Sarah Ferguson perde distin\u00e7\u00e3o hist\u00f3rica ap\u00f3s esc\u00e2ndalo Epstein"},"content":{"rendered":"<p>A cidade de York retirou o t\u00edtulo de Freedom of the City a Sarah Ferguson, ex-duquesa de York, ap\u00f3s uma decis\u00e3o un\u00e2nime do conselho municipal. A medida surge numa altura em que Ferguson mant\u00e9m aus\u00eancia p\u00fablica prolongada. O munic\u00edpio justificou a retirada pela liga\u00e7\u00e3o da ex-mulher do pr\u00edncipe Andr\u00e9 a Jeffrey Epstein, o que j\u00e1 veio a p\u00fablico com gravidade suficiente para questionar a compatibilidade com a honra.<\/p>\n<p>O t\u00edtulo, concedido em 1987 aquando do casamento com o pr\u00edncipe Andr\u00e9, era sobretudo simb\u00f3lico. Respons\u00e1veis do conselho explicaram que o estatuto exige comportamentos condizentes com a honra, e que manter a distin\u00e7\u00e3o ap\u00f3s a divulga\u00e7\u00e3o de crimes de Epstein fica aqu\u00e9m dessas expectativas. A decis\u00e3o foi comunicada pela BBC.<\/p>\n<p>Este epis\u00f3dio soma-se a uma serie de percal\u00e7os na imagem p\u00fablica de Ferguson. Nos \u00faltimos meses, v\u00e1rias institui\u00e7\u00f5es cortaram rela\u00e7\u00f5es com ela, incluindo iniciativas geridas pela funda\u00e7\u00e3o Sarah\u2019s Trust, que j\u00e1 enfrentou dificuldades financeiras e de apoio p\u00fablico. Documentos da investiga\u00e7\u00e3o a Epstein, divulgados pelo Departamento de Justi\u00e7a dos EUA, tamb\u00e9m contribu\u00edram para o escrut\u00ednio.<\/p>\n<p>Contexto e desdobramentos<\/p>\n<p>Foi ainda revelado que Ferguson recebeu uma carta de um congressista norte-americano a pedir que se desloque aos EUA para prestar informa\u00e7\u00f5es sobre a sua rela\u00e7\u00e3o com Epstein. N\u00e3o h\u00e1, neste momento, confirma\u00e7\u00e3o de participa\u00e7\u00e3o em audi\u00eancias ou de qualquer resposta oficial a esse pedido.<\/p>\n<p>Fonte pr\u00f3xima afirmou que a retirada do t\u00edtulo n\u00e3o altera automaticamente outras distin\u00e7\u00f5es ou colabora\u00e7\u00f5es j\u00e1 existentes, mas ressalvou que o escrut\u00ednio p\u00fablico permanece. Representantes oficiais n\u00e3o destacaram novos passos legais, informando apenas que a cidade continua atenta a quaisquer desenvolvimentos.<\/p>\n","protected":false},"excerpt":{"rendered":"<ul>\n<li>O conselho municipal de York revogou por decis\u00e3o un\u00e2nime o t\u00edtulo Freedom of the City of York atribu\u00eddo a Sarah Ferguson em 1987.<\/li>\n<li>A retirada deve-se \u00e0s liga\u00e7\u00f5es da ex-duquesa de York ao predador sexual Jeffrey Epstein, segundo respons\u00e1veis citados pela BBC.<\/li>\n<li>O estatuto era, sobretudo, simb\u00f3lico, mas o conselho afirmou que a continuidade da distin\u00e7\u00e3o deixou de fazer sentido face aos crimes de Epstein.<\/li>\n<li>A pol\u00e9mica agrava a crise de reputa\u00e7\u00e3o da ex-duquesa, com perda de estatuto e cortes de rela\u00e7\u00f5es por parte de v\u00e1rias organiza\u00e7\u00f5es e da funda\u00e7\u00e3o Sarah\u2019s Trust.<\/li>\n<li>Foi divulgada uma carta de um congressista norte-americano a pedir que Ferguson v\u00e1 aos EUA explicar a rela\u00e7\u00e3o com Epstein.<\/li>\n<\/ul>\n","protected":false},"author":2,"featured_media":426168,"comment_status":"closed","ping_status":"closed","sticky":false,"template":"","format":"standard","meta":{"footnotes":""},"categories":[7384,6871],"tags":[168,147,5514,7615,4963],"class_list":["post-426163","post","type-post","status-publish","format-standard","has-post-thumbnail","hentry","category-curiosidades","category-sociedade","tag-administracao-publica","tag-crime","tag-escandalos","tag-freedom-of-the-city","tag-sarah-ferguson"],"yoast_head":"<!-- This site is optimized with the Yoast SEO plugin v27.2 - https:\/\/yoast.com\/product\/yoast-seo-wordpress\/ -->\n<title>Sarah Ferguson perde distin\u00e7\u00e3o hist\u00f3rica ap\u00f3s esc\u00e2ndalo Epstein - Portal Tela Portugal<\/title>\n<meta name=\"robots\" content=\"index, follow, max-snippet:-1, max-image-preview:large, max-video-preview:-1\" \/>\n<meta property=\"og:locale\" content=\"pt_PT\" \/>\n<meta property=\"og:type\" content=\"article\" \/>\n<meta property=\"og:title\" content=\"Sarah Ferguson perde distin\u00e7\u00e3o hist\u00f3rica ap\u00f3s esc\u00e2ndalo Epstein - Portal Tela Portugal\" \/>\n<meta property=\"og:description\" content=\"O conselho municipal de York revogou por decis\u00e3o un\u00e2nime o t\u00edtulo Freedom of the City of York atribu\u00eddo a Sarah Ferguson em 1987. A retirada deve-se \u00e0s liga\u00e7\u00f5es da ex-duquesa de York ao predador sexual Jeffrey Epstein, segundo respons\u00e1veis citados pela BBC. O estatuto era, sobretudo, simb\u00f3lico, mas o conselho afirmou que a continuidade da distin\u00e7\u00e3o deixou de fazer sentido face aos crimes de Epstein. A pol\u00e9mica agrava a crise de reputa\u00e7\u00e3o da ex-duquesa, com perda de estatuto e cortes de rela\u00e7\u00f5es por parte de v\u00e1rias organiza\u00e7\u00f5es e da funda\u00e7\u00e3o Sarah\u2019s Trust. Foi divulgada uma carta de um congressista norte-americano a pedir que Ferguson v\u00e1 aos EUA explicar a rela\u00e7\u00e3o com Epstein.\" \/>\n<meta property=\"og:url\" content=\"https:\/\/portaltela.pt\/noticias\/2026\/03\/29\/sarah-ferguson-perde-distincao-historica-apos-escandalo-epstein\/\" \/>\n<meta property=\"og:site_name\" content=\"Portal Tela Portugal\" \/>\n<meta property=\"article:published_time\" content=\"2026-03-29T17:32:05+00:00\" \/>\n<meta name=\"author\" content=\"Telinha\" \/>\n<meta name=\"twitter:card\" content=\"summary_large_image\" \/>\n<meta name=\"twitter:label1\" content=\"Escrito por\" \/>\n\t<meta name=\"twitter:data1\" content=\"Telinha\" \/>\n\t<meta name=\"twitter:label2\" content=\"Tempo estimado de leitura\" \/>\n\t<meta name=\"twitter:data2\" content=\"2 minutos\" \/>\n<script type=\"application\/ld+json\" class=\"yoast-schema-graph\">{\"@context\":\"https:\/\/schema.org\",\"@graph\":[{\"@type\":\"Article\",\"@id\":\"https:\/\/portaltela.pt\/noticias\/2026\/03\/29\/sarah-ferguson-perde-distincao-historica-apos-escandalo-epstein\/#article\",\"isPartOf\":{\"@id\":\"https:\/\/portaltela.pt\/noticias\/2026\/03\/29\/sarah-ferguson-perde-distincao-historica-apos-escandalo-epstein\/\"},\"author\":{\"name\":\"Telinha\",\"@id\":\"https:\/\/portaltela.pt\/#\/schema\/person\/c4278d4a6028830caff9ee44b42d32ed\"},\"headline\":\"Sarah Ferguson perde distin\u00e7\u00e3o hist\u00f3rica ap\u00f3s esc\u00e2ndalo Epstein\",\"datePublished\":\"2026-03-29T17:32:05+00:00\",\"mainEntityOfPage\":{\"@id\":\"https:\/\/portaltela.pt\/noticias\/2026\/03\/29\/sarah-ferguson-perde-distincao-historica-apos-escandalo-epstein\/\"},\"wordCount\":321,\"image\":{\"@id\":\"https:\/\/portaltela.pt\/noticias\/2026\/03\/29\/sarah-ferguson-perde-distincao-historica-apos-escandalo-epstein\/#primaryimage\"},\"thumbnailUrl\":\"https:\/\/portaltela.pt\/s.01k8rhncp4jt1\/2026\/03\/img_1280x718uu2024-05-25-13-18-43-2168957.jpg\",\"keywords\":[\"administra\u00e7\u00e3o p\u00fablica\",\"crime\",\"esc\u00e2ndalos\",\"Freedom of the City\",\"Sarah Ferguson\"],\"articleSection\":[\"Curiosidades\",\"Sociedade\"],\"inLanguage\":\"pt-PT\"},{\"@type\":\"WebPage\",\"@id\":\"https:\/\/portaltela.pt\/noticias\/2026\/03\/29\/sarah-ferguson-perde-distincao-historica-apos-escandalo-epstein\/\",\"url\":\"https:\/\/portaltela.pt\/noticias\/2026\/03\/29\/sarah-ferguson-perde-distincao-historica-apos-escandalo-epstein\/\",\"name\":\"Sarah Ferguson perde distin\u00e7\u00e3o hist\u00f3rica ap\u00f3s esc\u00e2ndalo Epstein - Portal Tela Portugal\",\"isPartOf\":{\"@id\":\"https:\/\/portaltela.pt\/#website\"},\"primaryImageOfPage\":{\"@id\":\"https:\/\/portaltela.pt\/noticias\/2026\/03\/29\/sarah-ferguson-perde-distincao-historica-apos-escandalo-epstein\/#primaryimage\"},\"image\":{\"@id\":\"https:\/\/portaltela.pt\/noticias\/2026\/03\/29\/sarah-ferguson-perde-distincao-historica-apos-escandalo-epstein\/#primaryimage\"},\"thumbnailUrl\":\"https:\/\/portaltela.pt\/s.01k8rhncp4jt1\/2026\/03\/img_1280x718uu2024-05-25-13-18-43-2168957.jpg\",\"datePublished\":\"2026-03-29T17:32:05+00:00\",\"author\":{\"@id\":\"https:\/\/portaltela.pt\/#\/schema\/person\/c4278d4a6028830caff9ee44b42d32ed\"},\"breadcrumb\":{\"@id\":\"https:\/\/portaltela.pt\/noticias\/2026\/03\/29\/sarah-ferguson-perde-distincao-historica-apos-escandalo-epstein\/#breadcrumb\"},\"inLanguage\":\"pt-PT\",\"potentialAction\":[{\"@type\":\"ReadAction\",\"target\":[\"https:\/\/portaltela.pt\/noticias\/2026\/03\/29\/sarah-ferguson-perde-distincao-historica-apos-escandalo-epstein\/\"]}]},{\"@type\":\"ImageObject\",\"inLanguage\":\"pt-PT\",\"@id\":\"https:\/\/portaltela.pt\/noticias\/2026\/03\/29\/sarah-ferguson-perde-distincao-historica-apos-escandalo-epstein\/#primaryimage\",\"url\":\"https:\/\/portaltela.pt\/s.01k8rhncp4jt1\/2026\/03\/img_1280x718uu2024-05-25-13-18-43-2168957.jpg\",\"contentUrl\":\"https:\/\/portaltela.pt\/s.01k8rhncp4jt1\/2026\/03\/img_1280x718uu2024-05-25-13-18-43-2168957.jpg\",\"width\":796,\"height\":448,\"caption\":\"Sarah Ferguson\"},{\"@type\":\"BreadcrumbList\",\"@id\":\"https:\/\/portaltela.pt\/noticias\/2026\/03\/29\/sarah-ferguson-perde-distincao-historica-apos-escandalo-epstein\/#breadcrumb\",\"itemListElement\":[{\"@type\":\"ListItem\",\"position\":1,\"name\":\"In\u00edcio\",\"item\":\"https:\/\/portaltela.pt\/\"},{\"@type\":\"ListItem\",\"position\":2,\"name\":\"Sarah Ferguson perde distin\u00e7\u00e3o hist\u00f3rica ap\u00f3s esc\u00e2ndalo Epstein\"}]},{\"@type\":\"WebSite\",\"@id\":\"https:\/\/portaltela.pt\/#website\",\"url\":\"https:\/\/portaltela.pt\/\",\"name\":\"Portal Tela Portugal\",\"description\":\"\",\"potentialAction\":[{\"@type\":\"SearchAction\",\"target\":{\"@type\":\"EntryPoint\",\"urlTemplate\":\"https:\/\/portaltela.pt\/?s={search_term_string}\"},\"query-input\":{\"@type\":\"PropertyValueSpecification\",\"valueRequired\":true,\"valueName\":\"search_term_string\"}}],\"inLanguage\":\"pt-PT\"},{\"@type\":\"Person\",\"@id\":\"https:\/\/portaltela.pt\/#\/schema\/person\/c4278d4a6028830caff9ee44b42d32ed\",\"name\":\"Telinha\",\"image\":{\"@type\":\"ImageObject\",\"inLanguage\":\"pt-PT\",\"@id\":\"https:\/\/portaltela.pt\/s.01k8rhncp4jt1\/2025\/11\/talking-bot-125x125.png\",\"url\":\"https:\/\/portaltela.pt\/s.01k8rhncp4jt1\/2025\/11\/talking-bot-125x125.png\",\"contentUrl\":\"https:\/\/portaltela.pt\/s.01k8rhncp4jt1\/2025\/11\/talking-bot-125x125.png\",\"caption\":\"Telinha\"},\"sameAs\":[\"https:\/\/portaltela.pt\/\"],\"url\":\"https:\/\/portaltela.pt\/por\/367410592786\/\"}]}<\/script>\n<!-- \/ Yoast SEO plugin. -->","yoast_head_json":{"title":"Sarah Ferguson perde distin\u00e7\u00e3o hist\u00f3rica ap\u00f3s esc\u00e2ndalo Epstein - Portal Tela Portugal","robots":{"index":"index","follow":"follow","max-snippet":"max-snippet:-1","max-image-preview":"max-image-preview:large","max-video-preview":"max-video-preview:-1"},"og_locale":"pt_PT","og_type":"article","og_title":"Sarah Ferguson perde distin\u00e7\u00e3o hist\u00f3rica ap\u00f3s esc\u00e2ndalo Epstein - Portal Tela Portugal","og_description":"O conselho municipal de York revogou por decis\u00e3o un\u00e2nime o t\u00edtulo Freedom of the City of York atribu\u00eddo a Sarah Ferguson em 1987. A retirada deve-se \u00e0s liga\u00e7\u00f5es da ex-duquesa de York ao predador sexual Jeffrey Epstein, segundo respons\u00e1veis citados pela BBC. O estatuto era, sobretudo, simb\u00f3lico, mas o conselho afirmou que a continuidade da distin\u00e7\u00e3o deixou de fazer sentido face aos crimes de Epstein. A pol\u00e9mica agrava a crise de reputa\u00e7\u00e3o da ex-duquesa, com perda de estatuto e cortes de rela\u00e7\u00f5es por parte de v\u00e1rias organiza\u00e7\u00f5es e da funda\u00e7\u00e3o Sarah\u2019s Trust. Foi divulgada uma carta de um congressista norte-americano a pedir que Ferguson v\u00e1 aos EUA explicar a rela\u00e7\u00e3o com Epstein.","og_url":"https:\/\/portaltela.pt\/noticias\/2026\/03\/29\/sarah-ferguson-perde-distincao-historica-apos-escandalo-epstein\/","og_site_name":"Portal Tela Portugal","article_published_time":"2026-03-29T17:32:05+00:00","author":"Telinha","twitter_card":"summary_large_image","twitter_misc":{"Escrito por":"Telinha","Tempo estimado de leitura":"2 minutos"},"schema":{"@context":"https:\/\/schema.org","@graph":[{"@type":"Article","@id":"https:\/\/portaltela.pt\/noticias\/2026\/03\/29\/sarah-ferguson-perde-distincao-historica-apos-escandalo-epstein\/#article","isPartOf":{"@id":"https:\/\/portaltela.pt\/noticias\/2026\/03\/29\/sarah-ferguson-perde-distincao-historica-apos-escandalo-epstein\/"},"author":{"name":"Telinha","@id":"https:\/\/portaltela.pt\/#\/schema\/person\/c4278d4a6028830caff9ee44b42d32ed"},"headline":"Sarah Ferguson perde distin\u00e7\u00e3o hist\u00f3rica ap\u00f3s esc\u00e2ndalo Epstein","datePublished":"2026-03-29T17:32:05+00:00","mainEntityOfPage":{"@id":"https:\/\/portaltela.pt\/noticias\/2026\/03\/29\/sarah-ferguson-perde-distincao-historica-apos-escandalo-epstein\/"},"wordCount":321,"image":{"@id":"https:\/\/portaltela.pt\/noticias\/2026\/03\/29\/sarah-ferguson-perde-distincao-historica-apos-escandalo-epstein\/#primaryimage"},"thumbnailUrl":"https:\/\/portaltela.pt\/s.01k8rhncp4jt1\/2026\/03\/img_1280x718uu2024-05-25-13-18-43-2168957.jpg","keywords":["administra\u00e7\u00e3o p\u00fablica","crime","esc\u00e2ndalos","Freedom of the City","Sarah Ferguson"],"articleSection":["Curiosidades","Sociedade"],"inLanguage":"pt-PT"},{"@type":"WebPage","@id":"https:\/\/portaltela.pt\/noticias\/2026\/03\/29\/sarah-ferguson-perde-distincao-historica-apos-escandalo-epstein\/","url":"https:\/\/portaltela.pt\/noticias\/2026\/03\/29\/sarah-ferguson-perde-distincao-historica-apos-escandalo-epstein\/","name":"Sarah Ferguson perde distin\u00e7\u00e3o hist\u00f3rica ap\u00f3s esc\u00e2ndalo Epstein - Portal Tela Portugal","isPartOf":{"@id":"https:\/\/portaltela.pt\/#website"},"primaryImageOfPage":{"@id":"https:\/\/portaltela.pt\/noticias\/2026\/03\/29\/sarah-ferguson-perde-distincao-historica-apos-escandalo-epstein\/#primaryimage"},"image":{"@id":"https:\/\/portaltela.pt\/noticias\/2026\/03\/29\/sarah-ferguson-perde-distincao-historica-apos-escandalo-epstein\/#primaryimage"},"thumbnailUrl":"https:\/\/portaltela.pt\/s.01k8rhncp4jt1\/2026\/03\/img_1280x718uu2024-05-25-13-18-43-2168957.jpg","datePublished":"2026-03-29T17:32:05+00:00","author":{"@id":"https:\/\/portaltela.pt\/#\/schema\/person\/c4278d4a6028830caff9ee44b42d32ed"},"breadcrumb":{"@id":"https:\/\/portaltela.pt\/noticias\/2026\/03\/29\/sarah-ferguson-perde-distincao-historica-apos-escandalo-epstein\/#breadcrumb"},"inLanguage":"pt-PT","potentialAction":[{"@type":"ReadAction","target":["https:\/\/portaltela.pt\/noticias\/2026\/03\/29\/sarah-ferguson-perde-distincao-historica-apos-escandalo-epstein\/"]}]},{"@type":"ImageObject","inLanguage":"pt-PT","@id":"https:\/\/portaltela.pt\/noticias\/2026\/03\/29\/sarah-ferguson-perde-distincao-historica-apos-escandalo-epstein\/#primaryimage","url":"https:\/\/portaltela.pt\/s.01k8rhncp4jt1\/2026\/03\/img_1280x718uu2024-05-25-13-18-43-2168957.jpg","contentUrl":"https:\/\/portaltela.pt\/s.01k8rhncp4jt1\/2026\/03\/img_1280x718uu2024-05-25-13-18-43-2168957.jpg","width":796,"height":448,"caption":"Sarah Ferguson"},{"@type":"BreadcrumbList","@id":"https:\/\/portaltela.pt\/noticias\/2026\/03\/29\/sarah-ferguson-perde-distincao-historica-apos-escandalo-epstein\/#breadcrumb","itemListElement":[{"@type":"ListItem","position":1,"name":"In\u00edcio","item":"https:\/\/portaltela.pt\/"},{"@type":"ListItem","position":2,"name":"Sarah Ferguson perde distin\u00e7\u00e3o hist\u00f3rica ap\u00f3s esc\u00e2ndalo Epstein"}]},{"@type":"WebSite","@id":"https:\/\/portaltela.pt\/#website","url":"https:\/\/portaltela.pt\/","name":"Portal Tela Portugal","description":"","potentialAction":[{"@type":"SearchAction","target":{"@type":"EntryPoint","urlTemplate":"https:\/\/portaltela.pt\/?s={search_term_string}"},"query-input":{"@type":"PropertyValueSpecification","valueRequired":true,"valueName":"search_term_string"}}],"inLanguage":"pt-PT"},{"@type":"Person","@id":"https:\/\/portaltela.pt\/#\/schema\/person\/c4278d4a6028830caff9ee44b42d32ed","name":"Telinha","image":{"@type":"ImageObject","inLanguage":"pt-PT","@id":"https:\/\/portaltela.pt\/s.01k8rhncp4jt1\/2025\/11\/talking-bot-125x125.png","url":"https:\/\/portaltela.pt\/s.01k8rhncp4jt1\/2025\/11\/talking-bot-125x125.png","contentUrl":"https:\/\/portaltela.pt\/s.01k8rhncp4jt1\/2025\/11\/talking-bot-125x125.png","caption":"Telinha"},"sameAs":["https:\/\/portaltela.pt\/"],"url":"https:\/\/portaltela.pt\/por\/367410592786\/"}]}},"_links":{"self":[{"href":"https:\/\/portaltela.pt\/api\/wp\/v2\/posts\/426163","targetHints":{"allow":["GET"]}}],"collection":[{"href":"https:\/\/portaltela.pt\/api\/wp\/v2\/posts"}],"about":[{"href":"https:\/\/portaltela.pt\/api\/wp\/v2\/types\/post"}],"author":[{"embeddable":true,"href":"https:\/\/portaltela.pt\/api\/wp\/v2\/users\/2"}],"replies":[{"embeddable":true,"href":"https:\/\/portaltela.pt\/api\/wp\/v2\/comments?post=426163"}],"version-history":[{"count":0,"href":"https:\/\/portaltela.pt\/api\/wp\/v2\/posts\/426163\/revisions"}],"wp:featuredmedia":[{"embeddable":true,"href":"https:\/\/portaltela.pt\/api\/wp\/v2\/media\/426168"}],"wp:attachment":[{"href":"https:\/\/portaltela.pt\/api\/wp\/v2\/media?parent=426163"}],"wp:term":[{"taxonomy":"category","embeddable":true,"href":"https:\/\/portaltela.pt\/api\/wp\/v2\/categories?post=426163"},{"taxonomy":"post_tag","embeddable":true,"href":"https:\/\/portaltela.pt\/api\/wp\/v2\/tags?post=426163"}],"curies":[{"name":"wp","href":"https:\/\/api.w.org\/{rel}","templated":true}]}}