{"id":426160,"date":"2026-03-29T14:31:40","date_gmt":"2026-03-29T17:31:40","guid":{"rendered":"https:\/\/portaltela.pt\/noticias\/2026\/03\/29\/benfica-vence-gdessa-e-reconquista-taca-de-portugal-feminina-de-basquetebol\/"},"modified":"2026-03-29T14:31:40","modified_gmt":"2026-03-29T17:31:40","slug":"benfica-vence-gdessa-e-reconquista-taca-de-portugal-feminina-de-basquetebol","status":"publish","type":"post","link":"https:\/\/portaltela.pt\/desporto\/futebol\/2026\/03\/29\/benfica-vence-gdessa-e-reconquista-taca-de-portugal-feminina-de-basquetebol\/","title":{"rendered":"Benfica vence GDESSA e reconquista Ta\u00e7a de Portugal feminina de basquetebol"},"content":{"rendered":"<p>O Benfica reconquistou hoje a Ta\u00e7a de Portugal feminina de basquetebol ao vencer a final, disputada em Paredes, frente ao Quinta dos Lombos, detentor do trof\u00e9u, por 76-56.<\/p>\n<p>A vit\u00f3ria colocou o Benfica no topo, assegurando o trof\u00e9u na prova nacional desta modalidade. O desfecho foi definido no confronto decisivo entre as duas equipas.<\/p>\n<p>A final ocorreu em territ\u00f3rio portugu\u00eas, com as jogadoras do Benfica a dominar boa parte do encontro e a manter a lideran\u00e7a at\u00e9 ao apito final, garantindo assim o t\u00edtulo e a recupera\u00e7\u00e3o da Ta\u00e7a.<\/p>\n","protected":false},"excerpt":{"rendered":"<ul>\n<li>O Benfica reconquistou a Ta\u00e7a de Portugal feminina de basquetebol ao vencer o Quinta dos Lombos na final.<\/li>\n<li>A final disputou-se em Paredes.<\/li>\n<li>O Benfica venceu por 76-56, garantindo o trof\u00e9u que era detido pelos Lombos.<\/li>\n<li>A vit\u00f3ria confirma a revalida\u00e7\u00e3o do t\u00edtulo pelo clube lisboeta na competi\u00e7\u00e3o.<\/li>\n<\/ul>\n","protected":false},"author":2,"featured_media":426161,"comment_status":"closed","ping_status":"closed","sticky":false,"template":"","format":"standard","meta":{"footnotes":""},"categories":[21,24],"tags":[392,1946,3972,152,3059,1266],"class_list":["post-426160","post","type-post","status-publish","format-standard","has-post-thumbnail","hentry","category-desporto","category-futebol","tag-basquetebol","tag-benfica","tag-benfica-sad","tag-desporto","tag-paredes","tag-taca-de-portugal"],"yoast_head":"<!-- This site is optimized with the Yoast SEO plugin v27.2 - https:\/\/yoast.com\/product\/yoast-seo-wordpress\/ -->\n<title>Benfica vence GDESSA e reconquista Ta\u00e7a de Portugal feminina de basquetebol - Portal Tela Portugal<\/title>\n<meta name=\"robots\" content=\"index, follow, max-snippet:-1, max-image-preview:large, max-video-preview:-1\" \/>\n<meta property=\"og:locale\" content=\"pt_PT\" \/>\n<meta property=\"og:type\" content=\"article\" \/>\n<meta property=\"og:title\" content=\"Benfica vence GDESSA e reconquista Ta\u00e7a de Portugal feminina de basquetebol - Portal Tela Portugal\" \/>\n<meta property=\"og:description\" content=\"O Benfica reconquistou a Ta\u00e7a de Portugal feminina de basquetebol ao vencer o Quinta dos Lombos na final. A final disputou-se em Paredes. O Benfica venceu por 76-56, garantindo o trof\u00e9u que era detido pelos Lombos. A vit\u00f3ria confirma a revalida\u00e7\u00e3o do t\u00edtulo pelo clube lisboeta na competi\u00e7\u00e3o.\" \/>\n<meta property=\"og:url\" content=\"https:\/\/portaltela.pt\/noticias\/2026\/03\/29\/benfica-vence-gdessa-e-reconquista-taca-de-portugal-feminina-de-basquetebol\/\" \/>\n<meta property=\"og:site_name\" content=\"Portal Tela Portugal\" \/>\n<meta property=\"article:published_time\" content=\"2026-03-29T17:31:40+00:00\" \/>\n<meta name=\"author\" content=\"Telinha\" \/>\n<meta name=\"twitter:card\" content=\"summary_large_image\" \/>\n<meta name=\"twitter:label1\" content=\"Escrito por\" \/>\n\t<meta name=\"twitter:data1\" content=\"Telinha\" \/>\n<script type=\"application\/ld+json\" class=\"yoast-schema-graph\">{\"@context\":\"https:\/\/schema.org\",\"@graph\":[{\"@type\":\"Article\",\"@id\":\"https:\/\/portaltela.pt\/noticias\/2026\/03\/29\/benfica-vence-gdessa-e-reconquista-taca-de-portugal-feminina-de-basquetebol\/#article\",\"isPartOf\":{\"@id\":\"https:\/\/portaltela.pt\/noticias\/2026\/03\/29\/benfica-vence-gdessa-e-reconquista-taca-de-portugal-feminina-de-basquetebol\/\"},\"author\":{\"name\":\"Telinha\",\"@id\":\"https:\/\/portaltela.pt\/#\/schema\/person\/c4278d4a6028830caff9ee44b42d32ed\"},\"headline\":\"Benfica vence GDESSA e reconquista Ta\u00e7a de Portugal feminina de basquetebol\",\"datePublished\":\"2026-03-29T17:31:40+00:00\",\"mainEntityOfPage\":{\"@id\":\"https:\/\/portaltela.pt\/noticias\/2026\/03\/29\/benfica-vence-gdessa-e-reconquista-taca-de-portugal-feminina-de-basquetebol\/\"},\"wordCount\":111,\"image\":{\"@id\":\"https:\/\/portaltela.pt\/noticias\/2026\/03\/29\/benfica-vence-gdessa-e-reconquista-taca-de-portugal-feminina-de-basquetebol\/#primaryimage\"},\"thumbnailUrl\":\"https:\/\/portaltela.pt\/s.01k8rhncp4jt1\/2026\/03\/CACHE_780X1200_ANALOG_WATERMARKED_46846769_5383630_29032026051910.jpg\",\"keywords\":[\"basquetebol\",\"Benfica\",\"Benfica SAD\",\"desporto\",\"Paredes\",\"Ta\u00e7a de Portugal\"],\"articleSection\":[\"Desporto\",\"Futebol\"],\"inLanguage\":\"pt-PT\"},{\"@type\":\"WebPage\",\"@id\":\"https:\/\/portaltela.pt\/noticias\/2026\/03\/29\/benfica-vence-gdessa-e-reconquista-taca-de-portugal-feminina-de-basquetebol\/\",\"url\":\"https:\/\/portaltela.pt\/noticias\/2026\/03\/29\/benfica-vence-gdessa-e-reconquista-taca-de-portugal-feminina-de-basquetebol\/\",\"name\":\"Benfica vence GDESSA e reconquista Ta\u00e7a de Portugal feminina de basquetebol - Portal Tela Portugal\",\"isPartOf\":{\"@id\":\"https:\/\/portaltela.pt\/#website\"},\"primaryImageOfPage\":{\"@id\":\"https:\/\/portaltela.pt\/noticias\/2026\/03\/29\/benfica-vence-gdessa-e-reconquista-taca-de-portugal-feminina-de-basquetebol\/#primaryimage\"},\"image\":{\"@id\":\"https:\/\/portaltela.pt\/noticias\/2026\/03\/29\/benfica-vence-gdessa-e-reconquista-taca-de-portugal-feminina-de-basquetebol\/#primaryimage\"},\"thumbnailUrl\":\"https:\/\/portaltela.pt\/s.01k8rhncp4jt1\/2026\/03\/CACHE_780X1200_ANALOG_WATERMARKED_46846769_5383630_29032026051910.jpg\",\"datePublished\":\"2026-03-29T17:31:40+00:00\",\"author\":{\"@id\":\"https:\/\/portaltela.pt\/#\/schema\/person\/c4278d4a6028830caff9ee44b42d32ed\"},\"breadcrumb\":{\"@id\":\"https:\/\/portaltela.pt\/noticias\/2026\/03\/29\/benfica-vence-gdessa-e-reconquista-taca-de-portugal-feminina-de-basquetebol\/#breadcrumb\"},\"inLanguage\":\"pt-PT\",\"potentialAction\":[{\"@type\":\"ReadAction\",\"target\":[\"https:\/\/portaltela.pt\/noticias\/2026\/03\/29\/benfica-vence-gdessa-e-reconquista-taca-de-portugal-feminina-de-basquetebol\/\"]}]},{\"@type\":\"ImageObject\",\"inLanguage\":\"pt-PT\",\"@id\":\"https:\/\/portaltela.pt\/noticias\/2026\/03\/29\/benfica-vence-gdessa-e-reconquista-taca-de-portugal-feminina-de-basquetebol\/#primaryimage\",\"url\":\"https:\/\/portaltela.pt\/s.01k8rhncp4jt1\/2026\/03\/CACHE_780X1200_ANALOG_WATERMARKED_46846769_5383630_29032026051910.jpg\",\"contentUrl\":\"https:\/\/portaltela.pt\/s.01k8rhncp4jt1\/2026\/03\/CACHE_780X1200_ANALOG_WATERMARKED_46846769_5383630_29032026051910.jpg\",\"width\":768,\"height\":512,\"caption\":\"Benfica vence GDESSA e reconquista Ta\u00e7a de Portugal feminina de basquetebol\"},{\"@type\":\"BreadcrumbList\",\"@id\":\"https:\/\/portaltela.pt\/noticias\/2026\/03\/29\/benfica-vence-gdessa-e-reconquista-taca-de-portugal-feminina-de-basquetebol\/#breadcrumb\",\"itemListElement\":[{\"@type\":\"ListItem\",\"position\":1,\"name\":\"In\u00edcio\",\"item\":\"https:\/\/portaltela.pt\/\"},{\"@type\":\"ListItem\",\"position\":2,\"name\":\"Benfica vence GDESSA e reconquista Ta\u00e7a de Portugal feminina de basquetebol\"}]},{\"@type\":\"WebSite\",\"@id\":\"https:\/\/portaltela.pt\/#website\",\"url\":\"https:\/\/portaltela.pt\/\",\"name\":\"Portal Tela Portugal\",\"description\":\"\",\"potentialAction\":[{\"@type\":\"SearchAction\",\"target\":{\"@type\":\"EntryPoint\",\"urlTemplate\":\"https:\/\/portaltela.pt\/?s={search_term_string}\"},\"query-input\":{\"@type\":\"PropertyValueSpecification\",\"valueRequired\":true,\"valueName\":\"search_term_string\"}}],\"inLanguage\":\"pt-PT\"},{\"@type\":\"Person\",\"@id\":\"https:\/\/portaltela.pt\/#\/schema\/person\/c4278d4a6028830caff9ee44b42d32ed\",\"name\":\"Telinha\",\"image\":{\"@type\":\"ImageObject\",\"inLanguage\":\"pt-PT\",\"@id\":\"https:\/\/portaltela.pt\/s.01k8rhncp4jt1\/2025\/11\/talking-bot-125x125.png\",\"url\":\"https:\/\/portaltela.pt\/s.01k8rhncp4jt1\/2025\/11\/talking-bot-125x125.png\",\"contentUrl\":\"https:\/\/portaltela.pt\/s.01k8rhncp4jt1\/2025\/11\/talking-bot-125x125.png\",\"caption\":\"Telinha\"},\"sameAs\":[\"https:\/\/portaltela.pt\/\"],\"url\":\"https:\/\/portaltela.pt\/por\/367410592786\/\"}]}<\/script>\n<!-- \/ Yoast SEO plugin. -->","yoast_head_json":{"title":"Benfica vence GDESSA e reconquista Ta\u00e7a de Portugal feminina de basquetebol - Portal Tela Portugal","robots":{"index":"index","follow":"follow","max-snippet":"max-snippet:-1","max-image-preview":"max-image-preview:large","max-video-preview":"max-video-preview:-1"},"og_locale":"pt_PT","og_type":"article","og_title":"Benfica vence GDESSA e reconquista Ta\u00e7a de Portugal feminina de basquetebol - Portal Tela Portugal","og_description":"O Benfica reconquistou a Ta\u00e7a de Portugal feminina de basquetebol ao vencer o Quinta dos Lombos na final. A final disputou-se em Paredes. O Benfica venceu por 76-56, garantindo o trof\u00e9u que era detido pelos Lombos. A vit\u00f3ria confirma a revalida\u00e7\u00e3o do t\u00edtulo pelo clube lisboeta na competi\u00e7\u00e3o.","og_url":"https:\/\/portaltela.pt\/noticias\/2026\/03\/29\/benfica-vence-gdessa-e-reconquista-taca-de-portugal-feminina-de-basquetebol\/","og_site_name":"Portal Tela Portugal","article_published_time":"2026-03-29T17:31:40+00:00","author":"Telinha","twitter_card":"summary_large_image","twitter_misc":{"Escrito por":"Telinha"},"schema":{"@context":"https:\/\/schema.org","@graph":[{"@type":"Article","@id":"https:\/\/portaltela.pt\/noticias\/2026\/03\/29\/benfica-vence-gdessa-e-reconquista-taca-de-portugal-feminina-de-basquetebol\/#article","isPartOf":{"@id":"https:\/\/portaltela.pt\/noticias\/2026\/03\/29\/benfica-vence-gdessa-e-reconquista-taca-de-portugal-feminina-de-basquetebol\/"},"author":{"name":"Telinha","@id":"https:\/\/portaltela.pt\/#\/schema\/person\/c4278d4a6028830caff9ee44b42d32ed"},"headline":"Benfica vence GDESSA e reconquista Ta\u00e7a de Portugal feminina de basquetebol","datePublished":"2026-03-29T17:31:40+00:00","mainEntityOfPage":{"@id":"https:\/\/portaltela.pt\/noticias\/2026\/03\/29\/benfica-vence-gdessa-e-reconquista-taca-de-portugal-feminina-de-basquetebol\/"},"wordCount":111,"image":{"@id":"https:\/\/portaltela.pt\/noticias\/2026\/03\/29\/benfica-vence-gdessa-e-reconquista-taca-de-portugal-feminina-de-basquetebol\/#primaryimage"},"thumbnailUrl":"https:\/\/portaltela.pt\/s.01k8rhncp4jt1\/2026\/03\/CACHE_780X1200_ANALOG_WATERMARKED_46846769_5383630_29032026051910.jpg","keywords":["basquetebol","Benfica","Benfica SAD","desporto","Paredes","Ta\u00e7a de Portugal"],"articleSection":["Desporto","Futebol"],"inLanguage":"pt-PT"},{"@type":"WebPage","@id":"https:\/\/portaltela.pt\/noticias\/2026\/03\/29\/benfica-vence-gdessa-e-reconquista-taca-de-portugal-feminina-de-basquetebol\/","url":"https:\/\/portaltela.pt\/noticias\/2026\/03\/29\/benfica-vence-gdessa-e-reconquista-taca-de-portugal-feminina-de-basquetebol\/","name":"Benfica vence GDESSA e reconquista Ta\u00e7a de Portugal feminina de basquetebol - Portal Tela Portugal","isPartOf":{"@id":"https:\/\/portaltela.pt\/#website"},"primaryImageOfPage":{"@id":"https:\/\/portaltela.pt\/noticias\/2026\/03\/29\/benfica-vence-gdessa-e-reconquista-taca-de-portugal-feminina-de-basquetebol\/#primaryimage"},"image":{"@id":"https:\/\/portaltela.pt\/noticias\/2026\/03\/29\/benfica-vence-gdessa-e-reconquista-taca-de-portugal-feminina-de-basquetebol\/#primaryimage"},"thumbnailUrl":"https:\/\/portaltela.pt\/s.01k8rhncp4jt1\/2026\/03\/CACHE_780X1200_ANALOG_WATERMARKED_46846769_5383630_29032026051910.jpg","datePublished":"2026-03-29T17:31:40+00:00","author":{"@id":"https:\/\/portaltela.pt\/#\/schema\/person\/c4278d4a6028830caff9ee44b42d32ed"},"breadcrumb":{"@id":"https:\/\/portaltela.pt\/noticias\/2026\/03\/29\/benfica-vence-gdessa-e-reconquista-taca-de-portugal-feminina-de-basquetebol\/#breadcrumb"},"inLanguage":"pt-PT","potentialAction":[{"@type":"ReadAction","target":["https:\/\/portaltela.pt\/noticias\/2026\/03\/29\/benfica-vence-gdessa-e-reconquista-taca-de-portugal-feminina-de-basquetebol\/"]}]},{"@type":"ImageObject","inLanguage":"pt-PT","@id":"https:\/\/portaltela.pt\/noticias\/2026\/03\/29\/benfica-vence-gdessa-e-reconquista-taca-de-portugal-feminina-de-basquetebol\/#primaryimage","url":"https:\/\/portaltela.pt\/s.01k8rhncp4jt1\/2026\/03\/CACHE_780X1200_ANALOG_WATERMARKED_46846769_5383630_29032026051910.jpg","contentUrl":"https:\/\/portaltela.pt\/s.01k8rhncp4jt1\/2026\/03\/CACHE_780X1200_ANALOG_WATERMARKED_46846769_5383630_29032026051910.jpg","width":768,"height":512,"caption":"Benfica vence GDESSA e reconquista Ta\u00e7a de Portugal feminina de basquetebol"},{"@type":"BreadcrumbList","@id":"https:\/\/portaltela.pt\/noticias\/2026\/03\/29\/benfica-vence-gdessa-e-reconquista-taca-de-portugal-feminina-de-basquetebol\/#breadcrumb","itemListElement":[{"@type":"ListItem","position":1,"name":"In\u00edcio","item":"https:\/\/portaltela.pt\/"},{"@type":"ListItem","position":2,"name":"Benfica vence GDESSA e reconquista Ta\u00e7a de Portugal feminina de basquetebol"}]},{"@type":"WebSite","@id":"https:\/\/portaltela.pt\/#website","url":"https:\/\/portaltela.pt\/","name":"Portal Tela Portugal","description":"","potentialAction":[{"@type":"SearchAction","target":{"@type":"EntryPoint","urlTemplate":"https:\/\/portaltela.pt\/?s={search_term_string}"},"query-input":{"@type":"PropertyValueSpecification","valueRequired":true,"valueName":"search_term_string"}}],"inLanguage":"pt-PT"},{"@type":"Person","@id":"https:\/\/portaltela.pt\/#\/schema\/person\/c4278d4a6028830caff9ee44b42d32ed","name":"Telinha","image":{"@type":"ImageObject","inLanguage":"pt-PT","@id":"https:\/\/portaltela.pt\/s.01k8rhncp4jt1\/2025\/11\/talking-bot-125x125.png","url":"https:\/\/portaltela.pt\/s.01k8rhncp4jt1\/2025\/11\/talking-bot-125x125.png","contentUrl":"https:\/\/portaltela.pt\/s.01k8rhncp4jt1\/2025\/11\/talking-bot-125x125.png","caption":"Telinha"},"sameAs":["https:\/\/portaltela.pt\/"],"url":"https:\/\/portaltela.pt\/por\/367410592786\/"}]}},"_links":{"self":[{"href":"https:\/\/portaltela.pt\/api\/wp\/v2\/posts\/426160","targetHints":{"allow":["GET"]}}],"collection":[{"href":"https:\/\/portaltela.pt\/api\/wp\/v2\/posts"}],"about":[{"href":"https:\/\/portaltela.pt\/api\/wp\/v2\/types\/post"}],"author":[{"embeddable":true,"href":"https:\/\/portaltela.pt\/api\/wp\/v2\/users\/2"}],"replies":[{"embeddable":true,"href":"https:\/\/portaltela.pt\/api\/wp\/v2\/comments?post=426160"}],"version-history":[{"count":0,"href":"https:\/\/portaltela.pt\/api\/wp\/v2\/posts\/426160\/revisions"}],"wp:featuredmedia":[{"embeddable":true,"href":"https:\/\/portaltela.pt\/api\/wp\/v2\/media\/426161"}],"wp:attachment":[{"href":"https:\/\/portaltela.pt\/api\/wp\/v2\/media?parent=426160"}],"wp:term":[{"taxonomy":"category","embeddable":true,"href":"https:\/\/portaltela.pt\/api\/wp\/v2\/categories?post=426160"},{"taxonomy":"post_tag","embeddable":true,"href":"https:\/\/portaltela.pt\/api\/wp\/v2\/tags?post=426160"}],"curies":[{"name":"wp","href":"https:\/\/api.w.org\/{rel}","templated":true}]}}