{"id":426142,"date":"2026-03-29T10:55:00","date_gmt":"2026-03-29T13:55:00","guid":{"rendered":"https:\/\/portaltela.pt\/noticias\/2026\/03\/29\/liga-arabe-solicita-acao-conjunta-frente-a-ataques-de-teera-no-golfo\/"},"modified":"2026-03-29T10:55:00","modified_gmt":"2026-03-29T13:55:00","slug":"liga-arabe-solicita-acao-conjunta-frente-a-ataques-de-teera-no-golfo","status":"publish","type":"post","link":"https:\/\/portaltela.pt\/noticias\/politica\/2026\/03\/29\/liga-arabe-solicita-acao-conjunta-frente-a-ataques-de-teera-no-golfo\/","title":{"rendered":"Liga \u00c1rabe solicita a\u00e7\u00e3o conjunta frente a ataques de Teer\u00e3 no Golfo"},"content":{"rendered":"<p>A Liga \u00c1rabe apelou a uma resposta conjunta por parte dos seus estados membros face aos ataques atribu\u00eddos a Teer\u00e3o no Golfo e \u00e0 escalada da guerra na regi\u00e3o. A organiza\u00e7\u00e3o defende uma a\u00e7\u00e3o coordenada para manter a seguran\u00e7a e a estabilidade regional.<\/p>\n<p>Em comunicado divulgado \u00e0s autoridades competentes, o \u00f3rg\u00e3o reiterou a necessidade de uma resposta unificada diante das agress\u00f5es que afectam a seguran\u00e7a mar\u00edtima e a paz no Golfo. N\u00e3o foram anunciadas medidas espec\u00edficas neste momento.<\/p>\n<p>O apelo ocorre numa fase em que diferentes pa\u00edses da regi\u00e3o denunciam um aumento de tens\u00f5es e confrontos. A Liga \u00c1rabe enfatiza que a coopera\u00e7\u00e3o entre os membros \u00e9 essencial para gerir a crise e buscar solu\u00e7\u00f5es pol\u00edticas para o conflito em curso.<\/p>\n","protected":false},"excerpt":{"rendered":"<ul>\n<li>Liga \u00c1rabe apelou a uma a\u00e7\u00e3o conjunta face aos ataques de Teer\u00e3o no Golfo e \u00e0 guerra em curso.<\/li>\n<li>O objetivo \u00e9 responder de forma coordenada entre os pa\u00edses membros.<\/li>\n<li>A not\u00edcia completa est\u00e1 dispon\u00edvel apenas para subscritores.<\/li>\n<li>O tema aborda tens\u00f5es no Golfo e o impacto da crise regional.<\/li>\n<li>O apelo surge num contexto de escalada de confrontos na regi\u00e3o.<\/li>\n<\/ul>\n","protected":false},"author":2,"featured_media":426145,"comment_status":"closed","ping_status":"closed","sticky":false,"template":"","format":"standard","meta":{"footnotes":""},"categories":[6814,5],"tags":[6625,2198,256,1786,4222,5262],"class_list":["post-426142","post","type-post","status-publish","format-standard","has-post-thumbnail","hentry","category-geopolitica","category-politica","tag-arabia","tag-conflitos-internacionais","tag-cooperacao-internacional","tag-liga","tag-seguranca-internacional","tag-teera"],"yoast_head":"<!-- This site is optimized with the Yoast SEO plugin v27.2 - https:\/\/yoast.com\/product\/yoast-seo-wordpress\/ -->\n<title>Liga \u00c1rabe solicita a\u00e7\u00e3o conjunta frente a ataques de Teer\u00e3 no Golfo - Portal Tela Portugal<\/title>\n<meta name=\"robots\" content=\"index, follow, max-snippet:-1, max-image-preview:large, max-video-preview:-1\" \/>\n<meta property=\"og:locale\" content=\"pt_PT\" \/>\n<meta property=\"og:type\" content=\"article\" \/>\n<meta property=\"og:title\" content=\"Liga \u00c1rabe solicita a\u00e7\u00e3o conjunta frente a ataques de Teer\u00e3 no Golfo - Portal Tela Portugal\" \/>\n<meta property=\"og:description\" content=\"Liga \u00c1rabe apelou a uma a\u00e7\u00e3o conjunta face aos ataques de Teer\u00e3o no Golfo e \u00e0 guerra em curso. O objetivo \u00e9 responder de forma coordenada entre os pa\u00edses membros. A not\u00edcia completa est\u00e1 dispon\u00edvel apenas para subscritores. O tema aborda tens\u00f5es no Golfo e o impacto da crise regional. O apelo surge num contexto de escalada de confrontos na regi\u00e3o.\" \/>\n<meta property=\"og:url\" content=\"https:\/\/portaltela.pt\/noticias\/2026\/03\/29\/liga-arabe-solicita-acao-conjunta-frente-a-ataques-de-teera-no-golfo\/\" \/>\n<meta property=\"og:site_name\" content=\"Portal Tela Portugal\" \/>\n<meta property=\"article:published_time\" content=\"2026-03-29T13:55:00+00:00\" \/>\n<meta name=\"author\" content=\"Telinha\" \/>\n<meta name=\"twitter:card\" content=\"summary_large_image\" \/>\n<meta name=\"twitter:label1\" content=\"Escrito por\" \/>\n\t<meta name=\"twitter:data1\" content=\"Telinha\" \/>\n\t<meta name=\"twitter:label2\" content=\"Tempo estimado de leitura\" \/>\n\t<meta name=\"twitter:data2\" content=\"1 minuto\" \/>\n<script type=\"application\/ld+json\" class=\"yoast-schema-graph\">{\"@context\":\"https:\/\/schema.org\",\"@graph\":[{\"@type\":\"Article\",\"@id\":\"https:\/\/portaltela.pt\/noticias\/2026\/03\/29\/liga-arabe-solicita-acao-conjunta-frente-a-ataques-de-teera-no-golfo\/#article\",\"isPartOf\":{\"@id\":\"https:\/\/portaltela.pt\/noticias\/2026\/03\/29\/liga-arabe-solicita-acao-conjunta-frente-a-ataques-de-teera-no-golfo\/\"},\"author\":{\"name\":\"Telinha\",\"@id\":\"https:\/\/portaltela.pt\/#\/schema\/person\/c4278d4a6028830caff9ee44b42d32ed\"},\"headline\":\"Liga \u00c1rabe solicita a\u00e7\u00e3o conjunta frente a ataques de Teer\u00e3 no Golfo\",\"datePublished\":\"2026-03-29T13:55:00+00:00\",\"mainEntityOfPage\":{\"@id\":\"https:\/\/portaltela.pt\/noticias\/2026\/03\/29\/liga-arabe-solicita-acao-conjunta-frente-a-ataques-de-teera-no-golfo\/\"},\"wordCount\":150,\"image\":{\"@id\":\"https:\/\/portaltela.pt\/noticias\/2026\/03\/29\/liga-arabe-solicita-acao-conjunta-frente-a-ataques-de-teera-no-golfo\/#primaryimage\"},\"thumbnailUrl\":\"https:\/\/portaltela.pt\/s.01k8rhncp4jt1\/2026\/03\/CACHE_780X1200_ANALOG_WATERMARKED_42034078_535056916283967.jpg\",\"keywords\":[\"Ar\u00e1bia\",\"conflitos internacionais\",\"coopera\u00e7\u00e3o internacional\",\"Liga\",\"seguran\u00e7a internacional\",\"Teer\u00e3\"],\"articleSection\":[\"Geopol\u00edtica\",\"Pol\u00edtica\"],\"inLanguage\":\"pt-PT\"},{\"@type\":\"WebPage\",\"@id\":\"https:\/\/portaltela.pt\/noticias\/2026\/03\/29\/liga-arabe-solicita-acao-conjunta-frente-a-ataques-de-teera-no-golfo\/\",\"url\":\"https:\/\/portaltela.pt\/noticias\/2026\/03\/29\/liga-arabe-solicita-acao-conjunta-frente-a-ataques-de-teera-no-golfo\/\",\"name\":\"Liga \u00c1rabe solicita a\u00e7\u00e3o conjunta frente a ataques de Teer\u00e3 no Golfo - Portal Tela Portugal\",\"isPartOf\":{\"@id\":\"https:\/\/portaltela.pt\/#website\"},\"primaryImageOfPage\":{\"@id\":\"https:\/\/portaltela.pt\/noticias\/2026\/03\/29\/liga-arabe-solicita-acao-conjunta-frente-a-ataques-de-teera-no-golfo\/#primaryimage\"},\"image\":{\"@id\":\"https:\/\/portaltela.pt\/noticias\/2026\/03\/29\/liga-arabe-solicita-acao-conjunta-frente-a-ataques-de-teera-no-golfo\/#primaryimage\"},\"thumbnailUrl\":\"https:\/\/portaltela.pt\/s.01k8rhncp4jt1\/2026\/03\/CACHE_780X1200_ANALOG_WATERMARKED_42034078_535056916283967.jpg\",\"datePublished\":\"2026-03-29T13:55:00+00:00\",\"author\":{\"@id\":\"https:\/\/portaltela.pt\/#\/schema\/person\/c4278d4a6028830caff9ee44b42d32ed\"},\"breadcrumb\":{\"@id\":\"https:\/\/portaltela.pt\/noticias\/2026\/03\/29\/liga-arabe-solicita-acao-conjunta-frente-a-ataques-de-teera-no-golfo\/#breadcrumb\"},\"inLanguage\":\"pt-PT\",\"potentialAction\":[{\"@type\":\"ReadAction\",\"target\":[\"https:\/\/portaltela.pt\/noticias\/2026\/03\/29\/liga-arabe-solicita-acao-conjunta-frente-a-ataques-de-teera-no-golfo\/\"]}]},{\"@type\":\"ImageObject\",\"inLanguage\":\"pt-PT\",\"@id\":\"https:\/\/portaltela.pt\/noticias\/2026\/03\/29\/liga-arabe-solicita-acao-conjunta-frente-a-ataques-de-teera-no-golfo\/#primaryimage\",\"url\":\"https:\/\/portaltela.pt\/s.01k8rhncp4jt1\/2026\/03\/CACHE_780X1200_ANALOG_WATERMARKED_42034078_535056916283967.jpg\",\"contentUrl\":\"https:\/\/portaltela.pt\/s.01k8rhncp4jt1\/2026\/03\/CACHE_780X1200_ANALOG_WATERMARKED_42034078_535056916283967.jpg\",\"width\":796,\"height\":448,\"caption\":\"Liga \u00c1rabe apela para \u201ca\u00e7\u00e3o conjunta\u201d face a ataques de Teer\u00e3o no Golfo e \u00e0 guerra\"},{\"@type\":\"BreadcrumbList\",\"@id\":\"https:\/\/portaltela.pt\/noticias\/2026\/03\/29\/liga-arabe-solicita-acao-conjunta-frente-a-ataques-de-teera-no-golfo\/#breadcrumb\",\"itemListElement\":[{\"@type\":\"ListItem\",\"position\":1,\"name\":\"In\u00edcio\",\"item\":\"https:\/\/portaltela.pt\/\"},{\"@type\":\"ListItem\",\"position\":2,\"name\":\"Liga \u00c1rabe solicita a\u00e7\u00e3o conjunta frente a ataques de Teer\u00e3 no Golfo\"}]},{\"@type\":\"WebSite\",\"@id\":\"https:\/\/portaltela.pt\/#website\",\"url\":\"https:\/\/portaltela.pt\/\",\"name\":\"Portal Tela Portugal\",\"description\":\"\",\"potentialAction\":[{\"@type\":\"SearchAction\",\"target\":{\"@type\":\"EntryPoint\",\"urlTemplate\":\"https:\/\/portaltela.pt\/?s={search_term_string}\"},\"query-input\":{\"@type\":\"PropertyValueSpecification\",\"valueRequired\":true,\"valueName\":\"search_term_string\"}}],\"inLanguage\":\"pt-PT\"},{\"@type\":\"Person\",\"@id\":\"https:\/\/portaltela.pt\/#\/schema\/person\/c4278d4a6028830caff9ee44b42d32ed\",\"name\":\"Telinha\",\"image\":{\"@type\":\"ImageObject\",\"inLanguage\":\"pt-PT\",\"@id\":\"https:\/\/portaltela.pt\/s.01k8rhncp4jt1\/2025\/11\/talking-bot-125x125.png\",\"url\":\"https:\/\/portaltela.pt\/s.01k8rhncp4jt1\/2025\/11\/talking-bot-125x125.png\",\"contentUrl\":\"https:\/\/portaltela.pt\/s.01k8rhncp4jt1\/2025\/11\/talking-bot-125x125.png\",\"caption\":\"Telinha\"},\"sameAs\":[\"https:\/\/portaltela.pt\/\"],\"url\":\"https:\/\/portaltela.pt\/por\/367410592786\/\"}]}<\/script>\n<!-- \/ Yoast SEO plugin. -->","yoast_head_json":{"title":"Liga \u00c1rabe solicita a\u00e7\u00e3o conjunta frente a ataques de Teer\u00e3 no Golfo - Portal Tela Portugal","robots":{"index":"index","follow":"follow","max-snippet":"max-snippet:-1","max-image-preview":"max-image-preview:large","max-video-preview":"max-video-preview:-1"},"og_locale":"pt_PT","og_type":"article","og_title":"Liga \u00c1rabe solicita a\u00e7\u00e3o conjunta frente a ataques de Teer\u00e3 no Golfo - Portal Tela Portugal","og_description":"Liga \u00c1rabe apelou a uma a\u00e7\u00e3o conjunta face aos ataques de Teer\u00e3o no Golfo e \u00e0 guerra em curso. O objetivo \u00e9 responder de forma coordenada entre os pa\u00edses membros. A not\u00edcia completa est\u00e1 dispon\u00edvel apenas para subscritores. O tema aborda tens\u00f5es no Golfo e o impacto da crise regional. O apelo surge num contexto de escalada de confrontos na regi\u00e3o.","og_url":"https:\/\/portaltela.pt\/noticias\/2026\/03\/29\/liga-arabe-solicita-acao-conjunta-frente-a-ataques-de-teera-no-golfo\/","og_site_name":"Portal Tela Portugal","article_published_time":"2026-03-29T13:55:00+00:00","author":"Telinha","twitter_card":"summary_large_image","twitter_misc":{"Escrito por":"Telinha","Tempo estimado de leitura":"1 minuto"},"schema":{"@context":"https:\/\/schema.org","@graph":[{"@type":"Article","@id":"https:\/\/portaltela.pt\/noticias\/2026\/03\/29\/liga-arabe-solicita-acao-conjunta-frente-a-ataques-de-teera-no-golfo\/#article","isPartOf":{"@id":"https:\/\/portaltela.pt\/noticias\/2026\/03\/29\/liga-arabe-solicita-acao-conjunta-frente-a-ataques-de-teera-no-golfo\/"},"author":{"name":"Telinha","@id":"https:\/\/portaltela.pt\/#\/schema\/person\/c4278d4a6028830caff9ee44b42d32ed"},"headline":"Liga \u00c1rabe solicita a\u00e7\u00e3o conjunta frente a ataques de Teer\u00e3 no Golfo","datePublished":"2026-03-29T13:55:00+00:00","mainEntityOfPage":{"@id":"https:\/\/portaltela.pt\/noticias\/2026\/03\/29\/liga-arabe-solicita-acao-conjunta-frente-a-ataques-de-teera-no-golfo\/"},"wordCount":150,"image":{"@id":"https:\/\/portaltela.pt\/noticias\/2026\/03\/29\/liga-arabe-solicita-acao-conjunta-frente-a-ataques-de-teera-no-golfo\/#primaryimage"},"thumbnailUrl":"https:\/\/portaltela.pt\/s.01k8rhncp4jt1\/2026\/03\/CACHE_780X1200_ANALOG_WATERMARKED_42034078_535056916283967.jpg","keywords":["Ar\u00e1bia","conflitos internacionais","coopera\u00e7\u00e3o internacional","Liga","seguran\u00e7a internacional","Teer\u00e3"],"articleSection":["Geopol\u00edtica","Pol\u00edtica"],"inLanguage":"pt-PT"},{"@type":"WebPage","@id":"https:\/\/portaltela.pt\/noticias\/2026\/03\/29\/liga-arabe-solicita-acao-conjunta-frente-a-ataques-de-teera-no-golfo\/","url":"https:\/\/portaltela.pt\/noticias\/2026\/03\/29\/liga-arabe-solicita-acao-conjunta-frente-a-ataques-de-teera-no-golfo\/","name":"Liga \u00c1rabe solicita a\u00e7\u00e3o conjunta frente a ataques de Teer\u00e3 no Golfo - Portal Tela Portugal","isPartOf":{"@id":"https:\/\/portaltela.pt\/#website"},"primaryImageOfPage":{"@id":"https:\/\/portaltela.pt\/noticias\/2026\/03\/29\/liga-arabe-solicita-acao-conjunta-frente-a-ataques-de-teera-no-golfo\/#primaryimage"},"image":{"@id":"https:\/\/portaltela.pt\/noticias\/2026\/03\/29\/liga-arabe-solicita-acao-conjunta-frente-a-ataques-de-teera-no-golfo\/#primaryimage"},"thumbnailUrl":"https:\/\/portaltela.pt\/s.01k8rhncp4jt1\/2026\/03\/CACHE_780X1200_ANALOG_WATERMARKED_42034078_535056916283967.jpg","datePublished":"2026-03-29T13:55:00+00:00","author":{"@id":"https:\/\/portaltela.pt\/#\/schema\/person\/c4278d4a6028830caff9ee44b42d32ed"},"breadcrumb":{"@id":"https:\/\/portaltela.pt\/noticias\/2026\/03\/29\/liga-arabe-solicita-acao-conjunta-frente-a-ataques-de-teera-no-golfo\/#breadcrumb"},"inLanguage":"pt-PT","potentialAction":[{"@type":"ReadAction","target":["https:\/\/portaltela.pt\/noticias\/2026\/03\/29\/liga-arabe-solicita-acao-conjunta-frente-a-ataques-de-teera-no-golfo\/"]}]},{"@type":"ImageObject","inLanguage":"pt-PT","@id":"https:\/\/portaltela.pt\/noticias\/2026\/03\/29\/liga-arabe-solicita-acao-conjunta-frente-a-ataques-de-teera-no-golfo\/#primaryimage","url":"https:\/\/portaltela.pt\/s.01k8rhncp4jt1\/2026\/03\/CACHE_780X1200_ANALOG_WATERMARKED_42034078_535056916283967.jpg","contentUrl":"https:\/\/portaltela.pt\/s.01k8rhncp4jt1\/2026\/03\/CACHE_780X1200_ANALOG_WATERMARKED_42034078_535056916283967.jpg","width":796,"height":448,"caption":"Liga \u00c1rabe apela para \u201ca\u00e7\u00e3o conjunta\u201d face a ataques de Teer\u00e3o no Golfo e \u00e0 guerra"},{"@type":"BreadcrumbList","@id":"https:\/\/portaltela.pt\/noticias\/2026\/03\/29\/liga-arabe-solicita-acao-conjunta-frente-a-ataques-de-teera-no-golfo\/#breadcrumb","itemListElement":[{"@type":"ListItem","position":1,"name":"In\u00edcio","item":"https:\/\/portaltela.pt\/"},{"@type":"ListItem","position":2,"name":"Liga \u00c1rabe solicita a\u00e7\u00e3o conjunta frente a ataques de Teer\u00e3 no Golfo"}]},{"@type":"WebSite","@id":"https:\/\/portaltela.pt\/#website","url":"https:\/\/portaltela.pt\/","name":"Portal Tela Portugal","description":"","potentialAction":[{"@type":"SearchAction","target":{"@type":"EntryPoint","urlTemplate":"https:\/\/portaltela.pt\/?s={search_term_string}"},"query-input":{"@type":"PropertyValueSpecification","valueRequired":true,"valueName":"search_term_string"}}],"inLanguage":"pt-PT"},{"@type":"Person","@id":"https:\/\/portaltela.pt\/#\/schema\/person\/c4278d4a6028830caff9ee44b42d32ed","name":"Telinha","image":{"@type":"ImageObject","inLanguage":"pt-PT","@id":"https:\/\/portaltela.pt\/s.01k8rhncp4jt1\/2025\/11\/talking-bot-125x125.png","url":"https:\/\/portaltela.pt\/s.01k8rhncp4jt1\/2025\/11\/talking-bot-125x125.png","contentUrl":"https:\/\/portaltela.pt\/s.01k8rhncp4jt1\/2025\/11\/talking-bot-125x125.png","caption":"Telinha"},"sameAs":["https:\/\/portaltela.pt\/"],"url":"https:\/\/portaltela.pt\/por\/367410592786\/"}]}},"_links":{"self":[{"href":"https:\/\/portaltela.pt\/api\/wp\/v2\/posts\/426142","targetHints":{"allow":["GET"]}}],"collection":[{"href":"https:\/\/portaltela.pt\/api\/wp\/v2\/posts"}],"about":[{"href":"https:\/\/portaltela.pt\/api\/wp\/v2\/types\/post"}],"author":[{"embeddable":true,"href":"https:\/\/portaltela.pt\/api\/wp\/v2\/users\/2"}],"replies":[{"embeddable":true,"href":"https:\/\/portaltela.pt\/api\/wp\/v2\/comments?post=426142"}],"version-history":[{"count":0,"href":"https:\/\/portaltela.pt\/api\/wp\/v2\/posts\/426142\/revisions"}],"wp:featuredmedia":[{"embeddable":true,"href":"https:\/\/portaltela.pt\/api\/wp\/v2\/media\/426145"}],"wp:attachment":[{"href":"https:\/\/portaltela.pt\/api\/wp\/v2\/media?parent=426142"}],"wp:term":[{"taxonomy":"category","embeddable":true,"href":"https:\/\/portaltela.pt\/api\/wp\/v2\/categories?post=426142"},{"taxonomy":"post_tag","embeddable":true,"href":"https:\/\/portaltela.pt\/api\/wp\/v2\/tags?post=426142"}],"curies":[{"name":"wp","href":"https:\/\/api.w.org\/{rel}","templated":true}]}}