{"id":426137,"date":"2026-03-29T09:23:00","date_gmt":"2026-03-29T12:23:00","guid":{"rendered":"https:\/\/portaltela.pt\/noticias\/2026\/03\/29\/miguel-oliveira-fica-em-terceiro-na-superpole-das-sbk-em-portimao\/"},"modified":"2026-03-29T09:23:00","modified_gmt":"2026-03-29T12:23:00","slug":"miguel-oliveira-fica-em-terceiro-na-superpole-das-sbk-em-portimao","status":"publish","type":"post","link":"https:\/\/portaltela.pt\/desporto\/futebol\/2026\/03\/29\/miguel-oliveira-fica-em-terceiro-na-superpole-das-sbk-em-portimao\/","title":{"rendered":"Miguel Oliveira fica em terceiro na Superpole das SBK em Portim\u00e3o"},"content":{"rendered":"<p>Miguel Oliveira ficou em 3.\u00ba lugar na corrida Superpole das Superbikes, disputada em Portim\u00e3o. O piloto portugu\u00eas volta a estar presente na grelha de partida da prova principal.<\/p>\n<p>O evento decorreu na pista de Portim\u00e3o, com participa\u00e7\u00e3o de v\u00e1rias equipas da prova. No entanto, o conte\u00fado completo n\u00e3o foi partilhado no material fornecido.<\/p>\n<p>As informa\u00e7\u00f5es dispon\u00edveis indicam apenas o resultado do piloto na sess\u00e3o Superpole. Dados adicionais sobre o andamento da corrida e poss\u00edvel impacto no campeonato n\u00e3o constam neste texto. O conte\u00fado completo est\u00e1 dispon\u00edvel apenas para subscritores.<\/p>\n","protected":false},"excerpt":{"rendered":"<ul>\n<li>Miguel Oliveira ficou em terceiro lugar na corrida Superpole das Superbikes em Portim\u00e3o.<\/li>\n<li>A Superpole decorreu no circuito de Portim\u00e3o.<\/li>\n<li>O conte\u00fado completo da not\u00edcia est\u00e1 acess\u00edvel apenas para subscritores.<\/li>\n<li>O resultado insere-se na ronda de Portim\u00e3o do campeonato de Superbikes.<\/li>\n<li>N\u00e3o h\u00e1 informa\u00e7\u00f5es adicionais dispon\u00edveis no material p\u00fablico.<\/li>\n<\/ul>\n","protected":false},"author":2,"featured_media":426139,"comment_status":"closed","ping_status":"closed","sticky":false,"template":"","format":"standard","meta":{"footnotes":""},"categories":[21,24],"tags":[3504,218,152,40,5661,1014],"class_list":["post-426137","post","type-post","status-publish","format-standard","has-post-thumbnail","hentry","category-desporto","category-futebol","tag-corridas","tag-desportivo","tag-desporto","tag-pessoas","tag-pessoas-publicas","tag-portugal"],"yoast_head":"<!-- This site is optimized with the Yoast SEO plugin v27.2 - https:\/\/yoast.com\/product\/yoast-seo-wordpress\/ -->\n<title>Miguel Oliveira fica em terceiro na Superpole das SBK em Portim\u00e3o - Portal Tela Portugal<\/title>\n<meta name=\"robots\" content=\"index, follow, max-snippet:-1, max-image-preview:large, max-video-preview:-1\" \/>\n<meta property=\"og:locale\" content=\"pt_PT\" \/>\n<meta property=\"og:type\" content=\"article\" \/>\n<meta property=\"og:title\" content=\"Miguel Oliveira fica em terceiro na Superpole das SBK em Portim\u00e3o - Portal Tela Portugal\" \/>\n<meta property=\"og:description\" content=\"Miguel Oliveira ficou em terceiro lugar na corrida Superpole das Superbikes em Portim\u00e3o. A Superpole decorreu no circuito de Portim\u00e3o. O conte\u00fado completo da not\u00edcia est\u00e1 acess\u00edvel apenas para subscritores. O resultado insere-se na ronda de Portim\u00e3o do campeonato de Superbikes. N\u00e3o h\u00e1 informa\u00e7\u00f5es adicionais dispon\u00edveis no material p\u00fablico.\" \/>\n<meta property=\"og:url\" content=\"https:\/\/portaltela.pt\/noticias\/2026\/03\/29\/miguel-oliveira-fica-em-terceiro-na-superpole-das-sbk-em-portimao\/\" \/>\n<meta property=\"og:site_name\" content=\"Portal Tela Portugal\" \/>\n<meta property=\"article:published_time\" content=\"2026-03-29T12:23:00+00:00\" \/>\n<meta name=\"author\" content=\"Telinha\" \/>\n<meta name=\"twitter:card\" content=\"summary_large_image\" \/>\n<meta name=\"twitter:label1\" content=\"Escrito por\" \/>\n\t<meta name=\"twitter:data1\" content=\"Telinha\" \/>\n\t<meta name=\"twitter:label2\" content=\"Tempo estimado de leitura\" \/>\n\t<meta name=\"twitter:data2\" content=\"1 minuto\" \/>\n<script type=\"application\/ld+json\" class=\"yoast-schema-graph\">{\"@context\":\"https:\/\/schema.org\",\"@graph\":[{\"@type\":\"Article\",\"@id\":\"https:\/\/portaltela.pt\/noticias\/2026\/03\/29\/miguel-oliveira-fica-em-terceiro-na-superpole-das-sbk-em-portimao\/#article\",\"isPartOf\":{\"@id\":\"https:\/\/portaltela.pt\/noticias\/2026\/03\/29\/miguel-oliveira-fica-em-terceiro-na-superpole-das-sbk-em-portimao\/\"},\"author\":{\"name\":\"Telinha\",\"@id\":\"https:\/\/portaltela.pt\/#\/schema\/person\/c4278d4a6028830caff9ee44b42d32ed\"},\"headline\":\"Miguel Oliveira fica em terceiro na Superpole das SBK em Portim\u00e3o\",\"datePublished\":\"2026-03-29T12:23:00+00:00\",\"mainEntityOfPage\":{\"@id\":\"https:\/\/portaltela.pt\/noticias\/2026\/03\/29\/miguel-oliveira-fica-em-terceiro-na-superpole-das-sbk-em-portimao\/\"},\"wordCount\":114,\"image\":{\"@id\":\"https:\/\/portaltela.pt\/noticias\/2026\/03\/29\/miguel-oliveira-fica-em-terceiro-na-superpole-das-sbk-em-portimao\/#primaryimage\"},\"thumbnailUrl\":\"https:\/\/portaltela.pt\/s.01k8rhncp4jt1\/2026\/03\/CACHE_780X1200_ANALOG_WATERMARKED_46845562_4864756_29032026122157.jpg\",\"keywords\":[\"corridas\",\"desportivo\",\"desporto\",\"pessoas\",\"pessoas p\u00fablicas\",\"Portugal\"],\"articleSection\":[\"Desporto\",\"Futebol\"],\"inLanguage\":\"pt-PT\"},{\"@type\":\"WebPage\",\"@id\":\"https:\/\/portaltela.pt\/noticias\/2026\/03\/29\/miguel-oliveira-fica-em-terceiro-na-superpole-das-sbk-em-portimao\/\",\"url\":\"https:\/\/portaltela.pt\/noticias\/2026\/03\/29\/miguel-oliveira-fica-em-terceiro-na-superpole-das-sbk-em-portimao\/\",\"name\":\"Miguel Oliveira fica em terceiro na Superpole das SBK em Portim\u00e3o - Portal Tela Portugal\",\"isPartOf\":{\"@id\":\"https:\/\/portaltela.pt\/#website\"},\"primaryImageOfPage\":{\"@id\":\"https:\/\/portaltela.pt\/noticias\/2026\/03\/29\/miguel-oliveira-fica-em-terceiro-na-superpole-das-sbk-em-portimao\/#primaryimage\"},\"image\":{\"@id\":\"https:\/\/portaltela.pt\/noticias\/2026\/03\/29\/miguel-oliveira-fica-em-terceiro-na-superpole-das-sbk-em-portimao\/#primaryimage\"},\"thumbnailUrl\":\"https:\/\/portaltela.pt\/s.01k8rhncp4jt1\/2026\/03\/CACHE_780X1200_ANALOG_WATERMARKED_46845562_4864756_29032026122157.jpg\",\"datePublished\":\"2026-03-29T12:23:00+00:00\",\"author\":{\"@id\":\"https:\/\/portaltela.pt\/#\/schema\/person\/c4278d4a6028830caff9ee44b42d32ed\"},\"breadcrumb\":{\"@id\":\"https:\/\/portaltela.pt\/noticias\/2026\/03\/29\/miguel-oliveira-fica-em-terceiro-na-superpole-das-sbk-em-portimao\/#breadcrumb\"},\"inLanguage\":\"pt-PT\",\"potentialAction\":[{\"@type\":\"ReadAction\",\"target\":[\"https:\/\/portaltela.pt\/noticias\/2026\/03\/29\/miguel-oliveira-fica-em-terceiro-na-superpole-das-sbk-em-portimao\/\"]}]},{\"@type\":\"ImageObject\",\"inLanguage\":\"pt-PT\",\"@id\":\"https:\/\/portaltela.pt\/noticias\/2026\/03\/29\/miguel-oliveira-fica-em-terceiro-na-superpole-das-sbk-em-portimao\/#primaryimage\",\"url\":\"https:\/\/portaltela.pt\/s.01k8rhncp4jt1\/2026\/03\/CACHE_780X1200_ANALOG_WATERMARKED_46845562_4864756_29032026122157.jpg\",\"contentUrl\":\"https:\/\/portaltela.pt\/s.01k8rhncp4jt1\/2026\/03\/CACHE_780X1200_ANALOG_WATERMARKED_46845562_4864756_29032026122157.jpg\",\"width\":768,\"height\":512,\"caption\":\"Miguel Oliveira em terceiro na corrida Superpole das Superbikes em Portim\u00e3o\"},{\"@type\":\"BreadcrumbList\",\"@id\":\"https:\/\/portaltela.pt\/noticias\/2026\/03\/29\/miguel-oliveira-fica-em-terceiro-na-superpole-das-sbk-em-portimao\/#breadcrumb\",\"itemListElement\":[{\"@type\":\"ListItem\",\"position\":1,\"name\":\"In\u00edcio\",\"item\":\"https:\/\/portaltela.pt\/\"},{\"@type\":\"ListItem\",\"position\":2,\"name\":\"Miguel Oliveira fica em terceiro na Superpole das SBK em Portim\u00e3o\"}]},{\"@type\":\"WebSite\",\"@id\":\"https:\/\/portaltela.pt\/#website\",\"url\":\"https:\/\/portaltela.pt\/\",\"name\":\"Portal Tela Portugal\",\"description\":\"\",\"potentialAction\":[{\"@type\":\"SearchAction\",\"target\":{\"@type\":\"EntryPoint\",\"urlTemplate\":\"https:\/\/portaltela.pt\/?s={search_term_string}\"},\"query-input\":{\"@type\":\"PropertyValueSpecification\",\"valueRequired\":true,\"valueName\":\"search_term_string\"}}],\"inLanguage\":\"pt-PT\"},{\"@type\":\"Person\",\"@id\":\"https:\/\/portaltela.pt\/#\/schema\/person\/c4278d4a6028830caff9ee44b42d32ed\",\"name\":\"Telinha\",\"image\":{\"@type\":\"ImageObject\",\"inLanguage\":\"pt-PT\",\"@id\":\"https:\/\/portaltela.pt\/s.01k8rhncp4jt1\/2025\/11\/talking-bot-125x125.png\",\"url\":\"https:\/\/portaltela.pt\/s.01k8rhncp4jt1\/2025\/11\/talking-bot-125x125.png\",\"contentUrl\":\"https:\/\/portaltela.pt\/s.01k8rhncp4jt1\/2025\/11\/talking-bot-125x125.png\",\"caption\":\"Telinha\"},\"sameAs\":[\"https:\/\/portaltela.pt\/\"],\"url\":\"https:\/\/portaltela.pt\/por\/367410592786\/\"}]}<\/script>\n<!-- \/ Yoast SEO plugin. -->","yoast_head_json":{"title":"Miguel Oliveira fica em terceiro na Superpole das SBK em Portim\u00e3o - Portal Tela Portugal","robots":{"index":"index","follow":"follow","max-snippet":"max-snippet:-1","max-image-preview":"max-image-preview:large","max-video-preview":"max-video-preview:-1"},"og_locale":"pt_PT","og_type":"article","og_title":"Miguel Oliveira fica em terceiro na Superpole das SBK em Portim\u00e3o - Portal Tela Portugal","og_description":"Miguel Oliveira ficou em terceiro lugar na corrida Superpole das Superbikes em Portim\u00e3o. A Superpole decorreu no circuito de Portim\u00e3o. O conte\u00fado completo da not\u00edcia est\u00e1 acess\u00edvel apenas para subscritores. O resultado insere-se na ronda de Portim\u00e3o do campeonato de Superbikes. N\u00e3o h\u00e1 informa\u00e7\u00f5es adicionais dispon\u00edveis no material p\u00fablico.","og_url":"https:\/\/portaltela.pt\/noticias\/2026\/03\/29\/miguel-oliveira-fica-em-terceiro-na-superpole-das-sbk-em-portimao\/","og_site_name":"Portal Tela Portugal","article_published_time":"2026-03-29T12:23:00+00:00","author":"Telinha","twitter_card":"summary_large_image","twitter_misc":{"Escrito por":"Telinha","Tempo estimado de leitura":"1 minuto"},"schema":{"@context":"https:\/\/schema.org","@graph":[{"@type":"Article","@id":"https:\/\/portaltela.pt\/noticias\/2026\/03\/29\/miguel-oliveira-fica-em-terceiro-na-superpole-das-sbk-em-portimao\/#article","isPartOf":{"@id":"https:\/\/portaltela.pt\/noticias\/2026\/03\/29\/miguel-oliveira-fica-em-terceiro-na-superpole-das-sbk-em-portimao\/"},"author":{"name":"Telinha","@id":"https:\/\/portaltela.pt\/#\/schema\/person\/c4278d4a6028830caff9ee44b42d32ed"},"headline":"Miguel Oliveira fica em terceiro na Superpole das SBK em Portim\u00e3o","datePublished":"2026-03-29T12:23:00+00:00","mainEntityOfPage":{"@id":"https:\/\/portaltela.pt\/noticias\/2026\/03\/29\/miguel-oliveira-fica-em-terceiro-na-superpole-das-sbk-em-portimao\/"},"wordCount":114,"image":{"@id":"https:\/\/portaltela.pt\/noticias\/2026\/03\/29\/miguel-oliveira-fica-em-terceiro-na-superpole-das-sbk-em-portimao\/#primaryimage"},"thumbnailUrl":"https:\/\/portaltela.pt\/s.01k8rhncp4jt1\/2026\/03\/CACHE_780X1200_ANALOG_WATERMARKED_46845562_4864756_29032026122157.jpg","keywords":["corridas","desportivo","desporto","pessoas","pessoas p\u00fablicas","Portugal"],"articleSection":["Desporto","Futebol"],"inLanguage":"pt-PT"},{"@type":"WebPage","@id":"https:\/\/portaltela.pt\/noticias\/2026\/03\/29\/miguel-oliveira-fica-em-terceiro-na-superpole-das-sbk-em-portimao\/","url":"https:\/\/portaltela.pt\/noticias\/2026\/03\/29\/miguel-oliveira-fica-em-terceiro-na-superpole-das-sbk-em-portimao\/","name":"Miguel Oliveira fica em terceiro na Superpole das SBK em Portim\u00e3o - Portal Tela Portugal","isPartOf":{"@id":"https:\/\/portaltela.pt\/#website"},"primaryImageOfPage":{"@id":"https:\/\/portaltela.pt\/noticias\/2026\/03\/29\/miguel-oliveira-fica-em-terceiro-na-superpole-das-sbk-em-portimao\/#primaryimage"},"image":{"@id":"https:\/\/portaltela.pt\/noticias\/2026\/03\/29\/miguel-oliveira-fica-em-terceiro-na-superpole-das-sbk-em-portimao\/#primaryimage"},"thumbnailUrl":"https:\/\/portaltela.pt\/s.01k8rhncp4jt1\/2026\/03\/CACHE_780X1200_ANALOG_WATERMARKED_46845562_4864756_29032026122157.jpg","datePublished":"2026-03-29T12:23:00+00:00","author":{"@id":"https:\/\/portaltela.pt\/#\/schema\/person\/c4278d4a6028830caff9ee44b42d32ed"},"breadcrumb":{"@id":"https:\/\/portaltela.pt\/noticias\/2026\/03\/29\/miguel-oliveira-fica-em-terceiro-na-superpole-das-sbk-em-portimao\/#breadcrumb"},"inLanguage":"pt-PT","potentialAction":[{"@type":"ReadAction","target":["https:\/\/portaltela.pt\/noticias\/2026\/03\/29\/miguel-oliveira-fica-em-terceiro-na-superpole-das-sbk-em-portimao\/"]}]},{"@type":"ImageObject","inLanguage":"pt-PT","@id":"https:\/\/portaltela.pt\/noticias\/2026\/03\/29\/miguel-oliveira-fica-em-terceiro-na-superpole-das-sbk-em-portimao\/#primaryimage","url":"https:\/\/portaltela.pt\/s.01k8rhncp4jt1\/2026\/03\/CACHE_780X1200_ANALOG_WATERMARKED_46845562_4864756_29032026122157.jpg","contentUrl":"https:\/\/portaltela.pt\/s.01k8rhncp4jt1\/2026\/03\/CACHE_780X1200_ANALOG_WATERMARKED_46845562_4864756_29032026122157.jpg","width":768,"height":512,"caption":"Miguel Oliveira em terceiro na corrida Superpole das Superbikes em Portim\u00e3o"},{"@type":"BreadcrumbList","@id":"https:\/\/portaltela.pt\/noticias\/2026\/03\/29\/miguel-oliveira-fica-em-terceiro-na-superpole-das-sbk-em-portimao\/#breadcrumb","itemListElement":[{"@type":"ListItem","position":1,"name":"In\u00edcio","item":"https:\/\/portaltela.pt\/"},{"@type":"ListItem","position":2,"name":"Miguel Oliveira fica em terceiro na Superpole das SBK em Portim\u00e3o"}]},{"@type":"WebSite","@id":"https:\/\/portaltela.pt\/#website","url":"https:\/\/portaltela.pt\/","name":"Portal Tela Portugal","description":"","potentialAction":[{"@type":"SearchAction","target":{"@type":"EntryPoint","urlTemplate":"https:\/\/portaltela.pt\/?s={search_term_string}"},"query-input":{"@type":"PropertyValueSpecification","valueRequired":true,"valueName":"search_term_string"}}],"inLanguage":"pt-PT"},{"@type":"Person","@id":"https:\/\/portaltela.pt\/#\/schema\/person\/c4278d4a6028830caff9ee44b42d32ed","name":"Telinha","image":{"@type":"ImageObject","inLanguage":"pt-PT","@id":"https:\/\/portaltela.pt\/s.01k8rhncp4jt1\/2025\/11\/talking-bot-125x125.png","url":"https:\/\/portaltela.pt\/s.01k8rhncp4jt1\/2025\/11\/talking-bot-125x125.png","contentUrl":"https:\/\/portaltela.pt\/s.01k8rhncp4jt1\/2025\/11\/talking-bot-125x125.png","caption":"Telinha"},"sameAs":["https:\/\/portaltela.pt\/"],"url":"https:\/\/portaltela.pt\/por\/367410592786\/"}]}},"_links":{"self":[{"href":"https:\/\/portaltela.pt\/api\/wp\/v2\/posts\/426137","targetHints":{"allow":["GET"]}}],"collection":[{"href":"https:\/\/portaltela.pt\/api\/wp\/v2\/posts"}],"about":[{"href":"https:\/\/portaltela.pt\/api\/wp\/v2\/types\/post"}],"author":[{"embeddable":true,"href":"https:\/\/portaltela.pt\/api\/wp\/v2\/users\/2"}],"replies":[{"embeddable":true,"href":"https:\/\/portaltela.pt\/api\/wp\/v2\/comments?post=426137"}],"version-history":[{"count":0,"href":"https:\/\/portaltela.pt\/api\/wp\/v2\/posts\/426137\/revisions"}],"wp:featuredmedia":[{"embeddable":true,"href":"https:\/\/portaltela.pt\/api\/wp\/v2\/media\/426139"}],"wp:attachment":[{"href":"https:\/\/portaltela.pt\/api\/wp\/v2\/media?parent=426137"}],"wp:term":[{"taxonomy":"category","embeddable":true,"href":"https:\/\/portaltela.pt\/api\/wp\/v2\/categories?post=426137"},{"taxonomy":"post_tag","embeddable":true,"href":"https:\/\/portaltela.pt\/api\/wp\/v2\/tags?post=426137"}],"curies":[{"name":"wp","href":"https:\/\/api.w.org\/{rel}","templated":true}]}}