{"id":426115,"date":"2026-03-29T13:47:12","date_gmt":"2026-03-29T16:47:12","guid":{"rendered":"https:\/\/portaltela.pt\/noticias\/2026\/03\/29\/portugal-condena-israel-por-impedir-celebracao-de-missa-no-santo-sepulcro\/"},"modified":"2026-03-29T13:47:12","modified_gmt":"2026-03-29T16:47:12","slug":"portugal-condena-israel-por-impedir-celebracao-de-missa-no-santo-sepulcro","status":"publish","type":"post","link":"https:\/\/portaltela.pt\/noticias\/politica\/2026\/03\/29\/portugal-condena-israel-por-impedir-celebracao-de-missa-no-santo-sepulcro\/","title":{"rendered":"Portugal condena Israel por impedir celebra\u00e7\u00e3o de missa no Santo Sepulcro"},"content":{"rendered":"<p>O Minist\u00e9rio dos Neg\u00f3cios Estrangeiros de Portugal condenou a atua\u00e7\u00e3o da pol\u00edcia israelita que impediu o Patriarca Latino de Jerusal\u00e9m de celebrar a missa de Domingo de Ramos no Santo Sepulcro. A cerim\u00f3nia seria apenas transmitida, sem presen\u00e7a f\u00edsica, segundo o minist\u00e9rio.<\/p>\n<p>O incidente ocorreu na Cidade Velha de Jerusal\u00e9m, onde o Santo Sepulcro se encontra. O Patriarca Pizzaballa e o padre da Igreja do Santo Sepulcro teriam sido detidos no caminho para o local, sendo obrigados a recuar, afirmou o Patriarcado.<\/p>\n<p>O Governo portugu\u00eas pediu \u00e0s autoridades israelitas que garantam a liberdade de religi\u00e3o e de culto, destacando a import\u00e2ncia de facilitar encontros religiosos em locais sagrados. A decis\u00e3o de impedir gerou cr\u00edticas internacionais.<\/p>\n<h3>Rea\u00e7\u00e3o internacional<\/h3>\n<p>A contesta\u00e7\u00e3o internacional foi r\u00e1pida e diversa, com It\u00e1lia e Fran\u00e7a a condenarem o feito, destacando a viola\u00e7\u00e3o da liberdade religiosa. A Jord\u00e2nia qualificou o epis\u00f3dio de viola\u00e7\u00e3o grave do direito internacional.<\/p>\n<p>Os Estados Unidos tamb\u00e9m manifestaram preocupa\u00e7\u00e3o, enquanto o Brasil repudiou o impedimento. O presidente de Israel, Isaac Herzog, expressou pesar ao contactar Pierbattista Pizzaballa e reafirmou o compromisso com a liberdade religiosa no pa\u00eds.<\/p>\n","protected":false},"excerpt":{"rendered":"<ul>\n<li>O Governo portugu\u00eas condenou a pol\u00edcia israelita por impedir o Patriarca Latino de Jerusal\u00e9m de celebrar a missa de Domingo de Ramos no Santo Sepulcro.<\/li>\n<li>O impedimento atingiu o cardeal Pierbattista Pizzaballa e o padre da Igreja do Santo Sepulcro, e foi descrito como ocorrendo pela primeira vez em s\u00e9culos.<\/li>\n<li>Israel encerrou temporariamente os locais sagrados da Cidade Velha de Jerusal\u00e9m Oriental por raz\u00f5es de seguran\u00e7a, alegando rece\u00e7\u00e3o a ataques potenciais.<\/li>\n<li>V\u00e1rias na\u00e7\u00f5es reagiram: It\u00e1lia, Fran\u00e7a, Jord\u00e2nia e Brasil repudiaram; os EUA tamb\u00e9m condenaram; o presidente israelita, Isaac Herzog, expressou pesar e manteve o compromisso com a liberdade religiosa.<\/li>\n<li>O Minist\u00e9rio dos Neg\u00f3cios Estrangeiros exortou as autoridades israelitas a garantirem e praticarem a liberdade de religi\u00e3o e de culto.<\/li>\n<\/ul>\n","protected":false},"author":2,"featured_media":426117,"comment_status":"closed","ping_status":"closed","sticky":false,"template":"","format":"standard","meta":{"footnotes":""},"categories":[6912,5],"tags":[2633,1465,3708,5698,1014,104],"class_list":["post-426115","post","type-post","status-publish","format-standard","has-post-thumbnail","hentry","category-internacionais","category-politica","tag-direitos-humanos","tag-direitos-internacionais","tag-israel","tag-politica-internacional","tag-portugal","tag-religiao"],"yoast_head":"<!-- This site is optimized with the Yoast SEO plugin v27.2 - https:\/\/yoast.com\/product\/yoast-seo-wordpress\/ -->\n<title>Portugal condena Israel por impedir celebra\u00e7\u00e3o de missa no Santo Sepulcro - Portal Tela Portugal<\/title>\n<meta name=\"robots\" content=\"index, follow, max-snippet:-1, max-image-preview:large, max-video-preview:-1\" \/>\n<meta property=\"og:locale\" content=\"pt_PT\" \/>\n<meta property=\"og:type\" content=\"article\" \/>\n<meta property=\"og:title\" content=\"Portugal condena Israel por impedir celebra\u00e7\u00e3o de missa no Santo Sepulcro - Portal Tela Portugal\" \/>\n<meta property=\"og:description\" content=\"O Governo portugu\u00eas condenou a pol\u00edcia israelita por impedir o Patriarca Latino de Jerusal\u00e9m de celebrar a missa de Domingo de Ramos no Santo Sepulcro. O impedimento atingiu o cardeal Pierbattista Pizzaballa e o padre da Igreja do Santo Sepulcro, e foi descrito como ocorrendo pela primeira vez em s\u00e9culos. Israel encerrou temporariamente os locais sagrados da Cidade Velha de Jerusal\u00e9m Oriental por raz\u00f5es de seguran\u00e7a, alegando rece\u00e7\u00e3o a ataques potenciais. V\u00e1rias na\u00e7\u00f5es reagiram: It\u00e1lia, Fran\u00e7a, Jord\u00e2nia e Brasil repudiaram; os EUA tamb\u00e9m condenaram; o presidente israelita, Isaac Herzog, expressou pesar e manteve o compromisso com a liberdade religiosa. O Minist\u00e9rio dos Neg\u00f3cios Estrangeiros exortou as autoridades israelitas a garantirem e praticarem a liberdade de religi\u00e3o e de culto.\" \/>\n<meta property=\"og:url\" content=\"https:\/\/portaltela.pt\/noticias\/2026\/03\/29\/portugal-condena-israel-por-impedir-celebracao-de-missa-no-santo-sepulcro\/\" \/>\n<meta property=\"og:site_name\" content=\"Portal Tela Portugal\" \/>\n<meta property=\"article:published_time\" content=\"2026-03-29T16:47:12+00:00\" \/>\n<meta name=\"author\" content=\"Telinha\" \/>\n<meta name=\"twitter:card\" content=\"summary_large_image\" \/>\n<meta name=\"twitter:label1\" content=\"Escrito por\" \/>\n\t<meta name=\"twitter:data1\" content=\"Telinha\" \/>\n\t<meta name=\"twitter:label2\" content=\"Tempo estimado de leitura\" \/>\n\t<meta name=\"twitter:data2\" content=\"1 minuto\" \/>\n<script type=\"application\/ld+json\" class=\"yoast-schema-graph\">{\"@context\":\"https:\/\/schema.org\",\"@graph\":[{\"@type\":\"Article\",\"@id\":\"https:\/\/portaltela.pt\/noticias\/2026\/03\/29\/portugal-condena-israel-por-impedir-celebracao-de-missa-no-santo-sepulcro\/#article\",\"isPartOf\":{\"@id\":\"https:\/\/portaltela.pt\/noticias\/2026\/03\/29\/portugal-condena-israel-por-impedir-celebracao-de-missa-no-santo-sepulcro\/\"},\"author\":{\"name\":\"Telinha\",\"@id\":\"https:\/\/portaltela.pt\/#\/schema\/person\/c4278d4a6028830caff9ee44b42d32ed\"},\"headline\":\"Portugal condena Israel por impedir celebra\u00e7\u00e3o de missa no Santo Sepulcro\",\"datePublished\":\"2026-03-29T16:47:12+00:00\",\"mainEntityOfPage\":{\"@id\":\"https:\/\/portaltela.pt\/noticias\/2026\/03\/29\/portugal-condena-israel-por-impedir-celebracao-de-missa-no-santo-sepulcro\/\"},\"wordCount\":222,\"image\":{\"@id\":\"https:\/\/portaltela.pt\/noticias\/2026\/03\/29\/portugal-condena-israel-por-impedir-celebracao-de-missa-no-santo-sepulcro\/#primaryimage\"},\"thumbnailUrl\":\"https:\/\/portaltela.pt\/s.01k8rhncp4jt1\/2026\/03\/img_1500x1000uu2025-05-07-19-59-15-2207434.jpg\",\"keywords\":[\"direitos humanos\",\"direitos internacionais\",\"Israel\",\"pol\u00edtica internacional\",\"Portugal\",\"religi\u00e3o\"],\"articleSection\":[\"Internacionais\",\"Pol\u00edtica\"],\"inLanguage\":\"pt-PT\"},{\"@type\":\"WebPage\",\"@id\":\"https:\/\/portaltela.pt\/noticias\/2026\/03\/29\/portugal-condena-israel-por-impedir-celebracao-de-missa-no-santo-sepulcro\/\",\"url\":\"https:\/\/portaltela.pt\/noticias\/2026\/03\/29\/portugal-condena-israel-por-impedir-celebracao-de-missa-no-santo-sepulcro\/\",\"name\":\"Portugal condena Israel por impedir celebra\u00e7\u00e3o de missa no Santo Sepulcro - Portal Tela Portugal\",\"isPartOf\":{\"@id\":\"https:\/\/portaltela.pt\/#website\"},\"primaryImageOfPage\":{\"@id\":\"https:\/\/portaltela.pt\/noticias\/2026\/03\/29\/portugal-condena-israel-por-impedir-celebracao-de-missa-no-santo-sepulcro\/#primaryimage\"},\"image\":{\"@id\":\"https:\/\/portaltela.pt\/noticias\/2026\/03\/29\/portugal-condena-israel-por-impedir-celebracao-de-missa-no-santo-sepulcro\/#primaryimage\"},\"thumbnailUrl\":\"https:\/\/portaltela.pt\/s.01k8rhncp4jt1\/2026\/03\/img_1500x1000uu2025-05-07-19-59-15-2207434.jpg\",\"datePublished\":\"2026-03-29T16:47:12+00:00\",\"author\":{\"@id\":\"https:\/\/portaltela.pt\/#\/schema\/person\/c4278d4a6028830caff9ee44b42d32ed\"},\"breadcrumb\":{\"@id\":\"https:\/\/portaltela.pt\/noticias\/2026\/03\/29\/portugal-condena-israel-por-impedir-celebracao-de-missa-no-santo-sepulcro\/#breadcrumb\"},\"inLanguage\":\"pt-PT\",\"potentialAction\":[{\"@type\":\"ReadAction\",\"target\":[\"https:\/\/portaltela.pt\/noticias\/2026\/03\/29\/portugal-condena-israel-por-impedir-celebracao-de-missa-no-santo-sepulcro\/\"]}]},{\"@type\":\"ImageObject\",\"inLanguage\":\"pt-PT\",\"@id\":\"https:\/\/portaltela.pt\/noticias\/2026\/03\/29\/portugal-condena-israel-por-impedir-celebracao-de-missa-no-santo-sepulcro\/#primaryimage\",\"url\":\"https:\/\/portaltela.pt\/s.01k8rhncp4jt1\/2026\/03\/img_1500x1000uu2025-05-07-19-59-15-2207434.jpg\",\"contentUrl\":\"https:\/\/portaltela.pt\/s.01k8rhncp4jt1\/2026\/03\/img_1500x1000uu2025-05-07-19-59-15-2207434.jpg\",\"width\":796,\"height\":448,\"caption\":\"Paulo Rangel, ministro dos Neg\u00f3cios Estrangeiros\"},{\"@type\":\"BreadcrumbList\",\"@id\":\"https:\/\/portaltela.pt\/noticias\/2026\/03\/29\/portugal-condena-israel-por-impedir-celebracao-de-missa-no-santo-sepulcro\/#breadcrumb\",\"itemListElement\":[{\"@type\":\"ListItem\",\"position\":1,\"name\":\"In\u00edcio\",\"item\":\"https:\/\/portaltela.pt\/\"},{\"@type\":\"ListItem\",\"position\":2,\"name\":\"Portugal condena Israel por impedir celebra\u00e7\u00e3o de missa no Santo Sepulcro\"}]},{\"@type\":\"WebSite\",\"@id\":\"https:\/\/portaltela.pt\/#website\",\"url\":\"https:\/\/portaltela.pt\/\",\"name\":\"Portal Tela Portugal\",\"description\":\"\",\"potentialAction\":[{\"@type\":\"SearchAction\",\"target\":{\"@type\":\"EntryPoint\",\"urlTemplate\":\"https:\/\/portaltela.pt\/?s={search_term_string}\"},\"query-input\":{\"@type\":\"PropertyValueSpecification\",\"valueRequired\":true,\"valueName\":\"search_term_string\"}}],\"inLanguage\":\"pt-PT\"},{\"@type\":\"Person\",\"@id\":\"https:\/\/portaltela.pt\/#\/schema\/person\/c4278d4a6028830caff9ee44b42d32ed\",\"name\":\"Telinha\",\"image\":{\"@type\":\"ImageObject\",\"inLanguage\":\"pt-PT\",\"@id\":\"https:\/\/portaltela.pt\/s.01k8rhncp4jt1\/2025\/11\/talking-bot-125x125.png\",\"url\":\"https:\/\/portaltela.pt\/s.01k8rhncp4jt1\/2025\/11\/talking-bot-125x125.png\",\"contentUrl\":\"https:\/\/portaltela.pt\/s.01k8rhncp4jt1\/2025\/11\/talking-bot-125x125.png\",\"caption\":\"Telinha\"},\"sameAs\":[\"https:\/\/portaltela.pt\/\"],\"url\":\"https:\/\/portaltela.pt\/por\/367410592786\/\"}]}<\/script>\n<!-- \/ Yoast SEO plugin. -->","yoast_head_json":{"title":"Portugal condena Israel por impedir celebra\u00e7\u00e3o de missa no Santo Sepulcro - Portal Tela Portugal","robots":{"index":"index","follow":"follow","max-snippet":"max-snippet:-1","max-image-preview":"max-image-preview:large","max-video-preview":"max-video-preview:-1"},"og_locale":"pt_PT","og_type":"article","og_title":"Portugal condena Israel por impedir celebra\u00e7\u00e3o de missa no Santo Sepulcro - Portal Tela Portugal","og_description":"O Governo portugu\u00eas condenou a pol\u00edcia israelita por impedir o Patriarca Latino de Jerusal\u00e9m de celebrar a missa de Domingo de Ramos no Santo Sepulcro. O impedimento atingiu o cardeal Pierbattista Pizzaballa e o padre da Igreja do Santo Sepulcro, e foi descrito como ocorrendo pela primeira vez em s\u00e9culos. Israel encerrou temporariamente os locais sagrados da Cidade Velha de Jerusal\u00e9m Oriental por raz\u00f5es de seguran\u00e7a, alegando rece\u00e7\u00e3o a ataques potenciais. V\u00e1rias na\u00e7\u00f5es reagiram: It\u00e1lia, Fran\u00e7a, Jord\u00e2nia e Brasil repudiaram; os EUA tamb\u00e9m condenaram; o presidente israelita, Isaac Herzog, expressou pesar e manteve o compromisso com a liberdade religiosa. O Minist\u00e9rio dos Neg\u00f3cios Estrangeiros exortou as autoridades israelitas a garantirem e praticarem a liberdade de religi\u00e3o e de culto.","og_url":"https:\/\/portaltela.pt\/noticias\/2026\/03\/29\/portugal-condena-israel-por-impedir-celebracao-de-missa-no-santo-sepulcro\/","og_site_name":"Portal Tela Portugal","article_published_time":"2026-03-29T16:47:12+00:00","author":"Telinha","twitter_card":"summary_large_image","twitter_misc":{"Escrito por":"Telinha","Tempo estimado de leitura":"1 minuto"},"schema":{"@context":"https:\/\/schema.org","@graph":[{"@type":"Article","@id":"https:\/\/portaltela.pt\/noticias\/2026\/03\/29\/portugal-condena-israel-por-impedir-celebracao-de-missa-no-santo-sepulcro\/#article","isPartOf":{"@id":"https:\/\/portaltela.pt\/noticias\/2026\/03\/29\/portugal-condena-israel-por-impedir-celebracao-de-missa-no-santo-sepulcro\/"},"author":{"name":"Telinha","@id":"https:\/\/portaltela.pt\/#\/schema\/person\/c4278d4a6028830caff9ee44b42d32ed"},"headline":"Portugal condena Israel por impedir celebra\u00e7\u00e3o de missa no Santo Sepulcro","datePublished":"2026-03-29T16:47:12+00:00","mainEntityOfPage":{"@id":"https:\/\/portaltela.pt\/noticias\/2026\/03\/29\/portugal-condena-israel-por-impedir-celebracao-de-missa-no-santo-sepulcro\/"},"wordCount":222,"image":{"@id":"https:\/\/portaltela.pt\/noticias\/2026\/03\/29\/portugal-condena-israel-por-impedir-celebracao-de-missa-no-santo-sepulcro\/#primaryimage"},"thumbnailUrl":"https:\/\/portaltela.pt\/s.01k8rhncp4jt1\/2026\/03\/img_1500x1000uu2025-05-07-19-59-15-2207434.jpg","keywords":["direitos humanos","direitos internacionais","Israel","pol\u00edtica internacional","Portugal","religi\u00e3o"],"articleSection":["Internacionais","Pol\u00edtica"],"inLanguage":"pt-PT"},{"@type":"WebPage","@id":"https:\/\/portaltela.pt\/noticias\/2026\/03\/29\/portugal-condena-israel-por-impedir-celebracao-de-missa-no-santo-sepulcro\/","url":"https:\/\/portaltela.pt\/noticias\/2026\/03\/29\/portugal-condena-israel-por-impedir-celebracao-de-missa-no-santo-sepulcro\/","name":"Portugal condena Israel por impedir celebra\u00e7\u00e3o de missa no Santo Sepulcro - Portal Tela Portugal","isPartOf":{"@id":"https:\/\/portaltela.pt\/#website"},"primaryImageOfPage":{"@id":"https:\/\/portaltela.pt\/noticias\/2026\/03\/29\/portugal-condena-israel-por-impedir-celebracao-de-missa-no-santo-sepulcro\/#primaryimage"},"image":{"@id":"https:\/\/portaltela.pt\/noticias\/2026\/03\/29\/portugal-condena-israel-por-impedir-celebracao-de-missa-no-santo-sepulcro\/#primaryimage"},"thumbnailUrl":"https:\/\/portaltela.pt\/s.01k8rhncp4jt1\/2026\/03\/img_1500x1000uu2025-05-07-19-59-15-2207434.jpg","datePublished":"2026-03-29T16:47:12+00:00","author":{"@id":"https:\/\/portaltela.pt\/#\/schema\/person\/c4278d4a6028830caff9ee44b42d32ed"},"breadcrumb":{"@id":"https:\/\/portaltela.pt\/noticias\/2026\/03\/29\/portugal-condena-israel-por-impedir-celebracao-de-missa-no-santo-sepulcro\/#breadcrumb"},"inLanguage":"pt-PT","potentialAction":[{"@type":"ReadAction","target":["https:\/\/portaltela.pt\/noticias\/2026\/03\/29\/portugal-condena-israel-por-impedir-celebracao-de-missa-no-santo-sepulcro\/"]}]},{"@type":"ImageObject","inLanguage":"pt-PT","@id":"https:\/\/portaltela.pt\/noticias\/2026\/03\/29\/portugal-condena-israel-por-impedir-celebracao-de-missa-no-santo-sepulcro\/#primaryimage","url":"https:\/\/portaltela.pt\/s.01k8rhncp4jt1\/2026\/03\/img_1500x1000uu2025-05-07-19-59-15-2207434.jpg","contentUrl":"https:\/\/portaltela.pt\/s.01k8rhncp4jt1\/2026\/03\/img_1500x1000uu2025-05-07-19-59-15-2207434.jpg","width":796,"height":448,"caption":"Paulo Rangel, ministro dos Neg\u00f3cios Estrangeiros"},{"@type":"BreadcrumbList","@id":"https:\/\/portaltela.pt\/noticias\/2026\/03\/29\/portugal-condena-israel-por-impedir-celebracao-de-missa-no-santo-sepulcro\/#breadcrumb","itemListElement":[{"@type":"ListItem","position":1,"name":"In\u00edcio","item":"https:\/\/portaltela.pt\/"},{"@type":"ListItem","position":2,"name":"Portugal condena Israel por impedir celebra\u00e7\u00e3o de missa no Santo Sepulcro"}]},{"@type":"WebSite","@id":"https:\/\/portaltela.pt\/#website","url":"https:\/\/portaltela.pt\/","name":"Portal Tela Portugal","description":"","potentialAction":[{"@type":"SearchAction","target":{"@type":"EntryPoint","urlTemplate":"https:\/\/portaltela.pt\/?s={search_term_string}"},"query-input":{"@type":"PropertyValueSpecification","valueRequired":true,"valueName":"search_term_string"}}],"inLanguage":"pt-PT"},{"@type":"Person","@id":"https:\/\/portaltela.pt\/#\/schema\/person\/c4278d4a6028830caff9ee44b42d32ed","name":"Telinha","image":{"@type":"ImageObject","inLanguage":"pt-PT","@id":"https:\/\/portaltela.pt\/s.01k8rhncp4jt1\/2025\/11\/talking-bot-125x125.png","url":"https:\/\/portaltela.pt\/s.01k8rhncp4jt1\/2025\/11\/talking-bot-125x125.png","contentUrl":"https:\/\/portaltela.pt\/s.01k8rhncp4jt1\/2025\/11\/talking-bot-125x125.png","caption":"Telinha"},"sameAs":["https:\/\/portaltela.pt\/"],"url":"https:\/\/portaltela.pt\/por\/367410592786\/"}]}},"_links":{"self":[{"href":"https:\/\/portaltela.pt\/api\/wp\/v2\/posts\/426115","targetHints":{"allow":["GET"]}}],"collection":[{"href":"https:\/\/portaltela.pt\/api\/wp\/v2\/posts"}],"about":[{"href":"https:\/\/portaltela.pt\/api\/wp\/v2\/types\/post"}],"author":[{"embeddable":true,"href":"https:\/\/portaltela.pt\/api\/wp\/v2\/users\/2"}],"replies":[{"embeddable":true,"href":"https:\/\/portaltela.pt\/api\/wp\/v2\/comments?post=426115"}],"version-history":[{"count":0,"href":"https:\/\/portaltela.pt\/api\/wp\/v2\/posts\/426115\/revisions"}],"wp:featuredmedia":[{"embeddable":true,"href":"https:\/\/portaltela.pt\/api\/wp\/v2\/media\/426117"}],"wp:attachment":[{"href":"https:\/\/portaltela.pt\/api\/wp\/v2\/media?parent=426115"}],"wp:term":[{"taxonomy":"category","embeddable":true,"href":"https:\/\/portaltela.pt\/api\/wp\/v2\/categories?post=426115"},{"taxonomy":"post_tag","embeddable":true,"href":"https:\/\/portaltela.pt\/api\/wp\/v2\/tags?post=426115"}],"curies":[{"name":"wp","href":"https:\/\/api.w.org\/{rel}","templated":true}]}}