{"id":426098,"date":"2026-03-29T13:32:15","date_gmt":"2026-03-29T16:32:15","guid":{"rendered":"https:\/\/portaltela.pt\/noticias\/2026\/03\/29\/farioli-recorre-novamente-a-equipa-b-para-enfrentar-o-famalicao\/"},"modified":"2026-03-29T13:32:15","modified_gmt":"2026-03-29T16:32:15","slug":"farioli-recorre-novamente-a-equipa-b-para-enfrentar-o-famalicao","status":"publish","type":"post","link":"https:\/\/portaltela.pt\/desporto\/futebol\/2026\/03\/29\/farioli-recorre-novamente-a-equipa-b-para-enfrentar-o-famalicao\/","title":{"rendered":"Farioli recorre novamente \u00e0 equipa B para enfrentar o Famalic\u00e3o"},"content":{"rendered":"<p>\u00c0 semelhan\u00e7a do que aconteceu no s\u00e1bado, o treino do FC Porto deste domingo foi realizado em conjunto com a equipa B. A op\u00e7\u00e3o resulta das muitas aus\u00eancias a tired de ambas as forma\u00e7\u00f5es, devido a jogadores em compromissos com sele\u00e7\u00f5es.<\/p>\n<p>No boletim cl\u00ednico constam Diogo Costa (tratamento), Nehu\u00e9n P\u00e9rez (treino condicionado), Rodrigo Mora (tratamento), Luuk de Jong (tratamento e gin\u00e1sio) e Samu (tratamento e gin\u00e1sio). A estes somam-se nove jogadores ausentes por chamadas \u00e0s sele\u00e7\u00f5es.<\/p>\n<p>Estes elementos devem regressar apenas poucos dias antes do encontro com o Famalic\u00e3o, marcado para o pr\u00f3ximo s\u00e1bado. A receptividade do plantel \u00e0 integra\u00e7\u00e3o com a equipa B justifica a continuidade da adapta\u00e7\u00e3o f\u00edsica e t\u00e1tica.<\/p>\n<h3>Sess\u00e3o no Olival<\/h3>\n<p>Nesta segunda-feira est\u00e1 prevista uma nova sess\u00e3o no Olival, mantendo o foco na prepara\u00e7\u00e3o para o jogo com o Famalic\u00e3o e na gest\u00e3o do cansa\u00e7o entre os interventores com maior carga de jogos. A sportingidade permanece, com objetivo de manter o rendimento da equipa principal.<\/p>\n","protected":false},"excerpt":{"rendered":"<ul>\n<li>O FC Porto realizou o treino deste domingo em conjunto com a equipa B, tal como aconteceu no s\u00e1bado, devido a v\u00e1rias aus\u00eancias nas duas forma\u00e7\u00f5es.<\/li>\n<li>Os jogadores no boletim cl\u00ednico mant\u00eam Diogo Costa (tratamento), Nehu\u00e9n P\u00e9rez (treino condicionado), Rodrigo Mora (tratamento), Luuk de Jong (tratamento e gin\u00e1sio) e Samu (tratamento e gin\u00e1sio).<\/li>\n<li>H\u00e1 ainda nove jogadores ausentes devido a compromissos com sele\u00e7\u00f5es, que devem regressar pouco antes do jogo com o Famalic\u00e3o.<\/li>\n<li>O encontro est\u00e1 marcado para s\u00e1bado pr\u00f3ximo, frente ao Famalic\u00e3o.<\/li>\n<li>Esta segunda-feira h\u00e1 nova sess\u00e3o de treino no Olival.<\/li>\n<\/ul>\n","protected":false},"author":2,"featured_media":426100,"comment_status":"closed","ping_status":"closed","sticky":false,"template":"","format":"standard","meta":{"footnotes":""},"categories":[21,24],"tags":[4143,1396,2028,32,7593,1731],"class_list":["post-426098","post","type-post","status-publish","format-standard","has-post-thumbnail","hentry","category-desporto","category-futebol","tag-1-liga","tag-famalicao","tag-fc-porto","tag-futebol","tag-selecoes","tag-treino"],"yoast_head":"<!-- This site is optimized with the Yoast SEO plugin v27.2 - https:\/\/yoast.com\/product\/yoast-seo-wordpress\/ -->\n<title>Farioli recorre novamente \u00e0 equipa B para enfrentar o Famalic\u00e3o - Portal Tela Portugal<\/title>\n<meta name=\"robots\" content=\"index, follow, max-snippet:-1, max-image-preview:large, max-video-preview:-1\" \/>\n<meta property=\"og:locale\" content=\"pt_PT\" \/>\n<meta property=\"og:type\" content=\"article\" \/>\n<meta property=\"og:title\" content=\"Farioli recorre novamente \u00e0 equipa B para enfrentar o Famalic\u00e3o - Portal Tela Portugal\" \/>\n<meta property=\"og:description\" content=\"O FC Porto realizou o treino deste domingo em conjunto com a equipa B, tal como aconteceu no s\u00e1bado, devido a v\u00e1rias aus\u00eancias nas duas forma\u00e7\u00f5es. Os jogadores no boletim cl\u00ednico mant\u00eam Diogo Costa (tratamento), Nehu\u00e9n P\u00e9rez (treino condicionado), Rodrigo Mora (tratamento), Luuk de Jong (tratamento e gin\u00e1sio) e Samu (tratamento e gin\u00e1sio). H\u00e1 ainda nove jogadores ausentes devido a compromissos com sele\u00e7\u00f5es, que devem regressar pouco antes do jogo com o Famalic\u00e3o. O encontro est\u00e1 marcado para s\u00e1bado pr\u00f3ximo, frente ao Famalic\u00e3o. Esta segunda-feira h\u00e1 nova sess\u00e3o de treino no Olival.\" \/>\n<meta property=\"og:url\" content=\"https:\/\/portaltela.pt\/noticias\/2026\/03\/29\/farioli-recorre-novamente-a-equipa-b-para-enfrentar-o-famalicao\/\" \/>\n<meta property=\"og:site_name\" content=\"Portal Tela Portugal\" \/>\n<meta property=\"article:published_time\" content=\"2026-03-29T16:32:15+00:00\" \/>\n<meta name=\"author\" content=\"Telinha\" \/>\n<meta name=\"twitter:card\" content=\"summary_large_image\" \/>\n<meta name=\"twitter:label1\" content=\"Escrito por\" \/>\n\t<meta name=\"twitter:data1\" content=\"Telinha\" \/>\n\t<meta name=\"twitter:label2\" content=\"Tempo estimado de leitura\" \/>\n\t<meta name=\"twitter:data2\" content=\"1 minuto\" \/>\n<script type=\"application\/ld+json\" class=\"yoast-schema-graph\">{\"@context\":\"https:\/\/schema.org\",\"@graph\":[{\"@type\":\"Article\",\"@id\":\"https:\/\/portaltela.pt\/noticias\/2026\/03\/29\/farioli-recorre-novamente-a-equipa-b-para-enfrentar-o-famalicao\/#article\",\"isPartOf\":{\"@id\":\"https:\/\/portaltela.pt\/noticias\/2026\/03\/29\/farioli-recorre-novamente-a-equipa-b-para-enfrentar-o-famalicao\/\"},\"author\":{\"name\":\"Telinha\",\"@id\":\"https:\/\/portaltela.pt\/#\/schema\/person\/c4278d4a6028830caff9ee44b42d32ed\"},\"headline\":\"Farioli recorre novamente \u00e0 equipa B para enfrentar o Famalic\u00e3o\",\"datePublished\":\"2026-03-29T16:32:15+00:00\",\"mainEntityOfPage\":{\"@id\":\"https:\/\/portaltela.pt\/noticias\/2026\/03\/29\/farioli-recorre-novamente-a-equipa-b-para-enfrentar-o-famalicao\/\"},\"wordCount\":193,\"image\":{\"@id\":\"https:\/\/portaltela.pt\/noticias\/2026\/03\/29\/farioli-recorre-novamente-a-equipa-b-para-enfrentar-o-famalicao\/#primaryimage\"},\"thumbnailUrl\":\"https:\/\/portaltela.pt\/s.01k8rhncp4jt1\/2026\/03\/img_920x518uu2026-03-29-17-26-39-2430003.jpg\",\"keywords\":[\"1. Liga\",\"Famalic\u00e3o\",\"FC Porto\",\"futebol\",\"sele\u00e7\u00f5es\",\"treino\"],\"articleSection\":[\"Desporto\",\"Futebol\"],\"inLanguage\":\"pt-PT\"},{\"@type\":\"WebPage\",\"@id\":\"https:\/\/portaltela.pt\/noticias\/2026\/03\/29\/farioli-recorre-novamente-a-equipa-b-para-enfrentar-o-famalicao\/\",\"url\":\"https:\/\/portaltela.pt\/noticias\/2026\/03\/29\/farioli-recorre-novamente-a-equipa-b-para-enfrentar-o-famalicao\/\",\"name\":\"Farioli recorre novamente \u00e0 equipa B para enfrentar o Famalic\u00e3o - Portal Tela Portugal\",\"isPartOf\":{\"@id\":\"https:\/\/portaltela.pt\/#website\"},\"primaryImageOfPage\":{\"@id\":\"https:\/\/portaltela.pt\/noticias\/2026\/03\/29\/farioli-recorre-novamente-a-equipa-b-para-enfrentar-o-famalicao\/#primaryimage\"},\"image\":{\"@id\":\"https:\/\/portaltela.pt\/noticias\/2026\/03\/29\/farioli-recorre-novamente-a-equipa-b-para-enfrentar-o-famalicao\/#primaryimage\"},\"thumbnailUrl\":\"https:\/\/portaltela.pt\/s.01k8rhncp4jt1\/2026\/03\/img_920x518uu2026-03-29-17-26-39-2430003.jpg\",\"datePublished\":\"2026-03-29T16:32:15+00:00\",\"author\":{\"@id\":\"https:\/\/portaltela.pt\/#\/schema\/person\/c4278d4a6028830caff9ee44b42d32ed\"},\"breadcrumb\":{\"@id\":\"https:\/\/portaltela.pt\/noticias\/2026\/03\/29\/farioli-recorre-novamente-a-equipa-b-para-enfrentar-o-famalicao\/#breadcrumb\"},\"inLanguage\":\"pt-PT\",\"potentialAction\":[{\"@type\":\"ReadAction\",\"target\":[\"https:\/\/portaltela.pt\/noticias\/2026\/03\/29\/farioli-recorre-novamente-a-equipa-b-para-enfrentar-o-famalicao\/\"]}]},{\"@type\":\"ImageObject\",\"inLanguage\":\"pt-PT\",\"@id\":\"https:\/\/portaltela.pt\/noticias\/2026\/03\/29\/farioli-recorre-novamente-a-equipa-b-para-enfrentar-o-famalicao\/#primaryimage\",\"url\":\"https:\/\/portaltela.pt\/s.01k8rhncp4jt1\/2026\/03\/img_920x518uu2026-03-29-17-26-39-2430003.jpg\",\"contentUrl\":\"https:\/\/portaltela.pt\/s.01k8rhncp4jt1\/2026\/03\/img_920x518uu2026-03-29-17-26-39-2430003.jpg\",\"width\":796,\"height\":448,\"caption\":\"Martim Fernandes em a\u00e7\u00e3o no treino deste domingo\"},{\"@type\":\"BreadcrumbList\",\"@id\":\"https:\/\/portaltela.pt\/noticias\/2026\/03\/29\/farioli-recorre-novamente-a-equipa-b-para-enfrentar-o-famalicao\/#breadcrumb\",\"itemListElement\":[{\"@type\":\"ListItem\",\"position\":1,\"name\":\"In\u00edcio\",\"item\":\"https:\/\/portaltela.pt\/\"},{\"@type\":\"ListItem\",\"position\":2,\"name\":\"Farioli recorre novamente \u00e0 equipa B para enfrentar o Famalic\u00e3o\"}]},{\"@type\":\"WebSite\",\"@id\":\"https:\/\/portaltela.pt\/#website\",\"url\":\"https:\/\/portaltela.pt\/\",\"name\":\"Portal Tela Portugal\",\"description\":\"\",\"potentialAction\":[{\"@type\":\"SearchAction\",\"target\":{\"@type\":\"EntryPoint\",\"urlTemplate\":\"https:\/\/portaltela.pt\/?s={search_term_string}\"},\"query-input\":{\"@type\":\"PropertyValueSpecification\",\"valueRequired\":true,\"valueName\":\"search_term_string\"}}],\"inLanguage\":\"pt-PT\"},{\"@type\":\"Person\",\"@id\":\"https:\/\/portaltela.pt\/#\/schema\/person\/c4278d4a6028830caff9ee44b42d32ed\",\"name\":\"Telinha\",\"image\":{\"@type\":\"ImageObject\",\"inLanguage\":\"pt-PT\",\"@id\":\"https:\/\/portaltela.pt\/s.01k8rhncp4jt1\/2025\/11\/talking-bot-125x125.png\",\"url\":\"https:\/\/portaltela.pt\/s.01k8rhncp4jt1\/2025\/11\/talking-bot-125x125.png\",\"contentUrl\":\"https:\/\/portaltela.pt\/s.01k8rhncp4jt1\/2025\/11\/talking-bot-125x125.png\",\"caption\":\"Telinha\"},\"sameAs\":[\"https:\/\/portaltela.pt\/\"],\"url\":\"https:\/\/portaltela.pt\/por\/367410592786\/\"}]}<\/script>\n<!-- \/ Yoast SEO plugin. -->","yoast_head_json":{"title":"Farioli recorre novamente \u00e0 equipa B para enfrentar o Famalic\u00e3o - Portal Tela Portugal","robots":{"index":"index","follow":"follow","max-snippet":"max-snippet:-1","max-image-preview":"max-image-preview:large","max-video-preview":"max-video-preview:-1"},"og_locale":"pt_PT","og_type":"article","og_title":"Farioli recorre novamente \u00e0 equipa B para enfrentar o Famalic\u00e3o - Portal Tela Portugal","og_description":"O FC Porto realizou o treino deste domingo em conjunto com a equipa B, tal como aconteceu no s\u00e1bado, devido a v\u00e1rias aus\u00eancias nas duas forma\u00e7\u00f5es. Os jogadores no boletim cl\u00ednico mant\u00eam Diogo Costa (tratamento), Nehu\u00e9n P\u00e9rez (treino condicionado), Rodrigo Mora (tratamento), Luuk de Jong (tratamento e gin\u00e1sio) e Samu (tratamento e gin\u00e1sio). H\u00e1 ainda nove jogadores ausentes devido a compromissos com sele\u00e7\u00f5es, que devem regressar pouco antes do jogo com o Famalic\u00e3o. O encontro est\u00e1 marcado para s\u00e1bado pr\u00f3ximo, frente ao Famalic\u00e3o. Esta segunda-feira h\u00e1 nova sess\u00e3o de treino no Olival.","og_url":"https:\/\/portaltela.pt\/noticias\/2026\/03\/29\/farioli-recorre-novamente-a-equipa-b-para-enfrentar-o-famalicao\/","og_site_name":"Portal Tela Portugal","article_published_time":"2026-03-29T16:32:15+00:00","author":"Telinha","twitter_card":"summary_large_image","twitter_misc":{"Escrito por":"Telinha","Tempo estimado de leitura":"1 minuto"},"schema":{"@context":"https:\/\/schema.org","@graph":[{"@type":"Article","@id":"https:\/\/portaltela.pt\/noticias\/2026\/03\/29\/farioli-recorre-novamente-a-equipa-b-para-enfrentar-o-famalicao\/#article","isPartOf":{"@id":"https:\/\/portaltela.pt\/noticias\/2026\/03\/29\/farioli-recorre-novamente-a-equipa-b-para-enfrentar-o-famalicao\/"},"author":{"name":"Telinha","@id":"https:\/\/portaltela.pt\/#\/schema\/person\/c4278d4a6028830caff9ee44b42d32ed"},"headline":"Farioli recorre novamente \u00e0 equipa B para enfrentar o Famalic\u00e3o","datePublished":"2026-03-29T16:32:15+00:00","mainEntityOfPage":{"@id":"https:\/\/portaltela.pt\/noticias\/2026\/03\/29\/farioli-recorre-novamente-a-equipa-b-para-enfrentar-o-famalicao\/"},"wordCount":193,"image":{"@id":"https:\/\/portaltela.pt\/noticias\/2026\/03\/29\/farioli-recorre-novamente-a-equipa-b-para-enfrentar-o-famalicao\/#primaryimage"},"thumbnailUrl":"https:\/\/portaltela.pt\/s.01k8rhncp4jt1\/2026\/03\/img_920x518uu2026-03-29-17-26-39-2430003.jpg","keywords":["1. Liga","Famalic\u00e3o","FC Porto","futebol","sele\u00e7\u00f5es","treino"],"articleSection":["Desporto","Futebol"],"inLanguage":"pt-PT"},{"@type":"WebPage","@id":"https:\/\/portaltela.pt\/noticias\/2026\/03\/29\/farioli-recorre-novamente-a-equipa-b-para-enfrentar-o-famalicao\/","url":"https:\/\/portaltela.pt\/noticias\/2026\/03\/29\/farioli-recorre-novamente-a-equipa-b-para-enfrentar-o-famalicao\/","name":"Farioli recorre novamente \u00e0 equipa B para enfrentar o Famalic\u00e3o - Portal Tela Portugal","isPartOf":{"@id":"https:\/\/portaltela.pt\/#website"},"primaryImageOfPage":{"@id":"https:\/\/portaltela.pt\/noticias\/2026\/03\/29\/farioli-recorre-novamente-a-equipa-b-para-enfrentar-o-famalicao\/#primaryimage"},"image":{"@id":"https:\/\/portaltela.pt\/noticias\/2026\/03\/29\/farioli-recorre-novamente-a-equipa-b-para-enfrentar-o-famalicao\/#primaryimage"},"thumbnailUrl":"https:\/\/portaltela.pt\/s.01k8rhncp4jt1\/2026\/03\/img_920x518uu2026-03-29-17-26-39-2430003.jpg","datePublished":"2026-03-29T16:32:15+00:00","author":{"@id":"https:\/\/portaltela.pt\/#\/schema\/person\/c4278d4a6028830caff9ee44b42d32ed"},"breadcrumb":{"@id":"https:\/\/portaltela.pt\/noticias\/2026\/03\/29\/farioli-recorre-novamente-a-equipa-b-para-enfrentar-o-famalicao\/#breadcrumb"},"inLanguage":"pt-PT","potentialAction":[{"@type":"ReadAction","target":["https:\/\/portaltela.pt\/noticias\/2026\/03\/29\/farioli-recorre-novamente-a-equipa-b-para-enfrentar-o-famalicao\/"]}]},{"@type":"ImageObject","inLanguage":"pt-PT","@id":"https:\/\/portaltela.pt\/noticias\/2026\/03\/29\/farioli-recorre-novamente-a-equipa-b-para-enfrentar-o-famalicao\/#primaryimage","url":"https:\/\/portaltela.pt\/s.01k8rhncp4jt1\/2026\/03\/img_920x518uu2026-03-29-17-26-39-2430003.jpg","contentUrl":"https:\/\/portaltela.pt\/s.01k8rhncp4jt1\/2026\/03\/img_920x518uu2026-03-29-17-26-39-2430003.jpg","width":796,"height":448,"caption":"Martim Fernandes em a\u00e7\u00e3o no treino deste domingo"},{"@type":"BreadcrumbList","@id":"https:\/\/portaltela.pt\/noticias\/2026\/03\/29\/farioli-recorre-novamente-a-equipa-b-para-enfrentar-o-famalicao\/#breadcrumb","itemListElement":[{"@type":"ListItem","position":1,"name":"In\u00edcio","item":"https:\/\/portaltela.pt\/"},{"@type":"ListItem","position":2,"name":"Farioli recorre novamente \u00e0 equipa B para enfrentar o Famalic\u00e3o"}]},{"@type":"WebSite","@id":"https:\/\/portaltela.pt\/#website","url":"https:\/\/portaltela.pt\/","name":"Portal Tela Portugal","description":"","potentialAction":[{"@type":"SearchAction","target":{"@type":"EntryPoint","urlTemplate":"https:\/\/portaltela.pt\/?s={search_term_string}"},"query-input":{"@type":"PropertyValueSpecification","valueRequired":true,"valueName":"search_term_string"}}],"inLanguage":"pt-PT"},{"@type":"Person","@id":"https:\/\/portaltela.pt\/#\/schema\/person\/c4278d4a6028830caff9ee44b42d32ed","name":"Telinha","image":{"@type":"ImageObject","inLanguage":"pt-PT","@id":"https:\/\/portaltela.pt\/s.01k8rhncp4jt1\/2025\/11\/talking-bot-125x125.png","url":"https:\/\/portaltela.pt\/s.01k8rhncp4jt1\/2025\/11\/talking-bot-125x125.png","contentUrl":"https:\/\/portaltela.pt\/s.01k8rhncp4jt1\/2025\/11\/talking-bot-125x125.png","caption":"Telinha"},"sameAs":["https:\/\/portaltela.pt\/"],"url":"https:\/\/portaltela.pt\/por\/367410592786\/"}]}},"_links":{"self":[{"href":"https:\/\/portaltela.pt\/api\/wp\/v2\/posts\/426098","targetHints":{"allow":["GET"]}}],"collection":[{"href":"https:\/\/portaltela.pt\/api\/wp\/v2\/posts"}],"about":[{"href":"https:\/\/portaltela.pt\/api\/wp\/v2\/types\/post"}],"author":[{"embeddable":true,"href":"https:\/\/portaltela.pt\/api\/wp\/v2\/users\/2"}],"replies":[{"embeddable":true,"href":"https:\/\/portaltela.pt\/api\/wp\/v2\/comments?post=426098"}],"version-history":[{"count":0,"href":"https:\/\/portaltela.pt\/api\/wp\/v2\/posts\/426098\/revisions"}],"wp:featuredmedia":[{"embeddable":true,"href":"https:\/\/portaltela.pt\/api\/wp\/v2\/media\/426100"}],"wp:attachment":[{"href":"https:\/\/portaltela.pt\/api\/wp\/v2\/media?parent=426098"}],"wp:term":[{"taxonomy":"category","embeddable":true,"href":"https:\/\/portaltela.pt\/api\/wp\/v2\/categories?post=426098"},{"taxonomy":"post_tag","embeddable":true,"href":"https:\/\/portaltela.pt\/api\/wp\/v2\/tags?post=426098"}],"curies":[{"name":"wp","href":"https:\/\/api.w.org\/{rel}","templated":true}]}}