{"id":426070,"date":"2026-03-29T13:16:56","date_gmt":"2026-03-29T16:16:56","guid":{"rendered":"https:\/\/portaltela.pt\/noticias\/2026\/03\/29\/dois-drones-nao-identificados-caem-no-sudeste-da-finlandia-em-violacao-territorial\/"},"modified":"2026-03-29T13:16:56","modified_gmt":"2026-03-29T16:16:56","slug":"dois-drones-nao-identificados-caem-no-sudeste-da-finlandia-em-violacao-territorial","status":"publish","type":"post","link":"https:\/\/portaltela.pt\/guerra\/2026\/03\/29\/dois-drones-nao-identificados-caem-no-sudeste-da-finlandia-em-violacao-territorial\/","title":{"rendered":"Dois drones n\u00e3o identificados caem no sudeste da Finl\u00e2ndia em viola\u00e7\u00e3o territorial"},"content":{"rendered":"<p>Dois drones n\u00e3o identificados despenharam-se perto de Kouvola, no sul da Finl\u00e2ndia, no domingo, em que o Minist\u00e9rio da Defesa considera uma suspeita de viola\u00e7\u00e3o territorial. A for\u00e7a a\u00e9rea enviou um ca\u00e7a F\/A-18 Hornet para identificar os objetos, que ca\u00edram a norte e a leste de Kouvola. As zonas foram isoladas pela pol\u00edcia para a investiga\u00e7\u00e3o.<\/p>\n<p>O primeiro-ministro Petteri Orpo mencionou a possibilidade de tratar-se de drones ucranianos perdidos, possivelmente devido a interfer\u00eancia russa nos sinais. A observa\u00e7\u00e3o surge numa altura em que Helsinki afirma que Kiev tem realizado ataques com drones ao longo de uma fronteira de mais de 1 300 km com a Finl\u00e2ndia.<\/p>\n<p>A investiga\u00e7\u00e3o est\u00e1 em curso, com as autoridades a tentar confirmar a origem dos aparelhos e as circunst\u00e2ncias do despenhamento. O Kremlin \u00e9 apontado como potencial respons\u00e1vel pela interfer\u00eancia nos sinais, segundo informa\u00e7\u00f5es ainda por verificar. As autoridades de seguran\u00e7a trabalham no local para recolher evid\u00eancias.<\/p>\n","protected":false},"excerpt":{"rendered":"<ul>\n<li>Dois drones n\u00e3o identificados despenharam-se perto de Kouvola, no sul da Finl\u00e2ndia, no domingo de manh\u00e3, em princ\u00edpio uma suspeita de viola\u00e7\u00e3o territorial, segundo o Minist\u00e9rio da Defesa.<\/li>\n<li>O primeiro-ministro Petteri Orpo disse ser prov\u00e1vel que os drones fossem ucranianos que se extraviaram, possivelmente por interfer\u00eancia russa nos sinais; Kiev tem efetuado ataques a territ\u00f3rio russo ao longo dos 1 340 quil\u00f4metros da fronteira com a Finl\u00e2ndia.<\/li>\n<li>O ministro da Defesa, Antti Hakkanen, afirmou que a investiga\u00e7\u00e3o est\u00e1 em curso e que mais detalhes ser\u00e3o anunciados assim que verificados; o Kremlin poder\u00e1 ter bloqueado os sinais dos drones ucranianos.<\/li>\n<li>A For\u00e7a A\u00e9rea enviou um ca\u00e7a F\/A-18 Hornet para identificar os objetos voadores, conforme o Minist\u00e9rio da Defesa.<\/li>\n<li>A pol\u00edcia isolou as zonas afetadas para permitir a investiga\u00e7\u00e3o.<\/li>\n<\/ul>\n","protected":false},"author":2,"featured_media":426073,"comment_status":"closed","ping_status":"closed","sticky":false,"template":"","format":"standard","meta":{"footnotes":""},"categories":[6790,6804],"tags":[7400,3484,3110,250,2134,1825],"class_list":["post-426070","post","type-post","status-publish","format-standard","has-post-thumbnail","hentry","category-conflitos","category-guerra","tag-drones","tag-finlandia","tag-russia","tag-seguranca-publica","tag-ucrania","tag-violacao"],"yoast_head":"<!-- This site is optimized with the Yoast SEO plugin v27.2 - https:\/\/yoast.com\/product\/yoast-seo-wordpress\/ -->\n<title>Dois drones n\u00e3o identificados caem no sudeste da Finl\u00e2ndia em viola\u00e7\u00e3o territorial - Portal Tela Portugal<\/title>\n<meta name=\"robots\" content=\"index, follow, max-snippet:-1, max-image-preview:large, max-video-preview:-1\" \/>\n<meta property=\"og:locale\" content=\"pt_PT\" \/>\n<meta property=\"og:type\" content=\"article\" \/>\n<meta property=\"og:title\" content=\"Dois drones n\u00e3o identificados caem no sudeste da Finl\u00e2ndia em viola\u00e7\u00e3o territorial - Portal Tela Portugal\" \/>\n<meta property=\"og:description\" content=\"Dois drones n\u00e3o identificados despenharam-se perto de Kouvola, no sul da Finl\u00e2ndia, no domingo de manh\u00e3, em princ\u00edpio uma suspeita de viola\u00e7\u00e3o territorial, segundo o Minist\u00e9rio da Defesa. O primeiro-ministro Petteri Orpo disse ser prov\u00e1vel que os drones fossem ucranianos que se extraviaram, possivelmente por interfer\u00eancia russa nos sinais; Kiev tem efetuado ataques a territ\u00f3rio russo ao longo dos 1 340 quil\u00f4metros da fronteira com a Finl\u00e2ndia. O ministro da Defesa, Antti Hakkanen, afirmou que a investiga\u00e7\u00e3o est\u00e1 em curso e que mais detalhes ser\u00e3o anunciados assim que verificados; o Kremlin poder\u00e1 ter bloqueado os sinais dos drones ucranianos. A For\u00e7a A\u00e9rea enviou um ca\u00e7a F\/A-18 Hornet para identificar os objetos voadores, conforme o Minist\u00e9rio da Defesa. A pol\u00edcia isolou as zonas afetadas para permitir a investiga\u00e7\u00e3o.\" \/>\n<meta property=\"og:url\" content=\"https:\/\/portaltela.pt\/noticias\/2026\/03\/29\/dois-drones-nao-identificados-caem-no-sudeste-da-finlandia-em-violacao-territorial\/\" \/>\n<meta property=\"og:site_name\" content=\"Portal Tela Portugal\" \/>\n<meta property=\"article:published_time\" content=\"2026-03-29T16:16:56+00:00\" \/>\n<meta name=\"author\" content=\"Telinha\" \/>\n<meta name=\"twitter:card\" content=\"summary_large_image\" \/>\n<meta name=\"twitter:label1\" content=\"Escrito por\" \/>\n\t<meta name=\"twitter:data1\" content=\"Telinha\" \/>\n\t<meta name=\"twitter:label2\" content=\"Tempo estimado de leitura\" \/>\n\t<meta name=\"twitter:data2\" content=\"1 minuto\" \/>\n<script type=\"application\/ld+json\" class=\"yoast-schema-graph\">{\"@context\":\"https:\/\/schema.org\",\"@graph\":[{\"@type\":\"Article\",\"@id\":\"https:\/\/portaltela.pt\/noticias\/2026\/03\/29\/dois-drones-nao-identificados-caem-no-sudeste-da-finlandia-em-violacao-territorial\/#article\",\"isPartOf\":{\"@id\":\"https:\/\/portaltela.pt\/noticias\/2026\/03\/29\/dois-drones-nao-identificados-caem-no-sudeste-da-finlandia-em-violacao-territorial\/\"},\"author\":{\"name\":\"Telinha\",\"@id\":\"https:\/\/portaltela.pt\/#\/schema\/person\/c4278d4a6028830caff9ee44b42d32ed\"},\"headline\":\"Dois drones n\u00e3o identificados caem no sudeste da Finl\u00e2ndia em viola\u00e7\u00e3o territorial\",\"datePublished\":\"2026-03-29T16:16:56+00:00\",\"mainEntityOfPage\":{\"@id\":\"https:\/\/portaltela.pt\/noticias\/2026\/03\/29\/dois-drones-nao-identificados-caem-no-sudeste-da-finlandia-em-violacao-territorial\/\"},\"wordCount\":185,\"image\":{\"@id\":\"https:\/\/portaltela.pt\/noticias\/2026\/03\/29\/dois-drones-nao-identificados-caem-no-sudeste-da-finlandia-em-violacao-territorial\/#primaryimage\"},\"thumbnailUrl\":\"https:\/\/portaltela.pt\/s.01k8rhncp4jt1\/2026\/03\/1536x864_cmsv2_a8d69873-ede5-5898-841b-e2cdf00693d8-9703000.jpg\",\"keywords\":[\"drones\",\"Finl\u00e2ndia\",\"R\u00fassia\",\"seguran\u00e7a p\u00fablica\",\"Ucr\u00e2nia\",\"viola\u00e7\u00e3o\"],\"articleSection\":[\"Conflitos\",\"Guerra\"],\"inLanguage\":\"pt-PT\"},{\"@type\":\"WebPage\",\"@id\":\"https:\/\/portaltela.pt\/noticias\/2026\/03\/29\/dois-drones-nao-identificados-caem-no-sudeste-da-finlandia-em-violacao-territorial\/\",\"url\":\"https:\/\/portaltela.pt\/noticias\/2026\/03\/29\/dois-drones-nao-identificados-caem-no-sudeste-da-finlandia-em-violacao-territorial\/\",\"name\":\"Dois drones n\u00e3o identificados caem no sudeste da Finl\u00e2ndia em viola\u00e7\u00e3o territorial - Portal Tela Portugal\",\"isPartOf\":{\"@id\":\"https:\/\/portaltela.pt\/#website\"},\"primaryImageOfPage\":{\"@id\":\"https:\/\/portaltela.pt\/noticias\/2026\/03\/29\/dois-drones-nao-identificados-caem-no-sudeste-da-finlandia-em-violacao-territorial\/#primaryimage\"},\"image\":{\"@id\":\"https:\/\/portaltela.pt\/noticias\/2026\/03\/29\/dois-drones-nao-identificados-caem-no-sudeste-da-finlandia-em-violacao-territorial\/#primaryimage\"},\"thumbnailUrl\":\"https:\/\/portaltela.pt\/s.01k8rhncp4jt1\/2026\/03\/1536x864_cmsv2_a8d69873-ede5-5898-841b-e2cdf00693d8-9703000.jpg\",\"datePublished\":\"2026-03-29T16:16:56+00:00\",\"author\":{\"@id\":\"https:\/\/portaltela.pt\/#\/schema\/person\/c4278d4a6028830caff9ee44b42d32ed\"},\"breadcrumb\":{\"@id\":\"https:\/\/portaltela.pt\/noticias\/2026\/03\/29\/dois-drones-nao-identificados-caem-no-sudeste-da-finlandia-em-violacao-territorial\/#breadcrumb\"},\"inLanguage\":\"pt-PT\",\"potentialAction\":[{\"@type\":\"ReadAction\",\"target\":[\"https:\/\/portaltela.pt\/noticias\/2026\/03\/29\/dois-drones-nao-identificados-caem-no-sudeste-da-finlandia-em-violacao-territorial\/\"]}]},{\"@type\":\"ImageObject\",\"inLanguage\":\"pt-PT\",\"@id\":\"https:\/\/portaltela.pt\/noticias\/2026\/03\/29\/dois-drones-nao-identificados-caem-no-sudeste-da-finlandia-em-violacao-territorial\/#primaryimage\",\"url\":\"https:\/\/portaltela.pt\/s.01k8rhncp4jt1\/2026\/03\/1536x864_cmsv2_a8d69873-ede5-5898-841b-e2cdf00693d8-9703000.jpg\",\"contentUrl\":\"https:\/\/portaltela.pt\/s.01k8rhncp4jt1\/2026\/03\/1536x864_cmsv2_a8d69873-ede5-5898-841b-e2cdf00693d8-9703000.jpg\",\"width\":796,\"height\":448,\"caption\":\"Soldados finlandeses operam um drone na \u00e1rea de treino de Rovajaervi, durante os exerc\u00edcios \u00e1rcticos da NATO Cold Response em Rovaniemi, Finl\u00e2ndia, ter\u00e7a-feira, 17 de mar\u00e7o de 2026\"},{\"@type\":\"BreadcrumbList\",\"@id\":\"https:\/\/portaltela.pt\/noticias\/2026\/03\/29\/dois-drones-nao-identificados-caem-no-sudeste-da-finlandia-em-violacao-territorial\/#breadcrumb\",\"itemListElement\":[{\"@type\":\"ListItem\",\"position\":1,\"name\":\"In\u00edcio\",\"item\":\"https:\/\/portaltela.pt\/\"},{\"@type\":\"ListItem\",\"position\":2,\"name\":\"Dois drones n\u00e3o identificados caem no sudeste da Finl\u00e2ndia em viola\u00e7\u00e3o territorial\"}]},{\"@type\":\"WebSite\",\"@id\":\"https:\/\/portaltela.pt\/#website\",\"url\":\"https:\/\/portaltela.pt\/\",\"name\":\"Portal Tela Portugal\",\"description\":\"\",\"potentialAction\":[{\"@type\":\"SearchAction\",\"target\":{\"@type\":\"EntryPoint\",\"urlTemplate\":\"https:\/\/portaltela.pt\/?s={search_term_string}\"},\"query-input\":{\"@type\":\"PropertyValueSpecification\",\"valueRequired\":true,\"valueName\":\"search_term_string\"}}],\"inLanguage\":\"pt-PT\"},{\"@type\":\"Person\",\"@id\":\"https:\/\/portaltela.pt\/#\/schema\/person\/c4278d4a6028830caff9ee44b42d32ed\",\"name\":\"Telinha\",\"image\":{\"@type\":\"ImageObject\",\"inLanguage\":\"pt-PT\",\"@id\":\"https:\/\/portaltela.pt\/s.01k8rhncp4jt1\/2025\/11\/talking-bot-125x125.png\",\"url\":\"https:\/\/portaltela.pt\/s.01k8rhncp4jt1\/2025\/11\/talking-bot-125x125.png\",\"contentUrl\":\"https:\/\/portaltela.pt\/s.01k8rhncp4jt1\/2025\/11\/talking-bot-125x125.png\",\"caption\":\"Telinha\"},\"sameAs\":[\"https:\/\/portaltela.pt\/\"],\"url\":\"https:\/\/portaltela.pt\/por\/367410592786\/\"}]}<\/script>\n<!-- \/ Yoast SEO plugin. -->","yoast_head_json":{"title":"Dois drones n\u00e3o identificados caem no sudeste da Finl\u00e2ndia em viola\u00e7\u00e3o territorial - Portal Tela Portugal","robots":{"index":"index","follow":"follow","max-snippet":"max-snippet:-1","max-image-preview":"max-image-preview:large","max-video-preview":"max-video-preview:-1"},"og_locale":"pt_PT","og_type":"article","og_title":"Dois drones n\u00e3o identificados caem no sudeste da Finl\u00e2ndia em viola\u00e7\u00e3o territorial - Portal Tela Portugal","og_description":"Dois drones n\u00e3o identificados despenharam-se perto de Kouvola, no sul da Finl\u00e2ndia, no domingo de manh\u00e3, em princ\u00edpio uma suspeita de viola\u00e7\u00e3o territorial, segundo o Minist\u00e9rio da Defesa. O primeiro-ministro Petteri Orpo disse ser prov\u00e1vel que os drones fossem ucranianos que se extraviaram, possivelmente por interfer\u00eancia russa nos sinais; Kiev tem efetuado ataques a territ\u00f3rio russo ao longo dos 1 340 quil\u00f4metros da fronteira com a Finl\u00e2ndia. O ministro da Defesa, Antti Hakkanen, afirmou que a investiga\u00e7\u00e3o est\u00e1 em curso e que mais detalhes ser\u00e3o anunciados assim que verificados; o Kremlin poder\u00e1 ter bloqueado os sinais dos drones ucranianos. A For\u00e7a A\u00e9rea enviou um ca\u00e7a F\/A-18 Hornet para identificar os objetos voadores, conforme o Minist\u00e9rio da Defesa. A pol\u00edcia isolou as zonas afetadas para permitir a investiga\u00e7\u00e3o.","og_url":"https:\/\/portaltela.pt\/noticias\/2026\/03\/29\/dois-drones-nao-identificados-caem-no-sudeste-da-finlandia-em-violacao-territorial\/","og_site_name":"Portal Tela Portugal","article_published_time":"2026-03-29T16:16:56+00:00","author":"Telinha","twitter_card":"summary_large_image","twitter_misc":{"Escrito por":"Telinha","Tempo estimado de leitura":"1 minuto"},"schema":{"@context":"https:\/\/schema.org","@graph":[{"@type":"Article","@id":"https:\/\/portaltela.pt\/noticias\/2026\/03\/29\/dois-drones-nao-identificados-caem-no-sudeste-da-finlandia-em-violacao-territorial\/#article","isPartOf":{"@id":"https:\/\/portaltela.pt\/noticias\/2026\/03\/29\/dois-drones-nao-identificados-caem-no-sudeste-da-finlandia-em-violacao-territorial\/"},"author":{"name":"Telinha","@id":"https:\/\/portaltela.pt\/#\/schema\/person\/c4278d4a6028830caff9ee44b42d32ed"},"headline":"Dois drones n\u00e3o identificados caem no sudeste da Finl\u00e2ndia em viola\u00e7\u00e3o territorial","datePublished":"2026-03-29T16:16:56+00:00","mainEntityOfPage":{"@id":"https:\/\/portaltela.pt\/noticias\/2026\/03\/29\/dois-drones-nao-identificados-caem-no-sudeste-da-finlandia-em-violacao-territorial\/"},"wordCount":185,"image":{"@id":"https:\/\/portaltela.pt\/noticias\/2026\/03\/29\/dois-drones-nao-identificados-caem-no-sudeste-da-finlandia-em-violacao-territorial\/#primaryimage"},"thumbnailUrl":"https:\/\/portaltela.pt\/s.01k8rhncp4jt1\/2026\/03\/1536x864_cmsv2_a8d69873-ede5-5898-841b-e2cdf00693d8-9703000.jpg","keywords":["drones","Finl\u00e2ndia","R\u00fassia","seguran\u00e7a p\u00fablica","Ucr\u00e2nia","viola\u00e7\u00e3o"],"articleSection":["Conflitos","Guerra"],"inLanguage":"pt-PT"},{"@type":"WebPage","@id":"https:\/\/portaltela.pt\/noticias\/2026\/03\/29\/dois-drones-nao-identificados-caem-no-sudeste-da-finlandia-em-violacao-territorial\/","url":"https:\/\/portaltela.pt\/noticias\/2026\/03\/29\/dois-drones-nao-identificados-caem-no-sudeste-da-finlandia-em-violacao-territorial\/","name":"Dois drones n\u00e3o identificados caem no sudeste da Finl\u00e2ndia em viola\u00e7\u00e3o territorial - Portal Tela Portugal","isPartOf":{"@id":"https:\/\/portaltela.pt\/#website"},"primaryImageOfPage":{"@id":"https:\/\/portaltela.pt\/noticias\/2026\/03\/29\/dois-drones-nao-identificados-caem-no-sudeste-da-finlandia-em-violacao-territorial\/#primaryimage"},"image":{"@id":"https:\/\/portaltela.pt\/noticias\/2026\/03\/29\/dois-drones-nao-identificados-caem-no-sudeste-da-finlandia-em-violacao-territorial\/#primaryimage"},"thumbnailUrl":"https:\/\/portaltela.pt\/s.01k8rhncp4jt1\/2026\/03\/1536x864_cmsv2_a8d69873-ede5-5898-841b-e2cdf00693d8-9703000.jpg","datePublished":"2026-03-29T16:16:56+00:00","author":{"@id":"https:\/\/portaltela.pt\/#\/schema\/person\/c4278d4a6028830caff9ee44b42d32ed"},"breadcrumb":{"@id":"https:\/\/portaltela.pt\/noticias\/2026\/03\/29\/dois-drones-nao-identificados-caem-no-sudeste-da-finlandia-em-violacao-territorial\/#breadcrumb"},"inLanguage":"pt-PT","potentialAction":[{"@type":"ReadAction","target":["https:\/\/portaltela.pt\/noticias\/2026\/03\/29\/dois-drones-nao-identificados-caem-no-sudeste-da-finlandia-em-violacao-territorial\/"]}]},{"@type":"ImageObject","inLanguage":"pt-PT","@id":"https:\/\/portaltela.pt\/noticias\/2026\/03\/29\/dois-drones-nao-identificados-caem-no-sudeste-da-finlandia-em-violacao-territorial\/#primaryimage","url":"https:\/\/portaltela.pt\/s.01k8rhncp4jt1\/2026\/03\/1536x864_cmsv2_a8d69873-ede5-5898-841b-e2cdf00693d8-9703000.jpg","contentUrl":"https:\/\/portaltela.pt\/s.01k8rhncp4jt1\/2026\/03\/1536x864_cmsv2_a8d69873-ede5-5898-841b-e2cdf00693d8-9703000.jpg","width":796,"height":448,"caption":"Soldados finlandeses operam um drone na \u00e1rea de treino de Rovajaervi, durante os exerc\u00edcios \u00e1rcticos da NATO Cold Response em Rovaniemi, Finl\u00e2ndia, ter\u00e7a-feira, 17 de mar\u00e7o de 2026"},{"@type":"BreadcrumbList","@id":"https:\/\/portaltela.pt\/noticias\/2026\/03\/29\/dois-drones-nao-identificados-caem-no-sudeste-da-finlandia-em-violacao-territorial\/#breadcrumb","itemListElement":[{"@type":"ListItem","position":1,"name":"In\u00edcio","item":"https:\/\/portaltela.pt\/"},{"@type":"ListItem","position":2,"name":"Dois drones n\u00e3o identificados caem no sudeste da Finl\u00e2ndia em viola\u00e7\u00e3o territorial"}]},{"@type":"WebSite","@id":"https:\/\/portaltela.pt\/#website","url":"https:\/\/portaltela.pt\/","name":"Portal Tela Portugal","description":"","potentialAction":[{"@type":"SearchAction","target":{"@type":"EntryPoint","urlTemplate":"https:\/\/portaltela.pt\/?s={search_term_string}"},"query-input":{"@type":"PropertyValueSpecification","valueRequired":true,"valueName":"search_term_string"}}],"inLanguage":"pt-PT"},{"@type":"Person","@id":"https:\/\/portaltela.pt\/#\/schema\/person\/c4278d4a6028830caff9ee44b42d32ed","name":"Telinha","image":{"@type":"ImageObject","inLanguage":"pt-PT","@id":"https:\/\/portaltela.pt\/s.01k8rhncp4jt1\/2025\/11\/talking-bot-125x125.png","url":"https:\/\/portaltela.pt\/s.01k8rhncp4jt1\/2025\/11\/talking-bot-125x125.png","contentUrl":"https:\/\/portaltela.pt\/s.01k8rhncp4jt1\/2025\/11\/talking-bot-125x125.png","caption":"Telinha"},"sameAs":["https:\/\/portaltela.pt\/"],"url":"https:\/\/portaltela.pt\/por\/367410592786\/"}]}},"_links":{"self":[{"href":"https:\/\/portaltela.pt\/api\/wp\/v2\/posts\/426070","targetHints":{"allow":["GET"]}}],"collection":[{"href":"https:\/\/portaltela.pt\/api\/wp\/v2\/posts"}],"about":[{"href":"https:\/\/portaltela.pt\/api\/wp\/v2\/types\/post"}],"author":[{"embeddable":true,"href":"https:\/\/portaltela.pt\/api\/wp\/v2\/users\/2"}],"replies":[{"embeddable":true,"href":"https:\/\/portaltela.pt\/api\/wp\/v2\/comments?post=426070"}],"version-history":[{"count":0,"href":"https:\/\/portaltela.pt\/api\/wp\/v2\/posts\/426070\/revisions"}],"wp:featuredmedia":[{"embeddable":true,"href":"https:\/\/portaltela.pt\/api\/wp\/v2\/media\/426073"}],"wp:attachment":[{"href":"https:\/\/portaltela.pt\/api\/wp\/v2\/media?parent=426070"}],"wp:term":[{"taxonomy":"category","embeddable":true,"href":"https:\/\/portaltela.pt\/api\/wp\/v2\/categories?post=426070"},{"taxonomy":"post_tag","embeddable":true,"href":"https:\/\/portaltela.pt\/api\/wp\/v2\/tags?post=426070"}],"curies":[{"name":"wp","href":"https:\/\/api.w.org\/{rel}","templated":true}]}}