{"id":426062,"date":"2026-03-29T13:02:28","date_gmt":"2026-03-29T16:02:28","guid":{"rendered":"https:\/\/portaltela.pt\/noticias\/2026\/03\/29\/fc-porto-vence-queluz-e-sobe-ao-3-o-lugar\/"},"modified":"2026-03-29T13:02:28","modified_gmt":"2026-03-29T16:02:28","slug":"fc-porto-vence-queluz-e-sobe-ao-3-o-lugar","status":"publish","type":"post","link":"https:\/\/portaltela.pt\/desporto\/futebol\/2026\/03\/29\/fc-porto-vence-queluz-e-sobe-ao-3-o-lugar\/","title":{"rendered":"FC Porto vence Queluz e sobe ao 3.\u00ba lugar"},"content":{"rendered":"<p>O FC Porto derrotou o Queluz por 99-94, na 18.\u00aa jornada da Liga Betclic, disputada no Drag\u00e3o Arena, neste domingo. A equipa orientada por Fernando S\u00e1 manteve a lideran\u00e7a ao longo do encontro.<\/p>\n<p>O Porto entrou mais agressivo e fechou o 1.\u00ba quarto na frente, 27-19. Ao intervalo, a vantagem subiu para 12 pontos, 57-45.<\/p>\n<p>No 2.\u00ba tempo, os azuis e brancos chegaram a ter 20 pontos de vantagem. Partiu para o \u00faltimo quarto com 78-61 e resistiu \u00e0 aproxima\u00e7\u00e3o do Queluz nos minutos finais.<\/p>\n<p>Corey Allen-Williams foi o melhor marcador dos portistas, com 24 pontos. Jelani Simmons destacou-se pelo Queluz, com 33 pontos.<\/p>\n<p>Com o triunfo, o FC Porto sobe ao 3.\u00ba lugar, com 31 pontos, a dois do Sporting e a tr\u00eas do l\u00edder Benfica. A equipa prepara pr\u00f3ximos jogos da competi\u00e7\u00e3o.<\/p>\n","protected":false},"excerpt":{"rendered":"<ul>\n<li>O FC Porto venceu o Queluz por 99-94 na 18.\u00aa jornada da Liga Betclic, no Drag\u00e3o Arena.<\/li>\n<li>O Porto disputou o primeiro quarto na frente, 27-19, e chegou ao intervalo com 57-45, mantendo uma vantagem de 12 pontos.<\/li>\n<li>No segundo tempo, os azuis e brancos chegaram a 20 pontos de vantagem e entraram no \u00faltimo quarto com 78-61.<\/li>\n<li>O Queluz reduziu nos minutos finais, mas o Porto segurou o triunfo e subiu ao 3.\u00ba lugar, com 31 pontos, a dois do Sporting e a tr\u00eas do l\u00edder Benfica.<\/li>\n<li>O melhor marcador do Porto foi Corey Allen-Williams, com 24 pontos; Jelani Simmons, do Queluz, destacou-se com 33 pontos.<\/li>\n<\/ul>\n","protected":false},"author":2,"featured_media":426065,"comment_status":"closed","ping_status":"closed","sticky":false,"template":"","format":"standard","meta":{"footnotes":""},"categories":[21,24],"tags":[392,152,2028,1786,982,3739],"class_list":["post-426062","post","type-post","status-publish","format-standard","has-post-thumbnail","hentry","category-desporto","category-futebol","tag-basquetebol","tag-desporto","tag-fc-porto","tag-liga","tag-porto","tag-queluz"],"yoast_head":"<!-- This site is optimized with the Yoast SEO plugin v27.2 - https:\/\/yoast.com\/product\/yoast-seo-wordpress\/ -->\n<title>FC Porto vence Queluz e sobe ao 3.\u00ba lugar - Portal Tela Portugal<\/title>\n<meta name=\"robots\" content=\"index, follow, max-snippet:-1, max-image-preview:large, max-video-preview:-1\" \/>\n<meta property=\"og:locale\" content=\"pt_PT\" \/>\n<meta property=\"og:type\" content=\"article\" \/>\n<meta property=\"og:title\" content=\"FC Porto vence Queluz e sobe ao 3.\u00ba lugar - Portal Tela Portugal\" \/>\n<meta property=\"og:description\" content=\"O FC Porto venceu o Queluz por 99-94 na 18.\u00aa jornada da Liga Betclic, no Drag\u00e3o Arena. O Porto disputou o primeiro quarto na frente, 27-19, e chegou ao intervalo com 57-45, mantendo uma vantagem de 12 pontos. No segundo tempo, os azuis e brancos chegaram a 20 pontos de vantagem e entraram no \u00faltimo quarto com 78-61. O Queluz reduziu nos minutos finais, mas o Porto segurou o triunfo e subiu ao 3.\u00ba lugar, com 31 pontos, a dois do Sporting e a tr\u00eas do l\u00edder Benfica. O melhor marcador do Porto foi Corey Allen-Williams, com 24 pontos; Jelani Simmons, do Queluz, destacou-se com 33 pontos.\" \/>\n<meta property=\"og:url\" content=\"https:\/\/portaltela.pt\/noticias\/2026\/03\/29\/fc-porto-vence-queluz-e-sobe-ao-3-o-lugar\/\" \/>\n<meta property=\"og:site_name\" content=\"Portal Tela Portugal\" \/>\n<meta property=\"article:published_time\" content=\"2026-03-29T16:02:28+00:00\" \/>\n<meta name=\"author\" content=\"Telinha\" \/>\n<meta name=\"twitter:card\" content=\"summary_large_image\" \/>\n<meta name=\"twitter:label1\" content=\"Escrito por\" \/>\n\t<meta name=\"twitter:data1\" content=\"Telinha\" \/>\n\t<meta name=\"twitter:label2\" content=\"Tempo estimado de leitura\" \/>\n\t<meta name=\"twitter:data2\" content=\"1 minuto\" \/>\n<script type=\"application\/ld+json\" class=\"yoast-schema-graph\">{\"@context\":\"https:\/\/schema.org\",\"@graph\":[{\"@type\":\"Article\",\"@id\":\"https:\/\/portaltela.pt\/noticias\/2026\/03\/29\/fc-porto-vence-queluz-e-sobe-ao-3-o-lugar\/#article\",\"isPartOf\":{\"@id\":\"https:\/\/portaltela.pt\/noticias\/2026\/03\/29\/fc-porto-vence-queluz-e-sobe-ao-3-o-lugar\/\"},\"author\":{\"name\":\"Telinha\",\"@id\":\"https:\/\/portaltela.pt\/#\/schema\/person\/c4278d4a6028830caff9ee44b42d32ed\"},\"headline\":\"FC Porto vence Queluz e sobe ao 3.\u00ba lugar\",\"datePublished\":\"2026-03-29T16:02:28+00:00\",\"mainEntityOfPage\":{\"@id\":\"https:\/\/portaltela.pt\/noticias\/2026\/03\/29\/fc-porto-vence-queluz-e-sobe-ao-3-o-lugar\/\"},\"wordCount\":139,\"image\":{\"@id\":\"https:\/\/portaltela.pt\/noticias\/2026\/03\/29\/fc-porto-vence-queluz-e-sobe-ao-3-o-lugar\/#primaryimage\"},\"thumbnailUrl\":\"https:\/\/portaltela.pt\/s.01k8rhncp4jt1\/2026\/03\/img_920x518uu2026-03-29-16-51-32-2429994.jpg\",\"keywords\":[\"basquetebol\",\"desporto\",\"FC Porto\",\"Liga\",\"Porto\",\"Queluz\"],\"articleSection\":[\"Desporto\",\"Futebol\"],\"inLanguage\":\"pt-PT\"},{\"@type\":\"WebPage\",\"@id\":\"https:\/\/portaltela.pt\/noticias\/2026\/03\/29\/fc-porto-vence-queluz-e-sobe-ao-3-o-lugar\/\",\"url\":\"https:\/\/portaltela.pt\/noticias\/2026\/03\/29\/fc-porto-vence-queluz-e-sobe-ao-3-o-lugar\/\",\"name\":\"FC Porto vence Queluz e sobe ao 3.\u00ba lugar - Portal Tela Portugal\",\"isPartOf\":{\"@id\":\"https:\/\/portaltela.pt\/#website\"},\"primaryImageOfPage\":{\"@id\":\"https:\/\/portaltela.pt\/noticias\/2026\/03\/29\/fc-porto-vence-queluz-e-sobe-ao-3-o-lugar\/#primaryimage\"},\"image\":{\"@id\":\"https:\/\/portaltela.pt\/noticias\/2026\/03\/29\/fc-porto-vence-queluz-e-sobe-ao-3-o-lugar\/#primaryimage\"},\"thumbnailUrl\":\"https:\/\/portaltela.pt\/s.01k8rhncp4jt1\/2026\/03\/img_920x518uu2026-03-29-16-51-32-2429994.jpg\",\"datePublished\":\"2026-03-29T16:02:28+00:00\",\"author\":{\"@id\":\"https:\/\/portaltela.pt\/#\/schema\/person\/c4278d4a6028830caff9ee44b42d32ed\"},\"breadcrumb\":{\"@id\":\"https:\/\/portaltela.pt\/noticias\/2026\/03\/29\/fc-porto-vence-queluz-e-sobe-ao-3-o-lugar\/#breadcrumb\"},\"inLanguage\":\"pt-PT\",\"potentialAction\":[{\"@type\":\"ReadAction\",\"target\":[\"https:\/\/portaltela.pt\/noticias\/2026\/03\/29\/fc-porto-vence-queluz-e-sobe-ao-3-o-lugar\/\"]}]},{\"@type\":\"ImageObject\",\"inLanguage\":\"pt-PT\",\"@id\":\"https:\/\/portaltela.pt\/noticias\/2026\/03\/29\/fc-porto-vence-queluz-e-sobe-ao-3-o-lugar\/#primaryimage\",\"url\":\"https:\/\/portaltela.pt\/s.01k8rhncp4jt1\/2026\/03\/img_920x518uu2026-03-29-16-51-32-2429994.jpg\",\"contentUrl\":\"https:\/\/portaltela.pt\/s.01k8rhncp4jt1\/2026\/03\/img_920x518uu2026-03-29-16-51-32-2429994.jpg\",\"width\":796,\"height\":448,\"caption\":\"Basquetebol: FC Porto vence e sobe na classifica\u00e7\u00e3o\"},{\"@type\":\"BreadcrumbList\",\"@id\":\"https:\/\/portaltela.pt\/noticias\/2026\/03\/29\/fc-porto-vence-queluz-e-sobe-ao-3-o-lugar\/#breadcrumb\",\"itemListElement\":[{\"@type\":\"ListItem\",\"position\":1,\"name\":\"In\u00edcio\",\"item\":\"https:\/\/portaltela.pt\/\"},{\"@type\":\"ListItem\",\"position\":2,\"name\":\"FC Porto vence Queluz e sobe ao 3.\u00ba lugar\"}]},{\"@type\":\"WebSite\",\"@id\":\"https:\/\/portaltela.pt\/#website\",\"url\":\"https:\/\/portaltela.pt\/\",\"name\":\"Portal Tela Portugal\",\"description\":\"\",\"potentialAction\":[{\"@type\":\"SearchAction\",\"target\":{\"@type\":\"EntryPoint\",\"urlTemplate\":\"https:\/\/portaltela.pt\/?s={search_term_string}\"},\"query-input\":{\"@type\":\"PropertyValueSpecification\",\"valueRequired\":true,\"valueName\":\"search_term_string\"}}],\"inLanguage\":\"pt-PT\"},{\"@type\":\"Person\",\"@id\":\"https:\/\/portaltela.pt\/#\/schema\/person\/c4278d4a6028830caff9ee44b42d32ed\",\"name\":\"Telinha\",\"image\":{\"@type\":\"ImageObject\",\"inLanguage\":\"pt-PT\",\"@id\":\"https:\/\/portaltela.pt\/s.01k8rhncp4jt1\/2025\/11\/talking-bot-125x125.png\",\"url\":\"https:\/\/portaltela.pt\/s.01k8rhncp4jt1\/2025\/11\/talking-bot-125x125.png\",\"contentUrl\":\"https:\/\/portaltela.pt\/s.01k8rhncp4jt1\/2025\/11\/talking-bot-125x125.png\",\"caption\":\"Telinha\"},\"sameAs\":[\"https:\/\/portaltela.pt\/\"],\"url\":\"https:\/\/portaltela.pt\/por\/367410592786\/\"}]}<\/script>\n<!-- \/ Yoast SEO plugin. -->","yoast_head_json":{"title":"FC Porto vence Queluz e sobe ao 3.\u00ba lugar - Portal Tela Portugal","robots":{"index":"index","follow":"follow","max-snippet":"max-snippet:-1","max-image-preview":"max-image-preview:large","max-video-preview":"max-video-preview:-1"},"og_locale":"pt_PT","og_type":"article","og_title":"FC Porto vence Queluz e sobe ao 3.\u00ba lugar - Portal Tela Portugal","og_description":"O FC Porto venceu o Queluz por 99-94 na 18.\u00aa jornada da Liga Betclic, no Drag\u00e3o Arena. O Porto disputou o primeiro quarto na frente, 27-19, e chegou ao intervalo com 57-45, mantendo uma vantagem de 12 pontos. No segundo tempo, os azuis e brancos chegaram a 20 pontos de vantagem e entraram no \u00faltimo quarto com 78-61. O Queluz reduziu nos minutos finais, mas o Porto segurou o triunfo e subiu ao 3.\u00ba lugar, com 31 pontos, a dois do Sporting e a tr\u00eas do l\u00edder Benfica. O melhor marcador do Porto foi Corey Allen-Williams, com 24 pontos; Jelani Simmons, do Queluz, destacou-se com 33 pontos.","og_url":"https:\/\/portaltela.pt\/noticias\/2026\/03\/29\/fc-porto-vence-queluz-e-sobe-ao-3-o-lugar\/","og_site_name":"Portal Tela Portugal","article_published_time":"2026-03-29T16:02:28+00:00","author":"Telinha","twitter_card":"summary_large_image","twitter_misc":{"Escrito por":"Telinha","Tempo estimado de leitura":"1 minuto"},"schema":{"@context":"https:\/\/schema.org","@graph":[{"@type":"Article","@id":"https:\/\/portaltela.pt\/noticias\/2026\/03\/29\/fc-porto-vence-queluz-e-sobe-ao-3-o-lugar\/#article","isPartOf":{"@id":"https:\/\/portaltela.pt\/noticias\/2026\/03\/29\/fc-porto-vence-queluz-e-sobe-ao-3-o-lugar\/"},"author":{"name":"Telinha","@id":"https:\/\/portaltela.pt\/#\/schema\/person\/c4278d4a6028830caff9ee44b42d32ed"},"headline":"FC Porto vence Queluz e sobe ao 3.\u00ba lugar","datePublished":"2026-03-29T16:02:28+00:00","mainEntityOfPage":{"@id":"https:\/\/portaltela.pt\/noticias\/2026\/03\/29\/fc-porto-vence-queluz-e-sobe-ao-3-o-lugar\/"},"wordCount":139,"image":{"@id":"https:\/\/portaltela.pt\/noticias\/2026\/03\/29\/fc-porto-vence-queluz-e-sobe-ao-3-o-lugar\/#primaryimage"},"thumbnailUrl":"https:\/\/portaltela.pt\/s.01k8rhncp4jt1\/2026\/03\/img_920x518uu2026-03-29-16-51-32-2429994.jpg","keywords":["basquetebol","desporto","FC Porto","Liga","Porto","Queluz"],"articleSection":["Desporto","Futebol"],"inLanguage":"pt-PT"},{"@type":"WebPage","@id":"https:\/\/portaltela.pt\/noticias\/2026\/03\/29\/fc-porto-vence-queluz-e-sobe-ao-3-o-lugar\/","url":"https:\/\/portaltela.pt\/noticias\/2026\/03\/29\/fc-porto-vence-queluz-e-sobe-ao-3-o-lugar\/","name":"FC Porto vence Queluz e sobe ao 3.\u00ba lugar - Portal Tela Portugal","isPartOf":{"@id":"https:\/\/portaltela.pt\/#website"},"primaryImageOfPage":{"@id":"https:\/\/portaltela.pt\/noticias\/2026\/03\/29\/fc-porto-vence-queluz-e-sobe-ao-3-o-lugar\/#primaryimage"},"image":{"@id":"https:\/\/portaltela.pt\/noticias\/2026\/03\/29\/fc-porto-vence-queluz-e-sobe-ao-3-o-lugar\/#primaryimage"},"thumbnailUrl":"https:\/\/portaltela.pt\/s.01k8rhncp4jt1\/2026\/03\/img_920x518uu2026-03-29-16-51-32-2429994.jpg","datePublished":"2026-03-29T16:02:28+00:00","author":{"@id":"https:\/\/portaltela.pt\/#\/schema\/person\/c4278d4a6028830caff9ee44b42d32ed"},"breadcrumb":{"@id":"https:\/\/portaltela.pt\/noticias\/2026\/03\/29\/fc-porto-vence-queluz-e-sobe-ao-3-o-lugar\/#breadcrumb"},"inLanguage":"pt-PT","potentialAction":[{"@type":"ReadAction","target":["https:\/\/portaltela.pt\/noticias\/2026\/03\/29\/fc-porto-vence-queluz-e-sobe-ao-3-o-lugar\/"]}]},{"@type":"ImageObject","inLanguage":"pt-PT","@id":"https:\/\/portaltela.pt\/noticias\/2026\/03\/29\/fc-porto-vence-queluz-e-sobe-ao-3-o-lugar\/#primaryimage","url":"https:\/\/portaltela.pt\/s.01k8rhncp4jt1\/2026\/03\/img_920x518uu2026-03-29-16-51-32-2429994.jpg","contentUrl":"https:\/\/portaltela.pt\/s.01k8rhncp4jt1\/2026\/03\/img_920x518uu2026-03-29-16-51-32-2429994.jpg","width":796,"height":448,"caption":"Basquetebol: FC Porto vence e sobe na classifica\u00e7\u00e3o"},{"@type":"BreadcrumbList","@id":"https:\/\/portaltela.pt\/noticias\/2026\/03\/29\/fc-porto-vence-queluz-e-sobe-ao-3-o-lugar\/#breadcrumb","itemListElement":[{"@type":"ListItem","position":1,"name":"In\u00edcio","item":"https:\/\/portaltela.pt\/"},{"@type":"ListItem","position":2,"name":"FC Porto vence Queluz e sobe ao 3.\u00ba lugar"}]},{"@type":"WebSite","@id":"https:\/\/portaltela.pt\/#website","url":"https:\/\/portaltela.pt\/","name":"Portal Tela Portugal","description":"","potentialAction":[{"@type":"SearchAction","target":{"@type":"EntryPoint","urlTemplate":"https:\/\/portaltela.pt\/?s={search_term_string}"},"query-input":{"@type":"PropertyValueSpecification","valueRequired":true,"valueName":"search_term_string"}}],"inLanguage":"pt-PT"},{"@type":"Person","@id":"https:\/\/portaltela.pt\/#\/schema\/person\/c4278d4a6028830caff9ee44b42d32ed","name":"Telinha","image":{"@type":"ImageObject","inLanguage":"pt-PT","@id":"https:\/\/portaltela.pt\/s.01k8rhncp4jt1\/2025\/11\/talking-bot-125x125.png","url":"https:\/\/portaltela.pt\/s.01k8rhncp4jt1\/2025\/11\/talking-bot-125x125.png","contentUrl":"https:\/\/portaltela.pt\/s.01k8rhncp4jt1\/2025\/11\/talking-bot-125x125.png","caption":"Telinha"},"sameAs":["https:\/\/portaltela.pt\/"],"url":"https:\/\/portaltela.pt\/por\/367410592786\/"}]}},"_links":{"self":[{"href":"https:\/\/portaltela.pt\/api\/wp\/v2\/posts\/426062","targetHints":{"allow":["GET"]}}],"collection":[{"href":"https:\/\/portaltela.pt\/api\/wp\/v2\/posts"}],"about":[{"href":"https:\/\/portaltela.pt\/api\/wp\/v2\/types\/post"}],"author":[{"embeddable":true,"href":"https:\/\/portaltela.pt\/api\/wp\/v2\/users\/2"}],"replies":[{"embeddable":true,"href":"https:\/\/portaltela.pt\/api\/wp\/v2\/comments?post=426062"}],"version-history":[{"count":0,"href":"https:\/\/portaltela.pt\/api\/wp\/v2\/posts\/426062\/revisions"}],"wp:featuredmedia":[{"embeddable":true,"href":"https:\/\/portaltela.pt\/api\/wp\/v2\/media\/426065"}],"wp:attachment":[{"href":"https:\/\/portaltela.pt\/api\/wp\/v2\/media?parent=426062"}],"wp:term":[{"taxonomy":"category","embeddable":true,"href":"https:\/\/portaltela.pt\/api\/wp\/v2\/categories?post=426062"},{"taxonomy":"post_tag","embeddable":true,"href":"https:\/\/portaltela.pt\/api\/wp\/v2\/tags?post=426062"}],"curies":[{"name":"wp","href":"https:\/\/api.w.org\/{rel}","templated":true}]}}