{"id":426051,"date":"2026-03-29T12:47:09","date_gmt":"2026-03-29T15:47:09","guid":{"rendered":"https:\/\/portaltela.pt\/noticias\/2026\/03\/29\/tiago-antunes-rompe-jejum-portugues-na-volta-ao-alentejo\/"},"modified":"2026-03-29T12:47:09","modified_gmt":"2026-03-29T15:47:09","slug":"tiago-antunes-rompe-jejum-portugues-na-volta-ao-alentejo","status":"publish","type":"post","link":"https:\/\/portaltela.pt\/desporto\/futebol\/2026\/03\/29\/tiago-antunes-rompe-jejum-portugues-na-volta-ao-alentejo\/","title":{"rendered":"Tiago Antunes rompe jejum portugu\u00eas na Volta ao Alentejo"},"content":{"rendered":"<p>Tiago Antunes (Efapel) venceu a Volta ao Alentejo, interrompendo um jejum de cinco edi\u00e7\u00f5es sem triunfos de ciclistas portugueses. A vit\u00f3ria foi conquistada na quinta e \u00faltima etapa, disputada em \u00c9vora, ap\u00f3s 163,1 quil\u00f3metros desde Moura, com o tempo de 3:38:10.<\/p>\n<p>A etapa foi ganha pelo belga Jens Verbrugghe, da NSN Development, que repetiu o triunfo da fuga agitada ao longo da chegada \u00e0 Pra\u00e7a do Giraldo. O colombiano Santiago Mesa (Anicolor-Campicarn) e o argentino Nicol\u00e1s Tivani (Aviludo-Louletano-Loul\u00e9 Concelho) terminaram empatados a tempo.<\/p>\n<p>Apesar de Tivani ter liderado virtualmente, Antunes manteve a lideran\u00e7a da geral com 46 segundos de vantagem sobre Alexis Guerin (Anicolor-Campicarn) e Ugo Fabries (UA Emirates Dev). A prova contou com uma fuga de 19 corredores, com cerca de uma dezena a chegar isolada \u00e0 meta, num final c\u00e9lebre para a forma\u00e7\u00e3o da Efapel.<\/p>\n<h3>Contexto hist\u00f3rico da prova<\/h3>\n<p>O \u00faltimo portugu\u00eas a vencer a Volta ao Alentejo tinha sido Jo\u00e3o Rodrigues, em 2019, e nenhuma equipa portuguesa triunfou desde 2021, ano em que Mauricio Moreira (Efapel) venceu a edi\u00e7\u00e3o. Em 2020 a prova n\u00e3o se realizou devido \u00e0 pandemia.<\/p>\n","protected":false},"excerpt":{"rendered":"<ul>\n<li>Tiago Antunes (Efapel) conquistou a Volta ao Alentejo, interrompendo uma seca de cinco edi\u00e7\u00f5es sem triunfos de ciclistas portugueses.<\/li>\n<li>A quinta e \u00faltima etapa deitou m\u00e3o \u00e0 vit\u00f3ria de Jens Verbrugghe (NSN Desenvolvimento) em \u00c9vora, ap\u00f3s 163,1 quil\u00f3metros desde Moura, em 3:38.10 horas.<\/li>\n<li>Antunes manteve a lideran\u00e7a geral com 46 segundos de vantagem sobre Alexis Guerin (Anicolor-Campicarn) e Ugo Fabries (UAE Emirates Development).<\/li>\n<li>A etapa final foi animada por uma fuga de dezoito a vinte elementos, com uma parte da frente a chegar isolada \u00e0 meta e o pelot\u00e3o a ficar pouco acima de dez segundos.<\/li>\n<li>O \u00faltimo portugu\u00eas a vencer a Volta ao Alentejo tinha sido Jo\u00e3o Rodrigues, em 2019; desde 2020 n\u00e3o houve prova devido \u00e0 pandemia e, em 2021, a vit\u00f3ria coube ao uruguaio Mauricio Moreira (Efapel).<\/li>\n<\/ul>\n","protected":false},"author":2,"featured_media":426056,"comment_status":"closed","ping_status":"closed","sticky":false,"template":"","format":"standard","meta":{"footnotes":""},"categories":[21,24],"tags":[883,4004,923,1074,2396,1014],"class_list":["post-426051","post","type-post","status-publish","format-standard","has-post-thumbnail","hentry","category-desporto","category-futebol","tag-alentejo","tag-anicolor-campicarn","tag-ciclismo","tag-evora","tag-moura","tag-portugal"],"yoast_head":"<!-- This site is optimized with the Yoast SEO plugin v27.2 - https:\/\/yoast.com\/product\/yoast-seo-wordpress\/ -->\n<title>Tiago Antunes rompe jejum portugu\u00eas na Volta ao Alentejo - Portal Tela Portugal<\/title>\n<meta name=\"robots\" content=\"index, follow, max-snippet:-1, max-image-preview:large, max-video-preview:-1\" \/>\n<meta property=\"og:locale\" content=\"pt_PT\" \/>\n<meta property=\"og:type\" content=\"article\" \/>\n<meta property=\"og:title\" content=\"Tiago Antunes rompe jejum portugu\u00eas na Volta ao Alentejo - Portal Tela Portugal\" \/>\n<meta property=\"og:description\" content=\"Tiago Antunes (Efapel) conquistou a Volta ao Alentejo, interrompendo uma seca de cinco edi\u00e7\u00f5es sem triunfos de ciclistas portugueses. A quinta e \u00faltima etapa deitou m\u00e3o \u00e0 vit\u00f3ria de Jens Verbrugghe (NSN Desenvolvimento) em \u00c9vora, ap\u00f3s 163,1 quil\u00f3metros desde Moura, em 3:38.10 horas. Antunes manteve a lideran\u00e7a geral com 46 segundos de vantagem sobre Alexis Guerin (Anicolor-Campicarn) e Ugo Fabries (UAE Emirates Development). A etapa final foi animada por uma fuga de dezoito a vinte elementos, com uma parte da frente a chegar isolada \u00e0 meta e o pelot\u00e3o a ficar pouco acima de dez segundos. O \u00faltimo portugu\u00eas a vencer a Volta ao Alentejo tinha sido Jo\u00e3o Rodrigues, em 2019; desde 2020 n\u00e3o houve prova devido \u00e0 pandemia e, em 2021, a vit\u00f3ria coube ao uruguaio Mauricio Moreira (Efapel).\" \/>\n<meta property=\"og:url\" content=\"https:\/\/portaltela.pt\/noticias\/2026\/03\/29\/tiago-antunes-rompe-jejum-portugues-na-volta-ao-alentejo\/\" \/>\n<meta property=\"og:site_name\" content=\"Portal Tela Portugal\" \/>\n<meta property=\"article:published_time\" content=\"2026-03-29T15:47:09+00:00\" \/>\n<meta name=\"author\" content=\"Telinha\" \/>\n<meta name=\"twitter:card\" content=\"summary_large_image\" \/>\n<meta name=\"twitter:label1\" content=\"Escrito por\" \/>\n\t<meta name=\"twitter:data1\" content=\"Telinha\" \/>\n\t<meta name=\"twitter:label2\" content=\"Tempo estimado de leitura\" \/>\n\t<meta name=\"twitter:data2\" content=\"1 minuto\" \/>\n<script type=\"application\/ld+json\" class=\"yoast-schema-graph\">{\"@context\":\"https:\/\/schema.org\",\"@graph\":[{\"@type\":\"Article\",\"@id\":\"https:\/\/portaltela.pt\/noticias\/2026\/03\/29\/tiago-antunes-rompe-jejum-portugues-na-volta-ao-alentejo\/#article\",\"isPartOf\":{\"@id\":\"https:\/\/portaltela.pt\/noticias\/2026\/03\/29\/tiago-antunes-rompe-jejum-portugues-na-volta-ao-alentejo\/\"},\"author\":{\"name\":\"Telinha\",\"@id\":\"https:\/\/portaltela.pt\/#\/schema\/person\/c4278d4a6028830caff9ee44b42d32ed\"},\"headline\":\"Tiago Antunes rompe jejum portugu\u00eas na Volta ao Alentejo\",\"datePublished\":\"2026-03-29T15:47:09+00:00\",\"mainEntityOfPage\":{\"@id\":\"https:\/\/portaltela.pt\/noticias\/2026\/03\/29\/tiago-antunes-rompe-jejum-portugues-na-volta-ao-alentejo\/\"},\"wordCount\":196,\"image\":{\"@id\":\"https:\/\/portaltela.pt\/noticias\/2026\/03\/29\/tiago-antunes-rompe-jejum-portugues-na-volta-ao-alentejo\/#primaryimage\"},\"thumbnailUrl\":\"https:\/\/portaltela.pt\/s.01k8rhncp4jt1\/2026\/03\/img_920x518uu2026-03-29-16-41-30-2429992-im-639103993283588951.jpg\",\"keywords\":[\"Alentejo\",\"Anicolor-Campicarn\",\"ciclismo\",\"\u00c9vora\",\"Moura\",\"Portugal\"],\"articleSection\":[\"Desporto\",\"Futebol\"],\"inLanguage\":\"pt-PT\"},{\"@type\":\"WebPage\",\"@id\":\"https:\/\/portaltela.pt\/noticias\/2026\/03\/29\/tiago-antunes-rompe-jejum-portugues-na-volta-ao-alentejo\/\",\"url\":\"https:\/\/portaltela.pt\/noticias\/2026\/03\/29\/tiago-antunes-rompe-jejum-portugues-na-volta-ao-alentejo\/\",\"name\":\"Tiago Antunes rompe jejum portugu\u00eas na Volta ao Alentejo - Portal Tela Portugal\",\"isPartOf\":{\"@id\":\"https:\/\/portaltela.pt\/#website\"},\"primaryImageOfPage\":{\"@id\":\"https:\/\/portaltela.pt\/noticias\/2026\/03\/29\/tiago-antunes-rompe-jejum-portugues-na-volta-ao-alentejo\/#primaryimage\"},\"image\":{\"@id\":\"https:\/\/portaltela.pt\/noticias\/2026\/03\/29\/tiago-antunes-rompe-jejum-portugues-na-volta-ao-alentejo\/#primaryimage\"},\"thumbnailUrl\":\"https:\/\/portaltela.pt\/s.01k8rhncp4jt1\/2026\/03\/img_920x518uu2026-03-29-16-41-30-2429992-im-639103993283588951.jpg\",\"datePublished\":\"2026-03-29T15:47:09+00:00\",\"author\":{\"@id\":\"https:\/\/portaltela.pt\/#\/schema\/person\/c4278d4a6028830caff9ee44b42d32ed\"},\"breadcrumb\":{\"@id\":\"https:\/\/portaltela.pt\/noticias\/2026\/03\/29\/tiago-antunes-rompe-jejum-portugues-na-volta-ao-alentejo\/#breadcrumb\"},\"inLanguage\":\"pt-PT\",\"potentialAction\":[{\"@type\":\"ReadAction\",\"target\":[\"https:\/\/portaltela.pt\/noticias\/2026\/03\/29\/tiago-antunes-rompe-jejum-portugues-na-volta-ao-alentejo\/\"]}]},{\"@type\":\"ImageObject\",\"inLanguage\":\"pt-PT\",\"@id\":\"https:\/\/portaltela.pt\/noticias\/2026\/03\/29\/tiago-antunes-rompe-jejum-portugues-na-volta-ao-alentejo\/#primaryimage\",\"url\":\"https:\/\/portaltela.pt\/s.01k8rhncp4jt1\/2026\/03\/img_920x518uu2026-03-29-16-41-30-2429992-im-639103993283588951.jpg\",\"contentUrl\":\"https:\/\/portaltela.pt\/s.01k8rhncp4jt1\/2026\/03\/img_920x518uu2026-03-29-16-41-30-2429992-im-639103993283588951.jpg\",\"width\":796,\"height\":448,\"caption\":\"Tiago Antunes quebra jejum portugu\u00eas na Volta ao Alentejo\"},{\"@type\":\"BreadcrumbList\",\"@id\":\"https:\/\/portaltela.pt\/noticias\/2026\/03\/29\/tiago-antunes-rompe-jejum-portugues-na-volta-ao-alentejo\/#breadcrumb\",\"itemListElement\":[{\"@type\":\"ListItem\",\"position\":1,\"name\":\"In\u00edcio\",\"item\":\"https:\/\/portaltela.pt\/\"},{\"@type\":\"ListItem\",\"position\":2,\"name\":\"Tiago Antunes rompe jejum portugu\u00eas na Volta ao Alentejo\"}]},{\"@type\":\"WebSite\",\"@id\":\"https:\/\/portaltela.pt\/#website\",\"url\":\"https:\/\/portaltela.pt\/\",\"name\":\"Portal Tela Portugal\",\"description\":\"\",\"potentialAction\":[{\"@type\":\"SearchAction\",\"target\":{\"@type\":\"EntryPoint\",\"urlTemplate\":\"https:\/\/portaltela.pt\/?s={search_term_string}\"},\"query-input\":{\"@type\":\"PropertyValueSpecification\",\"valueRequired\":true,\"valueName\":\"search_term_string\"}}],\"inLanguage\":\"pt-PT\"},{\"@type\":\"Person\",\"@id\":\"https:\/\/portaltela.pt\/#\/schema\/person\/c4278d4a6028830caff9ee44b42d32ed\",\"name\":\"Telinha\",\"image\":{\"@type\":\"ImageObject\",\"inLanguage\":\"pt-PT\",\"@id\":\"https:\/\/portaltela.pt\/s.01k8rhncp4jt1\/2025\/11\/talking-bot-125x125.png\",\"url\":\"https:\/\/portaltela.pt\/s.01k8rhncp4jt1\/2025\/11\/talking-bot-125x125.png\",\"contentUrl\":\"https:\/\/portaltela.pt\/s.01k8rhncp4jt1\/2025\/11\/talking-bot-125x125.png\",\"caption\":\"Telinha\"},\"sameAs\":[\"https:\/\/portaltela.pt\/\"],\"url\":\"https:\/\/portaltela.pt\/por\/367410592786\/\"}]}<\/script>\n<!-- \/ Yoast SEO plugin. -->","yoast_head_json":{"title":"Tiago Antunes rompe jejum portugu\u00eas na Volta ao Alentejo - Portal Tela Portugal","robots":{"index":"index","follow":"follow","max-snippet":"max-snippet:-1","max-image-preview":"max-image-preview:large","max-video-preview":"max-video-preview:-1"},"og_locale":"pt_PT","og_type":"article","og_title":"Tiago Antunes rompe jejum portugu\u00eas na Volta ao Alentejo - Portal Tela Portugal","og_description":"Tiago Antunes (Efapel) conquistou a Volta ao Alentejo, interrompendo uma seca de cinco edi\u00e7\u00f5es sem triunfos de ciclistas portugueses. A quinta e \u00faltima etapa deitou m\u00e3o \u00e0 vit\u00f3ria de Jens Verbrugghe (NSN Desenvolvimento) em \u00c9vora, ap\u00f3s 163,1 quil\u00f3metros desde Moura, em 3:38.10 horas. Antunes manteve a lideran\u00e7a geral com 46 segundos de vantagem sobre Alexis Guerin (Anicolor-Campicarn) e Ugo Fabries (UAE Emirates Development). A etapa final foi animada por uma fuga de dezoito a vinte elementos, com uma parte da frente a chegar isolada \u00e0 meta e o pelot\u00e3o a ficar pouco acima de dez segundos. O \u00faltimo portugu\u00eas a vencer a Volta ao Alentejo tinha sido Jo\u00e3o Rodrigues, em 2019; desde 2020 n\u00e3o houve prova devido \u00e0 pandemia e, em 2021, a vit\u00f3ria coube ao uruguaio Mauricio Moreira (Efapel).","og_url":"https:\/\/portaltela.pt\/noticias\/2026\/03\/29\/tiago-antunes-rompe-jejum-portugues-na-volta-ao-alentejo\/","og_site_name":"Portal Tela Portugal","article_published_time":"2026-03-29T15:47:09+00:00","author":"Telinha","twitter_card":"summary_large_image","twitter_misc":{"Escrito por":"Telinha","Tempo estimado de leitura":"1 minuto"},"schema":{"@context":"https:\/\/schema.org","@graph":[{"@type":"Article","@id":"https:\/\/portaltela.pt\/noticias\/2026\/03\/29\/tiago-antunes-rompe-jejum-portugues-na-volta-ao-alentejo\/#article","isPartOf":{"@id":"https:\/\/portaltela.pt\/noticias\/2026\/03\/29\/tiago-antunes-rompe-jejum-portugues-na-volta-ao-alentejo\/"},"author":{"name":"Telinha","@id":"https:\/\/portaltela.pt\/#\/schema\/person\/c4278d4a6028830caff9ee44b42d32ed"},"headline":"Tiago Antunes rompe jejum portugu\u00eas na Volta ao Alentejo","datePublished":"2026-03-29T15:47:09+00:00","mainEntityOfPage":{"@id":"https:\/\/portaltela.pt\/noticias\/2026\/03\/29\/tiago-antunes-rompe-jejum-portugues-na-volta-ao-alentejo\/"},"wordCount":196,"image":{"@id":"https:\/\/portaltela.pt\/noticias\/2026\/03\/29\/tiago-antunes-rompe-jejum-portugues-na-volta-ao-alentejo\/#primaryimage"},"thumbnailUrl":"https:\/\/portaltela.pt\/s.01k8rhncp4jt1\/2026\/03\/img_920x518uu2026-03-29-16-41-30-2429992-im-639103993283588951.jpg","keywords":["Alentejo","Anicolor-Campicarn","ciclismo","\u00c9vora","Moura","Portugal"],"articleSection":["Desporto","Futebol"],"inLanguage":"pt-PT"},{"@type":"WebPage","@id":"https:\/\/portaltela.pt\/noticias\/2026\/03\/29\/tiago-antunes-rompe-jejum-portugues-na-volta-ao-alentejo\/","url":"https:\/\/portaltela.pt\/noticias\/2026\/03\/29\/tiago-antunes-rompe-jejum-portugues-na-volta-ao-alentejo\/","name":"Tiago Antunes rompe jejum portugu\u00eas na Volta ao Alentejo - Portal Tela Portugal","isPartOf":{"@id":"https:\/\/portaltela.pt\/#website"},"primaryImageOfPage":{"@id":"https:\/\/portaltela.pt\/noticias\/2026\/03\/29\/tiago-antunes-rompe-jejum-portugues-na-volta-ao-alentejo\/#primaryimage"},"image":{"@id":"https:\/\/portaltela.pt\/noticias\/2026\/03\/29\/tiago-antunes-rompe-jejum-portugues-na-volta-ao-alentejo\/#primaryimage"},"thumbnailUrl":"https:\/\/portaltela.pt\/s.01k8rhncp4jt1\/2026\/03\/img_920x518uu2026-03-29-16-41-30-2429992-im-639103993283588951.jpg","datePublished":"2026-03-29T15:47:09+00:00","author":{"@id":"https:\/\/portaltela.pt\/#\/schema\/person\/c4278d4a6028830caff9ee44b42d32ed"},"breadcrumb":{"@id":"https:\/\/portaltela.pt\/noticias\/2026\/03\/29\/tiago-antunes-rompe-jejum-portugues-na-volta-ao-alentejo\/#breadcrumb"},"inLanguage":"pt-PT","potentialAction":[{"@type":"ReadAction","target":["https:\/\/portaltela.pt\/noticias\/2026\/03\/29\/tiago-antunes-rompe-jejum-portugues-na-volta-ao-alentejo\/"]}]},{"@type":"ImageObject","inLanguage":"pt-PT","@id":"https:\/\/portaltela.pt\/noticias\/2026\/03\/29\/tiago-antunes-rompe-jejum-portugues-na-volta-ao-alentejo\/#primaryimage","url":"https:\/\/portaltela.pt\/s.01k8rhncp4jt1\/2026\/03\/img_920x518uu2026-03-29-16-41-30-2429992-im-639103993283588951.jpg","contentUrl":"https:\/\/portaltela.pt\/s.01k8rhncp4jt1\/2026\/03\/img_920x518uu2026-03-29-16-41-30-2429992-im-639103993283588951.jpg","width":796,"height":448,"caption":"Tiago Antunes quebra jejum portugu\u00eas na Volta ao Alentejo"},{"@type":"BreadcrumbList","@id":"https:\/\/portaltela.pt\/noticias\/2026\/03\/29\/tiago-antunes-rompe-jejum-portugues-na-volta-ao-alentejo\/#breadcrumb","itemListElement":[{"@type":"ListItem","position":1,"name":"In\u00edcio","item":"https:\/\/portaltela.pt\/"},{"@type":"ListItem","position":2,"name":"Tiago Antunes rompe jejum portugu\u00eas na Volta ao Alentejo"}]},{"@type":"WebSite","@id":"https:\/\/portaltela.pt\/#website","url":"https:\/\/portaltela.pt\/","name":"Portal Tela Portugal","description":"","potentialAction":[{"@type":"SearchAction","target":{"@type":"EntryPoint","urlTemplate":"https:\/\/portaltela.pt\/?s={search_term_string}"},"query-input":{"@type":"PropertyValueSpecification","valueRequired":true,"valueName":"search_term_string"}}],"inLanguage":"pt-PT"},{"@type":"Person","@id":"https:\/\/portaltela.pt\/#\/schema\/person\/c4278d4a6028830caff9ee44b42d32ed","name":"Telinha","image":{"@type":"ImageObject","inLanguage":"pt-PT","@id":"https:\/\/portaltela.pt\/s.01k8rhncp4jt1\/2025\/11\/talking-bot-125x125.png","url":"https:\/\/portaltela.pt\/s.01k8rhncp4jt1\/2025\/11\/talking-bot-125x125.png","contentUrl":"https:\/\/portaltela.pt\/s.01k8rhncp4jt1\/2025\/11\/talking-bot-125x125.png","caption":"Telinha"},"sameAs":["https:\/\/portaltela.pt\/"],"url":"https:\/\/portaltela.pt\/por\/367410592786\/"}]}},"_links":{"self":[{"href":"https:\/\/portaltela.pt\/api\/wp\/v2\/posts\/426051","targetHints":{"allow":["GET"]}}],"collection":[{"href":"https:\/\/portaltela.pt\/api\/wp\/v2\/posts"}],"about":[{"href":"https:\/\/portaltela.pt\/api\/wp\/v2\/types\/post"}],"author":[{"embeddable":true,"href":"https:\/\/portaltela.pt\/api\/wp\/v2\/users\/2"}],"replies":[{"embeddable":true,"href":"https:\/\/portaltela.pt\/api\/wp\/v2\/comments?post=426051"}],"version-history":[{"count":0,"href":"https:\/\/portaltela.pt\/api\/wp\/v2\/posts\/426051\/revisions"}],"wp:featuredmedia":[{"embeddable":true,"href":"https:\/\/portaltela.pt\/api\/wp\/v2\/media\/426056"}],"wp:attachment":[{"href":"https:\/\/portaltela.pt\/api\/wp\/v2\/media?parent=426051"}],"wp:term":[{"taxonomy":"category","embeddable":true,"href":"https:\/\/portaltela.pt\/api\/wp\/v2\/categories?post=426051"},{"taxonomy":"post_tag","embeddable":true,"href":"https:\/\/portaltela.pt\/api\/wp\/v2\/tags?post=426051"}],"curies":[{"name":"wp","href":"https:\/\/api.w.org\/{rel}","templated":true}]}}