{"id":426018,"date":"2026-03-29T12:16:57","date_gmt":"2026-03-29T15:16:57","guid":{"rendered":"https:\/\/portaltela.pt\/noticias\/2026\/03\/29\/arqueologos-mapeiam-patrimonio-iraniano-danificado-pela-guerra\/"},"modified":"2026-03-29T12:16:57","modified_gmt":"2026-03-29T15:16:57","slug":"arqueologos-mapeiam-patrimonio-iraniano-danificado-pela-guerra","status":"publish","type":"post","link":"https:\/\/portaltela.pt\/noticias\/2026\/03\/29\/arqueologos-mapeiam-patrimonio-iraniano-danificado-pela-guerra\/","title":{"rendered":"Arque\u00f3logos mapeiam patrim\u00f3nio iraniano danificado pela guerra"},"content":{"rendered":"<p>O grupo de arque\u00f3logos est\u00e1 a mapear e registar o patrim\u00f3nio do Ir\u00e3o afectado pela guerra que come\u00e7ou h\u00e1 um m\u00eas, com foco na documenta\u00e7\u00e3o de danos e na preserva\u00e7\u00e3o da mem\u00f3ria hist\u00f3rica. O projeto pretende criar um arquivo acess\u00edvel para refor\u00e7ar o conhecimento p\u00fablico sobre as perdas.<\/p>\n<p>A investiga\u00e7\u00e3o envolve equipas internacionais que trabalham junto de s\u00edtios hist\u00f3ricos, museus e pal\u00e1cios, analisando impactos diretos e indiretos nas estruturas culturais. O objetivo \u00e9 preservar o legado para futuras gera\u00e7\u00f5es, apesar dos estragos.<\/p>\n<p>A destrui\u00e7\u00e3o de patrim\u00f3nio tem sido uma consequ\u00eancia da escalada do conflito, que envolve a\u00e7\u00f5es militares lideradas por Estados Unidos e Israel no territ\u00f3rio iraniano. Arque\u00f3logos afirmam que este processo agrava a eros\u00e3o da identidade nacional.<\/p>\n<h3>Patrim\u00f3nio danificado<\/h3>\n<p>Entre os exemplos de danos est\u00e1 o Pal\u00e1cio de Sa\u2019dabad, em Teer\u00e3o, citado como um dos monumentos afectados desde o in\u00edcio da guerra. Equipa de registo descreve avarias estruturais e perdas de elementos decorativos.<\/p>\n<p>As equipas apontam a necessidade de financiamento e coopera\u00e7\u00e3o internacional para consolidar e preservar os vest\u00edgios encontrados, assegurando que o acervo hist\u00f3rico seja mapeado com rigor t\u00e9cnico e actualizado com regularidade.<\/p>\n","protected":false},"excerpt":{"rendered":"<ul>\n<li>Arque\u00f3logos criam um mapa para registar o patrim\u00f3nio iraniano danificado pela guerra que j\u00e1 dura h\u00e1 um m\u00eas.<\/li>\n<li>A guerra foi iniciada pelos Estados Unidos e por Israel, segundo o contexto do documento.<\/li>\n<li>Sepideh Maziar, investigadora respons\u00e1vel pelo projeto, afirma que a destrui\u00e7\u00e3o do patrim\u00f3nio cultural implica uma perda de identidade e mem\u00f3ria da na\u00e7\u00e3o.<\/li>\n<li>O Pal\u00e1cio de Sa\u2019dabad, em Teer\u00e3o, \u00e9 citado entre os monumentos que sofreram danos desde o in\u00edcio do conflito.<\/li>\n<li>O objetivo do projeto \u00e9 documentar os danos e preservar a mem\u00f3ria cultural para o futuro.<\/li>\n<\/ul>\n","protected":false},"author":2,"featured_media":426023,"comment_status":"closed","ping_status":"closed","sticky":false,"template":"","format":"standard","meta":{"footnotes":""},"categories":[7375,1],"tags":[813,2198,299,3153,814,1175],"class_list":["post-426018","post","type-post","status-publish","format-standard","has-post-thumbnail","hentry","category-cultura","category-noticias","tag-arqueologia","tag-conflitos-internacionais","tag-historia","tag-ira","tag-patrimonio","tag-patrimonio-cultural"],"yoast_head":"<!-- This site is optimized with the Yoast SEO plugin v27.2 - https:\/\/yoast.com\/product\/yoast-seo-wordpress\/ -->\n<title>Arque\u00f3logos mapeiam patrim\u00f3nio iraniano danificado pela guerra - Portal Tela Portugal<\/title>\n<meta name=\"robots\" content=\"index, follow, max-snippet:-1, max-image-preview:large, max-video-preview:-1\" \/>\n<meta property=\"og:locale\" content=\"pt_PT\" \/>\n<meta property=\"og:type\" content=\"article\" \/>\n<meta property=\"og:title\" content=\"Arque\u00f3logos mapeiam patrim\u00f3nio iraniano danificado pela guerra - Portal Tela Portugal\" \/>\n<meta property=\"og:description\" content=\"Arque\u00f3logos criam um mapa para registar o patrim\u00f3nio iraniano danificado pela guerra que j\u00e1 dura h\u00e1 um m\u00eas. A guerra foi iniciada pelos Estados Unidos e por Israel, segundo o contexto do documento. Sepideh Maziar, investigadora respons\u00e1vel pelo projeto, afirma que a destrui\u00e7\u00e3o do patrim\u00f3nio cultural implica uma perda de identidade e mem\u00f3ria da na\u00e7\u00e3o. O Pal\u00e1cio de Sa\u2019dabad, em Teer\u00e3o, \u00e9 citado entre os monumentos que sofreram danos desde o in\u00edcio do conflito. O objetivo do projeto \u00e9 documentar os danos e preservar a mem\u00f3ria cultural para o futuro.\" \/>\n<meta property=\"og:url\" content=\"https:\/\/portaltela.pt\/noticias\/2026\/03\/29\/arqueologos-mapeiam-patrimonio-iraniano-danificado-pela-guerra\/\" \/>\n<meta property=\"og:site_name\" content=\"Portal Tela Portugal\" \/>\n<meta property=\"article:published_time\" content=\"2026-03-29T15:16:57+00:00\" \/>\n<meta name=\"author\" content=\"Telinha\" \/>\n<meta name=\"twitter:card\" content=\"summary_large_image\" \/>\n<meta name=\"twitter:label1\" content=\"Escrito por\" \/>\n\t<meta name=\"twitter:data1\" content=\"Telinha\" \/>\n\t<meta name=\"twitter:label2\" content=\"Tempo estimado de leitura\" \/>\n\t<meta name=\"twitter:data2\" content=\"1 minuto\" \/>\n<script type=\"application\/ld+json\" class=\"yoast-schema-graph\">{\"@context\":\"https:\/\/schema.org\",\"@graph\":[{\"@type\":\"Article\",\"@id\":\"https:\/\/portaltela.pt\/noticias\/2026\/03\/29\/arqueologos-mapeiam-patrimonio-iraniano-danificado-pela-guerra\/#article\",\"isPartOf\":{\"@id\":\"https:\/\/portaltela.pt\/noticias\/2026\/03\/29\/arqueologos-mapeiam-patrimonio-iraniano-danificado-pela-guerra\/\"},\"author\":{\"name\":\"Telinha\",\"@id\":\"https:\/\/portaltela.pt\/#\/schema\/person\/c4278d4a6028830caff9ee44b42d32ed\"},\"headline\":\"Arque\u00f3logos mapeiam patrim\u00f3nio iraniano danificado pela guerra\",\"datePublished\":\"2026-03-29T15:16:57+00:00\",\"mainEntityOfPage\":{\"@id\":\"https:\/\/portaltela.pt\/noticias\/2026\/03\/29\/arqueologos-mapeiam-patrimonio-iraniano-danificado-pela-guerra\/\"},\"wordCount\":226,\"image\":{\"@id\":\"https:\/\/portaltela.pt\/noticias\/2026\/03\/29\/arqueologos-mapeiam-patrimonio-iraniano-danificado-pela-guerra\/#primaryimage\"},\"thumbnailUrl\":\"https:\/\/portaltela.pt\/s.01k8rhncp4jt1\/2026\/03\/2077809.jpg\",\"keywords\":[\"arqueologia\",\"conflitos internacionais\",\"hist\u00f3ria\",\"Ir\u00e3\",\"patrim\u00f3nio\",\"Patrim\u00f3nio Cultural\"],\"articleSection\":[\"Cultura\",\"Not\u00edcias\"],\"inLanguage\":\"pt-PT\"},{\"@type\":\"WebPage\",\"@id\":\"https:\/\/portaltela.pt\/noticias\/2026\/03\/29\/arqueologos-mapeiam-patrimonio-iraniano-danificado-pela-guerra\/\",\"url\":\"https:\/\/portaltela.pt\/noticias\/2026\/03\/29\/arqueologos-mapeiam-patrimonio-iraniano-danificado-pela-guerra\/\",\"name\":\"Arque\u00f3logos mapeiam patrim\u00f3nio iraniano danificado pela guerra - Portal Tela Portugal\",\"isPartOf\":{\"@id\":\"https:\/\/portaltela.pt\/#website\"},\"primaryImageOfPage\":{\"@id\":\"https:\/\/portaltela.pt\/noticias\/2026\/03\/29\/arqueologos-mapeiam-patrimonio-iraniano-danificado-pela-guerra\/#primaryimage\"},\"image\":{\"@id\":\"https:\/\/portaltela.pt\/noticias\/2026\/03\/29\/arqueologos-mapeiam-patrimonio-iraniano-danificado-pela-guerra\/#primaryimage\"},\"thumbnailUrl\":\"https:\/\/portaltela.pt\/s.01k8rhncp4jt1\/2026\/03\/2077809.jpg\",\"datePublished\":\"2026-03-29T15:16:57+00:00\",\"author\":{\"@id\":\"https:\/\/portaltela.pt\/#\/schema\/person\/c4278d4a6028830caff9ee44b42d32ed\"},\"breadcrumb\":{\"@id\":\"https:\/\/portaltela.pt\/noticias\/2026\/03\/29\/arqueologos-mapeiam-patrimonio-iraniano-danificado-pela-guerra\/#breadcrumb\"},\"inLanguage\":\"pt-PT\",\"potentialAction\":[{\"@type\":\"ReadAction\",\"target\":[\"https:\/\/portaltela.pt\/noticias\/2026\/03\/29\/arqueologos-mapeiam-patrimonio-iraniano-danificado-pela-guerra\/\"]}]},{\"@type\":\"ImageObject\",\"inLanguage\":\"pt-PT\",\"@id\":\"https:\/\/portaltela.pt\/noticias\/2026\/03\/29\/arqueologos-mapeiam-patrimonio-iraniano-danificado-pela-guerra\/#primaryimage\",\"url\":\"https:\/\/portaltela.pt\/s.01k8rhncp4jt1\/2026\/03\/2077809.jpg\",\"contentUrl\":\"https:\/\/portaltela.pt\/s.01k8rhncp4jt1\/2026\/03\/2077809.jpg\",\"width\":796,\"height\":448,\"caption\":\"Pal\u00e1cio de Sa\u2019dabad, em Teer\u00e3o, \u00e9 um dos monumentos que foram danificados desde o in\u00edcio da guerra no Ir\u00e3o\"},{\"@type\":\"BreadcrumbList\",\"@id\":\"https:\/\/portaltela.pt\/noticias\/2026\/03\/29\/arqueologos-mapeiam-patrimonio-iraniano-danificado-pela-guerra\/#breadcrumb\",\"itemListElement\":[{\"@type\":\"ListItem\",\"position\":1,\"name\":\"In\u00edcio\",\"item\":\"https:\/\/portaltela.pt\/\"},{\"@type\":\"ListItem\",\"position\":2,\"name\":\"Arque\u00f3logos mapeiam patrim\u00f3nio iraniano danificado pela guerra\"}]},{\"@type\":\"WebSite\",\"@id\":\"https:\/\/portaltela.pt\/#website\",\"url\":\"https:\/\/portaltela.pt\/\",\"name\":\"Portal Tela Portugal\",\"description\":\"\",\"potentialAction\":[{\"@type\":\"SearchAction\",\"target\":{\"@type\":\"EntryPoint\",\"urlTemplate\":\"https:\/\/portaltela.pt\/?s={search_term_string}\"},\"query-input\":{\"@type\":\"PropertyValueSpecification\",\"valueRequired\":true,\"valueName\":\"search_term_string\"}}],\"inLanguage\":\"pt-PT\"},{\"@type\":\"Person\",\"@id\":\"https:\/\/portaltela.pt\/#\/schema\/person\/c4278d4a6028830caff9ee44b42d32ed\",\"name\":\"Telinha\",\"image\":{\"@type\":\"ImageObject\",\"inLanguage\":\"pt-PT\",\"@id\":\"https:\/\/portaltela.pt\/s.01k8rhncp4jt1\/2025\/11\/talking-bot-125x125.png\",\"url\":\"https:\/\/portaltela.pt\/s.01k8rhncp4jt1\/2025\/11\/talking-bot-125x125.png\",\"contentUrl\":\"https:\/\/portaltela.pt\/s.01k8rhncp4jt1\/2025\/11\/talking-bot-125x125.png\",\"caption\":\"Telinha\"},\"sameAs\":[\"https:\/\/portaltela.pt\/\"],\"url\":\"https:\/\/portaltela.pt\/por\/367410592786\/\"}]}<\/script>\n<!-- \/ Yoast SEO plugin. -->","yoast_head_json":{"title":"Arque\u00f3logos mapeiam patrim\u00f3nio iraniano danificado pela guerra - Portal Tela Portugal","robots":{"index":"index","follow":"follow","max-snippet":"max-snippet:-1","max-image-preview":"max-image-preview:large","max-video-preview":"max-video-preview:-1"},"og_locale":"pt_PT","og_type":"article","og_title":"Arque\u00f3logos mapeiam patrim\u00f3nio iraniano danificado pela guerra - Portal Tela Portugal","og_description":"Arque\u00f3logos criam um mapa para registar o patrim\u00f3nio iraniano danificado pela guerra que j\u00e1 dura h\u00e1 um m\u00eas. A guerra foi iniciada pelos Estados Unidos e por Israel, segundo o contexto do documento. Sepideh Maziar, investigadora respons\u00e1vel pelo projeto, afirma que a destrui\u00e7\u00e3o do patrim\u00f3nio cultural implica uma perda de identidade e mem\u00f3ria da na\u00e7\u00e3o. O Pal\u00e1cio de Sa\u2019dabad, em Teer\u00e3o, \u00e9 citado entre os monumentos que sofreram danos desde o in\u00edcio do conflito. O objetivo do projeto \u00e9 documentar os danos e preservar a mem\u00f3ria cultural para o futuro.","og_url":"https:\/\/portaltela.pt\/noticias\/2026\/03\/29\/arqueologos-mapeiam-patrimonio-iraniano-danificado-pela-guerra\/","og_site_name":"Portal Tela Portugal","article_published_time":"2026-03-29T15:16:57+00:00","author":"Telinha","twitter_card":"summary_large_image","twitter_misc":{"Escrito por":"Telinha","Tempo estimado de leitura":"1 minuto"},"schema":{"@context":"https:\/\/schema.org","@graph":[{"@type":"Article","@id":"https:\/\/portaltela.pt\/noticias\/2026\/03\/29\/arqueologos-mapeiam-patrimonio-iraniano-danificado-pela-guerra\/#article","isPartOf":{"@id":"https:\/\/portaltela.pt\/noticias\/2026\/03\/29\/arqueologos-mapeiam-patrimonio-iraniano-danificado-pela-guerra\/"},"author":{"name":"Telinha","@id":"https:\/\/portaltela.pt\/#\/schema\/person\/c4278d4a6028830caff9ee44b42d32ed"},"headline":"Arque\u00f3logos mapeiam patrim\u00f3nio iraniano danificado pela guerra","datePublished":"2026-03-29T15:16:57+00:00","mainEntityOfPage":{"@id":"https:\/\/portaltela.pt\/noticias\/2026\/03\/29\/arqueologos-mapeiam-patrimonio-iraniano-danificado-pela-guerra\/"},"wordCount":226,"image":{"@id":"https:\/\/portaltela.pt\/noticias\/2026\/03\/29\/arqueologos-mapeiam-patrimonio-iraniano-danificado-pela-guerra\/#primaryimage"},"thumbnailUrl":"https:\/\/portaltela.pt\/s.01k8rhncp4jt1\/2026\/03\/2077809.jpg","keywords":["arqueologia","conflitos internacionais","hist\u00f3ria","Ir\u00e3","patrim\u00f3nio","Patrim\u00f3nio Cultural"],"articleSection":["Cultura","Not\u00edcias"],"inLanguage":"pt-PT"},{"@type":"WebPage","@id":"https:\/\/portaltela.pt\/noticias\/2026\/03\/29\/arqueologos-mapeiam-patrimonio-iraniano-danificado-pela-guerra\/","url":"https:\/\/portaltela.pt\/noticias\/2026\/03\/29\/arqueologos-mapeiam-patrimonio-iraniano-danificado-pela-guerra\/","name":"Arque\u00f3logos mapeiam patrim\u00f3nio iraniano danificado pela guerra - Portal Tela Portugal","isPartOf":{"@id":"https:\/\/portaltela.pt\/#website"},"primaryImageOfPage":{"@id":"https:\/\/portaltela.pt\/noticias\/2026\/03\/29\/arqueologos-mapeiam-patrimonio-iraniano-danificado-pela-guerra\/#primaryimage"},"image":{"@id":"https:\/\/portaltela.pt\/noticias\/2026\/03\/29\/arqueologos-mapeiam-patrimonio-iraniano-danificado-pela-guerra\/#primaryimage"},"thumbnailUrl":"https:\/\/portaltela.pt\/s.01k8rhncp4jt1\/2026\/03\/2077809.jpg","datePublished":"2026-03-29T15:16:57+00:00","author":{"@id":"https:\/\/portaltela.pt\/#\/schema\/person\/c4278d4a6028830caff9ee44b42d32ed"},"breadcrumb":{"@id":"https:\/\/portaltela.pt\/noticias\/2026\/03\/29\/arqueologos-mapeiam-patrimonio-iraniano-danificado-pela-guerra\/#breadcrumb"},"inLanguage":"pt-PT","potentialAction":[{"@type":"ReadAction","target":["https:\/\/portaltela.pt\/noticias\/2026\/03\/29\/arqueologos-mapeiam-patrimonio-iraniano-danificado-pela-guerra\/"]}]},{"@type":"ImageObject","inLanguage":"pt-PT","@id":"https:\/\/portaltela.pt\/noticias\/2026\/03\/29\/arqueologos-mapeiam-patrimonio-iraniano-danificado-pela-guerra\/#primaryimage","url":"https:\/\/portaltela.pt\/s.01k8rhncp4jt1\/2026\/03\/2077809.jpg","contentUrl":"https:\/\/portaltela.pt\/s.01k8rhncp4jt1\/2026\/03\/2077809.jpg","width":796,"height":448,"caption":"Pal\u00e1cio de Sa\u2019dabad, em Teer\u00e3o, \u00e9 um dos monumentos que foram danificados desde o in\u00edcio da guerra no Ir\u00e3o"},{"@type":"BreadcrumbList","@id":"https:\/\/portaltela.pt\/noticias\/2026\/03\/29\/arqueologos-mapeiam-patrimonio-iraniano-danificado-pela-guerra\/#breadcrumb","itemListElement":[{"@type":"ListItem","position":1,"name":"In\u00edcio","item":"https:\/\/portaltela.pt\/"},{"@type":"ListItem","position":2,"name":"Arque\u00f3logos mapeiam patrim\u00f3nio iraniano danificado pela guerra"}]},{"@type":"WebSite","@id":"https:\/\/portaltela.pt\/#website","url":"https:\/\/portaltela.pt\/","name":"Portal Tela Portugal","description":"","potentialAction":[{"@type":"SearchAction","target":{"@type":"EntryPoint","urlTemplate":"https:\/\/portaltela.pt\/?s={search_term_string}"},"query-input":{"@type":"PropertyValueSpecification","valueRequired":true,"valueName":"search_term_string"}}],"inLanguage":"pt-PT"},{"@type":"Person","@id":"https:\/\/portaltela.pt\/#\/schema\/person\/c4278d4a6028830caff9ee44b42d32ed","name":"Telinha","image":{"@type":"ImageObject","inLanguage":"pt-PT","@id":"https:\/\/portaltela.pt\/s.01k8rhncp4jt1\/2025\/11\/talking-bot-125x125.png","url":"https:\/\/portaltela.pt\/s.01k8rhncp4jt1\/2025\/11\/talking-bot-125x125.png","contentUrl":"https:\/\/portaltela.pt\/s.01k8rhncp4jt1\/2025\/11\/talking-bot-125x125.png","caption":"Telinha"},"sameAs":["https:\/\/portaltela.pt\/"],"url":"https:\/\/portaltela.pt\/por\/367410592786\/"}]}},"_links":{"self":[{"href":"https:\/\/portaltela.pt\/api\/wp\/v2\/posts\/426018","targetHints":{"allow":["GET"]}}],"collection":[{"href":"https:\/\/portaltela.pt\/api\/wp\/v2\/posts"}],"about":[{"href":"https:\/\/portaltela.pt\/api\/wp\/v2\/types\/post"}],"author":[{"embeddable":true,"href":"https:\/\/portaltela.pt\/api\/wp\/v2\/users\/2"}],"replies":[{"embeddable":true,"href":"https:\/\/portaltela.pt\/api\/wp\/v2\/comments?post=426018"}],"version-history":[{"count":0,"href":"https:\/\/portaltela.pt\/api\/wp\/v2\/posts\/426018\/revisions"}],"wp:featuredmedia":[{"embeddable":true,"href":"https:\/\/portaltela.pt\/api\/wp\/v2\/media\/426023"}],"wp:attachment":[{"href":"https:\/\/portaltela.pt\/api\/wp\/v2\/media?parent=426018"}],"wp:term":[{"taxonomy":"category","embeddable":true,"href":"https:\/\/portaltela.pt\/api\/wp\/v2\/categories?post=426018"},{"taxonomy":"post_tag","embeddable":true,"href":"https:\/\/portaltela.pt\/api\/wp\/v2\/tags?post=426018"}],"curies":[{"name":"wp","href":"https:\/\/api.w.org\/{rel}","templated":true}]}}