{"id":426017,"date":"2026-03-29T12:16:54","date_gmt":"2026-03-29T15:16:54","guid":{"rendered":"https:\/\/portaltela.pt\/noticias\/2026\/03\/29\/andreza-usa-estrategia-municipal-para-reabilitar-ilhas-diz-estarem-abandonadas\/"},"modified":"2026-03-29T12:16:54","modified_gmt":"2026-03-29T15:16:54","slug":"andreza-usa-estrategia-municipal-para-reabilitar-ilhas-diz-estarem-abandonadas","status":"publish","type":"post","link":"https:\/\/portaltela.pt\/sociedade\/2026\/03\/29\/andreza-usa-estrategia-municipal-para-reabilitar-ilhas-diz-estarem-abandonadas\/","title":{"rendered":"Andreza usa estrat\u00e9gia municipal para reabilitar ilhas; diz estarem abandonadas"},"content":{"rendered":"<p>Andreza Jesus lan\u00e7ou um ambicioso projeto municipal para reabilitar uma ilha no Porto, com apoio financeiro total do PRR para habita\u00e7\u00e3o a renda condicionada. O objetivo era criar um mercado de arrendamento acess\u00edvel, ligando justi\u00e7a social a uma interven\u00e7\u00e3o p\u00fablica.<\/p>\n<p>Entretanto, o projeto ficou em suspenso ap\u00f3s o alegado desaparecimento do empreiteiro envolvido. O plano, financiado a fundo perdido, dependia de etapas de reabilita\u00e7\u00e3o, que ficaram parcialmente paralisadas, deixando inquilinos com incerteza sobre a habita\u00e7\u00e3o futura.<\/p>\n<p>A C\u00e2mara do Porto afastou-se da gest\u00e3o direta do contrato, alegando tratar-se de uma rela\u00e7\u00e3o entre privados e que n\u00e3o pretendia representar a propriet\u00e1ria. O caso envolve ainda a propriet\u00e1ria da ilha e investidores locais, com impactos potenciais nos agendamentos de obras.<\/p>\n<h3>Contexto do projeto<\/h3>\n<p>O programa 1.\u00ba Direito, financiando a reabilita\u00e7\u00e3o com rendas condicionadas, serviu de base ao financiamento do projeto. O objetivo era disponibilizar habita\u00e7\u00e3o a custos controlados para comunidades locais, dentro de uma l\u00f3gica de justi\u00e7a social.<\/p>\n<h3>Situa\u00e7\u00e3o atual e impactos<\/h3>\n<p>Trabalhadores e inquilinos temem ficar sem casa se o projeto n\u00e3o for retomado. A indefini\u00e7\u00e3o ocorre num momento em que a administra\u00e7\u00e3o local afirma n\u00e3o ter responsabilidade direta sobre fen\u00f3menos de gest\u00e3o entre privados. O caso permanece sem resolu\u00e7\u00e3o administrativa clara.<\/p>\n","protected":false},"excerpt":{"rendered":"<ul>\n<li>Andreza Jesus abra\u00e7ou a estrat\u00e9gia municipal para reabilitar a ilha no Porto com rendas condicionadas, financiada a 100% a fundo perdido atrav\u00e9s do Programa Nacional de Habita\u00e7\u00e3o (1.\u00ba Direito) e do Plano de Recupera\u00e7\u00e3o e Resili\u00eancia (PRR).<\/li>\n<li>O objetivo era criar habita\u00e7\u00e3o social que servisse o mercado de rendas acess\u00edveis, mantendo rendas sociais.<\/li>\n<li>O empreiteiro desapareceu e a obra parou, com o financiamento do PRR emSuspenso.<\/li>\n<li>A C\u00e2mara diz que se trata de uma quest\u00e3o entre privados e afirmou n\u00e3o ter \u201crepresentado\u201d a propriet\u00e1ria, como j\u00e1 fizeram muitos munic\u00edpios.<\/li>\n<li>Os inquilinos temem ficar sem casa enquanto o impasse persiste.<\/li>\n<\/ul>\n","protected":false},"author":2,"featured_media":426019,"comment_status":"closed","ping_status":"closed","sticky":false,"template":"","format":"standard","meta":{"footnotes":""},"categories":[1,6871],"tags":[4648,168,150,2287,1167,982],"class_list":["post-426017","post","type-post","status-publish","format-standard","has-post-thumbnail","hentry","category-noticias","category-sociedade","tag-1o-direito","tag-administracao-publica","tag-habitacao","tag-habitacao-a-custos-controlados","tag-habitacao-social","tag-porto"],"yoast_head":"<!-- This site is optimized with the Yoast SEO plugin v27.2 - https:\/\/yoast.com\/product\/yoast-seo-wordpress\/ -->\n<title>Andreza usa estrat\u00e9gia municipal para reabilitar ilhas; diz estarem abandonadas - Portal Tela Portugal<\/title>\n<meta name=\"robots\" content=\"index, follow, max-snippet:-1, max-image-preview:large, max-video-preview:-1\" \/>\n<meta property=\"og:locale\" content=\"pt_PT\" \/>\n<meta property=\"og:type\" content=\"article\" \/>\n<meta property=\"og:title\" content=\"Andreza usa estrat\u00e9gia municipal para reabilitar ilhas; diz estarem abandonadas - Portal Tela Portugal\" \/>\n<meta property=\"og:description\" content=\"Andreza Jesus abra\u00e7ou a estrat\u00e9gia municipal para reabilitar a ilha no Porto com rendas condicionadas, financiada a 100% a fundo perdido atrav\u00e9s do Programa Nacional de Habita\u00e7\u00e3o (1.\u00ba Direito) e do Plano de Recupera\u00e7\u00e3o e Resili\u00eancia (PRR). O objetivo era criar habita\u00e7\u00e3o social que servisse o mercado de rendas acess\u00edveis, mantendo rendas sociais. O empreiteiro desapareceu e a obra parou, com o financiamento do PRR emSuspenso. A C\u00e2mara diz que se trata de uma quest\u00e3o entre privados e afirmou n\u00e3o ter \u201crepresentado\u201d a propriet\u00e1ria, como j\u00e1 fizeram muitos munic\u00edpios. Os inquilinos temem ficar sem casa enquanto o impasse persiste.\" \/>\n<meta property=\"og:url\" content=\"https:\/\/portaltela.pt\/noticias\/2026\/03\/29\/andreza-usa-estrategia-municipal-para-reabilitar-ilhas-diz-estarem-abandonadas\/\" \/>\n<meta property=\"og:site_name\" content=\"Portal Tela Portugal\" \/>\n<meta property=\"article:published_time\" content=\"2026-03-29T15:16:54+00:00\" \/>\n<meta name=\"author\" content=\"Telinha\" \/>\n<meta name=\"twitter:card\" content=\"summary_large_image\" \/>\n<meta name=\"twitter:label1\" content=\"Escrito por\" \/>\n\t<meta name=\"twitter:data1\" content=\"Telinha\" \/>\n\t<meta name=\"twitter:label2\" content=\"Tempo estimado de leitura\" \/>\n\t<meta name=\"twitter:data2\" content=\"1 minuto\" \/>\n<script type=\"application\/ld+json\" class=\"yoast-schema-graph\">{\"@context\":\"https:\/\/schema.org\",\"@graph\":[{\"@type\":\"Article\",\"@id\":\"https:\/\/portaltela.pt\/noticias\/2026\/03\/29\/andreza-usa-estrategia-municipal-para-reabilitar-ilhas-diz-estarem-abandonadas\/#article\",\"isPartOf\":{\"@id\":\"https:\/\/portaltela.pt\/noticias\/2026\/03\/29\/andreza-usa-estrategia-municipal-para-reabilitar-ilhas-diz-estarem-abandonadas\/\"},\"author\":{\"name\":\"Telinha\",\"@id\":\"https:\/\/portaltela.pt\/#\/schema\/person\/c4278d4a6028830caff9ee44b42d32ed\"},\"headline\":\"Andreza usa estrat\u00e9gia municipal para reabilitar ilhas; diz estarem abandonadas\",\"datePublished\":\"2026-03-29T15:16:54+00:00\",\"mainEntityOfPage\":{\"@id\":\"https:\/\/portaltela.pt\/noticias\/2026\/03\/29\/andreza-usa-estrategia-municipal-para-reabilitar-ilhas-diz-estarem-abandonadas\/\"},\"wordCount\":238,\"image\":{\"@id\":\"https:\/\/portaltela.pt\/noticias\/2026\/03\/29\/andreza-usa-estrategia-municipal-para-reabilitar-ilhas-diz-estarem-abandonadas\/#primaryimage\"},\"thumbnailUrl\":\"https:\/\/portaltela.pt\/s.01k8rhncp4jt1\/2026\/03\/2077766.jpg\",\"keywords\":[\"1\u00ba Direito\",\"administra\u00e7\u00e3o p\u00fablica\",\"habita\u00e7\u00e3o\",\"habita\u00e7\u00e3o a custos controlados\",\"habita\u00e7\u00e3o social\",\"Porto\"],\"articleSection\":[\"Not\u00edcias\",\"Sociedade\"],\"inLanguage\":\"pt-PT\"},{\"@type\":\"WebPage\",\"@id\":\"https:\/\/portaltela.pt\/noticias\/2026\/03\/29\/andreza-usa-estrategia-municipal-para-reabilitar-ilhas-diz-estarem-abandonadas\/\",\"url\":\"https:\/\/portaltela.pt\/noticias\/2026\/03\/29\/andreza-usa-estrategia-municipal-para-reabilitar-ilhas-diz-estarem-abandonadas\/\",\"name\":\"Andreza usa estrat\u00e9gia municipal para reabilitar ilhas; diz estarem abandonadas - Portal Tela Portugal\",\"isPartOf\":{\"@id\":\"https:\/\/portaltela.pt\/#website\"},\"primaryImageOfPage\":{\"@id\":\"https:\/\/portaltela.pt\/noticias\/2026\/03\/29\/andreza-usa-estrategia-municipal-para-reabilitar-ilhas-diz-estarem-abandonadas\/#primaryimage\"},\"image\":{\"@id\":\"https:\/\/portaltela.pt\/noticias\/2026\/03\/29\/andreza-usa-estrategia-municipal-para-reabilitar-ilhas-diz-estarem-abandonadas\/#primaryimage\"},\"thumbnailUrl\":\"https:\/\/portaltela.pt\/s.01k8rhncp4jt1\/2026\/03\/2077766.jpg\",\"datePublished\":\"2026-03-29T15:16:54+00:00\",\"author\":{\"@id\":\"https:\/\/portaltela.pt\/#\/schema\/person\/c4278d4a6028830caff9ee44b42d32ed\"},\"breadcrumb\":{\"@id\":\"https:\/\/portaltela.pt\/noticias\/2026\/03\/29\/andreza-usa-estrategia-municipal-para-reabilitar-ilhas-diz-estarem-abandonadas\/#breadcrumb\"},\"inLanguage\":\"pt-PT\",\"potentialAction\":[{\"@type\":\"ReadAction\",\"target\":[\"https:\/\/portaltela.pt\/noticias\/2026\/03\/29\/andreza-usa-estrategia-municipal-para-reabilitar-ilhas-diz-estarem-abandonadas\/\"]}]},{\"@type\":\"ImageObject\",\"inLanguage\":\"pt-PT\",\"@id\":\"https:\/\/portaltela.pt\/noticias\/2026\/03\/29\/andreza-usa-estrategia-municipal-para-reabilitar-ilhas-diz-estarem-abandonadas\/#primaryimage\",\"url\":\"https:\/\/portaltela.pt\/s.01k8rhncp4jt1\/2026\/03\/2077766.jpg\",\"contentUrl\":\"https:\/\/portaltela.pt\/s.01k8rhncp4jt1\/2026\/03\/2077766.jpg\",\"width\":796,\"height\":448,\"caption\":\"A propriet\u00e1ria da ilha ia recuper\u00e1-la, mantendo rendas sociais, mas o Estado falhou-lhe\"},{\"@type\":\"BreadcrumbList\",\"@id\":\"https:\/\/portaltela.pt\/noticias\/2026\/03\/29\/andreza-usa-estrategia-municipal-para-reabilitar-ilhas-diz-estarem-abandonadas\/#breadcrumb\",\"itemListElement\":[{\"@type\":\"ListItem\",\"position\":1,\"name\":\"In\u00edcio\",\"item\":\"https:\/\/portaltela.pt\/\"},{\"@type\":\"ListItem\",\"position\":2,\"name\":\"Andreza usa estrat\u00e9gia municipal para reabilitar ilhas; diz estarem abandonadas\"}]},{\"@type\":\"WebSite\",\"@id\":\"https:\/\/portaltela.pt\/#website\",\"url\":\"https:\/\/portaltela.pt\/\",\"name\":\"Portal Tela Portugal\",\"description\":\"\",\"potentialAction\":[{\"@type\":\"SearchAction\",\"target\":{\"@type\":\"EntryPoint\",\"urlTemplate\":\"https:\/\/portaltela.pt\/?s={search_term_string}\"},\"query-input\":{\"@type\":\"PropertyValueSpecification\",\"valueRequired\":true,\"valueName\":\"search_term_string\"}}],\"inLanguage\":\"pt-PT\"},{\"@type\":\"Person\",\"@id\":\"https:\/\/portaltela.pt\/#\/schema\/person\/c4278d4a6028830caff9ee44b42d32ed\",\"name\":\"Telinha\",\"image\":{\"@type\":\"ImageObject\",\"inLanguage\":\"pt-PT\",\"@id\":\"https:\/\/portaltela.pt\/s.01k8rhncp4jt1\/2025\/11\/talking-bot-125x125.png\",\"url\":\"https:\/\/portaltela.pt\/s.01k8rhncp4jt1\/2025\/11\/talking-bot-125x125.png\",\"contentUrl\":\"https:\/\/portaltela.pt\/s.01k8rhncp4jt1\/2025\/11\/talking-bot-125x125.png\",\"caption\":\"Telinha\"},\"sameAs\":[\"https:\/\/portaltela.pt\/\"],\"url\":\"https:\/\/portaltela.pt\/por\/367410592786\/\"}]}<\/script>\n<!-- \/ Yoast SEO plugin. -->","yoast_head_json":{"title":"Andreza usa estrat\u00e9gia municipal para reabilitar ilhas; diz estarem abandonadas - Portal Tela Portugal","robots":{"index":"index","follow":"follow","max-snippet":"max-snippet:-1","max-image-preview":"max-image-preview:large","max-video-preview":"max-video-preview:-1"},"og_locale":"pt_PT","og_type":"article","og_title":"Andreza usa estrat\u00e9gia municipal para reabilitar ilhas; diz estarem abandonadas - Portal Tela Portugal","og_description":"Andreza Jesus abra\u00e7ou a estrat\u00e9gia municipal para reabilitar a ilha no Porto com rendas condicionadas, financiada a 100% a fundo perdido atrav\u00e9s do Programa Nacional de Habita\u00e7\u00e3o (1.\u00ba Direito) e do Plano de Recupera\u00e7\u00e3o e Resili\u00eancia (PRR). O objetivo era criar habita\u00e7\u00e3o social que servisse o mercado de rendas acess\u00edveis, mantendo rendas sociais. O empreiteiro desapareceu e a obra parou, com o financiamento do PRR emSuspenso. A C\u00e2mara diz que se trata de uma quest\u00e3o entre privados e afirmou n\u00e3o ter \u201crepresentado\u201d a propriet\u00e1ria, como j\u00e1 fizeram muitos munic\u00edpios. Os inquilinos temem ficar sem casa enquanto o impasse persiste.","og_url":"https:\/\/portaltela.pt\/noticias\/2026\/03\/29\/andreza-usa-estrategia-municipal-para-reabilitar-ilhas-diz-estarem-abandonadas\/","og_site_name":"Portal Tela Portugal","article_published_time":"2026-03-29T15:16:54+00:00","author":"Telinha","twitter_card":"summary_large_image","twitter_misc":{"Escrito por":"Telinha","Tempo estimado de leitura":"1 minuto"},"schema":{"@context":"https:\/\/schema.org","@graph":[{"@type":"Article","@id":"https:\/\/portaltela.pt\/noticias\/2026\/03\/29\/andreza-usa-estrategia-municipal-para-reabilitar-ilhas-diz-estarem-abandonadas\/#article","isPartOf":{"@id":"https:\/\/portaltela.pt\/noticias\/2026\/03\/29\/andreza-usa-estrategia-municipal-para-reabilitar-ilhas-diz-estarem-abandonadas\/"},"author":{"name":"Telinha","@id":"https:\/\/portaltela.pt\/#\/schema\/person\/c4278d4a6028830caff9ee44b42d32ed"},"headline":"Andreza usa estrat\u00e9gia municipal para reabilitar ilhas; diz estarem abandonadas","datePublished":"2026-03-29T15:16:54+00:00","mainEntityOfPage":{"@id":"https:\/\/portaltela.pt\/noticias\/2026\/03\/29\/andreza-usa-estrategia-municipal-para-reabilitar-ilhas-diz-estarem-abandonadas\/"},"wordCount":238,"image":{"@id":"https:\/\/portaltela.pt\/noticias\/2026\/03\/29\/andreza-usa-estrategia-municipal-para-reabilitar-ilhas-diz-estarem-abandonadas\/#primaryimage"},"thumbnailUrl":"https:\/\/portaltela.pt\/s.01k8rhncp4jt1\/2026\/03\/2077766.jpg","keywords":["1\u00ba Direito","administra\u00e7\u00e3o p\u00fablica","habita\u00e7\u00e3o","habita\u00e7\u00e3o a custos controlados","habita\u00e7\u00e3o social","Porto"],"articleSection":["Not\u00edcias","Sociedade"],"inLanguage":"pt-PT"},{"@type":"WebPage","@id":"https:\/\/portaltela.pt\/noticias\/2026\/03\/29\/andreza-usa-estrategia-municipal-para-reabilitar-ilhas-diz-estarem-abandonadas\/","url":"https:\/\/portaltela.pt\/noticias\/2026\/03\/29\/andreza-usa-estrategia-municipal-para-reabilitar-ilhas-diz-estarem-abandonadas\/","name":"Andreza usa estrat\u00e9gia municipal para reabilitar ilhas; diz estarem abandonadas - Portal Tela Portugal","isPartOf":{"@id":"https:\/\/portaltela.pt\/#website"},"primaryImageOfPage":{"@id":"https:\/\/portaltela.pt\/noticias\/2026\/03\/29\/andreza-usa-estrategia-municipal-para-reabilitar-ilhas-diz-estarem-abandonadas\/#primaryimage"},"image":{"@id":"https:\/\/portaltela.pt\/noticias\/2026\/03\/29\/andreza-usa-estrategia-municipal-para-reabilitar-ilhas-diz-estarem-abandonadas\/#primaryimage"},"thumbnailUrl":"https:\/\/portaltela.pt\/s.01k8rhncp4jt1\/2026\/03\/2077766.jpg","datePublished":"2026-03-29T15:16:54+00:00","author":{"@id":"https:\/\/portaltela.pt\/#\/schema\/person\/c4278d4a6028830caff9ee44b42d32ed"},"breadcrumb":{"@id":"https:\/\/portaltela.pt\/noticias\/2026\/03\/29\/andreza-usa-estrategia-municipal-para-reabilitar-ilhas-diz-estarem-abandonadas\/#breadcrumb"},"inLanguage":"pt-PT","potentialAction":[{"@type":"ReadAction","target":["https:\/\/portaltela.pt\/noticias\/2026\/03\/29\/andreza-usa-estrategia-municipal-para-reabilitar-ilhas-diz-estarem-abandonadas\/"]}]},{"@type":"ImageObject","inLanguage":"pt-PT","@id":"https:\/\/portaltela.pt\/noticias\/2026\/03\/29\/andreza-usa-estrategia-municipal-para-reabilitar-ilhas-diz-estarem-abandonadas\/#primaryimage","url":"https:\/\/portaltela.pt\/s.01k8rhncp4jt1\/2026\/03\/2077766.jpg","contentUrl":"https:\/\/portaltela.pt\/s.01k8rhncp4jt1\/2026\/03\/2077766.jpg","width":796,"height":448,"caption":"A propriet\u00e1ria da ilha ia recuper\u00e1-la, mantendo rendas sociais, mas o Estado falhou-lhe"},{"@type":"BreadcrumbList","@id":"https:\/\/portaltela.pt\/noticias\/2026\/03\/29\/andreza-usa-estrategia-municipal-para-reabilitar-ilhas-diz-estarem-abandonadas\/#breadcrumb","itemListElement":[{"@type":"ListItem","position":1,"name":"In\u00edcio","item":"https:\/\/portaltela.pt\/"},{"@type":"ListItem","position":2,"name":"Andreza usa estrat\u00e9gia municipal para reabilitar ilhas; diz estarem abandonadas"}]},{"@type":"WebSite","@id":"https:\/\/portaltela.pt\/#website","url":"https:\/\/portaltela.pt\/","name":"Portal Tela Portugal","description":"","potentialAction":[{"@type":"SearchAction","target":{"@type":"EntryPoint","urlTemplate":"https:\/\/portaltela.pt\/?s={search_term_string}"},"query-input":{"@type":"PropertyValueSpecification","valueRequired":true,"valueName":"search_term_string"}}],"inLanguage":"pt-PT"},{"@type":"Person","@id":"https:\/\/portaltela.pt\/#\/schema\/person\/c4278d4a6028830caff9ee44b42d32ed","name":"Telinha","image":{"@type":"ImageObject","inLanguage":"pt-PT","@id":"https:\/\/portaltela.pt\/s.01k8rhncp4jt1\/2025\/11\/talking-bot-125x125.png","url":"https:\/\/portaltela.pt\/s.01k8rhncp4jt1\/2025\/11\/talking-bot-125x125.png","contentUrl":"https:\/\/portaltela.pt\/s.01k8rhncp4jt1\/2025\/11\/talking-bot-125x125.png","caption":"Telinha"},"sameAs":["https:\/\/portaltela.pt\/"],"url":"https:\/\/portaltela.pt\/por\/367410592786\/"}]}},"_links":{"self":[{"href":"https:\/\/portaltela.pt\/api\/wp\/v2\/posts\/426017","targetHints":{"allow":["GET"]}}],"collection":[{"href":"https:\/\/portaltela.pt\/api\/wp\/v2\/posts"}],"about":[{"href":"https:\/\/portaltela.pt\/api\/wp\/v2\/types\/post"}],"author":[{"embeddable":true,"href":"https:\/\/portaltela.pt\/api\/wp\/v2\/users\/2"}],"replies":[{"embeddable":true,"href":"https:\/\/portaltela.pt\/api\/wp\/v2\/comments?post=426017"}],"version-history":[{"count":0,"href":"https:\/\/portaltela.pt\/api\/wp\/v2\/posts\/426017\/revisions"}],"wp:featuredmedia":[{"embeddable":true,"href":"https:\/\/portaltela.pt\/api\/wp\/v2\/media\/426019"}],"wp:attachment":[{"href":"https:\/\/portaltela.pt\/api\/wp\/v2\/media?parent=426017"}],"wp:term":[{"taxonomy":"category","embeddable":true,"href":"https:\/\/portaltela.pt\/api\/wp\/v2\/categories?post=426017"},{"taxonomy":"post_tag","embeddable":true,"href":"https:\/\/portaltela.pt\/api\/wp\/v2\/tags?post=426017"}],"curies":[{"name":"wp","href":"https:\/\/api.w.org\/{rel}","templated":true}]}}