{"id":426011,"date":"2026-03-29T12:02:25","date_gmt":"2026-03-29T15:02:25","guid":{"rendered":"https:\/\/portaltela.pt\/noticias\/2026\/03\/29\/morte-de-dois-jovens-choca-a-lousa\/"},"modified":"2026-03-29T12:02:25","modified_gmt":"2026-03-29T15:02:25","slug":"morte-de-dois-jovens-choca-a-lousa","status":"publish","type":"post","link":"https:\/\/portaltela.pt\/noticias\/2026\/03\/29\/morte-de-dois-jovens-choca-a-lousa\/","title":{"rendered":"Morte de dois jovens choca a Lous\u00e3"},"content":{"rendered":"<p>Dois jovens morreram ap\u00f3s atropelamento na Ericeira, em Mafra, na madrugada de s\u00e1bado. Emanuel Nogueira e Diogo Morais seguiam a p\u00e9 junto ao terminal rodovi\u00e1rio quando foram colhidos por uma viatura desgovernada. O ve\u00edculo embateu ainda num muro e numa veda\u00e7\u00e3o antes de imobilizar-se. A raz\u00e3o do descontrolo ainda est\u00e1 a ser averiguada pelas autoridades.<\/p>\n<p>Os corpos foram identificados pelas autoridades locais. Emanuel Nogueira e Diogo Morais eram naturais da Lous\u00e3 e tinham aproximadamente 30 anos. Ambos estavam a trabalhar na Ericeira, onde Diogo era funcion\u00e1rio numa casa de restaura\u00e7\u00e3o, enquanto Emanuel tamb\u00e9m mantinha liga\u00e7\u00f5es \u00e0 comunidade local. O tom da rea\u00e7\u00e3o p\u00fablica tem sido de consterna\u00e7\u00e3o.<\/p>\n<h3>Repercuss\u00f5es e rea\u00e7\u00e3o local<\/h3>\n<p>O presidente da C\u00e2mara Municipal da Lous\u00e3 manifestou profundo pesar pela perda, assegurando apoio \u00e0s fam\u00edlias e amigos. O Clube Desportivo Lousanense, em que os dois atletas tinham passado pela forma\u00e7\u00e3o, divulgou uma nota de pesar nas redes sociais, destacando a amizade e a mem\u00f3ria deixadas no clube. O Clube Acad\u00e9mico das G\u00e2ndaras tamb\u00e9m expressou pesar, recordando a dedica\u00e7\u00e3o e o esp\u00edrito de equipa de ambos.<\/p>\n<h3>Contexto institucional e apoio \u00e0s fam\u00edlias<\/h3>\n<p>A Escola Profissional Profitecla Coimbra, onde Diogo frequentou, tamb\u00e9m demonstrou solidariedade, referindo que o jovem ser\u00e1 lembrado pela comunidade. Em termos de investiga\u00e7\u00e3o, o caso est\u00e1 a ser apurado pelas autoridades competentes, que devem estabelecer as causas do acidente e eventuais responsabilidades.<\/p>\n<h3>\u00daltimas informa\u00e7\u00f5es<\/h3>\n<p>O incidente ocorreu por volta das 6 horas de s\u00e1bado, na zona da Ericeira, onde os dois amigos trabalhavam. O atropelamento gerou uma onda de dor na comunidade local, com institui\u00e7\u00f5es e familiares a receberem apoio e a lamentarem a perda. As autoridades manter\u00e3o atualiza\u00e7\u00f5es \u00e0 medida que houver novos elementos.<\/p>\n","protected":false},"excerpt":{"rendered":"<ul>\n<li>Dois jovens com cerca de 30 anos, Emanuel Nogueira e Diogo Morais, foram atropelados por um ve\u00edculo desgovernado junto ao terminal rodovi\u00e1rio da Ericeira, no concelho de Mafra, na madrugada de s\u00e1bado, perto das 6h.<\/li>\n<li>A not\u00edcia gerou consterna\u00e7\u00e3o na Lous\u00e3, terra de nascimento dos jovens; o presidente da C\u00e2mara Municipal da Lous\u00e3, Victor Carvalho, afirmou que est\u00e3o a prestar apoio \u00e0s fam\u00edlias e amigos.<\/li>\n<li>O Clube Desportivo Lousanense, onde atuavam na forma\u00e7\u00e3o, divulgou uma nota de pesar nas redes sociais, destacando a amizade e os momentos partilhados no clube.<\/li>\n<li>O Clube Acad\u00e9mico das G\u00e2ndaras tamb\u00e9m partilhou mem\u00f3rias dos tempos de jogadores e elogiou a dedica\u00e7\u00e3o e o esp\u00edrito de equipa dos dois atletas.<\/li>\n<li>A Escola Profissional Profitecla Coimbra, onde Diogo frequentou, divulgou que ficar\u00e1 para sempre lembrado pela comunidade; na Ericeira, a Petiscaria \u00c2ncora, onde Diogo trabalhava, publicou uma mensagem de luto.<\/li>\n<\/ul>\n","protected":false},"author":2,"featured_media":426014,"comment_status":"closed","ping_status":"closed","sticky":false,"template":"","format":"standard","meta":{"footnotes":""},"categories":[6849,1],"tags":[4169,2174,2844,3495,2600,6421],"class_list":["post-426011","post","type-post","status-publish","format-standard","has-post-thumbnail","hentry","category-acidentes","category-noticias","tag-acidente-rodoviario","tag-ericeira","tag-jovens","tag-lousa","tag-mafra","tag-mortos"],"yoast_head":"<!-- This site is optimized with the Yoast SEO plugin v27.2 - https:\/\/yoast.com\/product\/yoast-seo-wordpress\/ -->\n<title>Morte de dois jovens choca a Lous\u00e3 - Portal Tela Portugal<\/title>\n<meta name=\"robots\" content=\"index, follow, max-snippet:-1, max-image-preview:large, max-video-preview:-1\" \/>\n<meta property=\"og:locale\" content=\"pt_PT\" \/>\n<meta property=\"og:type\" content=\"article\" \/>\n<meta property=\"og:title\" content=\"Morte de dois jovens choca a Lous\u00e3 - Portal Tela Portugal\" \/>\n<meta property=\"og:description\" content=\"Dois jovens com cerca de 30 anos, Emanuel Nogueira e Diogo Morais, foram atropelados por um ve\u00edculo desgovernado junto ao terminal rodovi\u00e1rio da Ericeira, no concelho de Mafra, na madrugada de s\u00e1bado, perto das 6h. A not\u00edcia gerou consterna\u00e7\u00e3o na Lous\u00e3, terra de nascimento dos jovens; o presidente da C\u00e2mara Municipal da Lous\u00e3, Victor Carvalho, afirmou que est\u00e3o a prestar apoio \u00e0s fam\u00edlias e amigos. O Clube Desportivo Lousanense, onde atuavam na forma\u00e7\u00e3o, divulgou uma nota de pesar nas redes sociais, destacando a amizade e os momentos partilhados no clube. O Clube Acad\u00e9mico das G\u00e2ndaras tamb\u00e9m partilhou mem\u00f3rias dos tempos de jogadores e elogiou a dedica\u00e7\u00e3o e o esp\u00edrito de equipa dos dois atletas. A Escola Profissional Profitecla Coimbra, onde Diogo frequentou, divulgou que ficar\u00e1 para sempre lembrado pela comunidade; na Ericeira, a Petiscaria \u00c2ncora, onde Diogo trabalhava, publicou uma mensagem de luto.\" \/>\n<meta property=\"og:url\" content=\"https:\/\/portaltela.pt\/noticias\/2026\/03\/29\/morte-de-dois-jovens-choca-a-lousa\/\" \/>\n<meta property=\"og:site_name\" content=\"Portal Tela Portugal\" \/>\n<meta property=\"article:published_time\" content=\"2026-03-29T15:02:25+00:00\" \/>\n<meta name=\"author\" content=\"Telinha\" \/>\n<meta name=\"twitter:card\" content=\"summary_large_image\" \/>\n<meta name=\"twitter:label1\" content=\"Escrito por\" \/>\n\t<meta name=\"twitter:data1\" content=\"Telinha\" \/>\n\t<meta name=\"twitter:label2\" content=\"Tempo estimado de leitura\" \/>\n\t<meta name=\"twitter:data2\" content=\"2 minutos\" \/>\n<script type=\"application\/ld+json\" class=\"yoast-schema-graph\">{\"@context\":\"https:\/\/schema.org\",\"@graph\":[{\"@type\":\"Article\",\"@id\":\"https:\/\/portaltela.pt\/noticias\/2026\/03\/29\/morte-de-dois-jovens-choca-a-lousa\/#article\",\"isPartOf\":{\"@id\":\"https:\/\/portaltela.pt\/noticias\/2026\/03\/29\/morte-de-dois-jovens-choca-a-lousa\/\"},\"author\":{\"name\":\"Telinha\",\"@id\":\"https:\/\/portaltela.pt\/#\/schema\/person\/c4278d4a6028830caff9ee44b42d32ed\"},\"headline\":\"Morte de dois jovens choca a Lous\u00e3\",\"datePublished\":\"2026-03-29T15:02:25+00:00\",\"mainEntityOfPage\":{\"@id\":\"https:\/\/portaltela.pt\/noticias\/2026\/03\/29\/morte-de-dois-jovens-choca-a-lousa\/\"},\"wordCount\":313,\"image\":{\"@id\":\"https:\/\/portaltela.pt\/noticias\/2026\/03\/29\/morte-de-dois-jovens-choca-a-lousa\/#primaryimage\"},\"thumbnailUrl\":\"https:\/\/portaltela.pt\/s.01k8rhncp4jt1\/2026\/03\/image-1742.jpg\",\"keywords\":[\"acidente rodovi\u00e1rio\",\"Ericeira\",\"jovens\",\"Lous\u00e3\",\"Mafra\",\"mortos\"],\"articleSection\":[\"Acidentes\",\"Not\u00edcias\"],\"inLanguage\":\"pt-PT\"},{\"@type\":\"WebPage\",\"@id\":\"https:\/\/portaltela.pt\/noticias\/2026\/03\/29\/morte-de-dois-jovens-choca-a-lousa\/\",\"url\":\"https:\/\/portaltela.pt\/noticias\/2026\/03\/29\/morte-de-dois-jovens-choca-a-lousa\/\",\"name\":\"Morte de dois jovens choca a Lous\u00e3 - Portal Tela Portugal\",\"isPartOf\":{\"@id\":\"https:\/\/portaltela.pt\/#website\"},\"primaryImageOfPage\":{\"@id\":\"https:\/\/portaltela.pt\/noticias\/2026\/03\/29\/morte-de-dois-jovens-choca-a-lousa\/#primaryimage\"},\"image\":{\"@id\":\"https:\/\/portaltela.pt\/noticias\/2026\/03\/29\/morte-de-dois-jovens-choca-a-lousa\/#primaryimage\"},\"thumbnailUrl\":\"https:\/\/portaltela.pt\/s.01k8rhncp4jt1\/2026\/03\/image-1742.jpg\",\"datePublished\":\"2026-03-29T15:02:25+00:00\",\"author\":{\"@id\":\"https:\/\/portaltela.pt\/#\/schema\/person\/c4278d4a6028830caff9ee44b42d32ed\"},\"breadcrumb\":{\"@id\":\"https:\/\/portaltela.pt\/noticias\/2026\/03\/29\/morte-de-dois-jovens-choca-a-lousa\/#breadcrumb\"},\"inLanguage\":\"pt-PT\",\"potentialAction\":[{\"@type\":\"ReadAction\",\"target\":[\"https:\/\/portaltela.pt\/noticias\/2026\/03\/29\/morte-de-dois-jovens-choca-a-lousa\/\"]}]},{\"@type\":\"ImageObject\",\"inLanguage\":\"pt-PT\",\"@id\":\"https:\/\/portaltela.pt\/noticias\/2026\/03\/29\/morte-de-dois-jovens-choca-a-lousa\/#primaryimage\",\"url\":\"https:\/\/portaltela.pt\/s.01k8rhncp4jt1\/2026\/03\/image-1742.jpg\",\"contentUrl\":\"https:\/\/portaltela.pt\/s.01k8rhncp4jt1\/2026\/03\/image-1742.jpg\",\"width\":796,\"height\":448,\"caption\":\"Emanuel Nogueira e Diogo Morais foram colhidos por uma viatura desgovernada\"},{\"@type\":\"BreadcrumbList\",\"@id\":\"https:\/\/portaltela.pt\/noticias\/2026\/03\/29\/morte-de-dois-jovens-choca-a-lousa\/#breadcrumb\",\"itemListElement\":[{\"@type\":\"ListItem\",\"position\":1,\"name\":\"In\u00edcio\",\"item\":\"https:\/\/portaltela.pt\/\"},{\"@type\":\"ListItem\",\"position\":2,\"name\":\"Morte de dois jovens choca a Lous\u00e3\"}]},{\"@type\":\"WebSite\",\"@id\":\"https:\/\/portaltela.pt\/#website\",\"url\":\"https:\/\/portaltela.pt\/\",\"name\":\"Portal Tela Portugal\",\"description\":\"\",\"potentialAction\":[{\"@type\":\"SearchAction\",\"target\":{\"@type\":\"EntryPoint\",\"urlTemplate\":\"https:\/\/portaltela.pt\/?s={search_term_string}\"},\"query-input\":{\"@type\":\"PropertyValueSpecification\",\"valueRequired\":true,\"valueName\":\"search_term_string\"}}],\"inLanguage\":\"pt-PT\"},{\"@type\":\"Person\",\"@id\":\"https:\/\/portaltela.pt\/#\/schema\/person\/c4278d4a6028830caff9ee44b42d32ed\",\"name\":\"Telinha\",\"image\":{\"@type\":\"ImageObject\",\"inLanguage\":\"pt-PT\",\"@id\":\"https:\/\/portaltela.pt\/s.01k8rhncp4jt1\/2025\/11\/talking-bot-125x125.png\",\"url\":\"https:\/\/portaltela.pt\/s.01k8rhncp4jt1\/2025\/11\/talking-bot-125x125.png\",\"contentUrl\":\"https:\/\/portaltela.pt\/s.01k8rhncp4jt1\/2025\/11\/talking-bot-125x125.png\",\"caption\":\"Telinha\"},\"sameAs\":[\"https:\/\/portaltela.pt\/\"],\"url\":\"https:\/\/portaltela.pt\/por\/367410592786\/\"}]}<\/script>\n<!-- \/ Yoast SEO plugin. -->","yoast_head_json":{"title":"Morte de dois jovens choca a Lous\u00e3 - Portal Tela Portugal","robots":{"index":"index","follow":"follow","max-snippet":"max-snippet:-1","max-image-preview":"max-image-preview:large","max-video-preview":"max-video-preview:-1"},"og_locale":"pt_PT","og_type":"article","og_title":"Morte de dois jovens choca a Lous\u00e3 - Portal Tela Portugal","og_description":"Dois jovens com cerca de 30 anos, Emanuel Nogueira e Diogo Morais, foram atropelados por um ve\u00edculo desgovernado junto ao terminal rodovi\u00e1rio da Ericeira, no concelho de Mafra, na madrugada de s\u00e1bado, perto das 6h. A not\u00edcia gerou consterna\u00e7\u00e3o na Lous\u00e3, terra de nascimento dos jovens; o presidente da C\u00e2mara Municipal da Lous\u00e3, Victor Carvalho, afirmou que est\u00e3o a prestar apoio \u00e0s fam\u00edlias e amigos. O Clube Desportivo Lousanense, onde atuavam na forma\u00e7\u00e3o, divulgou uma nota de pesar nas redes sociais, destacando a amizade e os momentos partilhados no clube. O Clube Acad\u00e9mico das G\u00e2ndaras tamb\u00e9m partilhou mem\u00f3rias dos tempos de jogadores e elogiou a dedica\u00e7\u00e3o e o esp\u00edrito de equipa dos dois atletas. A Escola Profissional Profitecla Coimbra, onde Diogo frequentou, divulgou que ficar\u00e1 para sempre lembrado pela comunidade; na Ericeira, a Petiscaria \u00c2ncora, onde Diogo trabalhava, publicou uma mensagem de luto.","og_url":"https:\/\/portaltela.pt\/noticias\/2026\/03\/29\/morte-de-dois-jovens-choca-a-lousa\/","og_site_name":"Portal Tela Portugal","article_published_time":"2026-03-29T15:02:25+00:00","author":"Telinha","twitter_card":"summary_large_image","twitter_misc":{"Escrito por":"Telinha","Tempo estimado de leitura":"2 minutos"},"schema":{"@context":"https:\/\/schema.org","@graph":[{"@type":"Article","@id":"https:\/\/portaltela.pt\/noticias\/2026\/03\/29\/morte-de-dois-jovens-choca-a-lousa\/#article","isPartOf":{"@id":"https:\/\/portaltela.pt\/noticias\/2026\/03\/29\/morte-de-dois-jovens-choca-a-lousa\/"},"author":{"name":"Telinha","@id":"https:\/\/portaltela.pt\/#\/schema\/person\/c4278d4a6028830caff9ee44b42d32ed"},"headline":"Morte de dois jovens choca a Lous\u00e3","datePublished":"2026-03-29T15:02:25+00:00","mainEntityOfPage":{"@id":"https:\/\/portaltela.pt\/noticias\/2026\/03\/29\/morte-de-dois-jovens-choca-a-lousa\/"},"wordCount":313,"image":{"@id":"https:\/\/portaltela.pt\/noticias\/2026\/03\/29\/morte-de-dois-jovens-choca-a-lousa\/#primaryimage"},"thumbnailUrl":"https:\/\/portaltela.pt\/s.01k8rhncp4jt1\/2026\/03\/image-1742.jpg","keywords":["acidente rodovi\u00e1rio","Ericeira","jovens","Lous\u00e3","Mafra","mortos"],"articleSection":["Acidentes","Not\u00edcias"],"inLanguage":"pt-PT"},{"@type":"WebPage","@id":"https:\/\/portaltela.pt\/noticias\/2026\/03\/29\/morte-de-dois-jovens-choca-a-lousa\/","url":"https:\/\/portaltela.pt\/noticias\/2026\/03\/29\/morte-de-dois-jovens-choca-a-lousa\/","name":"Morte de dois jovens choca a Lous\u00e3 - Portal Tela Portugal","isPartOf":{"@id":"https:\/\/portaltela.pt\/#website"},"primaryImageOfPage":{"@id":"https:\/\/portaltela.pt\/noticias\/2026\/03\/29\/morte-de-dois-jovens-choca-a-lousa\/#primaryimage"},"image":{"@id":"https:\/\/portaltela.pt\/noticias\/2026\/03\/29\/morte-de-dois-jovens-choca-a-lousa\/#primaryimage"},"thumbnailUrl":"https:\/\/portaltela.pt\/s.01k8rhncp4jt1\/2026\/03\/image-1742.jpg","datePublished":"2026-03-29T15:02:25+00:00","author":{"@id":"https:\/\/portaltela.pt\/#\/schema\/person\/c4278d4a6028830caff9ee44b42d32ed"},"breadcrumb":{"@id":"https:\/\/portaltela.pt\/noticias\/2026\/03\/29\/morte-de-dois-jovens-choca-a-lousa\/#breadcrumb"},"inLanguage":"pt-PT","potentialAction":[{"@type":"ReadAction","target":["https:\/\/portaltela.pt\/noticias\/2026\/03\/29\/morte-de-dois-jovens-choca-a-lousa\/"]}]},{"@type":"ImageObject","inLanguage":"pt-PT","@id":"https:\/\/portaltela.pt\/noticias\/2026\/03\/29\/morte-de-dois-jovens-choca-a-lousa\/#primaryimage","url":"https:\/\/portaltela.pt\/s.01k8rhncp4jt1\/2026\/03\/image-1742.jpg","contentUrl":"https:\/\/portaltela.pt\/s.01k8rhncp4jt1\/2026\/03\/image-1742.jpg","width":796,"height":448,"caption":"Emanuel Nogueira e Diogo Morais foram colhidos por uma viatura desgovernada"},{"@type":"BreadcrumbList","@id":"https:\/\/portaltela.pt\/noticias\/2026\/03\/29\/morte-de-dois-jovens-choca-a-lousa\/#breadcrumb","itemListElement":[{"@type":"ListItem","position":1,"name":"In\u00edcio","item":"https:\/\/portaltela.pt\/"},{"@type":"ListItem","position":2,"name":"Morte de dois jovens choca a Lous\u00e3"}]},{"@type":"WebSite","@id":"https:\/\/portaltela.pt\/#website","url":"https:\/\/portaltela.pt\/","name":"Portal Tela Portugal","description":"","potentialAction":[{"@type":"SearchAction","target":{"@type":"EntryPoint","urlTemplate":"https:\/\/portaltela.pt\/?s={search_term_string}"},"query-input":{"@type":"PropertyValueSpecification","valueRequired":true,"valueName":"search_term_string"}}],"inLanguage":"pt-PT"},{"@type":"Person","@id":"https:\/\/portaltela.pt\/#\/schema\/person\/c4278d4a6028830caff9ee44b42d32ed","name":"Telinha","image":{"@type":"ImageObject","inLanguage":"pt-PT","@id":"https:\/\/portaltela.pt\/s.01k8rhncp4jt1\/2025\/11\/talking-bot-125x125.png","url":"https:\/\/portaltela.pt\/s.01k8rhncp4jt1\/2025\/11\/talking-bot-125x125.png","contentUrl":"https:\/\/portaltela.pt\/s.01k8rhncp4jt1\/2025\/11\/talking-bot-125x125.png","caption":"Telinha"},"sameAs":["https:\/\/portaltela.pt\/"],"url":"https:\/\/portaltela.pt\/por\/367410592786\/"}]}},"_links":{"self":[{"href":"https:\/\/portaltela.pt\/api\/wp\/v2\/posts\/426011","targetHints":{"allow":["GET"]}}],"collection":[{"href":"https:\/\/portaltela.pt\/api\/wp\/v2\/posts"}],"about":[{"href":"https:\/\/portaltela.pt\/api\/wp\/v2\/types\/post"}],"author":[{"embeddable":true,"href":"https:\/\/portaltela.pt\/api\/wp\/v2\/users\/2"}],"replies":[{"embeddable":true,"href":"https:\/\/portaltela.pt\/api\/wp\/v2\/comments?post=426011"}],"version-history":[{"count":0,"href":"https:\/\/portaltela.pt\/api\/wp\/v2\/posts\/426011\/revisions"}],"wp:featuredmedia":[{"embeddable":true,"href":"https:\/\/portaltela.pt\/api\/wp\/v2\/media\/426014"}],"wp:attachment":[{"href":"https:\/\/portaltela.pt\/api\/wp\/v2\/media?parent=426011"}],"wp:term":[{"taxonomy":"category","embeddable":true,"href":"https:\/\/portaltela.pt\/api\/wp\/v2\/categories?post=426011"},{"taxonomy":"post_tag","embeddable":true,"href":"https:\/\/portaltela.pt\/api\/wp\/v2\/tags?post=426011"}],"curies":[{"name":"wp","href":"https:\/\/api.w.org\/{rel}","templated":true}]}}