{"id":426009,"date":"2026-03-29T11:47:20","date_gmt":"2026-03-29T14:47:20","guid":{"rendered":"https:\/\/portaltela.pt\/noticias\/2026\/03\/29\/condicoes-meteorologicas-extremas-no-afeganistao-causam-17-mortes\/"},"modified":"2026-03-29T11:47:20","modified_gmt":"2026-03-29T14:47:20","slug":"condicoes-meteorologicas-extremas-no-afeganistao-causam-17-mortes","status":"publish","type":"post","link":"https:\/\/portaltela.pt\/tempo\/2026\/03\/29\/condicoes-meteorologicas-extremas-no-afeganistao-causam-17-mortes\/","title":{"rendered":"Condi\u00e7\u00f5es meteorol\u00f3gicas extremas no Afeganist\u00e3o causam 17 mortes"},"content":{"rendered":"<p>O mau tempo nas \u00faltimas 24 horas no Afeganist\u00e3o provocou 17 mortos e 26 feridos, com mais chuvas intensas previstas pelas autoridades. O epis\u00f3dio ocorreu em v\u00e1rias regi\u00f5es do pa\u00eds, conforme relato inicial das autoridades.<\/p>\n<p>Treze das 34 prov\u00edncias foram afetadas, sobretudo nas zonas ocidentais, centrais e noroeste. As intemp\u00e9ries danificaram 147 casas, destru\u00edram 80 quil\u00f3metros de estradas e afectar terras agr\u00edcolas, canais de irriga\u00e7\u00e3o e empresas.<\/p>\n<p>No total, 530 fam\u00edlias ficaram afetadas pela intemp\u00e9rie, segundo a Autoridade Nacional de Gest\u00e3o de Cat\u00e1strofes. Equipas de campo continuam a inspecionar as \u00e1reas para avaliar danos adicionais e necessidades emergentes.<\/p>\n<p>As previs\u00f5es apontam chuva forte no leste e no centro para segunda-feira, com poss\u00edvel aumento de inunda\u00e7\u00f5es nessas regi\u00f5es. O organismo pediu cautela aos residentes junto a margens de rios.<\/p>\n<p>As autoridades locais foram ordenadas a manter-se em prontid\u00e3o para prestar assist\u00eancia. Foi enfatizada a necessidade de evitar zonas de risco de inunda\u00e7\u00f5es e de monitorizar os n\u00edveis de \u00e1gua nos cursos e rios.<\/p>\n<p>Recorda-se que, no in\u00edcio deste ano, fortes nev\u00f5es e inunda\u00e7\u00f5es repentinas causaram dezenas de mortes em todo o pa\u00eds. O Afeganist\u00e3o continua vulner\u00e1vel a fen\u00f3menos clim\u00e1ticos extremos.<\/p>\n<p>Mais de 300 pessoas morreram em inunda\u00e7\u00f5es repentinas na primavera de 2024. Crises recorrentes refletem d\u00e9cadas de conflito, infraestruturas prec\u00e1rias e impactos das altera\u00e7\u00f5es clim\u00e1ticas, sobretudo em \u00e1reas rurais de barro.<\/p>\n","protected":false},"excerpt":{"rendered":"<ul>\n<li>O mau tempo que se fez sentir nas \u00faltimas 24 horas no Afeganist\u00e3o provocou 17 mortes e 26 feridos; prev\u00eaem-se mais chuvas intensas.<\/li>\n<li>As autoridades, atrav\u00e9s da Autoridade Nacional de Gest\u00e3o de Cat\u00e1strofes, indicaram que o n\u00famero de v\u00edtimas pode aumentar \u00e0 medida que as \u00e1reas afetadas s\u00e3o inspecionadas (Associated Press).<\/li>\n<li>Treze das trinta e quatro prov\u00edncias do Afeganist\u00e3o foram afetadas, principalmente nas regi\u00f5es ocidental, central e noroeste.<\/li>\n<li>O mau tempo deixou cento e quarenta e sete casas destru\u00eddas total ou parcialmente, arrasou oitenta quil\u00f3metros de estradas e danificou terras agr\u00edcolas e canais de irriga\u00e7\u00e3o, afetando cinq\u00fcenta e trinta fam\u00edlias.<\/li>\n<li>As previs\u00f5es apontam para chuva forte nas regi\u00f5es leste e centro na segunda-feira, com possibilidade de inunda\u00e7\u00f5es; as autoridades pedem que residentes evitem margens de rios e permane\u00e7am em prontid\u00e3o para prestar assist\u00eancia.<\/li>\n<\/ul>\n","protected":false},"author":2,"featured_media":426010,"comment_status":"closed","ping_status":"closed","sticky":false,"template":"","format":"standard","meta":{"footnotes":""},"categories":[7380,7365],"tags":[4104,5215,5329,6063,2293,45],"class_list":["post-426009","post","type-post","status-publish","format-standard","has-post-thumbnail","hentry","category-clima","category-tempo","tag-afeganistao","tag-catastrofes-naturais","tag-chuva","tag-desastres","tag-inundacoes","tag-meio-ambiente"],"yoast_head":"<!-- This site is optimized with the Yoast SEO plugin v27.2 - https:\/\/yoast.com\/product\/yoast-seo-wordpress\/ -->\n<title>Condi\u00e7\u00f5es meteorol\u00f3gicas extremas no Afeganist\u00e3o causam 17 mortes - Portal Tela Portugal<\/title>\n<meta name=\"robots\" content=\"index, follow, max-snippet:-1, max-image-preview:large, max-video-preview:-1\" \/>\n<meta property=\"og:locale\" content=\"pt_PT\" \/>\n<meta property=\"og:type\" content=\"article\" \/>\n<meta property=\"og:title\" content=\"Condi\u00e7\u00f5es meteorol\u00f3gicas extremas no Afeganist\u00e3o causam 17 mortes - Portal Tela Portugal\" \/>\n<meta property=\"og:description\" content=\"O mau tempo que se fez sentir nas \u00faltimas 24 horas no Afeganist\u00e3o provocou 17 mortes e 26 feridos; prev\u00eaem-se mais chuvas intensas. As autoridades, atrav\u00e9s da Autoridade Nacional de Gest\u00e3o de Cat\u00e1strofes, indicaram que o n\u00famero de v\u00edtimas pode aumentar \u00e0 medida que as \u00e1reas afetadas s\u00e3o inspecionadas (Associated Press). Treze das trinta e quatro prov\u00edncias do Afeganist\u00e3o foram afetadas, principalmente nas regi\u00f5es ocidental, central e noroeste. O mau tempo deixou cento e quarenta e sete casas destru\u00eddas total ou parcialmente, arrasou oitenta quil\u00f3metros de estradas e danificou terras agr\u00edcolas e canais de irriga\u00e7\u00e3o, afetando cinq\u00fcenta e trinta fam\u00edlias. As previs\u00f5es apontam para chuva forte nas regi\u00f5es leste e centro na segunda-feira, com possibilidade de inunda\u00e7\u00f5es; as autoridades pedem que residentes evitem margens de rios e permane\u00e7am em prontid\u00e3o para prestar assist\u00eancia.\" \/>\n<meta property=\"og:url\" content=\"https:\/\/portaltela.pt\/noticias\/2026\/03\/29\/condicoes-meteorologicas-extremas-no-afeganistao-causam-17-mortes\/\" \/>\n<meta property=\"og:site_name\" content=\"Portal Tela Portugal\" \/>\n<meta property=\"article:published_time\" content=\"2026-03-29T14:47:20+00:00\" \/>\n<meta name=\"author\" content=\"Telinha\" \/>\n<meta name=\"twitter:card\" content=\"summary_large_image\" \/>\n<meta name=\"twitter:label1\" content=\"Escrito por\" \/>\n\t<meta name=\"twitter:data1\" content=\"Telinha\" \/>\n\t<meta name=\"twitter:label2\" content=\"Tempo estimado de leitura\" \/>\n\t<meta name=\"twitter:data2\" content=\"1 minuto\" \/>\n<script type=\"application\/ld+json\" class=\"yoast-schema-graph\">{\"@context\":\"https:\/\/schema.org\",\"@graph\":[{\"@type\":\"Article\",\"@id\":\"https:\/\/portaltela.pt\/noticias\/2026\/03\/29\/condicoes-meteorologicas-extremas-no-afeganistao-causam-17-mortes\/#article\",\"isPartOf\":{\"@id\":\"https:\/\/portaltela.pt\/noticias\/2026\/03\/29\/condicoes-meteorologicas-extremas-no-afeganistao-causam-17-mortes\/\"},\"author\":{\"name\":\"Telinha\",\"@id\":\"https:\/\/portaltela.pt\/#\/schema\/person\/c4278d4a6028830caff9ee44b42d32ed\"},\"headline\":\"Condi\u00e7\u00f5es meteorol\u00f3gicas extremas no Afeganist\u00e3o causam 17 mortes\",\"datePublished\":\"2026-03-29T14:47:20+00:00\",\"mainEntityOfPage\":{\"@id\":\"https:\/\/portaltela.pt\/noticias\/2026\/03\/29\/condicoes-meteorologicas-extremas-no-afeganistao-causam-17-mortes\/\"},\"wordCount\":257,\"image\":{\"@id\":\"https:\/\/portaltela.pt\/noticias\/2026\/03\/29\/condicoes-meteorologicas-extremas-no-afeganistao-causam-17-mortes\/#primaryimage\"},\"thumbnailUrl\":\"https:\/\/portaltela.pt\/s.01k8rhncp4jt1\/2026\/03\/img_1500x1000uu2026-03-29-15-35-01-2275447.jpg\",\"keywords\":[\"Afeganist\u00e3o\",\"cat\u00e1strofes naturais\",\"chuva\",\"desastres\",\"inunda\u00e7\u00f5es\",\"meio-ambiente\"],\"articleSection\":[\"Clima\",\"Tempo\"],\"inLanguage\":\"pt-PT\"},{\"@type\":\"WebPage\",\"@id\":\"https:\/\/portaltela.pt\/noticias\/2026\/03\/29\/condicoes-meteorologicas-extremas-no-afeganistao-causam-17-mortes\/\",\"url\":\"https:\/\/portaltela.pt\/noticias\/2026\/03\/29\/condicoes-meteorologicas-extremas-no-afeganistao-causam-17-mortes\/\",\"name\":\"Condi\u00e7\u00f5es meteorol\u00f3gicas extremas no Afeganist\u00e3o causam 17 mortes - Portal Tela Portugal\",\"isPartOf\":{\"@id\":\"https:\/\/portaltela.pt\/#website\"},\"primaryImageOfPage\":{\"@id\":\"https:\/\/portaltela.pt\/noticias\/2026\/03\/29\/condicoes-meteorologicas-extremas-no-afeganistao-causam-17-mortes\/#primaryimage\"},\"image\":{\"@id\":\"https:\/\/portaltela.pt\/noticias\/2026\/03\/29\/condicoes-meteorologicas-extremas-no-afeganistao-causam-17-mortes\/#primaryimage\"},\"thumbnailUrl\":\"https:\/\/portaltela.pt\/s.01k8rhncp4jt1\/2026\/03\/img_1500x1000uu2026-03-29-15-35-01-2275447.jpg\",\"datePublished\":\"2026-03-29T14:47:20+00:00\",\"author\":{\"@id\":\"https:\/\/portaltela.pt\/#\/schema\/person\/c4278d4a6028830caff9ee44b42d32ed\"},\"breadcrumb\":{\"@id\":\"https:\/\/portaltela.pt\/noticias\/2026\/03\/29\/condicoes-meteorologicas-extremas-no-afeganistao-causam-17-mortes\/#breadcrumb\"},\"inLanguage\":\"pt-PT\",\"potentialAction\":[{\"@type\":\"ReadAction\",\"target\":[\"https:\/\/portaltela.pt\/noticias\/2026\/03\/29\/condicoes-meteorologicas-extremas-no-afeganistao-causam-17-mortes\/\"]}]},{\"@type\":\"ImageObject\",\"inLanguage\":\"pt-PT\",\"@id\":\"https:\/\/portaltela.pt\/noticias\/2026\/03\/29\/condicoes-meteorologicas-extremas-no-afeganistao-causam-17-mortes\/#primaryimage\",\"url\":\"https:\/\/portaltela.pt\/s.01k8rhncp4jt1\/2026\/03\/img_1500x1000uu2026-03-29-15-35-01-2275447.jpg\",\"contentUrl\":\"https:\/\/portaltela.pt\/s.01k8rhncp4jt1\/2026\/03\/img_1500x1000uu2026-03-29-15-35-01-2275447.jpg\",\"width\":796,\"height\":448,\"caption\":\"Casa danificada ap\u00f3s inunda\u00e7\u00f5es no Afeganist\u00e3o\"},{\"@type\":\"BreadcrumbList\",\"@id\":\"https:\/\/portaltela.pt\/noticias\/2026\/03\/29\/condicoes-meteorologicas-extremas-no-afeganistao-causam-17-mortes\/#breadcrumb\",\"itemListElement\":[{\"@type\":\"ListItem\",\"position\":1,\"name\":\"In\u00edcio\",\"item\":\"https:\/\/portaltela.pt\/\"},{\"@type\":\"ListItem\",\"position\":2,\"name\":\"Condi\u00e7\u00f5es meteorol\u00f3gicas extremas no Afeganist\u00e3o causam 17 mortes\"}]},{\"@type\":\"WebSite\",\"@id\":\"https:\/\/portaltela.pt\/#website\",\"url\":\"https:\/\/portaltela.pt\/\",\"name\":\"Portal Tela Portugal\",\"description\":\"\",\"potentialAction\":[{\"@type\":\"SearchAction\",\"target\":{\"@type\":\"EntryPoint\",\"urlTemplate\":\"https:\/\/portaltela.pt\/?s={search_term_string}\"},\"query-input\":{\"@type\":\"PropertyValueSpecification\",\"valueRequired\":true,\"valueName\":\"search_term_string\"}}],\"inLanguage\":\"pt-PT\"},{\"@type\":\"Person\",\"@id\":\"https:\/\/portaltela.pt\/#\/schema\/person\/c4278d4a6028830caff9ee44b42d32ed\",\"name\":\"Telinha\",\"image\":{\"@type\":\"ImageObject\",\"inLanguage\":\"pt-PT\",\"@id\":\"https:\/\/portaltela.pt\/s.01k8rhncp4jt1\/2025\/11\/talking-bot-125x125.png\",\"url\":\"https:\/\/portaltela.pt\/s.01k8rhncp4jt1\/2025\/11\/talking-bot-125x125.png\",\"contentUrl\":\"https:\/\/portaltela.pt\/s.01k8rhncp4jt1\/2025\/11\/talking-bot-125x125.png\",\"caption\":\"Telinha\"},\"sameAs\":[\"https:\/\/portaltela.pt\/\"],\"url\":\"https:\/\/portaltela.pt\/por\/367410592786\/\"}]}<\/script>\n<!-- \/ Yoast SEO plugin. -->","yoast_head_json":{"title":"Condi\u00e7\u00f5es meteorol\u00f3gicas extremas no Afeganist\u00e3o causam 17 mortes - Portal Tela Portugal","robots":{"index":"index","follow":"follow","max-snippet":"max-snippet:-1","max-image-preview":"max-image-preview:large","max-video-preview":"max-video-preview:-1"},"og_locale":"pt_PT","og_type":"article","og_title":"Condi\u00e7\u00f5es meteorol\u00f3gicas extremas no Afeganist\u00e3o causam 17 mortes - Portal Tela Portugal","og_description":"O mau tempo que se fez sentir nas \u00faltimas 24 horas no Afeganist\u00e3o provocou 17 mortes e 26 feridos; prev\u00eaem-se mais chuvas intensas. As autoridades, atrav\u00e9s da Autoridade Nacional de Gest\u00e3o de Cat\u00e1strofes, indicaram que o n\u00famero de v\u00edtimas pode aumentar \u00e0 medida que as \u00e1reas afetadas s\u00e3o inspecionadas (Associated Press). Treze das trinta e quatro prov\u00edncias do Afeganist\u00e3o foram afetadas, principalmente nas regi\u00f5es ocidental, central e noroeste. O mau tempo deixou cento e quarenta e sete casas destru\u00eddas total ou parcialmente, arrasou oitenta quil\u00f3metros de estradas e danificou terras agr\u00edcolas e canais de irriga\u00e7\u00e3o, afetando cinq\u00fcenta e trinta fam\u00edlias. As previs\u00f5es apontam para chuva forte nas regi\u00f5es leste e centro na segunda-feira, com possibilidade de inunda\u00e7\u00f5es; as autoridades pedem que residentes evitem margens de rios e permane\u00e7am em prontid\u00e3o para prestar assist\u00eancia.","og_url":"https:\/\/portaltela.pt\/noticias\/2026\/03\/29\/condicoes-meteorologicas-extremas-no-afeganistao-causam-17-mortes\/","og_site_name":"Portal Tela Portugal","article_published_time":"2026-03-29T14:47:20+00:00","author":"Telinha","twitter_card":"summary_large_image","twitter_misc":{"Escrito por":"Telinha","Tempo estimado de leitura":"1 minuto"},"schema":{"@context":"https:\/\/schema.org","@graph":[{"@type":"Article","@id":"https:\/\/portaltela.pt\/noticias\/2026\/03\/29\/condicoes-meteorologicas-extremas-no-afeganistao-causam-17-mortes\/#article","isPartOf":{"@id":"https:\/\/portaltela.pt\/noticias\/2026\/03\/29\/condicoes-meteorologicas-extremas-no-afeganistao-causam-17-mortes\/"},"author":{"name":"Telinha","@id":"https:\/\/portaltela.pt\/#\/schema\/person\/c4278d4a6028830caff9ee44b42d32ed"},"headline":"Condi\u00e7\u00f5es meteorol\u00f3gicas extremas no Afeganist\u00e3o causam 17 mortes","datePublished":"2026-03-29T14:47:20+00:00","mainEntityOfPage":{"@id":"https:\/\/portaltela.pt\/noticias\/2026\/03\/29\/condicoes-meteorologicas-extremas-no-afeganistao-causam-17-mortes\/"},"wordCount":257,"image":{"@id":"https:\/\/portaltela.pt\/noticias\/2026\/03\/29\/condicoes-meteorologicas-extremas-no-afeganistao-causam-17-mortes\/#primaryimage"},"thumbnailUrl":"https:\/\/portaltela.pt\/s.01k8rhncp4jt1\/2026\/03\/img_1500x1000uu2026-03-29-15-35-01-2275447.jpg","keywords":["Afeganist\u00e3o","cat\u00e1strofes naturais","chuva","desastres","inunda\u00e7\u00f5es","meio-ambiente"],"articleSection":["Clima","Tempo"],"inLanguage":"pt-PT"},{"@type":"WebPage","@id":"https:\/\/portaltela.pt\/noticias\/2026\/03\/29\/condicoes-meteorologicas-extremas-no-afeganistao-causam-17-mortes\/","url":"https:\/\/portaltela.pt\/noticias\/2026\/03\/29\/condicoes-meteorologicas-extremas-no-afeganistao-causam-17-mortes\/","name":"Condi\u00e7\u00f5es meteorol\u00f3gicas extremas no Afeganist\u00e3o causam 17 mortes - Portal Tela Portugal","isPartOf":{"@id":"https:\/\/portaltela.pt\/#website"},"primaryImageOfPage":{"@id":"https:\/\/portaltela.pt\/noticias\/2026\/03\/29\/condicoes-meteorologicas-extremas-no-afeganistao-causam-17-mortes\/#primaryimage"},"image":{"@id":"https:\/\/portaltela.pt\/noticias\/2026\/03\/29\/condicoes-meteorologicas-extremas-no-afeganistao-causam-17-mortes\/#primaryimage"},"thumbnailUrl":"https:\/\/portaltela.pt\/s.01k8rhncp4jt1\/2026\/03\/img_1500x1000uu2026-03-29-15-35-01-2275447.jpg","datePublished":"2026-03-29T14:47:20+00:00","author":{"@id":"https:\/\/portaltela.pt\/#\/schema\/person\/c4278d4a6028830caff9ee44b42d32ed"},"breadcrumb":{"@id":"https:\/\/portaltela.pt\/noticias\/2026\/03\/29\/condicoes-meteorologicas-extremas-no-afeganistao-causam-17-mortes\/#breadcrumb"},"inLanguage":"pt-PT","potentialAction":[{"@type":"ReadAction","target":["https:\/\/portaltela.pt\/noticias\/2026\/03\/29\/condicoes-meteorologicas-extremas-no-afeganistao-causam-17-mortes\/"]}]},{"@type":"ImageObject","inLanguage":"pt-PT","@id":"https:\/\/portaltela.pt\/noticias\/2026\/03\/29\/condicoes-meteorologicas-extremas-no-afeganistao-causam-17-mortes\/#primaryimage","url":"https:\/\/portaltela.pt\/s.01k8rhncp4jt1\/2026\/03\/img_1500x1000uu2026-03-29-15-35-01-2275447.jpg","contentUrl":"https:\/\/portaltela.pt\/s.01k8rhncp4jt1\/2026\/03\/img_1500x1000uu2026-03-29-15-35-01-2275447.jpg","width":796,"height":448,"caption":"Casa danificada ap\u00f3s inunda\u00e7\u00f5es no Afeganist\u00e3o"},{"@type":"BreadcrumbList","@id":"https:\/\/portaltela.pt\/noticias\/2026\/03\/29\/condicoes-meteorologicas-extremas-no-afeganistao-causam-17-mortes\/#breadcrumb","itemListElement":[{"@type":"ListItem","position":1,"name":"In\u00edcio","item":"https:\/\/portaltela.pt\/"},{"@type":"ListItem","position":2,"name":"Condi\u00e7\u00f5es meteorol\u00f3gicas extremas no Afeganist\u00e3o causam 17 mortes"}]},{"@type":"WebSite","@id":"https:\/\/portaltela.pt\/#website","url":"https:\/\/portaltela.pt\/","name":"Portal Tela Portugal","description":"","potentialAction":[{"@type":"SearchAction","target":{"@type":"EntryPoint","urlTemplate":"https:\/\/portaltela.pt\/?s={search_term_string}"},"query-input":{"@type":"PropertyValueSpecification","valueRequired":true,"valueName":"search_term_string"}}],"inLanguage":"pt-PT"},{"@type":"Person","@id":"https:\/\/portaltela.pt\/#\/schema\/person\/c4278d4a6028830caff9ee44b42d32ed","name":"Telinha","image":{"@type":"ImageObject","inLanguage":"pt-PT","@id":"https:\/\/portaltela.pt\/s.01k8rhncp4jt1\/2025\/11\/talking-bot-125x125.png","url":"https:\/\/portaltela.pt\/s.01k8rhncp4jt1\/2025\/11\/talking-bot-125x125.png","contentUrl":"https:\/\/portaltela.pt\/s.01k8rhncp4jt1\/2025\/11\/talking-bot-125x125.png","caption":"Telinha"},"sameAs":["https:\/\/portaltela.pt\/"],"url":"https:\/\/portaltela.pt\/por\/367410592786\/"}]}},"_links":{"self":[{"href":"https:\/\/portaltela.pt\/api\/wp\/v2\/posts\/426009","targetHints":{"allow":["GET"]}}],"collection":[{"href":"https:\/\/portaltela.pt\/api\/wp\/v2\/posts"}],"about":[{"href":"https:\/\/portaltela.pt\/api\/wp\/v2\/types\/post"}],"author":[{"embeddable":true,"href":"https:\/\/portaltela.pt\/api\/wp\/v2\/users\/2"}],"replies":[{"embeddable":true,"href":"https:\/\/portaltela.pt\/api\/wp\/v2\/comments?post=426009"}],"version-history":[{"count":0,"href":"https:\/\/portaltela.pt\/api\/wp\/v2\/posts\/426009\/revisions"}],"wp:featuredmedia":[{"embeddable":true,"href":"https:\/\/portaltela.pt\/api\/wp\/v2\/media\/426010"}],"wp:attachment":[{"href":"https:\/\/portaltela.pt\/api\/wp\/v2\/media?parent=426009"}],"wp:term":[{"taxonomy":"category","embeddable":true,"href":"https:\/\/portaltela.pt\/api\/wp\/v2\/categories?post=426009"},{"taxonomy":"post_tag","embeddable":true,"href":"https:\/\/portaltela.pt\/api\/wp\/v2\/tags?post=426009"}],"curies":[{"name":"wp","href":"https:\/\/api.w.org\/{rel}","templated":true}]}}