{"id":426004,"date":"2026-03-29T11:47:14","date_gmt":"2026-03-29T14:47:14","guid":{"rendered":"https:\/\/portaltela.pt\/noticias\/2026\/03\/29\/ex-jogadora-do-barcelona-e-psg-perde-filho-durante-a-gravidez\/"},"modified":"2026-03-29T11:47:14","modified_gmt":"2026-03-29T14:47:14","slug":"ex-jogadora-do-barcelona-e-psg-perde-filho-durante-a-gravidez","status":"publish","type":"post","link":"https:\/\/portaltela.pt\/desporto\/futebol\/2026\/03\/29\/ex-jogadora-do-barcelona-e-psg-perde-filho-durante-a-gravidez\/","title":{"rendered":"Ex-jogadora do Barcelona e PSG perde filho durante a gravidez"},"content":{"rendered":"<p>Lieke Martens, antiga jogadora internacional da sele\u00e7\u00e3o holandesa, revelou neste domingo que perdeu o filho durante a gravidez. A not\u00edcia foi partilhada nas stories de Instagram da atleta, que pediu respeito pelo momento sens\u00edvel da fam\u00edlia.<\/p>\n<p>A mensagem aponta que, recentemente, aguardavam o segundo filho, mas a gravidez n\u00e3o correu como esperado. A fam\u00edlia explica a necessidade de tempo e espa\u00e7o para processar a perda e agradece apoio e compreens\u00e3o.<\/p>\n<p>Martens pendurou as chuteiras em setembro de 2025, tendo sido m\u00e3e pela primeira vez em fevereiro. A carreira inclui t\u00edtulos como tr\u00eas ligas espanholas, tr\u00eas ta\u00e7as nacionais, uma Liga dos Campe\u00f5es e um t\u00edtulo europeu.<\/p>\n<h3>Contexto<\/h3>\n<p>Ao longo da carreira, Martens representou grandes clubes, incluindo Barcelona e PSG, destacando-se como uma atacante de refer\u00eancia no panorama europeu. A atleta tem uma legi\u00e3o de f\u00e3s e j\u00e1 somou destacadas conquistas em clubes e na sele\u00e7\u00e3o.<\/p>\n","protected":false},"excerpt":{"rendered":"<ul>\n<li>A antiga jogadora holandesa Lieke Martens, de 33 anos, anunciou a perda do filho durante a gravidez.<\/li>\n<li>A comunica\u00e7\u00e3o foi feita via stories no Instagram, com Martens a pedir respeito pelo momento sens\u00edvel que a fam\u00edlia atravessa.<\/li>\n<li>A nota indica que a gravidez n\u00e3o correu bem, ap\u00f3s terem partilhado a feliz not\u00edcia de esperarem o segundo filho.<\/li>\n<li>Martens pendurou as chuteiras em setembro de 2025 e j\u00e1 era m\u00e3e pela primeira vez em fevereiro.<\/li>\n<li>Ao longo da carreira, venceu t\u00edtulos na Espanha, Fran\u00e7a e a Liga dos Campe\u00f5es, entre outros trof\u00e9us.<\/li>\n<\/ul>\n","protected":false},"author":2,"featured_media":426008,"comment_status":"closed","ping_status":"closed","sticky":false,"template":"","format":"standard","meta":{"footnotes":""},"categories":[21,24],"tags":[2587,32,1030,2227,2701,1982],"class_list":["post-426004","post","type-post","status-publish","format-standard","has-post-thumbnail","hentry","category-desporto","category-futebol","tag-barcelona","tag-futebol","tag-futebol-feminino","tag-holanda","tag-mulheres","tag-paris-saint-germain"],"yoast_head":"<!-- This site is optimized with the Yoast SEO plugin v27.2 - https:\/\/yoast.com\/product\/yoast-seo-wordpress\/ -->\n<title>Ex-jogadora do Barcelona e PSG perde filho durante a gravidez - Portal Tela Portugal<\/title>\n<meta name=\"robots\" content=\"index, follow, max-snippet:-1, max-image-preview:large, max-video-preview:-1\" \/>\n<meta property=\"og:locale\" content=\"pt_PT\" \/>\n<meta property=\"og:type\" content=\"article\" \/>\n<meta property=\"og:title\" content=\"Ex-jogadora do Barcelona e PSG perde filho durante a gravidez - Portal Tela Portugal\" \/>\n<meta property=\"og:description\" content=\"A antiga jogadora holandesa Lieke Martens, de 33 anos, anunciou a perda do filho durante a gravidez. A comunica\u00e7\u00e3o foi feita via stories no Instagram, com Martens a pedir respeito pelo momento sens\u00edvel que a fam\u00edlia atravessa. A nota indica que a gravidez n\u00e3o correu bem, ap\u00f3s terem partilhado a feliz not\u00edcia de esperarem o segundo filho. Martens pendurou as chuteiras em setembro de 2025 e j\u00e1 era m\u00e3e pela primeira vez em fevereiro. Ao longo da carreira, venceu t\u00edtulos na Espanha, Fran\u00e7a e a Liga dos Campe\u00f5es, entre outros trof\u00e9us.\" \/>\n<meta property=\"og:url\" content=\"https:\/\/portaltela.pt\/noticias\/2026\/03\/29\/ex-jogadora-do-barcelona-e-psg-perde-filho-durante-a-gravidez\/\" \/>\n<meta property=\"og:site_name\" content=\"Portal Tela Portugal\" \/>\n<meta property=\"article:published_time\" content=\"2026-03-29T14:47:14+00:00\" \/>\n<meta name=\"author\" content=\"Telinha\" \/>\n<meta name=\"twitter:card\" content=\"summary_large_image\" \/>\n<meta name=\"twitter:label1\" content=\"Escrito por\" \/>\n\t<meta name=\"twitter:data1\" content=\"Telinha\" \/>\n\t<meta name=\"twitter:label2\" content=\"Tempo estimado de leitura\" \/>\n\t<meta name=\"twitter:data2\" content=\"1 minuto\" \/>\n<script type=\"application\/ld+json\" class=\"yoast-schema-graph\">{\"@context\":\"https:\/\/schema.org\",\"@graph\":[{\"@type\":\"Article\",\"@id\":\"https:\/\/portaltela.pt\/noticias\/2026\/03\/29\/ex-jogadora-do-barcelona-e-psg-perde-filho-durante-a-gravidez\/#article\",\"isPartOf\":{\"@id\":\"https:\/\/portaltela.pt\/noticias\/2026\/03\/29\/ex-jogadora-do-barcelona-e-psg-perde-filho-durante-a-gravidez\/\"},\"author\":{\"name\":\"Telinha\",\"@id\":\"https:\/\/portaltela.pt\/#\/schema\/person\/c4278d4a6028830caff9ee44b42d32ed\"},\"headline\":\"Ex-jogadora do Barcelona e PSG perde filho durante a gravidez\",\"datePublished\":\"2026-03-29T14:47:14+00:00\",\"mainEntityOfPage\":{\"@id\":\"https:\/\/portaltela.pt\/noticias\/2026\/03\/29\/ex-jogadora-do-barcelona-e-psg-perde-filho-durante-a-gravidez\/\"},\"wordCount\":172,\"image\":{\"@id\":\"https:\/\/portaltela.pt\/noticias\/2026\/03\/29\/ex-jogadora-do-barcelona-e-psg-perde-filho-durante-a-gravidez\/#primaryimage\"},\"thumbnailUrl\":\"https:\/\/portaltela.pt\/s.01k8rhncp4jt1\/2026\/03\/img_920x518uu2026-03-29-15-33-22-2429986.jpg\",\"keywords\":[\"Barcelona\",\"futebol\",\"futebol feminino\",\"Holanda\",\"Mulheres\",\"Paris Saint-Germain\"],\"articleSection\":[\"Desporto\",\"Futebol\"],\"inLanguage\":\"pt-PT\"},{\"@type\":\"WebPage\",\"@id\":\"https:\/\/portaltela.pt\/noticias\/2026\/03\/29\/ex-jogadora-do-barcelona-e-psg-perde-filho-durante-a-gravidez\/\",\"url\":\"https:\/\/portaltela.pt\/noticias\/2026\/03\/29\/ex-jogadora-do-barcelona-e-psg-perde-filho-durante-a-gravidez\/\",\"name\":\"Ex-jogadora do Barcelona e PSG perde filho durante a gravidez - Portal Tela Portugal\",\"isPartOf\":{\"@id\":\"https:\/\/portaltela.pt\/#website\"},\"primaryImageOfPage\":{\"@id\":\"https:\/\/portaltela.pt\/noticias\/2026\/03\/29\/ex-jogadora-do-barcelona-e-psg-perde-filho-durante-a-gravidez\/#primaryimage\"},\"image\":{\"@id\":\"https:\/\/portaltela.pt\/noticias\/2026\/03\/29\/ex-jogadora-do-barcelona-e-psg-perde-filho-durante-a-gravidez\/#primaryimage\"},\"thumbnailUrl\":\"https:\/\/portaltela.pt\/s.01k8rhncp4jt1\/2026\/03\/img_920x518uu2026-03-29-15-33-22-2429986.jpg\",\"datePublished\":\"2026-03-29T14:47:14+00:00\",\"author\":{\"@id\":\"https:\/\/portaltela.pt\/#\/schema\/person\/c4278d4a6028830caff9ee44b42d32ed\"},\"breadcrumb\":{\"@id\":\"https:\/\/portaltela.pt\/noticias\/2026\/03\/29\/ex-jogadora-do-barcelona-e-psg-perde-filho-durante-a-gravidez\/#breadcrumb\"},\"inLanguage\":\"pt-PT\",\"potentialAction\":[{\"@type\":\"ReadAction\",\"target\":[\"https:\/\/portaltela.pt\/noticias\/2026\/03\/29\/ex-jogadora-do-barcelona-e-psg-perde-filho-durante-a-gravidez\/\"]}]},{\"@type\":\"ImageObject\",\"inLanguage\":\"pt-PT\",\"@id\":\"https:\/\/portaltela.pt\/noticias\/2026\/03\/29\/ex-jogadora-do-barcelona-e-psg-perde-filho-durante-a-gravidez\/#primaryimage\",\"url\":\"https:\/\/portaltela.pt\/s.01k8rhncp4jt1\/2026\/03\/img_920x518uu2026-03-29-15-33-22-2429986.jpg\",\"contentUrl\":\"https:\/\/portaltela.pt\/s.01k8rhncp4jt1\/2026\/03\/img_920x518uu2026-03-29-15-33-22-2429986.jpg\",\"width\":796,\"height\":448,\"caption\":\"Lieke Martens\"},{\"@type\":\"BreadcrumbList\",\"@id\":\"https:\/\/portaltela.pt\/noticias\/2026\/03\/29\/ex-jogadora-do-barcelona-e-psg-perde-filho-durante-a-gravidez\/#breadcrumb\",\"itemListElement\":[{\"@type\":\"ListItem\",\"position\":1,\"name\":\"In\u00edcio\",\"item\":\"https:\/\/portaltela.pt\/\"},{\"@type\":\"ListItem\",\"position\":2,\"name\":\"Ex-jogadora do Barcelona e PSG perde filho durante a gravidez\"}]},{\"@type\":\"WebSite\",\"@id\":\"https:\/\/portaltela.pt\/#website\",\"url\":\"https:\/\/portaltela.pt\/\",\"name\":\"Portal Tela Portugal\",\"description\":\"\",\"potentialAction\":[{\"@type\":\"SearchAction\",\"target\":{\"@type\":\"EntryPoint\",\"urlTemplate\":\"https:\/\/portaltela.pt\/?s={search_term_string}\"},\"query-input\":{\"@type\":\"PropertyValueSpecification\",\"valueRequired\":true,\"valueName\":\"search_term_string\"}}],\"inLanguage\":\"pt-PT\"},{\"@type\":\"Person\",\"@id\":\"https:\/\/portaltela.pt\/#\/schema\/person\/c4278d4a6028830caff9ee44b42d32ed\",\"name\":\"Telinha\",\"image\":{\"@type\":\"ImageObject\",\"inLanguage\":\"pt-PT\",\"@id\":\"https:\/\/portaltela.pt\/s.01k8rhncp4jt1\/2025\/11\/talking-bot-125x125.png\",\"url\":\"https:\/\/portaltela.pt\/s.01k8rhncp4jt1\/2025\/11\/talking-bot-125x125.png\",\"contentUrl\":\"https:\/\/portaltela.pt\/s.01k8rhncp4jt1\/2025\/11\/talking-bot-125x125.png\",\"caption\":\"Telinha\"},\"sameAs\":[\"https:\/\/portaltela.pt\/\"],\"url\":\"https:\/\/portaltela.pt\/por\/367410592786\/\"}]}<\/script>\n<!-- \/ Yoast SEO plugin. -->","yoast_head_json":{"title":"Ex-jogadora do Barcelona e PSG perde filho durante a gravidez - Portal Tela Portugal","robots":{"index":"index","follow":"follow","max-snippet":"max-snippet:-1","max-image-preview":"max-image-preview:large","max-video-preview":"max-video-preview:-1"},"og_locale":"pt_PT","og_type":"article","og_title":"Ex-jogadora do Barcelona e PSG perde filho durante a gravidez - Portal Tela Portugal","og_description":"A antiga jogadora holandesa Lieke Martens, de 33 anos, anunciou a perda do filho durante a gravidez. A comunica\u00e7\u00e3o foi feita via stories no Instagram, com Martens a pedir respeito pelo momento sens\u00edvel que a fam\u00edlia atravessa. A nota indica que a gravidez n\u00e3o correu bem, ap\u00f3s terem partilhado a feliz not\u00edcia de esperarem o segundo filho. Martens pendurou as chuteiras em setembro de 2025 e j\u00e1 era m\u00e3e pela primeira vez em fevereiro. Ao longo da carreira, venceu t\u00edtulos na Espanha, Fran\u00e7a e a Liga dos Campe\u00f5es, entre outros trof\u00e9us.","og_url":"https:\/\/portaltela.pt\/noticias\/2026\/03\/29\/ex-jogadora-do-barcelona-e-psg-perde-filho-durante-a-gravidez\/","og_site_name":"Portal Tela Portugal","article_published_time":"2026-03-29T14:47:14+00:00","author":"Telinha","twitter_card":"summary_large_image","twitter_misc":{"Escrito por":"Telinha","Tempo estimado de leitura":"1 minuto"},"schema":{"@context":"https:\/\/schema.org","@graph":[{"@type":"Article","@id":"https:\/\/portaltela.pt\/noticias\/2026\/03\/29\/ex-jogadora-do-barcelona-e-psg-perde-filho-durante-a-gravidez\/#article","isPartOf":{"@id":"https:\/\/portaltela.pt\/noticias\/2026\/03\/29\/ex-jogadora-do-barcelona-e-psg-perde-filho-durante-a-gravidez\/"},"author":{"name":"Telinha","@id":"https:\/\/portaltela.pt\/#\/schema\/person\/c4278d4a6028830caff9ee44b42d32ed"},"headline":"Ex-jogadora do Barcelona e PSG perde filho durante a gravidez","datePublished":"2026-03-29T14:47:14+00:00","mainEntityOfPage":{"@id":"https:\/\/portaltela.pt\/noticias\/2026\/03\/29\/ex-jogadora-do-barcelona-e-psg-perde-filho-durante-a-gravidez\/"},"wordCount":172,"image":{"@id":"https:\/\/portaltela.pt\/noticias\/2026\/03\/29\/ex-jogadora-do-barcelona-e-psg-perde-filho-durante-a-gravidez\/#primaryimage"},"thumbnailUrl":"https:\/\/portaltela.pt\/s.01k8rhncp4jt1\/2026\/03\/img_920x518uu2026-03-29-15-33-22-2429986.jpg","keywords":["Barcelona","futebol","futebol feminino","Holanda","Mulheres","Paris Saint-Germain"],"articleSection":["Desporto","Futebol"],"inLanguage":"pt-PT"},{"@type":"WebPage","@id":"https:\/\/portaltela.pt\/noticias\/2026\/03\/29\/ex-jogadora-do-barcelona-e-psg-perde-filho-durante-a-gravidez\/","url":"https:\/\/portaltela.pt\/noticias\/2026\/03\/29\/ex-jogadora-do-barcelona-e-psg-perde-filho-durante-a-gravidez\/","name":"Ex-jogadora do Barcelona e PSG perde filho durante a gravidez - Portal Tela Portugal","isPartOf":{"@id":"https:\/\/portaltela.pt\/#website"},"primaryImageOfPage":{"@id":"https:\/\/portaltela.pt\/noticias\/2026\/03\/29\/ex-jogadora-do-barcelona-e-psg-perde-filho-durante-a-gravidez\/#primaryimage"},"image":{"@id":"https:\/\/portaltela.pt\/noticias\/2026\/03\/29\/ex-jogadora-do-barcelona-e-psg-perde-filho-durante-a-gravidez\/#primaryimage"},"thumbnailUrl":"https:\/\/portaltela.pt\/s.01k8rhncp4jt1\/2026\/03\/img_920x518uu2026-03-29-15-33-22-2429986.jpg","datePublished":"2026-03-29T14:47:14+00:00","author":{"@id":"https:\/\/portaltela.pt\/#\/schema\/person\/c4278d4a6028830caff9ee44b42d32ed"},"breadcrumb":{"@id":"https:\/\/portaltela.pt\/noticias\/2026\/03\/29\/ex-jogadora-do-barcelona-e-psg-perde-filho-durante-a-gravidez\/#breadcrumb"},"inLanguage":"pt-PT","potentialAction":[{"@type":"ReadAction","target":["https:\/\/portaltela.pt\/noticias\/2026\/03\/29\/ex-jogadora-do-barcelona-e-psg-perde-filho-durante-a-gravidez\/"]}]},{"@type":"ImageObject","inLanguage":"pt-PT","@id":"https:\/\/portaltela.pt\/noticias\/2026\/03\/29\/ex-jogadora-do-barcelona-e-psg-perde-filho-durante-a-gravidez\/#primaryimage","url":"https:\/\/portaltela.pt\/s.01k8rhncp4jt1\/2026\/03\/img_920x518uu2026-03-29-15-33-22-2429986.jpg","contentUrl":"https:\/\/portaltela.pt\/s.01k8rhncp4jt1\/2026\/03\/img_920x518uu2026-03-29-15-33-22-2429986.jpg","width":796,"height":448,"caption":"Lieke Martens"},{"@type":"BreadcrumbList","@id":"https:\/\/portaltela.pt\/noticias\/2026\/03\/29\/ex-jogadora-do-barcelona-e-psg-perde-filho-durante-a-gravidez\/#breadcrumb","itemListElement":[{"@type":"ListItem","position":1,"name":"In\u00edcio","item":"https:\/\/portaltela.pt\/"},{"@type":"ListItem","position":2,"name":"Ex-jogadora do Barcelona e PSG perde filho durante a gravidez"}]},{"@type":"WebSite","@id":"https:\/\/portaltela.pt\/#website","url":"https:\/\/portaltela.pt\/","name":"Portal Tela Portugal","description":"","potentialAction":[{"@type":"SearchAction","target":{"@type":"EntryPoint","urlTemplate":"https:\/\/portaltela.pt\/?s={search_term_string}"},"query-input":{"@type":"PropertyValueSpecification","valueRequired":true,"valueName":"search_term_string"}}],"inLanguage":"pt-PT"},{"@type":"Person","@id":"https:\/\/portaltela.pt\/#\/schema\/person\/c4278d4a6028830caff9ee44b42d32ed","name":"Telinha","image":{"@type":"ImageObject","inLanguage":"pt-PT","@id":"https:\/\/portaltela.pt\/s.01k8rhncp4jt1\/2025\/11\/talking-bot-125x125.png","url":"https:\/\/portaltela.pt\/s.01k8rhncp4jt1\/2025\/11\/talking-bot-125x125.png","contentUrl":"https:\/\/portaltela.pt\/s.01k8rhncp4jt1\/2025\/11\/talking-bot-125x125.png","caption":"Telinha"},"sameAs":["https:\/\/portaltela.pt\/"],"url":"https:\/\/portaltela.pt\/por\/367410592786\/"}]}},"_links":{"self":[{"href":"https:\/\/portaltela.pt\/api\/wp\/v2\/posts\/426004","targetHints":{"allow":["GET"]}}],"collection":[{"href":"https:\/\/portaltela.pt\/api\/wp\/v2\/posts"}],"about":[{"href":"https:\/\/portaltela.pt\/api\/wp\/v2\/types\/post"}],"author":[{"embeddable":true,"href":"https:\/\/portaltela.pt\/api\/wp\/v2\/users\/2"}],"replies":[{"embeddable":true,"href":"https:\/\/portaltela.pt\/api\/wp\/v2\/comments?post=426004"}],"version-history":[{"count":0,"href":"https:\/\/portaltela.pt\/api\/wp\/v2\/posts\/426004\/revisions"}],"wp:featuredmedia":[{"embeddable":true,"href":"https:\/\/portaltela.pt\/api\/wp\/v2\/media\/426008"}],"wp:attachment":[{"href":"https:\/\/portaltela.pt\/api\/wp\/v2\/media?parent=426004"}],"wp:term":[{"taxonomy":"category","embeddable":true,"href":"https:\/\/portaltela.pt\/api\/wp\/v2\/categories?post=426004"},{"taxonomy":"post_tag","embeddable":true,"href":"https:\/\/portaltela.pt\/api\/wp\/v2\/tags?post=426004"}],"curies":[{"name":"wp","href":"https:\/\/api.w.org\/{rel}","templated":true}]}}