{"id":426003,"date":"2026-03-29T11:47:12","date_gmt":"2026-03-29T14:47:12","guid":{"rendered":"https:\/\/portaltela.pt\/noticias\/2026\/03\/29\/ruben-amorim-e-hugo-viana-voltam-a-encontrar-se-em-lisboa\/"},"modified":"2026-03-29T11:47:12","modified_gmt":"2026-03-29T14:47:12","slug":"ruben-amorim-e-hugo-viana-voltam-a-encontrar-se-em-lisboa","status":"publish","type":"post","link":"https:\/\/portaltela.pt\/desporto\/futebol\/2026\/03\/29\/ruben-amorim-e-hugo-viana-voltam-a-encontrar-se-em-lisboa\/","title":{"rendered":"Ruben Amorim e Hugo Viana voltam a encontrar-se em Lisboa"},"content":{"rendered":"<p>Ruben Amorim e Hugo Viana voltaram a encontrar-se, desta vez fora dos relvados, em Lisboa. O antigo treinador do Sporting e do Manchester United e o atual diretor desportivo do Manchester City participaram juntos num jogo de padel no Parque das Na\u00e7\u00f5es.<\/p>\n<p>O encontro foi assinalado pelo clube nas redes sociais, que partilhou uma fotografia dos dois. A publica\u00e7\u00e3o indica que houve uma tentativa de contacto para refor\u00e7ar a equipa t\u00e9cnica, mas, pelo que foi anunciado, n\u00e3o houve confirma\u00e7\u00e3o dessa mudan\u00e7a.<\/p>\n<p>A liga\u00e7\u00e3o entre os dois permanece forte, com mem\u00f3rias de tempos no Sp. Braga e uma colabora\u00e7\u00e3o que se manteve no Sporting entre 2020 e 2024. Viana continua no Manchester City como diretor desportivo, enquanto Amorim encontra-se sem clube desde a sa\u00edda do Manchester United.<\/p>\n","protected":false},"excerpt":{"rendered":"<ul>\n<li>Ruben Amorim e Hugo Viana encontraram-se em Lisboa para jogar padel, no Parque das Na\u00e7\u00f5es.<\/li>\n<li>O momento foi partilhado pelo clube nas redes sociais, com uma fotografia dos dois.<\/li>\n<li>Na legenda, o clube disse que tentaram contactar para refor\u00e7ar a equipa t\u00e9cnica, mas \u201cn\u00e3o foi desta\u201d.<\/li>\n<li>A rela\u00e7\u00e3o entre os dois vem desde o Sp. Braga e estendeu-se ao Sporting, entre 2020 e 2024.<\/li>\n<li>Hugo Viana \u00e9, atualmente, diretor desportivo do Manchester City, enquanto Ruben Amorim est\u00e1 sem clube desde a sa\u00edda do Manchester United.<\/li>\n<\/ul>\n","protected":false},"author":2,"featured_media":426006,"comment_status":"closed","ping_status":"closed","sticky":false,"template":"","format":"standard","meta":{"footnotes":""},"categories":[21,24],"tags":[981,1980,3187,3877,1643,1652],"class_list":["post-426003","post","type-post","status-publish","format-standard","has-post-thumbnail","hentry","category-desporto","category-futebol","tag-lisboa","tag-manchester-city","tag-manchester-united","tag-padel","tag-ruben-amorim","tag-sporting"],"yoast_head":"<!-- This site is optimized with the Yoast SEO plugin v27.2 - https:\/\/yoast.com\/product\/yoast-seo-wordpress\/ -->\n<title>Ruben Amorim e Hugo Viana voltam a encontrar-se em Lisboa - Portal Tela Portugal<\/title>\n<meta name=\"robots\" content=\"index, follow, max-snippet:-1, max-image-preview:large, max-video-preview:-1\" \/>\n<meta property=\"og:locale\" content=\"pt_PT\" \/>\n<meta property=\"og:type\" content=\"article\" \/>\n<meta property=\"og:title\" content=\"Ruben Amorim e Hugo Viana voltam a encontrar-se em Lisboa - Portal Tela Portugal\" \/>\n<meta property=\"og:description\" content=\"Ruben Amorim e Hugo Viana encontraram-se em Lisboa para jogar padel, no Parque das Na\u00e7\u00f5es. O momento foi partilhado pelo clube nas redes sociais, com uma fotografia dos dois. Na legenda, o clube disse que tentaram contactar para refor\u00e7ar a equipa t\u00e9cnica, mas \u201cn\u00e3o foi desta\u201d. A rela\u00e7\u00e3o entre os dois vem desde o Sp. Braga e estendeu-se ao Sporting, entre 2020 e 2024. Hugo Viana \u00e9, atualmente, diretor desportivo do Manchester City, enquanto Ruben Amorim est\u00e1 sem clube desde a sa\u00edda do Manchester United.\" \/>\n<meta property=\"og:url\" content=\"https:\/\/portaltela.pt\/noticias\/2026\/03\/29\/ruben-amorim-e-hugo-viana-voltam-a-encontrar-se-em-lisboa\/\" \/>\n<meta property=\"og:site_name\" content=\"Portal Tela Portugal\" \/>\n<meta property=\"article:published_time\" content=\"2026-03-29T14:47:12+00:00\" \/>\n<meta name=\"author\" content=\"Telinha\" \/>\n<meta name=\"twitter:card\" content=\"summary_large_image\" \/>\n<meta name=\"twitter:label1\" content=\"Escrito por\" \/>\n\t<meta name=\"twitter:data1\" content=\"Telinha\" \/>\n\t<meta name=\"twitter:label2\" content=\"Tempo estimado de leitura\" \/>\n\t<meta name=\"twitter:data2\" content=\"1 minuto\" \/>\n<script type=\"application\/ld+json\" class=\"yoast-schema-graph\">{\"@context\":\"https:\/\/schema.org\",\"@graph\":[{\"@type\":\"Article\",\"@id\":\"https:\/\/portaltela.pt\/noticias\/2026\/03\/29\/ruben-amorim-e-hugo-viana-voltam-a-encontrar-se-em-lisboa\/#article\",\"isPartOf\":{\"@id\":\"https:\/\/portaltela.pt\/noticias\/2026\/03\/29\/ruben-amorim-e-hugo-viana-voltam-a-encontrar-se-em-lisboa\/\"},\"author\":{\"name\":\"Telinha\",\"@id\":\"https:\/\/portaltela.pt\/#\/schema\/person\/c4278d4a6028830caff9ee44b42d32ed\"},\"headline\":\"Ruben Amorim e Hugo Viana voltam a encontrar-se em Lisboa\",\"datePublished\":\"2026-03-29T14:47:12+00:00\",\"mainEntityOfPage\":{\"@id\":\"https:\/\/portaltela.pt\/noticias\/2026\/03\/29\/ruben-amorim-e-hugo-viana-voltam-a-encontrar-se-em-lisboa\/\"},\"wordCount\":145,\"image\":{\"@id\":\"https:\/\/portaltela.pt\/noticias\/2026\/03\/29\/ruben-amorim-e-hugo-viana-voltam-a-encontrar-se-em-lisboa\/#primaryimage\"},\"thumbnailUrl\":\"https:\/\/portaltela.pt\/s.01k8rhncp4jt1\/2026\/03\/img_1280x718uu2025-09-12-23-46-10-2234971-im-639102927185122744.jpg\",\"keywords\":[\"Lisboa\",\"Manchester City\",\"Manchester United\",\"Padel\",\"Ruben Amorim\",\"Sporting\"],\"articleSection\":[\"Desporto\",\"Futebol\"],\"inLanguage\":\"pt-PT\"},{\"@type\":\"WebPage\",\"@id\":\"https:\/\/portaltela.pt\/noticias\/2026\/03\/29\/ruben-amorim-e-hugo-viana-voltam-a-encontrar-se-em-lisboa\/\",\"url\":\"https:\/\/portaltela.pt\/noticias\/2026\/03\/29\/ruben-amorim-e-hugo-viana-voltam-a-encontrar-se-em-lisboa\/\",\"name\":\"Ruben Amorim e Hugo Viana voltam a encontrar-se em Lisboa - Portal Tela Portugal\",\"isPartOf\":{\"@id\":\"https:\/\/portaltela.pt\/#website\"},\"primaryImageOfPage\":{\"@id\":\"https:\/\/portaltela.pt\/noticias\/2026\/03\/29\/ruben-amorim-e-hugo-viana-voltam-a-encontrar-se-em-lisboa\/#primaryimage\"},\"image\":{\"@id\":\"https:\/\/portaltela.pt\/noticias\/2026\/03\/29\/ruben-amorim-e-hugo-viana-voltam-a-encontrar-se-em-lisboa\/#primaryimage\"},\"thumbnailUrl\":\"https:\/\/portaltela.pt\/s.01k8rhncp4jt1\/2026\/03\/img_1280x718uu2025-09-12-23-46-10-2234971-im-639102927185122744.jpg\",\"datePublished\":\"2026-03-29T14:47:12+00:00\",\"author\":{\"@id\":\"https:\/\/portaltela.pt\/#\/schema\/person\/c4278d4a6028830caff9ee44b42d32ed\"},\"breadcrumb\":{\"@id\":\"https:\/\/portaltela.pt\/noticias\/2026\/03\/29\/ruben-amorim-e-hugo-viana-voltam-a-encontrar-se-em-lisboa\/#breadcrumb\"},\"inLanguage\":\"pt-PT\",\"potentialAction\":[{\"@type\":\"ReadAction\",\"target\":[\"https:\/\/portaltela.pt\/noticias\/2026\/03\/29\/ruben-amorim-e-hugo-viana-voltam-a-encontrar-se-em-lisboa\/\"]}]},{\"@type\":\"ImageObject\",\"inLanguage\":\"pt-PT\",\"@id\":\"https:\/\/portaltela.pt\/noticias\/2026\/03\/29\/ruben-amorim-e-hugo-viana-voltam-a-encontrar-se-em-lisboa\/#primaryimage\",\"url\":\"https:\/\/portaltela.pt\/s.01k8rhncp4jt1\/2026\/03\/img_1280x718uu2025-09-12-23-46-10-2234971-im-639102927185122744.jpg\",\"contentUrl\":\"https:\/\/portaltela.pt\/s.01k8rhncp4jt1\/2026\/03\/img_1280x718uu2025-09-12-23-46-10-2234971-im-639102927185122744.jpg\",\"width\":796,\"height\":448,\"caption\":\"Ruben Amorim e Hugo Viana\"},{\"@type\":\"BreadcrumbList\",\"@id\":\"https:\/\/portaltela.pt\/noticias\/2026\/03\/29\/ruben-amorim-e-hugo-viana-voltam-a-encontrar-se-em-lisboa\/#breadcrumb\",\"itemListElement\":[{\"@type\":\"ListItem\",\"position\":1,\"name\":\"In\u00edcio\",\"item\":\"https:\/\/portaltela.pt\/\"},{\"@type\":\"ListItem\",\"position\":2,\"name\":\"Ruben Amorim e Hugo Viana voltam a encontrar-se em Lisboa\"}]},{\"@type\":\"WebSite\",\"@id\":\"https:\/\/portaltela.pt\/#website\",\"url\":\"https:\/\/portaltela.pt\/\",\"name\":\"Portal Tela Portugal\",\"description\":\"\",\"potentialAction\":[{\"@type\":\"SearchAction\",\"target\":{\"@type\":\"EntryPoint\",\"urlTemplate\":\"https:\/\/portaltela.pt\/?s={search_term_string}\"},\"query-input\":{\"@type\":\"PropertyValueSpecification\",\"valueRequired\":true,\"valueName\":\"search_term_string\"}}],\"inLanguage\":\"pt-PT\"},{\"@type\":\"Person\",\"@id\":\"https:\/\/portaltela.pt\/#\/schema\/person\/c4278d4a6028830caff9ee44b42d32ed\",\"name\":\"Telinha\",\"image\":{\"@type\":\"ImageObject\",\"inLanguage\":\"pt-PT\",\"@id\":\"https:\/\/portaltela.pt\/s.01k8rhncp4jt1\/2025\/11\/talking-bot-125x125.png\",\"url\":\"https:\/\/portaltela.pt\/s.01k8rhncp4jt1\/2025\/11\/talking-bot-125x125.png\",\"contentUrl\":\"https:\/\/portaltela.pt\/s.01k8rhncp4jt1\/2025\/11\/talking-bot-125x125.png\",\"caption\":\"Telinha\"},\"sameAs\":[\"https:\/\/portaltela.pt\/\"],\"url\":\"https:\/\/portaltela.pt\/por\/367410592786\/\"}]}<\/script>\n<!-- \/ Yoast SEO plugin. -->","yoast_head_json":{"title":"Ruben Amorim e Hugo Viana voltam a encontrar-se em Lisboa - Portal Tela Portugal","robots":{"index":"index","follow":"follow","max-snippet":"max-snippet:-1","max-image-preview":"max-image-preview:large","max-video-preview":"max-video-preview:-1"},"og_locale":"pt_PT","og_type":"article","og_title":"Ruben Amorim e Hugo Viana voltam a encontrar-se em Lisboa - Portal Tela Portugal","og_description":"Ruben Amorim e Hugo Viana encontraram-se em Lisboa para jogar padel, no Parque das Na\u00e7\u00f5es. O momento foi partilhado pelo clube nas redes sociais, com uma fotografia dos dois. Na legenda, o clube disse que tentaram contactar para refor\u00e7ar a equipa t\u00e9cnica, mas \u201cn\u00e3o foi desta\u201d. A rela\u00e7\u00e3o entre os dois vem desde o Sp. Braga e estendeu-se ao Sporting, entre 2020 e 2024. Hugo Viana \u00e9, atualmente, diretor desportivo do Manchester City, enquanto Ruben Amorim est\u00e1 sem clube desde a sa\u00edda do Manchester United.","og_url":"https:\/\/portaltela.pt\/noticias\/2026\/03\/29\/ruben-amorim-e-hugo-viana-voltam-a-encontrar-se-em-lisboa\/","og_site_name":"Portal Tela Portugal","article_published_time":"2026-03-29T14:47:12+00:00","author":"Telinha","twitter_card":"summary_large_image","twitter_misc":{"Escrito por":"Telinha","Tempo estimado de leitura":"1 minuto"},"schema":{"@context":"https:\/\/schema.org","@graph":[{"@type":"Article","@id":"https:\/\/portaltela.pt\/noticias\/2026\/03\/29\/ruben-amorim-e-hugo-viana-voltam-a-encontrar-se-em-lisboa\/#article","isPartOf":{"@id":"https:\/\/portaltela.pt\/noticias\/2026\/03\/29\/ruben-amorim-e-hugo-viana-voltam-a-encontrar-se-em-lisboa\/"},"author":{"name":"Telinha","@id":"https:\/\/portaltela.pt\/#\/schema\/person\/c4278d4a6028830caff9ee44b42d32ed"},"headline":"Ruben Amorim e Hugo Viana voltam a encontrar-se em Lisboa","datePublished":"2026-03-29T14:47:12+00:00","mainEntityOfPage":{"@id":"https:\/\/portaltela.pt\/noticias\/2026\/03\/29\/ruben-amorim-e-hugo-viana-voltam-a-encontrar-se-em-lisboa\/"},"wordCount":145,"image":{"@id":"https:\/\/portaltela.pt\/noticias\/2026\/03\/29\/ruben-amorim-e-hugo-viana-voltam-a-encontrar-se-em-lisboa\/#primaryimage"},"thumbnailUrl":"https:\/\/portaltela.pt\/s.01k8rhncp4jt1\/2026\/03\/img_1280x718uu2025-09-12-23-46-10-2234971-im-639102927185122744.jpg","keywords":["Lisboa","Manchester City","Manchester United","Padel","Ruben Amorim","Sporting"],"articleSection":["Desporto","Futebol"],"inLanguage":"pt-PT"},{"@type":"WebPage","@id":"https:\/\/portaltela.pt\/noticias\/2026\/03\/29\/ruben-amorim-e-hugo-viana-voltam-a-encontrar-se-em-lisboa\/","url":"https:\/\/portaltela.pt\/noticias\/2026\/03\/29\/ruben-amorim-e-hugo-viana-voltam-a-encontrar-se-em-lisboa\/","name":"Ruben Amorim e Hugo Viana voltam a encontrar-se em Lisboa - Portal Tela Portugal","isPartOf":{"@id":"https:\/\/portaltela.pt\/#website"},"primaryImageOfPage":{"@id":"https:\/\/portaltela.pt\/noticias\/2026\/03\/29\/ruben-amorim-e-hugo-viana-voltam-a-encontrar-se-em-lisboa\/#primaryimage"},"image":{"@id":"https:\/\/portaltela.pt\/noticias\/2026\/03\/29\/ruben-amorim-e-hugo-viana-voltam-a-encontrar-se-em-lisboa\/#primaryimage"},"thumbnailUrl":"https:\/\/portaltela.pt\/s.01k8rhncp4jt1\/2026\/03\/img_1280x718uu2025-09-12-23-46-10-2234971-im-639102927185122744.jpg","datePublished":"2026-03-29T14:47:12+00:00","author":{"@id":"https:\/\/portaltela.pt\/#\/schema\/person\/c4278d4a6028830caff9ee44b42d32ed"},"breadcrumb":{"@id":"https:\/\/portaltela.pt\/noticias\/2026\/03\/29\/ruben-amorim-e-hugo-viana-voltam-a-encontrar-se-em-lisboa\/#breadcrumb"},"inLanguage":"pt-PT","potentialAction":[{"@type":"ReadAction","target":["https:\/\/portaltela.pt\/noticias\/2026\/03\/29\/ruben-amorim-e-hugo-viana-voltam-a-encontrar-se-em-lisboa\/"]}]},{"@type":"ImageObject","inLanguage":"pt-PT","@id":"https:\/\/portaltela.pt\/noticias\/2026\/03\/29\/ruben-amorim-e-hugo-viana-voltam-a-encontrar-se-em-lisboa\/#primaryimage","url":"https:\/\/portaltela.pt\/s.01k8rhncp4jt1\/2026\/03\/img_1280x718uu2025-09-12-23-46-10-2234971-im-639102927185122744.jpg","contentUrl":"https:\/\/portaltela.pt\/s.01k8rhncp4jt1\/2026\/03\/img_1280x718uu2025-09-12-23-46-10-2234971-im-639102927185122744.jpg","width":796,"height":448,"caption":"Ruben Amorim e Hugo Viana"},{"@type":"BreadcrumbList","@id":"https:\/\/portaltela.pt\/noticias\/2026\/03\/29\/ruben-amorim-e-hugo-viana-voltam-a-encontrar-se-em-lisboa\/#breadcrumb","itemListElement":[{"@type":"ListItem","position":1,"name":"In\u00edcio","item":"https:\/\/portaltela.pt\/"},{"@type":"ListItem","position":2,"name":"Ruben Amorim e Hugo Viana voltam a encontrar-se em Lisboa"}]},{"@type":"WebSite","@id":"https:\/\/portaltela.pt\/#website","url":"https:\/\/portaltela.pt\/","name":"Portal Tela Portugal","description":"","potentialAction":[{"@type":"SearchAction","target":{"@type":"EntryPoint","urlTemplate":"https:\/\/portaltela.pt\/?s={search_term_string}"},"query-input":{"@type":"PropertyValueSpecification","valueRequired":true,"valueName":"search_term_string"}}],"inLanguage":"pt-PT"},{"@type":"Person","@id":"https:\/\/portaltela.pt\/#\/schema\/person\/c4278d4a6028830caff9ee44b42d32ed","name":"Telinha","image":{"@type":"ImageObject","inLanguage":"pt-PT","@id":"https:\/\/portaltela.pt\/s.01k8rhncp4jt1\/2025\/11\/talking-bot-125x125.png","url":"https:\/\/portaltela.pt\/s.01k8rhncp4jt1\/2025\/11\/talking-bot-125x125.png","contentUrl":"https:\/\/portaltela.pt\/s.01k8rhncp4jt1\/2025\/11\/talking-bot-125x125.png","caption":"Telinha"},"sameAs":["https:\/\/portaltela.pt\/"],"url":"https:\/\/portaltela.pt\/por\/367410592786\/"}]}},"_links":{"self":[{"href":"https:\/\/portaltela.pt\/api\/wp\/v2\/posts\/426003","targetHints":{"allow":["GET"]}}],"collection":[{"href":"https:\/\/portaltela.pt\/api\/wp\/v2\/posts"}],"about":[{"href":"https:\/\/portaltela.pt\/api\/wp\/v2\/types\/post"}],"author":[{"embeddable":true,"href":"https:\/\/portaltela.pt\/api\/wp\/v2\/users\/2"}],"replies":[{"embeddable":true,"href":"https:\/\/portaltela.pt\/api\/wp\/v2\/comments?post=426003"}],"version-history":[{"count":0,"href":"https:\/\/portaltela.pt\/api\/wp\/v2\/posts\/426003\/revisions"}],"wp:featuredmedia":[{"embeddable":true,"href":"https:\/\/portaltela.pt\/api\/wp\/v2\/media\/426006"}],"wp:attachment":[{"href":"https:\/\/portaltela.pt\/api\/wp\/v2\/media?parent=426003"}],"wp:term":[{"taxonomy":"category","embeddable":true,"href":"https:\/\/portaltela.pt\/api\/wp\/v2\/categories?post=426003"},{"taxonomy":"post_tag","embeddable":true,"href":"https:\/\/portaltela.pt\/api\/wp\/v2\/tags?post=426003"}],"curies":[{"name":"wp","href":"https:\/\/api.w.org\/{rel}","templated":true}]}}