{"id":425997,"date":"2026-03-29T11:32:16","date_gmt":"2026-03-29T14:32:16","guid":{"rendered":"https:\/\/portaltela.pt\/noticias\/2026\/03\/29\/samu-costa-afirma-nao-mirar-concorrencia-e-foca-se-no-proprio-trabalho\/"},"modified":"2026-03-29T11:32:16","modified_gmt":"2026-03-29T14:32:16","slug":"samu-costa-afirma-nao-mirar-concorrencia-e-foca-se-no-proprio-trabalho","status":"publish","type":"post","link":"https:\/\/portaltela.pt\/desporto\/futebol\/2026\/03\/29\/samu-costa-afirma-nao-mirar-concorrencia-e-foca-se-no-proprio-trabalho\/","title":{"rendered":"Samu Costa afirma n\u00e3o mirar concorr\u00eancia e foca-se no pr\u00f3prio trabalho"},"content":{"rendered":"<p>Samu Costa estreou-se como titular pela Sele\u00e7\u00e3o Nacional no empate sem gols com o M\u00e9xico, num jogo de prepara\u00e7\u00e3o realizado recentemente. O M\u00e9dio do Mallorca integrou o onze inicial e disputou o encontro de forma competitiva, contribuindo para uma presta\u00e7\u00e3o s\u00f3lida da equipa.<\/p>\n<p>O jogador afirmou aos canais de comunica\u00e7\u00e3o da Federa\u00e7\u00e3o que o desempenho foi positivo, destacando a necessidade de aprender com os colegas e a oportunidade de ganhar mais minutos na equipa. Envolveu-se numa leitura do jogo em que as oportunidades foram escassas e o grupo procurou manter o equil\u00edbrio durante a partida.<\/p>\n<p>A altitude foi apontada como fator que influenciou a respira\u00e7\u00e3o, a velocidade e a sensibilidade da bola, mas foi considerado um teste v\u00e1lido para aferir o n\u00edvel da equipa. Futuramente h\u00e1 um novo desafio nos Estados Unidos, num registo que o conjunto analisa para evoluir o rendimento coletivo.<\/p>\n<h3>Foco no Mundial 2026<\/h3>\n<p>Samu Costa afirmou que n\u00e3o est\u00e1 centrado na concorr\u00eancia, mas sim no seu pr\u00f3prio rendimento. O jogador destaca o m\u00e9rito do trabalho realizado no clube e reconhece a competitividade elevada entre os quatro grandes clubes envolvidos na sele\u00e7\u00e3o.<\/p>\n<p>A dire\u00e7\u00e3o da Sele\u00e7\u00e3o mant\u00e9m a avalia\u00e7\u00e3o continua e o atleta adianta que o objetivo \u00e9 manter a consist\u00eancia di\u00e1ria, para continuar a dificultar a escolha do treinador. O desempenho recente \u00e9 visto como cr\u00e9dito para incluir o jogador na perspetiva de convocat\u00f3ria para o Mundial 2026.<\/p>\n","protected":false},"excerpt":{"rendered":"<ul>\n<li>Samu Costa foi titular pela primeira vez na Sele\u00e7\u00e3o Nacional no jogo de prepara\u00e7\u00e3o frente ao M\u00e9xico, que terminou empatado a 0-0.<\/li>\n<li>O m\u00e9dio do Maiorca afirmou ao Canal 11 que o desempenho foi positivo, com poucas oportunidades criadas e bons momentos.<\/li>\n<li>Destacou o impacto da altitude na respira\u00e7\u00e3o, na velocidade e na sensibilidade da bola, apontando para o pr\u00f3ximo teste nos Estados Unidos.<\/li>\n<li>Sobre o Mundial, disse estar focado no seu trabalho e m\u00e9rito, reconhecendo a concorr\u00eancia elevada entre jogadores de grandes clubes.<\/li>\n<li>Garantiu ter ganhado cr\u00e9ditos para seguir na corrida ao Mundial de 2026, dependendo da decis\u00e3o do treinador Roberto Mart\u00ednez.<\/li>\n<\/ul>\n","protected":false},"author":2,"featured_media":425998,"comment_status":"closed","ping_status":"closed","sticky":false,"template":"","format":"standard","meta":{"footnotes":""},"categories":[21,24],"tags":[6367,4554,32,4159,2057],"class_list":["post-425997","post","type-post","status-publish","format-standard","has-post-thumbnail","hentry","category-desporto","category-futebol","tag-copa2026","tag-convocatorias","tag-futebol","tag-jogo","tag-selecao-nacional"],"yoast_head":"<!-- This site is optimized with the Yoast SEO plugin v27.2 - https:\/\/yoast.com\/product\/yoast-seo-wordpress\/ -->\n<title>Samu Costa afirma n\u00e3o mirar concorr\u00eancia e foca-se no pr\u00f3prio trabalho - Portal Tela Portugal<\/title>\n<meta name=\"robots\" content=\"index, follow, max-snippet:-1, max-image-preview:large, max-video-preview:-1\" \/>\n<meta property=\"og:locale\" content=\"pt_PT\" \/>\n<meta property=\"og:type\" content=\"article\" \/>\n<meta property=\"og:title\" content=\"Samu Costa afirma n\u00e3o mirar concorr\u00eancia e foca-se no pr\u00f3prio trabalho - Portal Tela Portugal\" \/>\n<meta property=\"og:description\" content=\"Samu Costa foi titular pela primeira vez na Sele\u00e7\u00e3o Nacional no jogo de prepara\u00e7\u00e3o frente ao M\u00e9xico, que terminou empatado a 0-0. O m\u00e9dio do Maiorca afirmou ao Canal 11 que o desempenho foi positivo, com poucas oportunidades criadas e bons momentos. Destacou o impacto da altitude na respira\u00e7\u00e3o, na velocidade e na sensibilidade da bola, apontando para o pr\u00f3ximo teste nos Estados Unidos. Sobre o Mundial, disse estar focado no seu trabalho e m\u00e9rito, reconhecendo a concorr\u00eancia elevada entre jogadores de grandes clubes. Garantiu ter ganhado cr\u00e9ditos para seguir na corrida ao Mundial de 2026, dependendo da decis\u00e3o do treinador Roberto Mart\u00ednez.\" \/>\n<meta property=\"og:url\" content=\"https:\/\/portaltela.pt\/noticias\/2026\/03\/29\/samu-costa-afirma-nao-mirar-concorrencia-e-foca-se-no-proprio-trabalho\/\" \/>\n<meta property=\"og:site_name\" content=\"Portal Tela Portugal\" \/>\n<meta property=\"article:published_time\" content=\"2026-03-29T14:32:16+00:00\" \/>\n<meta name=\"author\" content=\"Telinha\" \/>\n<meta name=\"twitter:card\" content=\"summary_large_image\" \/>\n<meta name=\"twitter:label1\" content=\"Escrito por\" \/>\n\t<meta name=\"twitter:data1\" content=\"Telinha\" \/>\n\t<meta name=\"twitter:label2\" content=\"Tempo estimado de leitura\" \/>\n\t<meta name=\"twitter:data2\" content=\"1 minuto\" \/>\n<script type=\"application\/ld+json\" class=\"yoast-schema-graph\">{\"@context\":\"https:\/\/schema.org\",\"@graph\":[{\"@type\":\"Article\",\"@id\":\"https:\/\/portaltela.pt\/noticias\/2026\/03\/29\/samu-costa-afirma-nao-mirar-concorrencia-e-foca-se-no-proprio-trabalho\/#article\",\"isPartOf\":{\"@id\":\"https:\/\/portaltela.pt\/noticias\/2026\/03\/29\/samu-costa-afirma-nao-mirar-concorrencia-e-foca-se-no-proprio-trabalho\/\"},\"author\":{\"name\":\"Telinha\",\"@id\":\"https:\/\/portaltela.pt\/#\/schema\/person\/c4278d4a6028830caff9ee44b42d32ed\"},\"headline\":\"Samu Costa afirma n\u00e3o mirar concorr\u00eancia e foca-se no pr\u00f3prio trabalho\",\"datePublished\":\"2026-03-29T14:32:16+00:00\",\"mainEntityOfPage\":{\"@id\":\"https:\/\/portaltela.pt\/noticias\/2026\/03\/29\/samu-costa-afirma-nao-mirar-concorrencia-e-foca-se-no-proprio-trabalho\/\"},\"wordCount\":267,\"image\":{\"@id\":\"https:\/\/portaltela.pt\/noticias\/2026\/03\/29\/samu-costa-afirma-nao-mirar-concorrencia-e-foca-se-no-proprio-trabalho\/#primaryimage\"},\"thumbnailUrl\":\"https:\/\/portaltela.pt\/s.01k8rhncp4jt1\/2026\/03\/img_920x518uu2026-03-29-15-16-57-2429985.jpg\",\"keywords\":[\"#copa2026\",\"convocat\u00f3rias\",\"futebol\",\"jogo\",\"Sele\u00e7\u00e3o Nacional\"],\"articleSection\":[\"Desporto\",\"Futebol\"],\"inLanguage\":\"pt-PT\"},{\"@type\":\"WebPage\",\"@id\":\"https:\/\/portaltela.pt\/noticias\/2026\/03\/29\/samu-costa-afirma-nao-mirar-concorrencia-e-foca-se-no-proprio-trabalho\/\",\"url\":\"https:\/\/portaltela.pt\/noticias\/2026\/03\/29\/samu-costa-afirma-nao-mirar-concorrencia-e-foca-se-no-proprio-trabalho\/\",\"name\":\"Samu Costa afirma n\u00e3o mirar concorr\u00eancia e foca-se no pr\u00f3prio trabalho - Portal Tela Portugal\",\"isPartOf\":{\"@id\":\"https:\/\/portaltela.pt\/#website\"},\"primaryImageOfPage\":{\"@id\":\"https:\/\/portaltela.pt\/noticias\/2026\/03\/29\/samu-costa-afirma-nao-mirar-concorrencia-e-foca-se-no-proprio-trabalho\/#primaryimage\"},\"image\":{\"@id\":\"https:\/\/portaltela.pt\/noticias\/2026\/03\/29\/samu-costa-afirma-nao-mirar-concorrencia-e-foca-se-no-proprio-trabalho\/#primaryimage\"},\"thumbnailUrl\":\"https:\/\/portaltela.pt\/s.01k8rhncp4jt1\/2026\/03\/img_920x518uu2026-03-29-15-16-57-2429985.jpg\",\"datePublished\":\"2026-03-29T14:32:16+00:00\",\"author\":{\"@id\":\"https:\/\/portaltela.pt\/#\/schema\/person\/c4278d4a6028830caff9ee44b42d32ed\"},\"breadcrumb\":{\"@id\":\"https:\/\/portaltela.pt\/noticias\/2026\/03\/29\/samu-costa-afirma-nao-mirar-concorrencia-e-foca-se-no-proprio-trabalho\/#breadcrumb\"},\"inLanguage\":\"pt-PT\",\"potentialAction\":[{\"@type\":\"ReadAction\",\"target\":[\"https:\/\/portaltela.pt\/noticias\/2026\/03\/29\/samu-costa-afirma-nao-mirar-concorrencia-e-foca-se-no-proprio-trabalho\/\"]}]},{\"@type\":\"ImageObject\",\"inLanguage\":\"pt-PT\",\"@id\":\"https:\/\/portaltela.pt\/noticias\/2026\/03\/29\/samu-costa-afirma-nao-mirar-concorrencia-e-foca-se-no-proprio-trabalho\/#primaryimage\",\"url\":\"https:\/\/portaltela.pt\/s.01k8rhncp4jt1\/2026\/03\/img_920x518uu2026-03-29-15-16-57-2429985.jpg\",\"contentUrl\":\"https:\/\/portaltela.pt\/s.01k8rhncp4jt1\/2026\/03\/img_920x518uu2026-03-29-15-16-57-2429985.jpg\",\"width\":796,\"height\":448,\"caption\":\"Samu Costa\"},{\"@type\":\"BreadcrumbList\",\"@id\":\"https:\/\/portaltela.pt\/noticias\/2026\/03\/29\/samu-costa-afirma-nao-mirar-concorrencia-e-foca-se-no-proprio-trabalho\/#breadcrumb\",\"itemListElement\":[{\"@type\":\"ListItem\",\"position\":1,\"name\":\"In\u00edcio\",\"item\":\"https:\/\/portaltela.pt\/\"},{\"@type\":\"ListItem\",\"position\":2,\"name\":\"Samu Costa afirma n\u00e3o mirar concorr\u00eancia e foca-se no pr\u00f3prio trabalho\"}]},{\"@type\":\"WebSite\",\"@id\":\"https:\/\/portaltela.pt\/#website\",\"url\":\"https:\/\/portaltela.pt\/\",\"name\":\"Portal Tela Portugal\",\"description\":\"\",\"potentialAction\":[{\"@type\":\"SearchAction\",\"target\":{\"@type\":\"EntryPoint\",\"urlTemplate\":\"https:\/\/portaltela.pt\/?s={search_term_string}\"},\"query-input\":{\"@type\":\"PropertyValueSpecification\",\"valueRequired\":true,\"valueName\":\"search_term_string\"}}],\"inLanguage\":\"pt-PT\"},{\"@type\":\"Person\",\"@id\":\"https:\/\/portaltela.pt\/#\/schema\/person\/c4278d4a6028830caff9ee44b42d32ed\",\"name\":\"Telinha\",\"image\":{\"@type\":\"ImageObject\",\"inLanguage\":\"pt-PT\",\"@id\":\"https:\/\/portaltela.pt\/s.01k8rhncp4jt1\/2025\/11\/talking-bot-125x125.png\",\"url\":\"https:\/\/portaltela.pt\/s.01k8rhncp4jt1\/2025\/11\/talking-bot-125x125.png\",\"contentUrl\":\"https:\/\/portaltela.pt\/s.01k8rhncp4jt1\/2025\/11\/talking-bot-125x125.png\",\"caption\":\"Telinha\"},\"sameAs\":[\"https:\/\/portaltela.pt\/\"],\"url\":\"https:\/\/portaltela.pt\/por\/367410592786\/\"}]}<\/script>\n<!-- \/ Yoast SEO plugin. -->","yoast_head_json":{"title":"Samu Costa afirma n\u00e3o mirar concorr\u00eancia e foca-se no pr\u00f3prio trabalho - Portal Tela Portugal","robots":{"index":"index","follow":"follow","max-snippet":"max-snippet:-1","max-image-preview":"max-image-preview:large","max-video-preview":"max-video-preview:-1"},"og_locale":"pt_PT","og_type":"article","og_title":"Samu Costa afirma n\u00e3o mirar concorr\u00eancia e foca-se no pr\u00f3prio trabalho - Portal Tela Portugal","og_description":"Samu Costa foi titular pela primeira vez na Sele\u00e7\u00e3o Nacional no jogo de prepara\u00e7\u00e3o frente ao M\u00e9xico, que terminou empatado a 0-0. O m\u00e9dio do Maiorca afirmou ao Canal 11 que o desempenho foi positivo, com poucas oportunidades criadas e bons momentos. Destacou o impacto da altitude na respira\u00e7\u00e3o, na velocidade e na sensibilidade da bola, apontando para o pr\u00f3ximo teste nos Estados Unidos. Sobre o Mundial, disse estar focado no seu trabalho e m\u00e9rito, reconhecendo a concorr\u00eancia elevada entre jogadores de grandes clubes. Garantiu ter ganhado cr\u00e9ditos para seguir na corrida ao Mundial de 2026, dependendo da decis\u00e3o do treinador Roberto Mart\u00ednez.","og_url":"https:\/\/portaltela.pt\/noticias\/2026\/03\/29\/samu-costa-afirma-nao-mirar-concorrencia-e-foca-se-no-proprio-trabalho\/","og_site_name":"Portal Tela Portugal","article_published_time":"2026-03-29T14:32:16+00:00","author":"Telinha","twitter_card":"summary_large_image","twitter_misc":{"Escrito por":"Telinha","Tempo estimado de leitura":"1 minuto"},"schema":{"@context":"https:\/\/schema.org","@graph":[{"@type":"Article","@id":"https:\/\/portaltela.pt\/noticias\/2026\/03\/29\/samu-costa-afirma-nao-mirar-concorrencia-e-foca-se-no-proprio-trabalho\/#article","isPartOf":{"@id":"https:\/\/portaltela.pt\/noticias\/2026\/03\/29\/samu-costa-afirma-nao-mirar-concorrencia-e-foca-se-no-proprio-trabalho\/"},"author":{"name":"Telinha","@id":"https:\/\/portaltela.pt\/#\/schema\/person\/c4278d4a6028830caff9ee44b42d32ed"},"headline":"Samu Costa afirma n\u00e3o mirar concorr\u00eancia e foca-se no pr\u00f3prio trabalho","datePublished":"2026-03-29T14:32:16+00:00","mainEntityOfPage":{"@id":"https:\/\/portaltela.pt\/noticias\/2026\/03\/29\/samu-costa-afirma-nao-mirar-concorrencia-e-foca-se-no-proprio-trabalho\/"},"wordCount":267,"image":{"@id":"https:\/\/portaltela.pt\/noticias\/2026\/03\/29\/samu-costa-afirma-nao-mirar-concorrencia-e-foca-se-no-proprio-trabalho\/#primaryimage"},"thumbnailUrl":"https:\/\/portaltela.pt\/s.01k8rhncp4jt1\/2026\/03\/img_920x518uu2026-03-29-15-16-57-2429985.jpg","keywords":["#copa2026","convocat\u00f3rias","futebol","jogo","Sele\u00e7\u00e3o Nacional"],"articleSection":["Desporto","Futebol"],"inLanguage":"pt-PT"},{"@type":"WebPage","@id":"https:\/\/portaltela.pt\/noticias\/2026\/03\/29\/samu-costa-afirma-nao-mirar-concorrencia-e-foca-se-no-proprio-trabalho\/","url":"https:\/\/portaltela.pt\/noticias\/2026\/03\/29\/samu-costa-afirma-nao-mirar-concorrencia-e-foca-se-no-proprio-trabalho\/","name":"Samu Costa afirma n\u00e3o mirar concorr\u00eancia e foca-se no pr\u00f3prio trabalho - Portal Tela Portugal","isPartOf":{"@id":"https:\/\/portaltela.pt\/#website"},"primaryImageOfPage":{"@id":"https:\/\/portaltela.pt\/noticias\/2026\/03\/29\/samu-costa-afirma-nao-mirar-concorrencia-e-foca-se-no-proprio-trabalho\/#primaryimage"},"image":{"@id":"https:\/\/portaltela.pt\/noticias\/2026\/03\/29\/samu-costa-afirma-nao-mirar-concorrencia-e-foca-se-no-proprio-trabalho\/#primaryimage"},"thumbnailUrl":"https:\/\/portaltela.pt\/s.01k8rhncp4jt1\/2026\/03\/img_920x518uu2026-03-29-15-16-57-2429985.jpg","datePublished":"2026-03-29T14:32:16+00:00","author":{"@id":"https:\/\/portaltela.pt\/#\/schema\/person\/c4278d4a6028830caff9ee44b42d32ed"},"breadcrumb":{"@id":"https:\/\/portaltela.pt\/noticias\/2026\/03\/29\/samu-costa-afirma-nao-mirar-concorrencia-e-foca-se-no-proprio-trabalho\/#breadcrumb"},"inLanguage":"pt-PT","potentialAction":[{"@type":"ReadAction","target":["https:\/\/portaltela.pt\/noticias\/2026\/03\/29\/samu-costa-afirma-nao-mirar-concorrencia-e-foca-se-no-proprio-trabalho\/"]}]},{"@type":"ImageObject","inLanguage":"pt-PT","@id":"https:\/\/portaltela.pt\/noticias\/2026\/03\/29\/samu-costa-afirma-nao-mirar-concorrencia-e-foca-se-no-proprio-trabalho\/#primaryimage","url":"https:\/\/portaltela.pt\/s.01k8rhncp4jt1\/2026\/03\/img_920x518uu2026-03-29-15-16-57-2429985.jpg","contentUrl":"https:\/\/portaltela.pt\/s.01k8rhncp4jt1\/2026\/03\/img_920x518uu2026-03-29-15-16-57-2429985.jpg","width":796,"height":448,"caption":"Samu Costa"},{"@type":"BreadcrumbList","@id":"https:\/\/portaltela.pt\/noticias\/2026\/03\/29\/samu-costa-afirma-nao-mirar-concorrencia-e-foca-se-no-proprio-trabalho\/#breadcrumb","itemListElement":[{"@type":"ListItem","position":1,"name":"In\u00edcio","item":"https:\/\/portaltela.pt\/"},{"@type":"ListItem","position":2,"name":"Samu Costa afirma n\u00e3o mirar concorr\u00eancia e foca-se no pr\u00f3prio trabalho"}]},{"@type":"WebSite","@id":"https:\/\/portaltela.pt\/#website","url":"https:\/\/portaltela.pt\/","name":"Portal Tela Portugal","description":"","potentialAction":[{"@type":"SearchAction","target":{"@type":"EntryPoint","urlTemplate":"https:\/\/portaltela.pt\/?s={search_term_string}"},"query-input":{"@type":"PropertyValueSpecification","valueRequired":true,"valueName":"search_term_string"}}],"inLanguage":"pt-PT"},{"@type":"Person","@id":"https:\/\/portaltela.pt\/#\/schema\/person\/c4278d4a6028830caff9ee44b42d32ed","name":"Telinha","image":{"@type":"ImageObject","inLanguage":"pt-PT","@id":"https:\/\/portaltela.pt\/s.01k8rhncp4jt1\/2025\/11\/talking-bot-125x125.png","url":"https:\/\/portaltela.pt\/s.01k8rhncp4jt1\/2025\/11\/talking-bot-125x125.png","contentUrl":"https:\/\/portaltela.pt\/s.01k8rhncp4jt1\/2025\/11\/talking-bot-125x125.png","caption":"Telinha"},"sameAs":["https:\/\/portaltela.pt\/"],"url":"https:\/\/portaltela.pt\/por\/367410592786\/"}]}},"_links":{"self":[{"href":"https:\/\/portaltela.pt\/api\/wp\/v2\/posts\/425997","targetHints":{"allow":["GET"]}}],"collection":[{"href":"https:\/\/portaltela.pt\/api\/wp\/v2\/posts"}],"about":[{"href":"https:\/\/portaltela.pt\/api\/wp\/v2\/types\/post"}],"author":[{"embeddable":true,"href":"https:\/\/portaltela.pt\/api\/wp\/v2\/users\/2"}],"replies":[{"embeddable":true,"href":"https:\/\/portaltela.pt\/api\/wp\/v2\/comments?post=425997"}],"version-history":[{"count":0,"href":"https:\/\/portaltela.pt\/api\/wp\/v2\/posts\/425997\/revisions"}],"wp:featuredmedia":[{"embeddable":true,"href":"https:\/\/portaltela.pt\/api\/wp\/v2\/media\/425998"}],"wp:attachment":[{"href":"https:\/\/portaltela.pt\/api\/wp\/v2\/media?parent=425997"}],"wp:term":[{"taxonomy":"category","embeddable":true,"href":"https:\/\/portaltela.pt\/api\/wp\/v2\/categories?post=425997"},{"taxonomy":"post_tag","embeddable":true,"href":"https:\/\/portaltela.pt\/api\/wp\/v2\/tags?post=425997"}],"curies":[{"name":"wp","href":"https:\/\/api.w.org\/{rel}","templated":true}]}}