{"id":425992,"date":"2026-03-29T11:17:09","date_gmt":"2026-03-29T14:17:09","guid":{"rendered":"https:\/\/portaltela.pt\/noticias\/2026\/03\/29\/brady-gilmore-vence-na-consagracao-de-vingegaard-na-volta-a-catalunha\/"},"modified":"2026-03-29T11:17:09","modified_gmt":"2026-03-29T14:17:09","slug":"brady-gilmore-vence-na-consagracao-de-vingegaard-na-volta-a-catalunha","status":"publish","type":"post","link":"https:\/\/portaltela.pt\/desporto\/futebol\/2026\/03\/29\/brady-gilmore-vence-na-consagracao-de-vingegaard-na-volta-a-catalunha\/","title":{"rendered":"Brady Gilmore vence na consagra\u00e7\u00e3o de Vingegaard na Volta \u00e0 Catalunha"},"content":{"rendered":"<p>Brady Gilmore venceu a \u00faltima etapa da Volta \u00e0 Catalunha, em Barcelona, consolidando a lideran\u00e7a de Jonas Vingegaard na classifica\u00e7\u00e3o geral. A s\u00e9tima e derradeira tirada ficou marcada pela vit\u00f3ria do australiano Gilmore, que terminou a etapa em 2:06.44 horas, \u00e0 frente de Dorian Godon e Remco Evenepoel, que completaram o p\u00f3dio da etapa.<\/p>\n<p>Vingegaard, vencedor da Volta \u00e0 Espanha no passado, mostrou superioridade ao longo da prova catal\u00e3. O dinamarqu\u00eas da Visma-Lease a Bike chegou \u00e0 meta com 1.22 minutos de avan\u00e7o sobre o franc\u00eas Lenny Mart\u00ednez, que assegurou o segundo posto. O alem\u00e3o Florian Lipowitz fechou o p\u00f3dio da geral, a 8 segundos do segundo classificado.<\/p>\n<p>Na estreia na Volta \u00e0 Catalunha, Gilmore somou a segunda vit\u00f3ria em provas por etapas esta temporada, sendo a primeira vit\u00f3ria no World Tour. A equipa NSN celebrou a conquista no circuito final de Montju\u00efc, ap\u00f3s uma semana de dom\u00ednio em altas chegadas. Andr\u00e8s Iniesta, um dos cofundadores do principal patrocinador, visitou a equipa durante a prova.<\/p>\n<p>A terminar uma semana dif\u00edcil na Catalunha, Jo\u00e3o Almeida (UAE Emirates) ficou fora do grupo de cabe\u00e7a, concluindo a etapa a 2.58 minutos do vencedor. O portugu\u00eas terminou a geral em 38.\u00ba lugar, a 21.43 minutos de Vingegaard, com Afonso Eul\u00e1lio (Bahrain Victorius) em 46.\u00ba, a 28.58.<\/p>\n<p>Na lideran\u00e7a geral, Vingegaard consolidou a posi\u00e7\u00e3o de favorito para outras grandes voltas na temporada, incluindo a pr\u00f3xima Volta a It\u00e1lia, que decorre de 8 a 31 de maio. O ciclista dinamarqu\u00eas j\u00e1 triunfou no Tour de 2022 e 2023 e na Vuelta de 2025, refor\u00e7ando a expectativa em torno da sua forma para o Giro.<\/p>\n","protected":false},"excerpt":{"rendered":"<ul>\n<li>Jonas Vingegaard venceu a Volta \u00e0 Catalunha, mantendo a lideran\u00e7a, enquanto Brady Gilmore ganhou a s\u00e9tima e \u00faltima etapa em Barcelona.<\/li>\n<li>Gilmore terminou a etapa final em 2:06.44 horas, tempo id\u00eantico ao de Dorian Godon e Remco Evenepoel, que ficaram em segundo e terceiro, respetivamente.<\/li>\n<li>Vingegaard chegou com 1,22 minutos de vantagem sobre o franc\u00eas Lenny Mart\u00ednez, que ficou no segundo posto; Florian Lipowitz foi o terceiro a 8 segundos.<\/li>\n<li>Brady Gilmore, de 24 anos, abriu a sua poss\u00edvel \u00e9poca de World Tour com a primeira vit\u00f3ria na prova; a NSN conquistou a segunda vit\u00f3ria na Volta \u00e0 Catalunha. Iniesta visitou a equipa durante a prova.<\/li>\n<li>Jo\u00e3o Almeida ficou em 38.\u00ba na geral, a 21,43 minutos do vencedor, e Afonso Eul\u00e1lio ficou em 46.\u00ba, a 28,58; Vingegaard prepara-se para a Volta a It\u00e1lia, de 8 a 31 de maio.<\/li>\n<\/ul>\n","protected":false},"author":2,"featured_media":425994,"comment_status":"closed","ping_status":"closed","sticky":false,"template":"","format":"standard","meta":{"footnotes":""},"categories":[21,24],"tags":[923,152,2681,81,5902],"class_list":["post-425992","post","type-post","status-publish","format-standard","has-post-thumbnail","hentry","category-desporto","category-futebol","tag-ciclismo","tag-desporto","tag-desporto-internacional","tag-internacionais","tag-world-tour"],"yoast_head":"<!-- This site is optimized with the Yoast SEO plugin v27.2 - https:\/\/yoast.com\/product\/yoast-seo-wordpress\/ -->\n<title>Brady Gilmore vence na consagra\u00e7\u00e3o de Vingegaard na Volta \u00e0 Catalunha - Portal Tela Portugal<\/title>\n<meta name=\"robots\" content=\"index, follow, max-snippet:-1, max-image-preview:large, max-video-preview:-1\" \/>\n<meta property=\"og:locale\" content=\"pt_PT\" \/>\n<meta property=\"og:type\" content=\"article\" \/>\n<meta property=\"og:title\" content=\"Brady Gilmore vence na consagra\u00e7\u00e3o de Vingegaard na Volta \u00e0 Catalunha - Portal Tela Portugal\" \/>\n<meta property=\"og:description\" content=\"Jonas Vingegaard venceu a Volta \u00e0 Catalunha, mantendo a lideran\u00e7a, enquanto Brady Gilmore ganhou a s\u00e9tima e \u00faltima etapa em Barcelona. Gilmore terminou a etapa final em 2:06.44 horas, tempo id\u00eantico ao de Dorian Godon e Remco Evenepoel, que ficaram em segundo e terceiro, respetivamente. Vingegaard chegou com 1,22 minutos de vantagem sobre o franc\u00eas Lenny Mart\u00ednez, que ficou no segundo posto; Florian Lipowitz foi o terceiro a 8 segundos. Brady Gilmore, de 24 anos, abriu a sua poss\u00edvel \u00e9poca de World Tour com a primeira vit\u00f3ria na prova; a NSN conquistou a segunda vit\u00f3ria na Volta \u00e0 Catalunha. Iniesta visitou a equipa durante a prova. Jo\u00e3o Almeida ficou em 38.\u00ba na geral, a 21,43 minutos do vencedor, e Afonso Eul\u00e1lio ficou em 46.\u00ba, a 28,58; Vingegaard prepara-se para a Volta a It\u00e1lia, de 8 a 31 de maio.\" \/>\n<meta property=\"og:url\" content=\"https:\/\/portaltela.pt\/noticias\/2026\/03\/29\/brady-gilmore-vence-na-consagracao-de-vingegaard-na-volta-a-catalunha\/\" \/>\n<meta property=\"og:site_name\" content=\"Portal Tela Portugal\" \/>\n<meta property=\"article:published_time\" content=\"2026-03-29T14:17:09+00:00\" \/>\n<meta name=\"author\" content=\"Telinha\" \/>\n<meta name=\"twitter:card\" content=\"summary_large_image\" \/>\n<meta name=\"twitter:label1\" content=\"Escrito por\" \/>\n\t<meta name=\"twitter:data1\" content=\"Telinha\" \/>\n\t<meta name=\"twitter:label2\" content=\"Tempo estimado de leitura\" \/>\n\t<meta name=\"twitter:data2\" content=\"1 minuto\" \/>\n<script type=\"application\/ld+json\" class=\"yoast-schema-graph\">{\"@context\":\"https:\/\/schema.org\",\"@graph\":[{\"@type\":\"Article\",\"@id\":\"https:\/\/portaltela.pt\/noticias\/2026\/03\/29\/brady-gilmore-vence-na-consagracao-de-vingegaard-na-volta-a-catalunha\/#article\",\"isPartOf\":{\"@id\":\"https:\/\/portaltela.pt\/noticias\/2026\/03\/29\/brady-gilmore-vence-na-consagracao-de-vingegaard-na-volta-a-catalunha\/\"},\"author\":{\"name\":\"Telinha\",\"@id\":\"https:\/\/portaltela.pt\/#\/schema\/person\/c4278d4a6028830caff9ee44b42d32ed\"},\"headline\":\"Brady Gilmore vence na consagra\u00e7\u00e3o de Vingegaard na Volta \u00e0 Catalunha\",\"datePublished\":\"2026-03-29T14:17:09+00:00\",\"mainEntityOfPage\":{\"@id\":\"https:\/\/portaltela.pt\/noticias\/2026\/03\/29\/brady-gilmore-vence-na-consagracao-de-vingegaard-na-volta-a-catalunha\/\"},\"wordCount\":289,\"image\":{\"@id\":\"https:\/\/portaltela.pt\/noticias\/2026\/03\/29\/brady-gilmore-vence-na-consagracao-de-vingegaard-na-volta-a-catalunha\/#primaryimage\"},\"thumbnailUrl\":\"https:\/\/portaltela.pt\/s.01k8rhncp4jt1\/2026\/03\/img_920x518uu2026-03-29-15-12-15-2429984.jpg\",\"keywords\":[\"ciclismo\",\"desporto\",\"desporto internacional\",\"internacionais\",\"World Tour\"],\"articleSection\":[\"Desporto\",\"Futebol\"],\"inLanguage\":\"pt-PT\"},{\"@type\":\"WebPage\",\"@id\":\"https:\/\/portaltela.pt\/noticias\/2026\/03\/29\/brady-gilmore-vence-na-consagracao-de-vingegaard-na-volta-a-catalunha\/\",\"url\":\"https:\/\/portaltela.pt\/noticias\/2026\/03\/29\/brady-gilmore-vence-na-consagracao-de-vingegaard-na-volta-a-catalunha\/\",\"name\":\"Brady Gilmore vence na consagra\u00e7\u00e3o de Vingegaard na Volta \u00e0 Catalunha - Portal Tela Portugal\",\"isPartOf\":{\"@id\":\"https:\/\/portaltela.pt\/#website\"},\"primaryImageOfPage\":{\"@id\":\"https:\/\/portaltela.pt\/noticias\/2026\/03\/29\/brady-gilmore-vence-na-consagracao-de-vingegaard-na-volta-a-catalunha\/#primaryimage\"},\"image\":{\"@id\":\"https:\/\/portaltela.pt\/noticias\/2026\/03\/29\/brady-gilmore-vence-na-consagracao-de-vingegaard-na-volta-a-catalunha\/#primaryimage\"},\"thumbnailUrl\":\"https:\/\/portaltela.pt\/s.01k8rhncp4jt1\/2026\/03\/img_920x518uu2026-03-29-15-12-15-2429984.jpg\",\"datePublished\":\"2026-03-29T14:17:09+00:00\",\"author\":{\"@id\":\"https:\/\/portaltela.pt\/#\/schema\/person\/c4278d4a6028830caff9ee44b42d32ed\"},\"breadcrumb\":{\"@id\":\"https:\/\/portaltela.pt\/noticias\/2026\/03\/29\/brady-gilmore-vence-na-consagracao-de-vingegaard-na-volta-a-catalunha\/#breadcrumb\"},\"inLanguage\":\"pt-PT\",\"potentialAction\":[{\"@type\":\"ReadAction\",\"target\":[\"https:\/\/portaltela.pt\/noticias\/2026\/03\/29\/brady-gilmore-vence-na-consagracao-de-vingegaard-na-volta-a-catalunha\/\"]}]},{\"@type\":\"ImageObject\",\"inLanguage\":\"pt-PT\",\"@id\":\"https:\/\/portaltela.pt\/noticias\/2026\/03\/29\/brady-gilmore-vence-na-consagracao-de-vingegaard-na-volta-a-catalunha\/#primaryimage\",\"url\":\"https:\/\/portaltela.pt\/s.01k8rhncp4jt1\/2026\/03\/img_920x518uu2026-03-29-15-12-15-2429984.jpg\",\"contentUrl\":\"https:\/\/portaltela.pt\/s.01k8rhncp4jt1\/2026\/03\/img_920x518uu2026-03-29-15-12-15-2429984.jpg\",\"width\":796,\"height\":448,\"caption\":\"Brady Gilmore (\u00e0 esquerda) festeja vit\u00f3ria na 7.\u00aa etapa da Volta \u00e0 Catalunha\"},{\"@type\":\"BreadcrumbList\",\"@id\":\"https:\/\/portaltela.pt\/noticias\/2026\/03\/29\/brady-gilmore-vence-na-consagracao-de-vingegaard-na-volta-a-catalunha\/#breadcrumb\",\"itemListElement\":[{\"@type\":\"ListItem\",\"position\":1,\"name\":\"In\u00edcio\",\"item\":\"https:\/\/portaltela.pt\/\"},{\"@type\":\"ListItem\",\"position\":2,\"name\":\"Brady Gilmore vence na consagra\u00e7\u00e3o de Vingegaard na Volta \u00e0 Catalunha\"}]},{\"@type\":\"WebSite\",\"@id\":\"https:\/\/portaltela.pt\/#website\",\"url\":\"https:\/\/portaltela.pt\/\",\"name\":\"Portal Tela Portugal\",\"description\":\"\",\"potentialAction\":[{\"@type\":\"SearchAction\",\"target\":{\"@type\":\"EntryPoint\",\"urlTemplate\":\"https:\/\/portaltela.pt\/?s={search_term_string}\"},\"query-input\":{\"@type\":\"PropertyValueSpecification\",\"valueRequired\":true,\"valueName\":\"search_term_string\"}}],\"inLanguage\":\"pt-PT\"},{\"@type\":\"Person\",\"@id\":\"https:\/\/portaltela.pt\/#\/schema\/person\/c4278d4a6028830caff9ee44b42d32ed\",\"name\":\"Telinha\",\"image\":{\"@type\":\"ImageObject\",\"inLanguage\":\"pt-PT\",\"@id\":\"https:\/\/portaltela.pt\/s.01k8rhncp4jt1\/2025\/11\/talking-bot-125x125.png\",\"url\":\"https:\/\/portaltela.pt\/s.01k8rhncp4jt1\/2025\/11\/talking-bot-125x125.png\",\"contentUrl\":\"https:\/\/portaltela.pt\/s.01k8rhncp4jt1\/2025\/11\/talking-bot-125x125.png\",\"caption\":\"Telinha\"},\"sameAs\":[\"https:\/\/portaltela.pt\/\"],\"url\":\"https:\/\/portaltela.pt\/por\/367410592786\/\"}]}<\/script>\n<!-- \/ Yoast SEO plugin. -->","yoast_head_json":{"title":"Brady Gilmore vence na consagra\u00e7\u00e3o de Vingegaard na Volta \u00e0 Catalunha - Portal Tela Portugal","robots":{"index":"index","follow":"follow","max-snippet":"max-snippet:-1","max-image-preview":"max-image-preview:large","max-video-preview":"max-video-preview:-1"},"og_locale":"pt_PT","og_type":"article","og_title":"Brady Gilmore vence na consagra\u00e7\u00e3o de Vingegaard na Volta \u00e0 Catalunha - Portal Tela Portugal","og_description":"Jonas Vingegaard venceu a Volta \u00e0 Catalunha, mantendo a lideran\u00e7a, enquanto Brady Gilmore ganhou a s\u00e9tima e \u00faltima etapa em Barcelona. Gilmore terminou a etapa final em 2:06.44 horas, tempo id\u00eantico ao de Dorian Godon e Remco Evenepoel, que ficaram em segundo e terceiro, respetivamente. Vingegaard chegou com 1,22 minutos de vantagem sobre o franc\u00eas Lenny Mart\u00ednez, que ficou no segundo posto; Florian Lipowitz foi o terceiro a 8 segundos. Brady Gilmore, de 24 anos, abriu a sua poss\u00edvel \u00e9poca de World Tour com a primeira vit\u00f3ria na prova; a NSN conquistou a segunda vit\u00f3ria na Volta \u00e0 Catalunha. Iniesta visitou a equipa durante a prova. Jo\u00e3o Almeida ficou em 38.\u00ba na geral, a 21,43 minutos do vencedor, e Afonso Eul\u00e1lio ficou em 46.\u00ba, a 28,58; Vingegaard prepara-se para a Volta a It\u00e1lia, de 8 a 31 de maio.","og_url":"https:\/\/portaltela.pt\/noticias\/2026\/03\/29\/brady-gilmore-vence-na-consagracao-de-vingegaard-na-volta-a-catalunha\/","og_site_name":"Portal Tela Portugal","article_published_time":"2026-03-29T14:17:09+00:00","author":"Telinha","twitter_card":"summary_large_image","twitter_misc":{"Escrito por":"Telinha","Tempo estimado de leitura":"1 minuto"},"schema":{"@context":"https:\/\/schema.org","@graph":[{"@type":"Article","@id":"https:\/\/portaltela.pt\/noticias\/2026\/03\/29\/brady-gilmore-vence-na-consagracao-de-vingegaard-na-volta-a-catalunha\/#article","isPartOf":{"@id":"https:\/\/portaltela.pt\/noticias\/2026\/03\/29\/brady-gilmore-vence-na-consagracao-de-vingegaard-na-volta-a-catalunha\/"},"author":{"name":"Telinha","@id":"https:\/\/portaltela.pt\/#\/schema\/person\/c4278d4a6028830caff9ee44b42d32ed"},"headline":"Brady Gilmore vence na consagra\u00e7\u00e3o de Vingegaard na Volta \u00e0 Catalunha","datePublished":"2026-03-29T14:17:09+00:00","mainEntityOfPage":{"@id":"https:\/\/portaltela.pt\/noticias\/2026\/03\/29\/brady-gilmore-vence-na-consagracao-de-vingegaard-na-volta-a-catalunha\/"},"wordCount":289,"image":{"@id":"https:\/\/portaltela.pt\/noticias\/2026\/03\/29\/brady-gilmore-vence-na-consagracao-de-vingegaard-na-volta-a-catalunha\/#primaryimage"},"thumbnailUrl":"https:\/\/portaltela.pt\/s.01k8rhncp4jt1\/2026\/03\/img_920x518uu2026-03-29-15-12-15-2429984.jpg","keywords":["ciclismo","desporto","desporto internacional","internacionais","World Tour"],"articleSection":["Desporto","Futebol"],"inLanguage":"pt-PT"},{"@type":"WebPage","@id":"https:\/\/portaltela.pt\/noticias\/2026\/03\/29\/brady-gilmore-vence-na-consagracao-de-vingegaard-na-volta-a-catalunha\/","url":"https:\/\/portaltela.pt\/noticias\/2026\/03\/29\/brady-gilmore-vence-na-consagracao-de-vingegaard-na-volta-a-catalunha\/","name":"Brady Gilmore vence na consagra\u00e7\u00e3o de Vingegaard na Volta \u00e0 Catalunha - Portal Tela Portugal","isPartOf":{"@id":"https:\/\/portaltela.pt\/#website"},"primaryImageOfPage":{"@id":"https:\/\/portaltela.pt\/noticias\/2026\/03\/29\/brady-gilmore-vence-na-consagracao-de-vingegaard-na-volta-a-catalunha\/#primaryimage"},"image":{"@id":"https:\/\/portaltela.pt\/noticias\/2026\/03\/29\/brady-gilmore-vence-na-consagracao-de-vingegaard-na-volta-a-catalunha\/#primaryimage"},"thumbnailUrl":"https:\/\/portaltela.pt\/s.01k8rhncp4jt1\/2026\/03\/img_920x518uu2026-03-29-15-12-15-2429984.jpg","datePublished":"2026-03-29T14:17:09+00:00","author":{"@id":"https:\/\/portaltela.pt\/#\/schema\/person\/c4278d4a6028830caff9ee44b42d32ed"},"breadcrumb":{"@id":"https:\/\/portaltela.pt\/noticias\/2026\/03\/29\/brady-gilmore-vence-na-consagracao-de-vingegaard-na-volta-a-catalunha\/#breadcrumb"},"inLanguage":"pt-PT","potentialAction":[{"@type":"ReadAction","target":["https:\/\/portaltela.pt\/noticias\/2026\/03\/29\/brady-gilmore-vence-na-consagracao-de-vingegaard-na-volta-a-catalunha\/"]}]},{"@type":"ImageObject","inLanguage":"pt-PT","@id":"https:\/\/portaltela.pt\/noticias\/2026\/03\/29\/brady-gilmore-vence-na-consagracao-de-vingegaard-na-volta-a-catalunha\/#primaryimage","url":"https:\/\/portaltela.pt\/s.01k8rhncp4jt1\/2026\/03\/img_920x518uu2026-03-29-15-12-15-2429984.jpg","contentUrl":"https:\/\/portaltela.pt\/s.01k8rhncp4jt1\/2026\/03\/img_920x518uu2026-03-29-15-12-15-2429984.jpg","width":796,"height":448,"caption":"Brady Gilmore (\u00e0 esquerda) festeja vit\u00f3ria na 7.\u00aa etapa da Volta \u00e0 Catalunha"},{"@type":"BreadcrumbList","@id":"https:\/\/portaltela.pt\/noticias\/2026\/03\/29\/brady-gilmore-vence-na-consagracao-de-vingegaard-na-volta-a-catalunha\/#breadcrumb","itemListElement":[{"@type":"ListItem","position":1,"name":"In\u00edcio","item":"https:\/\/portaltela.pt\/"},{"@type":"ListItem","position":2,"name":"Brady Gilmore vence na consagra\u00e7\u00e3o de Vingegaard na Volta \u00e0 Catalunha"}]},{"@type":"WebSite","@id":"https:\/\/portaltela.pt\/#website","url":"https:\/\/portaltela.pt\/","name":"Portal Tela Portugal","description":"","potentialAction":[{"@type":"SearchAction","target":{"@type":"EntryPoint","urlTemplate":"https:\/\/portaltela.pt\/?s={search_term_string}"},"query-input":{"@type":"PropertyValueSpecification","valueRequired":true,"valueName":"search_term_string"}}],"inLanguage":"pt-PT"},{"@type":"Person","@id":"https:\/\/portaltela.pt\/#\/schema\/person\/c4278d4a6028830caff9ee44b42d32ed","name":"Telinha","image":{"@type":"ImageObject","inLanguage":"pt-PT","@id":"https:\/\/portaltela.pt\/s.01k8rhncp4jt1\/2025\/11\/talking-bot-125x125.png","url":"https:\/\/portaltela.pt\/s.01k8rhncp4jt1\/2025\/11\/talking-bot-125x125.png","contentUrl":"https:\/\/portaltela.pt\/s.01k8rhncp4jt1\/2025\/11\/talking-bot-125x125.png","caption":"Telinha"},"sameAs":["https:\/\/portaltela.pt\/"],"url":"https:\/\/portaltela.pt\/por\/367410592786\/"}]}},"_links":{"self":[{"href":"https:\/\/portaltela.pt\/api\/wp\/v2\/posts\/425992","targetHints":{"allow":["GET"]}}],"collection":[{"href":"https:\/\/portaltela.pt\/api\/wp\/v2\/posts"}],"about":[{"href":"https:\/\/portaltela.pt\/api\/wp\/v2\/types\/post"}],"author":[{"embeddable":true,"href":"https:\/\/portaltela.pt\/api\/wp\/v2\/users\/2"}],"replies":[{"embeddable":true,"href":"https:\/\/portaltela.pt\/api\/wp\/v2\/comments?post=425992"}],"version-history":[{"count":0,"href":"https:\/\/portaltela.pt\/api\/wp\/v2\/posts\/425992\/revisions"}],"wp:featuredmedia":[{"embeddable":true,"href":"https:\/\/portaltela.pt\/api\/wp\/v2\/media\/425994"}],"wp:attachment":[{"href":"https:\/\/portaltela.pt\/api\/wp\/v2\/media?parent=425992"}],"wp:term":[{"taxonomy":"category","embeddable":true,"href":"https:\/\/portaltela.pt\/api\/wp\/v2\/categories?post=425992"},{"taxonomy":"post_tag","embeddable":true,"href":"https:\/\/portaltela.pt\/api\/wp\/v2\/tags?post=425992"}],"curies":[{"name":"wp","href":"https:\/\/api.w.org\/{rel}","templated":true}]}}