{"id":425977,"date":"2026-03-29T11:02:50","date_gmt":"2026-03-29T14:02:50","guid":{"rendered":"https:\/\/portaltela.pt\/noticias\/2026\/03\/29\/papa-leao-xiv-reza-pelos-cristaos-do-medio-oriente\/"},"modified":"2026-03-29T11:02:50","modified_gmt":"2026-03-29T14:02:50","slug":"papa-leao-xiv-reza-pelos-cristaos-do-medio-oriente","status":"publish","type":"post","link":"https:\/\/portaltela.pt\/sociedade\/2026\/03\/29\/papa-leao-xiv-reza-pelos-cristaos-do-medio-oriente\/","title":{"rendered":"Papa Le\u00e3o XIV reza pelos crist\u00e3os do M\u00e9dio Oriente"},"content":{"rendered":"<p>O Papa Le\u00e3o XIV celebrou a missa do Domingo de Ramos, no Vaticano, dando in\u00edcio \u00e0 Semana Santa. Durante a cerim\u00f3nia, rezou especialmente pelos crist\u00e3os em sofrimento no M\u00e9dio Oriente, pela paz e pela reconcilia\u00e7\u00e3o.<\/p>\n<p>A ora\u00e7\u00e3o ocorreu no contexto da celebra\u00e7\u00e3o lit\u00fargica no Vaticano, com a aten\u00e7\u00e3o centrada nas comunidades crist\u00e3s afetadas pela viol\u00eancia e pela instabilidade na regi\u00e3o. A mensagem enfatizou a esperan\u00e7a de paz e a necessidade de di\u00e1logo entre comunidades.<\/p>\n<p>Segundo fontes do Vaticano, o Papa dirigiu as inten\u00e7\u00f5es de ora\u00e7\u00e3o \u00e0queles que enfrentam persegui\u00e7\u00e3o, deslocamento e inseguran\u00e7a. A cerim\u00f3nia ocorreu no \u00e2mbito das celebra\u00e7\u00f5es da Semana Santa, destacando o papel da f\u00e9 na promo\u00e7\u00e3o da conviv\u00eancia pac\u00edfica.<\/p>\n<h3>Continuidade da ora\u00e7\u00e3o pelos crist\u00e3os do M\u00e9dio Oriente<\/h3>\n<p>A iniciativa do Papa pretende manter o foco p\u00fablico sobre a situa\u00e7\u00e3o dos crist\u00e3os na regi\u00e3o e incentivar a\u00e7\u00f5es de ajuda humanit\u00e1ria e diplomacia. O evento refor\u00e7a a mensagem de reconcilia\u00e7\u00e3o e solidariedade divulgada pela Santa S\u00e9.<\/p>\n","protected":false},"excerpt":{"rendered":"<ul>\n<li>No in\u00edcio da Semana Santa, durante a missa do Domingo de Ramos, no Vaticano, o Papa Le\u00e3o XIV fez uma ora\u00e7\u00e3o especial.<\/li>\n<li>A ora\u00e7\u00e3o foi dedicada aos crist\u00e3os em sofrimento no M\u00e9dio Oriente.<\/li>\n<li>O Papa pediu pela paz na regi\u00e3o e pela reconcilia\u00e7\u00e3o entre os povos.<\/li>\n<li>A cerim\u00f3nia aconteceu no Vaticano e centrou as inten\u00e7\u00f5es na crise que afecta a regi\u00e3o.<\/li>\n<\/ul>\n","protected":false},"author":2,"featured_media":425980,"comment_status":"closed","ping_status":"closed","sticky":false,"template":"","format":"standard","meta":{"footnotes":""},"categories":[1,6871],"tags":[6567,2978,6703,126,102,104],"class_list":["post-425977","post","type-post","status-publish","format-standard","has-post-thumbnail","hentry","category-noticias","category-sociedade","tag-acao-humanitaria","tag-catolico","tag-diplomacia-internacional","tag-fe","tag-igreja","tag-religiao"],"yoast_head":"<!-- This site is optimized with the Yoast SEO plugin v27.2 - https:\/\/yoast.com\/product\/yoast-seo-wordpress\/ -->\n<title>Papa Le\u00e3o XIV reza pelos crist\u00e3os do M\u00e9dio Oriente - Portal Tela Portugal<\/title>\n<meta name=\"robots\" content=\"index, follow, max-snippet:-1, max-image-preview:large, max-video-preview:-1\" \/>\n<meta property=\"og:locale\" content=\"pt_PT\" \/>\n<meta property=\"og:type\" content=\"article\" \/>\n<meta property=\"og:title\" content=\"Papa Le\u00e3o XIV reza pelos crist\u00e3os do M\u00e9dio Oriente - Portal Tela Portugal\" \/>\n<meta property=\"og:description\" content=\"No in\u00edcio da Semana Santa, durante a missa do Domingo de Ramos, no Vaticano, o Papa Le\u00e3o XIV fez uma ora\u00e7\u00e3o especial. A ora\u00e7\u00e3o foi dedicada aos crist\u00e3os em sofrimento no M\u00e9dio Oriente. O Papa pediu pela paz na regi\u00e3o e pela reconcilia\u00e7\u00e3o entre os povos. A cerim\u00f3nia aconteceu no Vaticano e centrou as inten\u00e7\u00f5es na crise que afecta a regi\u00e3o.\" \/>\n<meta property=\"og:url\" content=\"https:\/\/portaltela.pt\/noticias\/2026\/03\/29\/papa-leao-xiv-reza-pelos-cristaos-do-medio-oriente\/\" \/>\n<meta property=\"og:site_name\" content=\"Portal Tela Portugal\" \/>\n<meta property=\"article:published_time\" content=\"2026-03-29T14:02:50+00:00\" \/>\n<meta name=\"author\" content=\"Telinha\" \/>\n<meta name=\"twitter:card\" content=\"summary_large_image\" \/>\n<meta name=\"twitter:label1\" content=\"Escrito por\" \/>\n\t<meta name=\"twitter:data1\" content=\"Telinha\" \/>\n\t<meta name=\"twitter:label2\" content=\"Tempo estimado de leitura\" \/>\n\t<meta name=\"twitter:data2\" content=\"1 minuto\" \/>\n<script type=\"application\/ld+json\" class=\"yoast-schema-graph\">{\"@context\":\"https:\/\/schema.org\",\"@graph\":[{\"@type\":\"Article\",\"@id\":\"https:\/\/portaltela.pt\/noticias\/2026\/03\/29\/papa-leao-xiv-reza-pelos-cristaos-do-medio-oriente\/#article\",\"isPartOf\":{\"@id\":\"https:\/\/portaltela.pt\/noticias\/2026\/03\/29\/papa-leao-xiv-reza-pelos-cristaos-do-medio-oriente\/\"},\"author\":{\"name\":\"Telinha\",\"@id\":\"https:\/\/portaltela.pt\/#\/schema\/person\/c4278d4a6028830caff9ee44b42d32ed\"},\"headline\":\"Papa Le\u00e3o XIV reza pelos crist\u00e3os do M\u00e9dio Oriente\",\"datePublished\":\"2026-03-29T14:02:50+00:00\",\"mainEntityOfPage\":{\"@id\":\"https:\/\/portaltela.pt\/noticias\/2026\/03\/29\/papa-leao-xiv-reza-pelos-cristaos-do-medio-oriente\/\"},\"wordCount\":203,\"image\":{\"@id\":\"https:\/\/portaltela.pt\/noticias\/2026\/03\/29\/papa-leao-xiv-reza-pelos-cristaos-do-medio-oriente\/#primaryimage\"},\"thumbnailUrl\":\"https:\/\/portaltela.pt\/s.01k8rhncp4jt1\/2026\/03\/img_1280x722uu2026-03-29-14-49-14-2275446.jpg\",\"keywords\":[\"a\u00e7\u00e3o humanit\u00e1ria\",\"cat\u00f3lico\",\"diplomacia internacional\",\"f\u00e9\",\"igreja\",\"religi\u00e3o\"],\"articleSection\":[\"Not\u00edcias\",\"Sociedade\"],\"inLanguage\":\"pt-PT\"},{\"@type\":\"WebPage\",\"@id\":\"https:\/\/portaltela.pt\/noticias\/2026\/03\/29\/papa-leao-xiv-reza-pelos-cristaos-do-medio-oriente\/\",\"url\":\"https:\/\/portaltela.pt\/noticias\/2026\/03\/29\/papa-leao-xiv-reza-pelos-cristaos-do-medio-oriente\/\",\"name\":\"Papa Le\u00e3o XIV reza pelos crist\u00e3os do M\u00e9dio Oriente - Portal Tela Portugal\",\"isPartOf\":{\"@id\":\"https:\/\/portaltela.pt\/#website\"},\"primaryImageOfPage\":{\"@id\":\"https:\/\/portaltela.pt\/noticias\/2026\/03\/29\/papa-leao-xiv-reza-pelos-cristaos-do-medio-oriente\/#primaryimage\"},\"image\":{\"@id\":\"https:\/\/portaltela.pt\/noticias\/2026\/03\/29\/papa-leao-xiv-reza-pelos-cristaos-do-medio-oriente\/#primaryimage\"},\"thumbnailUrl\":\"https:\/\/portaltela.pt\/s.01k8rhncp4jt1\/2026\/03\/img_1280x722uu2026-03-29-14-49-14-2275446.jpg\",\"datePublished\":\"2026-03-29T14:02:50+00:00\",\"author\":{\"@id\":\"https:\/\/portaltela.pt\/#\/schema\/person\/c4278d4a6028830caff9ee44b42d32ed\"},\"breadcrumb\":{\"@id\":\"https:\/\/portaltela.pt\/noticias\/2026\/03\/29\/papa-leao-xiv-reza-pelos-cristaos-do-medio-oriente\/#breadcrumb\"},\"inLanguage\":\"pt-PT\",\"potentialAction\":[{\"@type\":\"ReadAction\",\"target\":[\"https:\/\/portaltela.pt\/noticias\/2026\/03\/29\/papa-leao-xiv-reza-pelos-cristaos-do-medio-oriente\/\"]}]},{\"@type\":\"ImageObject\",\"inLanguage\":\"pt-PT\",\"@id\":\"https:\/\/portaltela.pt\/noticias\/2026\/03\/29\/papa-leao-xiv-reza-pelos-cristaos-do-medio-oriente\/#primaryimage\",\"url\":\"https:\/\/portaltela.pt\/s.01k8rhncp4jt1\/2026\/03\/img_1280x722uu2026-03-29-14-49-14-2275446.jpg\",\"contentUrl\":\"https:\/\/portaltela.pt\/s.01k8rhncp4jt1\/2026\/03\/img_1280x722uu2026-03-29-14-49-14-2275446.jpg\",\"width\":796,\"height\":448,\"caption\":\"Photo\"},{\"@type\":\"BreadcrumbList\",\"@id\":\"https:\/\/portaltela.pt\/noticias\/2026\/03\/29\/papa-leao-xiv-reza-pelos-cristaos-do-medio-oriente\/#breadcrumb\",\"itemListElement\":[{\"@type\":\"ListItem\",\"position\":1,\"name\":\"In\u00edcio\",\"item\":\"https:\/\/portaltela.pt\/\"},{\"@type\":\"ListItem\",\"position\":2,\"name\":\"Papa Le\u00e3o XIV reza pelos crist\u00e3os do M\u00e9dio Oriente\"}]},{\"@type\":\"WebSite\",\"@id\":\"https:\/\/portaltela.pt\/#website\",\"url\":\"https:\/\/portaltela.pt\/\",\"name\":\"Portal Tela Portugal\",\"description\":\"\",\"potentialAction\":[{\"@type\":\"SearchAction\",\"target\":{\"@type\":\"EntryPoint\",\"urlTemplate\":\"https:\/\/portaltela.pt\/?s={search_term_string}\"},\"query-input\":{\"@type\":\"PropertyValueSpecification\",\"valueRequired\":true,\"valueName\":\"search_term_string\"}}],\"inLanguage\":\"pt-PT\"},{\"@type\":\"Person\",\"@id\":\"https:\/\/portaltela.pt\/#\/schema\/person\/c4278d4a6028830caff9ee44b42d32ed\",\"name\":\"Telinha\",\"image\":{\"@type\":\"ImageObject\",\"inLanguage\":\"pt-PT\",\"@id\":\"https:\/\/portaltela.pt\/s.01k8rhncp4jt1\/2025\/11\/talking-bot-125x125.png\",\"url\":\"https:\/\/portaltela.pt\/s.01k8rhncp4jt1\/2025\/11\/talking-bot-125x125.png\",\"contentUrl\":\"https:\/\/portaltela.pt\/s.01k8rhncp4jt1\/2025\/11\/talking-bot-125x125.png\",\"caption\":\"Telinha\"},\"sameAs\":[\"https:\/\/portaltela.pt\/\"],\"url\":\"https:\/\/portaltela.pt\/por\/367410592786\/\"}]}<\/script>\n<!-- \/ Yoast SEO plugin. -->","yoast_head_json":{"title":"Papa Le\u00e3o XIV reza pelos crist\u00e3os do M\u00e9dio Oriente - Portal Tela Portugal","robots":{"index":"index","follow":"follow","max-snippet":"max-snippet:-1","max-image-preview":"max-image-preview:large","max-video-preview":"max-video-preview:-1"},"og_locale":"pt_PT","og_type":"article","og_title":"Papa Le\u00e3o XIV reza pelos crist\u00e3os do M\u00e9dio Oriente - Portal Tela Portugal","og_description":"No in\u00edcio da Semana Santa, durante a missa do Domingo de Ramos, no Vaticano, o Papa Le\u00e3o XIV fez uma ora\u00e7\u00e3o especial. A ora\u00e7\u00e3o foi dedicada aos crist\u00e3os em sofrimento no M\u00e9dio Oriente. O Papa pediu pela paz na regi\u00e3o e pela reconcilia\u00e7\u00e3o entre os povos. A cerim\u00f3nia aconteceu no Vaticano e centrou as inten\u00e7\u00f5es na crise que afecta a regi\u00e3o.","og_url":"https:\/\/portaltela.pt\/noticias\/2026\/03\/29\/papa-leao-xiv-reza-pelos-cristaos-do-medio-oriente\/","og_site_name":"Portal Tela Portugal","article_published_time":"2026-03-29T14:02:50+00:00","author":"Telinha","twitter_card":"summary_large_image","twitter_misc":{"Escrito por":"Telinha","Tempo estimado de leitura":"1 minuto"},"schema":{"@context":"https:\/\/schema.org","@graph":[{"@type":"Article","@id":"https:\/\/portaltela.pt\/noticias\/2026\/03\/29\/papa-leao-xiv-reza-pelos-cristaos-do-medio-oriente\/#article","isPartOf":{"@id":"https:\/\/portaltela.pt\/noticias\/2026\/03\/29\/papa-leao-xiv-reza-pelos-cristaos-do-medio-oriente\/"},"author":{"name":"Telinha","@id":"https:\/\/portaltela.pt\/#\/schema\/person\/c4278d4a6028830caff9ee44b42d32ed"},"headline":"Papa Le\u00e3o XIV reza pelos crist\u00e3os do M\u00e9dio Oriente","datePublished":"2026-03-29T14:02:50+00:00","mainEntityOfPage":{"@id":"https:\/\/portaltela.pt\/noticias\/2026\/03\/29\/papa-leao-xiv-reza-pelos-cristaos-do-medio-oriente\/"},"wordCount":203,"image":{"@id":"https:\/\/portaltela.pt\/noticias\/2026\/03\/29\/papa-leao-xiv-reza-pelos-cristaos-do-medio-oriente\/#primaryimage"},"thumbnailUrl":"https:\/\/portaltela.pt\/s.01k8rhncp4jt1\/2026\/03\/img_1280x722uu2026-03-29-14-49-14-2275446.jpg","keywords":["a\u00e7\u00e3o humanit\u00e1ria","cat\u00f3lico","diplomacia internacional","f\u00e9","igreja","religi\u00e3o"],"articleSection":["Not\u00edcias","Sociedade"],"inLanguage":"pt-PT"},{"@type":"WebPage","@id":"https:\/\/portaltela.pt\/noticias\/2026\/03\/29\/papa-leao-xiv-reza-pelos-cristaos-do-medio-oriente\/","url":"https:\/\/portaltela.pt\/noticias\/2026\/03\/29\/papa-leao-xiv-reza-pelos-cristaos-do-medio-oriente\/","name":"Papa Le\u00e3o XIV reza pelos crist\u00e3os do M\u00e9dio Oriente - Portal Tela Portugal","isPartOf":{"@id":"https:\/\/portaltela.pt\/#website"},"primaryImageOfPage":{"@id":"https:\/\/portaltela.pt\/noticias\/2026\/03\/29\/papa-leao-xiv-reza-pelos-cristaos-do-medio-oriente\/#primaryimage"},"image":{"@id":"https:\/\/portaltela.pt\/noticias\/2026\/03\/29\/papa-leao-xiv-reza-pelos-cristaos-do-medio-oriente\/#primaryimage"},"thumbnailUrl":"https:\/\/portaltela.pt\/s.01k8rhncp4jt1\/2026\/03\/img_1280x722uu2026-03-29-14-49-14-2275446.jpg","datePublished":"2026-03-29T14:02:50+00:00","author":{"@id":"https:\/\/portaltela.pt\/#\/schema\/person\/c4278d4a6028830caff9ee44b42d32ed"},"breadcrumb":{"@id":"https:\/\/portaltela.pt\/noticias\/2026\/03\/29\/papa-leao-xiv-reza-pelos-cristaos-do-medio-oriente\/#breadcrumb"},"inLanguage":"pt-PT","potentialAction":[{"@type":"ReadAction","target":["https:\/\/portaltela.pt\/noticias\/2026\/03\/29\/papa-leao-xiv-reza-pelos-cristaos-do-medio-oriente\/"]}]},{"@type":"ImageObject","inLanguage":"pt-PT","@id":"https:\/\/portaltela.pt\/noticias\/2026\/03\/29\/papa-leao-xiv-reza-pelos-cristaos-do-medio-oriente\/#primaryimage","url":"https:\/\/portaltela.pt\/s.01k8rhncp4jt1\/2026\/03\/img_1280x722uu2026-03-29-14-49-14-2275446.jpg","contentUrl":"https:\/\/portaltela.pt\/s.01k8rhncp4jt1\/2026\/03\/img_1280x722uu2026-03-29-14-49-14-2275446.jpg","width":796,"height":448,"caption":"Photo"},{"@type":"BreadcrumbList","@id":"https:\/\/portaltela.pt\/noticias\/2026\/03\/29\/papa-leao-xiv-reza-pelos-cristaos-do-medio-oriente\/#breadcrumb","itemListElement":[{"@type":"ListItem","position":1,"name":"In\u00edcio","item":"https:\/\/portaltela.pt\/"},{"@type":"ListItem","position":2,"name":"Papa Le\u00e3o XIV reza pelos crist\u00e3os do M\u00e9dio Oriente"}]},{"@type":"WebSite","@id":"https:\/\/portaltela.pt\/#website","url":"https:\/\/portaltela.pt\/","name":"Portal Tela Portugal","description":"","potentialAction":[{"@type":"SearchAction","target":{"@type":"EntryPoint","urlTemplate":"https:\/\/portaltela.pt\/?s={search_term_string}"},"query-input":{"@type":"PropertyValueSpecification","valueRequired":true,"valueName":"search_term_string"}}],"inLanguage":"pt-PT"},{"@type":"Person","@id":"https:\/\/portaltela.pt\/#\/schema\/person\/c4278d4a6028830caff9ee44b42d32ed","name":"Telinha","image":{"@type":"ImageObject","inLanguage":"pt-PT","@id":"https:\/\/portaltela.pt\/s.01k8rhncp4jt1\/2025\/11\/talking-bot-125x125.png","url":"https:\/\/portaltela.pt\/s.01k8rhncp4jt1\/2025\/11\/talking-bot-125x125.png","contentUrl":"https:\/\/portaltela.pt\/s.01k8rhncp4jt1\/2025\/11\/talking-bot-125x125.png","caption":"Telinha"},"sameAs":["https:\/\/portaltela.pt\/"],"url":"https:\/\/portaltela.pt\/por\/367410592786\/"}]}},"_links":{"self":[{"href":"https:\/\/portaltela.pt\/api\/wp\/v2\/posts\/425977","targetHints":{"allow":["GET"]}}],"collection":[{"href":"https:\/\/portaltela.pt\/api\/wp\/v2\/posts"}],"about":[{"href":"https:\/\/portaltela.pt\/api\/wp\/v2\/types\/post"}],"author":[{"embeddable":true,"href":"https:\/\/portaltela.pt\/api\/wp\/v2\/users\/2"}],"replies":[{"embeddable":true,"href":"https:\/\/portaltela.pt\/api\/wp\/v2\/comments?post=425977"}],"version-history":[{"count":0,"href":"https:\/\/portaltela.pt\/api\/wp\/v2\/posts\/425977\/revisions"}],"wp:featuredmedia":[{"embeddable":true,"href":"https:\/\/portaltela.pt\/api\/wp\/v2\/media\/425980"}],"wp:attachment":[{"href":"https:\/\/portaltela.pt\/api\/wp\/v2\/media?parent=425977"}],"wp:term":[{"taxonomy":"category","embeddable":true,"href":"https:\/\/portaltela.pt\/api\/wp\/v2\/categories?post=425977"},{"taxonomy":"post_tag","embeddable":true,"href":"https:\/\/portaltela.pt\/api\/wp\/v2\/tags?post=425977"}],"curies":[{"name":"wp","href":"https:\/\/api.w.org\/{rel}","templated":true}]}}