{"id":425975,"date":"2026-03-29T11:02:50","date_gmt":"2026-03-29T14:02:50","guid":{"rendered":"https:\/\/portaltela.pt\/noticias\/2026\/03\/29\/dois-mortos-e-quatro-feridos-entre-eles-uma-crianca-em-colisao-frontal-no-ic9\/"},"modified":"2026-03-29T11:02:50","modified_gmt":"2026-03-29T14:02:50","slug":"dois-mortos-e-quatro-feridos-entre-eles-uma-crianca-em-colisao-frontal-no-ic9","status":"publish","type":"post","link":"https:\/\/portaltela.pt\/noticias\/2026\/03\/29\/dois-mortos-e-quatro-feridos-entre-eles-uma-crianca-em-colisao-frontal-no-ic9\/","title":{"rendered":"Dois mortos e quatro feridos, entre eles uma crian\u00e7a, em colis\u00e3o frontal no IC9"},"content":{"rendered":"<p>Duas mulheres morreram num despiste frontal entre duas viaturas no IC9, no sentido Tomar-Nazar\u00e9, na madrugada deste domingo, em Our\u00e9m. A circula\u00e7\u00e3o ficou condicionada durante o socorro.<\/p>\n<p>Entre os feridos, tr\u00eas encontram-se em estado grave. Um menino de cinco anos, filho de uma das v\u00edtimas, foi retirado do local por via a\u00e9rea, num transporte do INEM.<\/p>\n<p>O IC9 esteve temporariamente encerrado, para permitir as opera\u00e7\u00f5es de socorro e limpeza. No local estiveram 34 operacionais das corpora\u00e7\u00f5es de Tomar, Caxarias e Our\u00e9m, al\u00e9m de VMER de Abrantes e Leiria.<\/p>\n<h3>Investiga\u00e7\u00e3o em curso<\/h3>\n<p>A GNR confirmou que o N\u00facleo de Investiga\u00e7\u00e3o de Acidentes de Via\u00e7\u00e3o est\u00e1 a apurar as causas do sucedido, com a participa\u00e7\u00e3o de peritos para determinar fatores contributivos. As informa\u00e7\u00f5es dispon\u00edveis n\u00e3o indicam outras circunst\u00e2ncias relevantes.<\/p>\n","protected":false},"excerpt":{"rendered":"<ul>\n<li>Dois mortos e quatro feridos, entre eles uma crian\u00e7a de cinco anos, em colis\u00e3o frontal no IC9, no sentido Tomar-Nazar\u00e9, em Our\u00e9m.<\/li>\n<li>A crian\u00e7a ferida foi retirada do local por helic\u00f3ptero do Instituto Nacional de Emerg\u00eancia M\u00e9dica (INEM) e est\u00e1 entre os feridos graves.<\/li>\n<li>O IC9 esteve temporariamente encerrado durante os trabalhos de socorro e limpeza.<\/li>\n<li>No local estiveram 34 operacionais das corpora\u00e7\u00f5es de Tomar, Caxarias e Our\u00e9m, bem como viaturas Viaturas M\u00e9dicas de Emerg\u00eancia e Reanima\u00e7\u00e3o (VMER) dos hospitais de Abrantes e Leiria.<\/li>\n<li>O N\u00facleo de Investiga\u00e7\u00e3o de Acidentes de Via\u00e7\u00e3o da Guarda Nacional Republicana est\u00e1 a apurar as causas do acidente.<\/li>\n<\/ul>\n","protected":false},"author":2,"featured_media":425979,"comment_status":"closed","ping_status":"closed","sticky":false,"template":"","format":"standard","meta":{"footnotes":""},"categories":[6849,1],"tags":[5487,2088,2335,894,1088,4462],"class_list":["post-425975","post","type-post","status-publish","format-standard","has-post-thumbnail","hentry","category-acidentes","category-noticias","tag-acidente","tag-acidente-de-viacao","tag-acidentes-rodoviarios","tag-nazare","tag-tomar","tag-vmer"],"yoast_head":"<!-- This site is optimized with the Yoast SEO plugin v27.2 - https:\/\/yoast.com\/product\/yoast-seo-wordpress\/ -->\n<title>Dois mortos e quatro feridos, entre eles uma crian\u00e7a, em colis\u00e3o frontal no IC9 - Portal Tela Portugal<\/title>\n<meta name=\"robots\" content=\"index, follow, max-snippet:-1, max-image-preview:large, max-video-preview:-1\" \/>\n<meta property=\"og:locale\" content=\"pt_PT\" \/>\n<meta property=\"og:type\" content=\"article\" \/>\n<meta property=\"og:title\" content=\"Dois mortos e quatro feridos, entre eles uma crian\u00e7a, em colis\u00e3o frontal no IC9 - Portal Tela Portugal\" \/>\n<meta property=\"og:description\" content=\"Dois mortos e quatro feridos, entre eles uma crian\u00e7a de cinco anos, em colis\u00e3o frontal no IC9, no sentido Tomar-Nazar\u00e9, em Our\u00e9m. A crian\u00e7a ferida foi retirada do local por helic\u00f3ptero do Instituto Nacional de Emerg\u00eancia M\u00e9dica (INEM) e est\u00e1 entre os feridos graves. O IC9 esteve temporariamente encerrado durante os trabalhos de socorro e limpeza. No local estiveram 34 operacionais das corpora\u00e7\u00f5es de Tomar, Caxarias e Our\u00e9m, bem como viaturas Viaturas M\u00e9dicas de Emerg\u00eancia e Reanima\u00e7\u00e3o (VMER) dos hospitais de Abrantes e Leiria. O N\u00facleo de Investiga\u00e7\u00e3o de Acidentes de Via\u00e7\u00e3o da Guarda Nacional Republicana est\u00e1 a apurar as causas do acidente.\" \/>\n<meta property=\"og:url\" content=\"https:\/\/portaltela.pt\/noticias\/2026\/03\/29\/dois-mortos-e-quatro-feridos-entre-eles-uma-crianca-em-colisao-frontal-no-ic9\/\" \/>\n<meta property=\"og:site_name\" content=\"Portal Tela Portugal\" \/>\n<meta property=\"article:published_time\" content=\"2026-03-29T14:02:50+00:00\" \/>\n<meta name=\"author\" content=\"Telinha\" \/>\n<meta name=\"twitter:card\" content=\"summary_large_image\" \/>\n<meta name=\"twitter:label1\" content=\"Escrito por\" \/>\n\t<meta name=\"twitter:data1\" content=\"Telinha\" \/>\n\t<meta name=\"twitter:label2\" content=\"Tempo estimado de leitura\" \/>\n\t<meta name=\"twitter:data2\" content=\"1 minuto\" \/>\n<script type=\"application\/ld+json\" class=\"yoast-schema-graph\">{\"@context\":\"https:\/\/schema.org\",\"@graph\":[{\"@type\":\"Article\",\"@id\":\"https:\/\/portaltela.pt\/noticias\/2026\/03\/29\/dois-mortos-e-quatro-feridos-entre-eles-uma-crianca-em-colisao-frontal-no-ic9\/#article\",\"isPartOf\":{\"@id\":\"https:\/\/portaltela.pt\/noticias\/2026\/03\/29\/dois-mortos-e-quatro-feridos-entre-eles-uma-crianca-em-colisao-frontal-no-ic9\/\"},\"author\":{\"name\":\"Telinha\",\"@id\":\"https:\/\/portaltela.pt\/#\/schema\/person\/c4278d4a6028830caff9ee44b42d32ed\"},\"headline\":\"Dois mortos e quatro feridos, entre eles uma crian\u00e7a, em colis\u00e3o frontal no IC9\",\"datePublished\":\"2026-03-29T14:02:50+00:00\",\"mainEntityOfPage\":{\"@id\":\"https:\/\/portaltela.pt\/noticias\/2026\/03\/29\/dois-mortos-e-quatro-feridos-entre-eles-uma-crianca-em-colisao-frontal-no-ic9\/\"},\"wordCount\":160,\"image\":{\"@id\":\"https:\/\/portaltela.pt\/noticias\/2026\/03\/29\/dois-mortos-e-quatro-feridos-entre-eles-uma-crianca-em-colisao-frontal-no-ic9\/#primaryimage\"},\"thumbnailUrl\":\"https:\/\/portaltela.pt\/s.01k8rhncp4jt1\/2026\/03\/img_1280x721uu2016-06-04-16-09-00-541238.jpg\",\"keywords\":[\"acidente\",\"acidente de via\u00e7\u00e3o\",\"acidentes rodovi\u00e1rios\",\"Nazar\u00e9\",\"Tomar\",\"VMER\"],\"articleSection\":[\"Acidentes\",\"Not\u00edcias\"],\"inLanguage\":\"pt-PT\"},{\"@type\":\"WebPage\",\"@id\":\"https:\/\/portaltela.pt\/noticias\/2026\/03\/29\/dois-mortos-e-quatro-feridos-entre-eles-uma-crianca-em-colisao-frontal-no-ic9\/\",\"url\":\"https:\/\/portaltela.pt\/noticias\/2026\/03\/29\/dois-mortos-e-quatro-feridos-entre-eles-uma-crianca-em-colisao-frontal-no-ic9\/\",\"name\":\"Dois mortos e quatro feridos, entre eles uma crian\u00e7a, em colis\u00e3o frontal no IC9 - Portal Tela Portugal\",\"isPartOf\":{\"@id\":\"https:\/\/portaltela.pt\/#website\"},\"primaryImageOfPage\":{\"@id\":\"https:\/\/portaltela.pt\/noticias\/2026\/03\/29\/dois-mortos-e-quatro-feridos-entre-eles-uma-crianca-em-colisao-frontal-no-ic9\/#primaryimage\"},\"image\":{\"@id\":\"https:\/\/portaltela.pt\/noticias\/2026\/03\/29\/dois-mortos-e-quatro-feridos-entre-eles-uma-crianca-em-colisao-frontal-no-ic9\/#primaryimage\"},\"thumbnailUrl\":\"https:\/\/portaltela.pt\/s.01k8rhncp4jt1\/2026\/03\/img_1280x721uu2016-06-04-16-09-00-541238.jpg\",\"datePublished\":\"2026-03-29T14:02:50+00:00\",\"author\":{\"@id\":\"https:\/\/portaltela.pt\/#\/schema\/person\/c4278d4a6028830caff9ee44b42d32ed\"},\"breadcrumb\":{\"@id\":\"https:\/\/portaltela.pt\/noticias\/2026\/03\/29\/dois-mortos-e-quatro-feridos-entre-eles-uma-crianca-em-colisao-frontal-no-ic9\/#breadcrumb\"},\"inLanguage\":\"pt-PT\",\"potentialAction\":[{\"@type\":\"ReadAction\",\"target\":[\"https:\/\/portaltela.pt\/noticias\/2026\/03\/29\/dois-mortos-e-quatro-feridos-entre-eles-uma-crianca-em-colisao-frontal-no-ic9\/\"]}]},{\"@type\":\"ImageObject\",\"inLanguage\":\"pt-PT\",\"@id\":\"https:\/\/portaltela.pt\/noticias\/2026\/03\/29\/dois-mortos-e-quatro-feridos-entre-eles-uma-crianca-em-colisao-frontal-no-ic9\/#primaryimage\",\"url\":\"https:\/\/portaltela.pt\/s.01k8rhncp4jt1\/2026\/03\/img_1280x721uu2016-06-04-16-09-00-541238.jpg\",\"contentUrl\":\"https:\/\/portaltela.pt\/s.01k8rhncp4jt1\/2026\/03\/img_1280x721uu2016-06-04-16-09-00-541238.jpg\",\"width\":796,\"height\":448,\"caption\":\"VMER, INEM\"},{\"@type\":\"BreadcrumbList\",\"@id\":\"https:\/\/portaltela.pt\/noticias\/2026\/03\/29\/dois-mortos-e-quatro-feridos-entre-eles-uma-crianca-em-colisao-frontal-no-ic9\/#breadcrumb\",\"itemListElement\":[{\"@type\":\"ListItem\",\"position\":1,\"name\":\"In\u00edcio\",\"item\":\"https:\/\/portaltela.pt\/\"},{\"@type\":\"ListItem\",\"position\":2,\"name\":\"Dois mortos e quatro feridos, entre eles uma crian\u00e7a, em colis\u00e3o frontal no IC9\"}]},{\"@type\":\"WebSite\",\"@id\":\"https:\/\/portaltela.pt\/#website\",\"url\":\"https:\/\/portaltela.pt\/\",\"name\":\"Portal Tela Portugal\",\"description\":\"\",\"potentialAction\":[{\"@type\":\"SearchAction\",\"target\":{\"@type\":\"EntryPoint\",\"urlTemplate\":\"https:\/\/portaltela.pt\/?s={search_term_string}\"},\"query-input\":{\"@type\":\"PropertyValueSpecification\",\"valueRequired\":true,\"valueName\":\"search_term_string\"}}],\"inLanguage\":\"pt-PT\"},{\"@type\":\"Person\",\"@id\":\"https:\/\/portaltela.pt\/#\/schema\/person\/c4278d4a6028830caff9ee44b42d32ed\",\"name\":\"Telinha\",\"image\":{\"@type\":\"ImageObject\",\"inLanguage\":\"pt-PT\",\"@id\":\"https:\/\/portaltela.pt\/s.01k8rhncp4jt1\/2025\/11\/talking-bot-125x125.png\",\"url\":\"https:\/\/portaltela.pt\/s.01k8rhncp4jt1\/2025\/11\/talking-bot-125x125.png\",\"contentUrl\":\"https:\/\/portaltela.pt\/s.01k8rhncp4jt1\/2025\/11\/talking-bot-125x125.png\",\"caption\":\"Telinha\"},\"sameAs\":[\"https:\/\/portaltela.pt\/\"],\"url\":\"https:\/\/portaltela.pt\/por\/367410592786\/\"}]}<\/script>\n<!-- \/ Yoast SEO plugin. -->","yoast_head_json":{"title":"Dois mortos e quatro feridos, entre eles uma crian\u00e7a, em colis\u00e3o frontal no IC9 - Portal Tela Portugal","robots":{"index":"index","follow":"follow","max-snippet":"max-snippet:-1","max-image-preview":"max-image-preview:large","max-video-preview":"max-video-preview:-1"},"og_locale":"pt_PT","og_type":"article","og_title":"Dois mortos e quatro feridos, entre eles uma crian\u00e7a, em colis\u00e3o frontal no IC9 - Portal Tela Portugal","og_description":"Dois mortos e quatro feridos, entre eles uma crian\u00e7a de cinco anos, em colis\u00e3o frontal no IC9, no sentido Tomar-Nazar\u00e9, em Our\u00e9m. A crian\u00e7a ferida foi retirada do local por helic\u00f3ptero do Instituto Nacional de Emerg\u00eancia M\u00e9dica (INEM) e est\u00e1 entre os feridos graves. O IC9 esteve temporariamente encerrado durante os trabalhos de socorro e limpeza. No local estiveram 34 operacionais das corpora\u00e7\u00f5es de Tomar, Caxarias e Our\u00e9m, bem como viaturas Viaturas M\u00e9dicas de Emerg\u00eancia e Reanima\u00e7\u00e3o (VMER) dos hospitais de Abrantes e Leiria. O N\u00facleo de Investiga\u00e7\u00e3o de Acidentes de Via\u00e7\u00e3o da Guarda Nacional Republicana est\u00e1 a apurar as causas do acidente.","og_url":"https:\/\/portaltela.pt\/noticias\/2026\/03\/29\/dois-mortos-e-quatro-feridos-entre-eles-uma-crianca-em-colisao-frontal-no-ic9\/","og_site_name":"Portal Tela Portugal","article_published_time":"2026-03-29T14:02:50+00:00","author":"Telinha","twitter_card":"summary_large_image","twitter_misc":{"Escrito por":"Telinha","Tempo estimado de leitura":"1 minuto"},"schema":{"@context":"https:\/\/schema.org","@graph":[{"@type":"Article","@id":"https:\/\/portaltela.pt\/noticias\/2026\/03\/29\/dois-mortos-e-quatro-feridos-entre-eles-uma-crianca-em-colisao-frontal-no-ic9\/#article","isPartOf":{"@id":"https:\/\/portaltela.pt\/noticias\/2026\/03\/29\/dois-mortos-e-quatro-feridos-entre-eles-uma-crianca-em-colisao-frontal-no-ic9\/"},"author":{"name":"Telinha","@id":"https:\/\/portaltela.pt\/#\/schema\/person\/c4278d4a6028830caff9ee44b42d32ed"},"headline":"Dois mortos e quatro feridos, entre eles uma crian\u00e7a, em colis\u00e3o frontal no IC9","datePublished":"2026-03-29T14:02:50+00:00","mainEntityOfPage":{"@id":"https:\/\/portaltela.pt\/noticias\/2026\/03\/29\/dois-mortos-e-quatro-feridos-entre-eles-uma-crianca-em-colisao-frontal-no-ic9\/"},"wordCount":160,"image":{"@id":"https:\/\/portaltela.pt\/noticias\/2026\/03\/29\/dois-mortos-e-quatro-feridos-entre-eles-uma-crianca-em-colisao-frontal-no-ic9\/#primaryimage"},"thumbnailUrl":"https:\/\/portaltela.pt\/s.01k8rhncp4jt1\/2026\/03\/img_1280x721uu2016-06-04-16-09-00-541238.jpg","keywords":["acidente","acidente de via\u00e7\u00e3o","acidentes rodovi\u00e1rios","Nazar\u00e9","Tomar","VMER"],"articleSection":["Acidentes","Not\u00edcias"],"inLanguage":"pt-PT"},{"@type":"WebPage","@id":"https:\/\/portaltela.pt\/noticias\/2026\/03\/29\/dois-mortos-e-quatro-feridos-entre-eles-uma-crianca-em-colisao-frontal-no-ic9\/","url":"https:\/\/portaltela.pt\/noticias\/2026\/03\/29\/dois-mortos-e-quatro-feridos-entre-eles-uma-crianca-em-colisao-frontal-no-ic9\/","name":"Dois mortos e quatro feridos, entre eles uma crian\u00e7a, em colis\u00e3o frontal no IC9 - Portal Tela Portugal","isPartOf":{"@id":"https:\/\/portaltela.pt\/#website"},"primaryImageOfPage":{"@id":"https:\/\/portaltela.pt\/noticias\/2026\/03\/29\/dois-mortos-e-quatro-feridos-entre-eles-uma-crianca-em-colisao-frontal-no-ic9\/#primaryimage"},"image":{"@id":"https:\/\/portaltela.pt\/noticias\/2026\/03\/29\/dois-mortos-e-quatro-feridos-entre-eles-uma-crianca-em-colisao-frontal-no-ic9\/#primaryimage"},"thumbnailUrl":"https:\/\/portaltela.pt\/s.01k8rhncp4jt1\/2026\/03\/img_1280x721uu2016-06-04-16-09-00-541238.jpg","datePublished":"2026-03-29T14:02:50+00:00","author":{"@id":"https:\/\/portaltela.pt\/#\/schema\/person\/c4278d4a6028830caff9ee44b42d32ed"},"breadcrumb":{"@id":"https:\/\/portaltela.pt\/noticias\/2026\/03\/29\/dois-mortos-e-quatro-feridos-entre-eles-uma-crianca-em-colisao-frontal-no-ic9\/#breadcrumb"},"inLanguage":"pt-PT","potentialAction":[{"@type":"ReadAction","target":["https:\/\/portaltela.pt\/noticias\/2026\/03\/29\/dois-mortos-e-quatro-feridos-entre-eles-uma-crianca-em-colisao-frontal-no-ic9\/"]}]},{"@type":"ImageObject","inLanguage":"pt-PT","@id":"https:\/\/portaltela.pt\/noticias\/2026\/03\/29\/dois-mortos-e-quatro-feridos-entre-eles-uma-crianca-em-colisao-frontal-no-ic9\/#primaryimage","url":"https:\/\/portaltela.pt\/s.01k8rhncp4jt1\/2026\/03\/img_1280x721uu2016-06-04-16-09-00-541238.jpg","contentUrl":"https:\/\/portaltela.pt\/s.01k8rhncp4jt1\/2026\/03\/img_1280x721uu2016-06-04-16-09-00-541238.jpg","width":796,"height":448,"caption":"VMER, INEM"},{"@type":"BreadcrumbList","@id":"https:\/\/portaltela.pt\/noticias\/2026\/03\/29\/dois-mortos-e-quatro-feridos-entre-eles-uma-crianca-em-colisao-frontal-no-ic9\/#breadcrumb","itemListElement":[{"@type":"ListItem","position":1,"name":"In\u00edcio","item":"https:\/\/portaltela.pt\/"},{"@type":"ListItem","position":2,"name":"Dois mortos e quatro feridos, entre eles uma crian\u00e7a, em colis\u00e3o frontal no IC9"}]},{"@type":"WebSite","@id":"https:\/\/portaltela.pt\/#website","url":"https:\/\/portaltela.pt\/","name":"Portal Tela Portugal","description":"","potentialAction":[{"@type":"SearchAction","target":{"@type":"EntryPoint","urlTemplate":"https:\/\/portaltela.pt\/?s={search_term_string}"},"query-input":{"@type":"PropertyValueSpecification","valueRequired":true,"valueName":"search_term_string"}}],"inLanguage":"pt-PT"},{"@type":"Person","@id":"https:\/\/portaltela.pt\/#\/schema\/person\/c4278d4a6028830caff9ee44b42d32ed","name":"Telinha","image":{"@type":"ImageObject","inLanguage":"pt-PT","@id":"https:\/\/portaltela.pt\/s.01k8rhncp4jt1\/2025\/11\/talking-bot-125x125.png","url":"https:\/\/portaltela.pt\/s.01k8rhncp4jt1\/2025\/11\/talking-bot-125x125.png","contentUrl":"https:\/\/portaltela.pt\/s.01k8rhncp4jt1\/2025\/11\/talking-bot-125x125.png","caption":"Telinha"},"sameAs":["https:\/\/portaltela.pt\/"],"url":"https:\/\/portaltela.pt\/por\/367410592786\/"}]}},"_links":{"self":[{"href":"https:\/\/portaltela.pt\/api\/wp\/v2\/posts\/425975","targetHints":{"allow":["GET"]}}],"collection":[{"href":"https:\/\/portaltela.pt\/api\/wp\/v2\/posts"}],"about":[{"href":"https:\/\/portaltela.pt\/api\/wp\/v2\/types\/post"}],"author":[{"embeddable":true,"href":"https:\/\/portaltela.pt\/api\/wp\/v2\/users\/2"}],"replies":[{"embeddable":true,"href":"https:\/\/portaltela.pt\/api\/wp\/v2\/comments?post=425975"}],"version-history":[{"count":0,"href":"https:\/\/portaltela.pt\/api\/wp\/v2\/posts\/425975\/revisions"}],"wp:featuredmedia":[{"embeddable":true,"href":"https:\/\/portaltela.pt\/api\/wp\/v2\/media\/425979"}],"wp:attachment":[{"href":"https:\/\/portaltela.pt\/api\/wp\/v2\/media?parent=425975"}],"wp:term":[{"taxonomy":"category","embeddable":true,"href":"https:\/\/portaltela.pt\/api\/wp\/v2\/categories?post=425975"},{"taxonomy":"post_tag","embeddable":true,"href":"https:\/\/portaltela.pt\/api\/wp\/v2\/tags?post=425975"}],"curies":[{"name":"wp","href":"https:\/\/api.w.org\/{rel}","templated":true}]}}