{"id":425973,"date":"2026-03-29T11:02:48","date_gmt":"2026-03-29T14:02:48","guid":{"rendered":"https:\/\/portaltela.pt\/noticias\/2026\/03\/29\/ex-primeiro-ministro-britanico-acusa-esquerda-de-antissemitismo-e-alianca-com-islamitas\/"},"modified":"2026-03-29T11:02:48","modified_gmt":"2026-03-29T14:02:48","slug":"ex-primeiro-ministro-britanico-acusa-esquerda-de-antissemitismo-e-alianca-com-islamitas","status":"publish","type":"post","link":"https:\/\/portaltela.pt\/noticias\/internacional\/2026\/03\/29\/ex-primeiro-ministro-britanico-acusa-esquerda-de-antissemitismo-e-alianca-com-islamitas\/","title":{"rendered":"Ex-primeiro-ministro brit\u00e2nico acusa esquerda de antissemitismo e alian\u00e7a com islamitas"},"content":{"rendered":"<p>Tony Blair lan\u00e7ou acusa\u00e7\u00f5es contra a esquerda do Reino Unido, dizendo que \u00e9 antissemita por ser conivente com o islamismo pol\u00edtico. O ex-primeiro-ministro publicou um artigo no The Times, citado pela EFE, com o t\u00edtulo Devemos acabar com a alian\u00e7a profana da esquerda com os islamitas.<\/p>\n<p>Blair sustenta que \u00e9 leg\u00edtimo criticar o Estado de Israel, mas que essa cr\u00edtica pode degenerar em antissemitismo. O ex-l\u00edder afirmou que partes da esquerda apresentam comunidades judaicas como defensoras de Israel, tornando os judeus alvos de ataques.<\/p>\n<p>O coment\u00e1rio surge ap\u00f3s o aumento dos incidentes antissemita no Reino Unido, incluindo o ataque a uma sinagoga em Manchester em outubro de 2025, que deixou mortos e feridos. Blair afirma que existe um antissemitismo moderno em v\u00e1rios pa\u00edses europeus, levando alguns judeus a emigrar para Israel.<\/p>\n<p>Blair defende que o antissemitismo assumiu novas formas e que h\u00e1 uma vers\u00e3o da esquerda que se aliaria aos islamitas. Segundo ele, esse novo antissemitismo foi alimentado pela recusa em reconhecer as raz\u00f5es de Israel para a guerra em Gaza ap\u00f3s 7 de outubro de 2022.<\/p>\n<p>Na defesa de Israel, Blair tamb\u00e9m cita declara\u00e7\u00f5es de Benjamin Netanyahu sobre a proibi\u00e7\u00e3o de entradas de bens em Gaza, argumentando que essa medida se passa pela preocupa\u00e7\u00e3o com o uso desses materiais para fins terroristas.<\/p>\n","protected":false},"excerpt":{"rendered":"<ul>\n<li>Tony Blair acusou a esquerda do Reino Unido de antissemita por ser demasiado complacente com o islamismo pol\u00edtico.<\/li>\n<li>Em artigo no The Times, Blair disse que \u00e9 leg\u00edtimo criticar Israel, mas muitas vezes isso deriva em antissemitismo.<\/li>\n<li>Citou o aumento de incidentes antissem\u00edticos no Reino Unido, incluindo o ataque a uma sinagoga em Manchester, em outubro de 2025, que deixou mortos e feridos.<\/li>\n<li>Defendeu que existe um antissemitismo moderno e que parte das comunidades judaicas com ra\u00edzes na Europa pode emigrar para Israel por se sentirem inseguras na Europa.<\/li>\n<li>Afirmou haver uma \u201cvers\u00e3o da esquerda\u201d em alian\u00e7a com islamitas e associou o fen\u00f4meno \u00e0 recusa em reconhecer as raz\u00f5es de Israel para a guerra em Gaza desde 7 de outubro de 2022; reiterou cr\u00edticas \u00e0s raz\u00f5es de Netanyahu sobre a proibi\u00e7\u00e3o de bens em Gaza.<\/li>\n<\/ul>\n","protected":false},"author":2,"featured_media":425978,"comment_status":"closed","ping_status":"closed","sticky":false,"template":"","format":"standard","meta":{"footnotes":""},"categories":[6814,4],"tags":[1383,2633,3651,3708,5698,2111],"class_list":["post-425973","post","type-post","status-publish","format-standard","has-post-thumbnail","hentry","category-geopolitica","category-internacional","tag-antissemitismo","tag-direitos-humanos","tag-gaza","tag-israel","tag-politica-internacional","tag-reino-unido"],"yoast_head":"<!-- This site is optimized with the Yoast SEO plugin v27.2 - https:\/\/yoast.com\/product\/yoast-seo-wordpress\/ -->\n<title>Ex-primeiro-ministro brit\u00e2nico acusa esquerda de antissemitismo e alian\u00e7a com islamitas - Portal Tela Portugal<\/title>\n<meta name=\"robots\" content=\"index, follow, max-snippet:-1, max-image-preview:large, max-video-preview:-1\" \/>\n<meta property=\"og:locale\" content=\"pt_PT\" \/>\n<meta property=\"og:type\" content=\"article\" \/>\n<meta property=\"og:title\" content=\"Ex-primeiro-ministro brit\u00e2nico acusa esquerda de antissemitismo e alian\u00e7a com islamitas - Portal Tela Portugal\" \/>\n<meta property=\"og:description\" content=\"Tony Blair acusou a esquerda do Reino Unido de antissemita por ser demasiado complacente com o islamismo pol\u00edtico. Em artigo no The Times, Blair disse que \u00e9 leg\u00edtimo criticar Israel, mas muitas vezes isso deriva em antissemitismo. Citou o aumento de incidentes antissem\u00edticos no Reino Unido, incluindo o ataque a uma sinagoga em Manchester, em outubro de 2025, que deixou mortos e feridos. Defendeu que existe um antissemitismo moderno e que parte das comunidades judaicas com ra\u00edzes na Europa pode emigrar para Israel por se sentirem inseguras na Europa. Afirmou haver uma \u201cvers\u00e3o da esquerda\u201d em alian\u00e7a com islamitas e associou o fen\u00f4meno \u00e0 recusa em reconhecer as raz\u00f5es de Israel para a guerra em Gaza desde 7 de outubro de 2022; reiterou cr\u00edticas \u00e0s raz\u00f5es de Netanyahu sobre a proibi\u00e7\u00e3o de bens em Gaza.\" \/>\n<meta property=\"og:url\" content=\"https:\/\/portaltela.pt\/noticias\/2026\/03\/29\/ex-primeiro-ministro-britanico-acusa-esquerda-de-antissemitismo-e-alianca-com-islamitas\/\" \/>\n<meta property=\"og:site_name\" content=\"Portal Tela Portugal\" \/>\n<meta property=\"article:published_time\" content=\"2026-03-29T14:02:48+00:00\" \/>\n<meta name=\"author\" content=\"Telinha\" \/>\n<meta name=\"twitter:card\" content=\"summary_large_image\" \/>\n<meta name=\"twitter:label1\" content=\"Escrito por\" \/>\n\t<meta name=\"twitter:data1\" content=\"Telinha\" \/>\n\t<meta name=\"twitter:label2\" content=\"Tempo estimado de leitura\" \/>\n\t<meta name=\"twitter:data2\" content=\"1 minuto\" \/>\n<script type=\"application\/ld+json\" class=\"yoast-schema-graph\">{\"@context\":\"https:\/\/schema.org\",\"@graph\":[{\"@type\":\"Article\",\"@id\":\"https:\/\/portaltela.pt\/noticias\/2026\/03\/29\/ex-primeiro-ministro-britanico-acusa-esquerda-de-antissemitismo-e-alianca-com-islamitas\/#article\",\"isPartOf\":{\"@id\":\"https:\/\/portaltela.pt\/noticias\/2026\/03\/29\/ex-primeiro-ministro-britanico-acusa-esquerda-de-antissemitismo-e-alianca-com-islamitas\/\"},\"author\":{\"name\":\"Telinha\",\"@id\":\"https:\/\/portaltela.pt\/#\/schema\/person\/c4278d4a6028830caff9ee44b42d32ed\"},\"headline\":\"Ex-primeiro-ministro brit\u00e2nico acusa esquerda de antissemitismo e alian\u00e7a com islamitas\",\"datePublished\":\"2026-03-29T14:02:48+00:00\",\"mainEntityOfPage\":{\"@id\":\"https:\/\/portaltela.pt\/noticias\/2026\/03\/29\/ex-primeiro-ministro-britanico-acusa-esquerda-de-antissemitismo-e-alianca-com-islamitas\/\"},\"wordCount\":239,\"image\":{\"@id\":\"https:\/\/portaltela.pt\/noticias\/2026\/03\/29\/ex-primeiro-ministro-britanico-acusa-esquerda-de-antissemitismo-e-alianca-com-islamitas\/#primaryimage\"},\"thumbnailUrl\":\"https:\/\/portaltela.pt\/s.01k8rhncp4jt1\/2026\/03\/img_1500x1000uu2018-12-17-00-02-52-806326.jpg\",\"keywords\":[\"antissemitismo\",\"direitos humanos\",\"Gaza\",\"Israel\",\"pol\u00edtica internacional\",\"Reino Unido\"],\"articleSection\":[\"Geopol\u00edtica\",\"Internacional\"],\"inLanguage\":\"pt-PT\"},{\"@type\":\"WebPage\",\"@id\":\"https:\/\/portaltela.pt\/noticias\/2026\/03\/29\/ex-primeiro-ministro-britanico-acusa-esquerda-de-antissemitismo-e-alianca-com-islamitas\/\",\"url\":\"https:\/\/portaltela.pt\/noticias\/2026\/03\/29\/ex-primeiro-ministro-britanico-acusa-esquerda-de-antissemitismo-e-alianca-com-islamitas\/\",\"name\":\"Ex-primeiro-ministro brit\u00e2nico acusa esquerda de antissemitismo e alian\u00e7a com islamitas - Portal Tela Portugal\",\"isPartOf\":{\"@id\":\"https:\/\/portaltela.pt\/#website\"},\"primaryImageOfPage\":{\"@id\":\"https:\/\/portaltela.pt\/noticias\/2026\/03\/29\/ex-primeiro-ministro-britanico-acusa-esquerda-de-antissemitismo-e-alianca-com-islamitas\/#primaryimage\"},\"image\":{\"@id\":\"https:\/\/portaltela.pt\/noticias\/2026\/03\/29\/ex-primeiro-ministro-britanico-acusa-esquerda-de-antissemitismo-e-alianca-com-islamitas\/#primaryimage\"},\"thumbnailUrl\":\"https:\/\/portaltela.pt\/s.01k8rhncp4jt1\/2026\/03\/img_1500x1000uu2018-12-17-00-02-52-806326.jpg\",\"datePublished\":\"2026-03-29T14:02:48+00:00\",\"author\":{\"@id\":\"https:\/\/portaltela.pt\/#\/schema\/person\/c4278d4a6028830caff9ee44b42d32ed\"},\"breadcrumb\":{\"@id\":\"https:\/\/portaltela.pt\/noticias\/2026\/03\/29\/ex-primeiro-ministro-britanico-acusa-esquerda-de-antissemitismo-e-alianca-com-islamitas\/#breadcrumb\"},\"inLanguage\":\"pt-PT\",\"potentialAction\":[{\"@type\":\"ReadAction\",\"target\":[\"https:\/\/portaltela.pt\/noticias\/2026\/03\/29\/ex-primeiro-ministro-britanico-acusa-esquerda-de-antissemitismo-e-alianca-com-islamitas\/\"]}]},{\"@type\":\"ImageObject\",\"inLanguage\":\"pt-PT\",\"@id\":\"https:\/\/portaltela.pt\/noticias\/2026\/03\/29\/ex-primeiro-ministro-britanico-acusa-esquerda-de-antissemitismo-e-alianca-com-islamitas\/#primaryimage\",\"url\":\"https:\/\/portaltela.pt\/s.01k8rhncp4jt1\/2026\/03\/img_1500x1000uu2018-12-17-00-02-52-806326.jpg\",\"contentUrl\":\"https:\/\/portaltela.pt\/s.01k8rhncp4jt1\/2026\/03\/img_1500x1000uu2018-12-17-00-02-52-806326.jpg\",\"width\":796,\"height\":448,\"caption\":\"Tony Blair\"},{\"@type\":\"BreadcrumbList\",\"@id\":\"https:\/\/portaltela.pt\/noticias\/2026\/03\/29\/ex-primeiro-ministro-britanico-acusa-esquerda-de-antissemitismo-e-alianca-com-islamitas\/#breadcrumb\",\"itemListElement\":[{\"@type\":\"ListItem\",\"position\":1,\"name\":\"In\u00edcio\",\"item\":\"https:\/\/portaltela.pt\/\"},{\"@type\":\"ListItem\",\"position\":2,\"name\":\"Ex-primeiro-ministro brit\u00e2nico acusa esquerda de antissemitismo e alian\u00e7a com islamitas\"}]},{\"@type\":\"WebSite\",\"@id\":\"https:\/\/portaltela.pt\/#website\",\"url\":\"https:\/\/portaltela.pt\/\",\"name\":\"Portal Tela Portugal\",\"description\":\"\",\"potentialAction\":[{\"@type\":\"SearchAction\",\"target\":{\"@type\":\"EntryPoint\",\"urlTemplate\":\"https:\/\/portaltela.pt\/?s={search_term_string}\"},\"query-input\":{\"@type\":\"PropertyValueSpecification\",\"valueRequired\":true,\"valueName\":\"search_term_string\"}}],\"inLanguage\":\"pt-PT\"},{\"@type\":\"Person\",\"@id\":\"https:\/\/portaltela.pt\/#\/schema\/person\/c4278d4a6028830caff9ee44b42d32ed\",\"name\":\"Telinha\",\"image\":{\"@type\":\"ImageObject\",\"inLanguage\":\"pt-PT\",\"@id\":\"https:\/\/portaltela.pt\/s.01k8rhncp4jt1\/2025\/11\/talking-bot-125x125.png\",\"url\":\"https:\/\/portaltela.pt\/s.01k8rhncp4jt1\/2025\/11\/talking-bot-125x125.png\",\"contentUrl\":\"https:\/\/portaltela.pt\/s.01k8rhncp4jt1\/2025\/11\/talking-bot-125x125.png\",\"caption\":\"Telinha\"},\"sameAs\":[\"https:\/\/portaltela.pt\/\"],\"url\":\"https:\/\/portaltela.pt\/por\/367410592786\/\"}]}<\/script>\n<!-- \/ Yoast SEO plugin. -->","yoast_head_json":{"title":"Ex-primeiro-ministro brit\u00e2nico acusa esquerda de antissemitismo e alian\u00e7a com islamitas - Portal Tela Portugal","robots":{"index":"index","follow":"follow","max-snippet":"max-snippet:-1","max-image-preview":"max-image-preview:large","max-video-preview":"max-video-preview:-1"},"og_locale":"pt_PT","og_type":"article","og_title":"Ex-primeiro-ministro brit\u00e2nico acusa esquerda de antissemitismo e alian\u00e7a com islamitas - Portal Tela Portugal","og_description":"Tony Blair acusou a esquerda do Reino Unido de antissemita por ser demasiado complacente com o islamismo pol\u00edtico. Em artigo no The Times, Blair disse que \u00e9 leg\u00edtimo criticar Israel, mas muitas vezes isso deriva em antissemitismo. Citou o aumento de incidentes antissem\u00edticos no Reino Unido, incluindo o ataque a uma sinagoga em Manchester, em outubro de 2025, que deixou mortos e feridos. Defendeu que existe um antissemitismo moderno e que parte das comunidades judaicas com ra\u00edzes na Europa pode emigrar para Israel por se sentirem inseguras na Europa. Afirmou haver uma \u201cvers\u00e3o da esquerda\u201d em alian\u00e7a com islamitas e associou o fen\u00f4meno \u00e0 recusa em reconhecer as raz\u00f5es de Israel para a guerra em Gaza desde 7 de outubro de 2022; reiterou cr\u00edticas \u00e0s raz\u00f5es de Netanyahu sobre a proibi\u00e7\u00e3o de bens em Gaza.","og_url":"https:\/\/portaltela.pt\/noticias\/2026\/03\/29\/ex-primeiro-ministro-britanico-acusa-esquerda-de-antissemitismo-e-alianca-com-islamitas\/","og_site_name":"Portal Tela Portugal","article_published_time":"2026-03-29T14:02:48+00:00","author":"Telinha","twitter_card":"summary_large_image","twitter_misc":{"Escrito por":"Telinha","Tempo estimado de leitura":"1 minuto"},"schema":{"@context":"https:\/\/schema.org","@graph":[{"@type":"Article","@id":"https:\/\/portaltela.pt\/noticias\/2026\/03\/29\/ex-primeiro-ministro-britanico-acusa-esquerda-de-antissemitismo-e-alianca-com-islamitas\/#article","isPartOf":{"@id":"https:\/\/portaltela.pt\/noticias\/2026\/03\/29\/ex-primeiro-ministro-britanico-acusa-esquerda-de-antissemitismo-e-alianca-com-islamitas\/"},"author":{"name":"Telinha","@id":"https:\/\/portaltela.pt\/#\/schema\/person\/c4278d4a6028830caff9ee44b42d32ed"},"headline":"Ex-primeiro-ministro brit\u00e2nico acusa esquerda de antissemitismo e alian\u00e7a com islamitas","datePublished":"2026-03-29T14:02:48+00:00","mainEntityOfPage":{"@id":"https:\/\/portaltela.pt\/noticias\/2026\/03\/29\/ex-primeiro-ministro-britanico-acusa-esquerda-de-antissemitismo-e-alianca-com-islamitas\/"},"wordCount":239,"image":{"@id":"https:\/\/portaltela.pt\/noticias\/2026\/03\/29\/ex-primeiro-ministro-britanico-acusa-esquerda-de-antissemitismo-e-alianca-com-islamitas\/#primaryimage"},"thumbnailUrl":"https:\/\/portaltela.pt\/s.01k8rhncp4jt1\/2026\/03\/img_1500x1000uu2018-12-17-00-02-52-806326.jpg","keywords":["antissemitismo","direitos humanos","Gaza","Israel","pol\u00edtica internacional","Reino Unido"],"articleSection":["Geopol\u00edtica","Internacional"],"inLanguage":"pt-PT"},{"@type":"WebPage","@id":"https:\/\/portaltela.pt\/noticias\/2026\/03\/29\/ex-primeiro-ministro-britanico-acusa-esquerda-de-antissemitismo-e-alianca-com-islamitas\/","url":"https:\/\/portaltela.pt\/noticias\/2026\/03\/29\/ex-primeiro-ministro-britanico-acusa-esquerda-de-antissemitismo-e-alianca-com-islamitas\/","name":"Ex-primeiro-ministro brit\u00e2nico acusa esquerda de antissemitismo e alian\u00e7a com islamitas - Portal Tela Portugal","isPartOf":{"@id":"https:\/\/portaltela.pt\/#website"},"primaryImageOfPage":{"@id":"https:\/\/portaltela.pt\/noticias\/2026\/03\/29\/ex-primeiro-ministro-britanico-acusa-esquerda-de-antissemitismo-e-alianca-com-islamitas\/#primaryimage"},"image":{"@id":"https:\/\/portaltela.pt\/noticias\/2026\/03\/29\/ex-primeiro-ministro-britanico-acusa-esquerda-de-antissemitismo-e-alianca-com-islamitas\/#primaryimage"},"thumbnailUrl":"https:\/\/portaltela.pt\/s.01k8rhncp4jt1\/2026\/03\/img_1500x1000uu2018-12-17-00-02-52-806326.jpg","datePublished":"2026-03-29T14:02:48+00:00","author":{"@id":"https:\/\/portaltela.pt\/#\/schema\/person\/c4278d4a6028830caff9ee44b42d32ed"},"breadcrumb":{"@id":"https:\/\/portaltela.pt\/noticias\/2026\/03\/29\/ex-primeiro-ministro-britanico-acusa-esquerda-de-antissemitismo-e-alianca-com-islamitas\/#breadcrumb"},"inLanguage":"pt-PT","potentialAction":[{"@type":"ReadAction","target":["https:\/\/portaltela.pt\/noticias\/2026\/03\/29\/ex-primeiro-ministro-britanico-acusa-esquerda-de-antissemitismo-e-alianca-com-islamitas\/"]}]},{"@type":"ImageObject","inLanguage":"pt-PT","@id":"https:\/\/portaltela.pt\/noticias\/2026\/03\/29\/ex-primeiro-ministro-britanico-acusa-esquerda-de-antissemitismo-e-alianca-com-islamitas\/#primaryimage","url":"https:\/\/portaltela.pt\/s.01k8rhncp4jt1\/2026\/03\/img_1500x1000uu2018-12-17-00-02-52-806326.jpg","contentUrl":"https:\/\/portaltela.pt\/s.01k8rhncp4jt1\/2026\/03\/img_1500x1000uu2018-12-17-00-02-52-806326.jpg","width":796,"height":448,"caption":"Tony Blair"},{"@type":"BreadcrumbList","@id":"https:\/\/portaltela.pt\/noticias\/2026\/03\/29\/ex-primeiro-ministro-britanico-acusa-esquerda-de-antissemitismo-e-alianca-com-islamitas\/#breadcrumb","itemListElement":[{"@type":"ListItem","position":1,"name":"In\u00edcio","item":"https:\/\/portaltela.pt\/"},{"@type":"ListItem","position":2,"name":"Ex-primeiro-ministro brit\u00e2nico acusa esquerda de antissemitismo e alian\u00e7a com islamitas"}]},{"@type":"WebSite","@id":"https:\/\/portaltela.pt\/#website","url":"https:\/\/portaltela.pt\/","name":"Portal Tela Portugal","description":"","potentialAction":[{"@type":"SearchAction","target":{"@type":"EntryPoint","urlTemplate":"https:\/\/portaltela.pt\/?s={search_term_string}"},"query-input":{"@type":"PropertyValueSpecification","valueRequired":true,"valueName":"search_term_string"}}],"inLanguage":"pt-PT"},{"@type":"Person","@id":"https:\/\/portaltela.pt\/#\/schema\/person\/c4278d4a6028830caff9ee44b42d32ed","name":"Telinha","image":{"@type":"ImageObject","inLanguage":"pt-PT","@id":"https:\/\/portaltela.pt\/s.01k8rhncp4jt1\/2025\/11\/talking-bot-125x125.png","url":"https:\/\/portaltela.pt\/s.01k8rhncp4jt1\/2025\/11\/talking-bot-125x125.png","contentUrl":"https:\/\/portaltela.pt\/s.01k8rhncp4jt1\/2025\/11\/talking-bot-125x125.png","caption":"Telinha"},"sameAs":["https:\/\/portaltela.pt\/"],"url":"https:\/\/portaltela.pt\/por\/367410592786\/"}]}},"_links":{"self":[{"href":"https:\/\/portaltela.pt\/api\/wp\/v2\/posts\/425973","targetHints":{"allow":["GET"]}}],"collection":[{"href":"https:\/\/portaltela.pt\/api\/wp\/v2\/posts"}],"about":[{"href":"https:\/\/portaltela.pt\/api\/wp\/v2\/types\/post"}],"author":[{"embeddable":true,"href":"https:\/\/portaltela.pt\/api\/wp\/v2\/users\/2"}],"replies":[{"embeddable":true,"href":"https:\/\/portaltela.pt\/api\/wp\/v2\/comments?post=425973"}],"version-history":[{"count":0,"href":"https:\/\/portaltela.pt\/api\/wp\/v2\/posts\/425973\/revisions"}],"wp:featuredmedia":[{"embeddable":true,"href":"https:\/\/portaltela.pt\/api\/wp\/v2\/media\/425978"}],"wp:attachment":[{"href":"https:\/\/portaltela.pt\/api\/wp\/v2\/media?parent=425973"}],"wp:term":[{"taxonomy":"category","embeddable":true,"href":"https:\/\/portaltela.pt\/api\/wp\/v2\/categories?post=425973"},{"taxonomy":"post_tag","embeddable":true,"href":"https:\/\/portaltela.pt\/api\/wp\/v2\/tags?post=425973"}],"curies":[{"name":"wp","href":"https:\/\/api.w.org\/{rel}","templated":true}]}}