{"id":425972,"date":"2026-03-29T11:02:46","date_gmt":"2026-03-29T14:02:46","guid":{"rendered":"https:\/\/portaltela.pt\/noticias\/2026\/03\/29\/japao-planeia-instalar-misseis-antinavio-numa-ilha-pacifica-a-1-800-km-de-toquio\/"},"modified":"2026-03-29T11:02:46","modified_gmt":"2026-03-29T14:02:46","slug":"japao-planeia-instalar-misseis-antinavio-numa-ilha-pacifica-a-1-800-km-de-toquio","status":"publish","type":"post","link":"https:\/\/portaltela.pt\/geopolitica\/2026\/03\/29\/japao-planeia-instalar-misseis-antinavio-numa-ilha-pacifica-a-1-800-km-de-toquio\/","title":{"rendered":"Jap\u00e3o planeia instalar m\u00edsseis antinavio numa ilha pac\u00edfica a 1.800 km de T\u00f3quio"},"content":{"rendered":"<p>O Jap\u00e3o planeia instalar um sistema de m\u00edsseis antinavio na ilha de Minamitorishima, no Extremo Oriente, a mais de 1800 quil\u00f3metros de T\u00f3quio. A decis\u00e3o insere-se numa conjuntura de intensifica\u00e7\u00e3o da tens\u00e3o regional com a China. O governo, liderado por uma linha nacionalista, acelera refor\u00e7os militares fora do territ\u00f3rio principal.<\/p>\n<p>Segundo informa\u00e7\u00f5es confirmadas h\u00e1 cerca de um m\u00eas, o pa\u00eds prossegue com a instala\u00e7\u00e3o de m\u00edsseis terra-ar at\u00e9 2031 na ilha de Yonaguni, junto a Taiwan. Agora, o foco recai sobre Minamitorishima, onde se planeia posicionar o sistema de m\u00edsseis antinavio, entre outros ativos.<\/p>\n<p>A localiza\u00e7\u00e3o remota de Minamitorishima refor\u00e7a o papel estrat\u00e9gico deste territ\u00f3rio remoto, que fica no Pac\u00edfico nordeste. As autoridades n\u00e3o detalharam o calend\u00e1rio exato nem os custos envolvidos no projeto.<\/p>\n<h3>Contexto regional<\/h3>\n<p>O an\u00fancio surge em meio a uma maior competi\u00e7\u00e3o estrat\u00e9gica na regi\u00e3o e ao deteriorar das rela\u00e7\u00f5es com a China. O Governo japon\u00eas tem enfatizado a necessidade de refor\u00e7ar capacidades defensivas e de dissuas\u00e3o na zona.<\/p>\n<h3>Perspectiva de implementa\u00e7\u00e3o<\/h3>\n<p>Especialistas apontam que o planeamento envolve coordena\u00e7\u00e3o infraestrutural, treino e integra\u00e7\u00e3o com outras for\u00e7as, mantendo o foco na estabilidade regional. As autoridades n\u00e3o divulgaram n\u00fameros oficiais nem prazos concretos para Minamitorishima.<\/p>\n","protected":false},"excerpt":{"rendered":"<ul>\n<li>O Governo do Jap\u00e3o planeia instalar um sistema de m\u00edsseis antinavio em Minamitorishima, no Extremo Oriente, a mais de 1 800 quil\u00f3metros de T\u00f3quio.<\/li>\n<li>A decis\u00e3o segue planos j\u00e1 confirmados h\u00e1 um m\u00eas para colocar m\u00edsseis terra-ar at\u00e9 2031 na ilha de Yonaguni, perto de Taiwan.<\/li>\n<li>A medida ocorre numa altura de competi\u00e7\u00e3o estrat\u00e9gica e de deteriora\u00e7\u00e3o das rela\u00e7\u00f5es com a China.<\/li>\n<li>O Governo, liderado pela figura nacionalista Takaichi, investe em meios militares longe do territ\u00f3rio principal do Jap\u00e3o.<\/li>\n<\/ul>\n","protected":false},"author":2,"featured_media":425976,"comment_status":"closed","ping_status":"closed","sticky":false,"template":"","format":"standard","meta":{"footnotes":""},"categories":[6814],"tags":[165,182,7470,2198,6574,1779],"class_list":["post-425972","post","type-post","status-publish","format-standard","has-post-thumbnail","hentry","category-geopolitica","tag-armamento","tag-armas","tag-china","tag-conflitos-internacionais","tag-defesa","tag-forcas-armadas"],"yoast_head":"<!-- This site is optimized with the Yoast SEO plugin v27.2 - https:\/\/yoast.com\/product\/yoast-seo-wordpress\/ -->\n<title>Jap\u00e3o planeia instalar m\u00edsseis antinavio numa ilha pac\u00edfica a 1.800 km de T\u00f3quio - Portal Tela Portugal<\/title>\n<meta name=\"robots\" content=\"index, follow, max-snippet:-1, max-image-preview:large, max-video-preview:-1\" \/>\n<meta property=\"og:locale\" content=\"pt_PT\" \/>\n<meta property=\"og:type\" content=\"article\" \/>\n<meta property=\"og:title\" content=\"Jap\u00e3o planeia instalar m\u00edsseis antinavio numa ilha pac\u00edfica a 1.800 km de T\u00f3quio - Portal Tela Portugal\" \/>\n<meta property=\"og:description\" content=\"O Governo do Jap\u00e3o planeia instalar um sistema de m\u00edsseis antinavio em Minamitorishima, no Extremo Oriente, a mais de 1 800 quil\u00f3metros de T\u00f3quio. A decis\u00e3o segue planos j\u00e1 confirmados h\u00e1 um m\u00eas para colocar m\u00edsseis terra-ar at\u00e9 2031 na ilha de Yonaguni, perto de Taiwan. A medida ocorre numa altura de competi\u00e7\u00e3o estrat\u00e9gica e de deteriora\u00e7\u00e3o das rela\u00e7\u00f5es com a China. O Governo, liderado pela figura nacionalista Takaichi, investe em meios militares longe do territ\u00f3rio principal do Jap\u00e3o.\" \/>\n<meta property=\"og:url\" content=\"https:\/\/portaltela.pt\/noticias\/2026\/03\/29\/japao-planeia-instalar-misseis-antinavio-numa-ilha-pacifica-a-1-800-km-de-toquio\/\" \/>\n<meta property=\"og:site_name\" content=\"Portal Tela Portugal\" \/>\n<meta property=\"article:published_time\" content=\"2026-03-29T14:02:46+00:00\" \/>\n<meta name=\"author\" content=\"Telinha\" \/>\n<meta name=\"twitter:card\" content=\"summary_large_image\" \/>\n<meta name=\"twitter:label1\" content=\"Escrito por\" \/>\n\t<meta name=\"twitter:data1\" content=\"Telinha\" \/>\n\t<meta name=\"twitter:label2\" content=\"Tempo estimado de leitura\" \/>\n\t<meta name=\"twitter:data2\" content=\"1 minuto\" \/>\n<script type=\"application\/ld+json\" class=\"yoast-schema-graph\">{\"@context\":\"https:\/\/schema.org\",\"@graph\":[{\"@type\":\"Article\",\"@id\":\"https:\/\/portaltela.pt\/noticias\/2026\/03\/29\/japao-planeia-instalar-misseis-antinavio-numa-ilha-pacifica-a-1-800-km-de-toquio\/#article\",\"isPartOf\":{\"@id\":\"https:\/\/portaltela.pt\/noticias\/2026\/03\/29\/japao-planeia-instalar-misseis-antinavio-numa-ilha-pacifica-a-1-800-km-de-toquio\/\"},\"author\":{\"name\":\"Telinha\",\"@id\":\"https:\/\/portaltela.pt\/#\/schema\/person\/c4278d4a6028830caff9ee44b42d32ed\"},\"headline\":\"Jap\u00e3o planeia instalar m\u00edsseis antinavio numa ilha pac\u00edfica a 1.800 km de T\u00f3quio\",\"datePublished\":\"2026-03-29T14:02:46+00:00\",\"mainEntityOfPage\":{\"@id\":\"https:\/\/portaltela.pt\/noticias\/2026\/03\/29\/japao-planeia-instalar-misseis-antinavio-numa-ilha-pacifica-a-1-800-km-de-toquio\/\"},\"wordCount\":246,\"image\":{\"@id\":\"https:\/\/portaltela.pt\/noticias\/2026\/03\/29\/japao-planeia-instalar-misseis-antinavio-numa-ilha-pacifica-a-1-800-km-de-toquio\/#primaryimage\"},\"thumbnailUrl\":\"https:\/\/portaltela.pt\/s.01k8rhncp4jt1\/2026\/03\/2077446.jpg\",\"keywords\":[\"armamento\",\"armas\",\"China\",\"conflitos internacionais\",\"defesa\",\"For\u00e7as Armadas\"],\"articleSection\":[\"Geopol\u00edtica\"],\"inLanguage\":\"pt-PT\"},{\"@type\":\"WebPage\",\"@id\":\"https:\/\/portaltela.pt\/noticias\/2026\/03\/29\/japao-planeia-instalar-misseis-antinavio-numa-ilha-pacifica-a-1-800-km-de-toquio\/\",\"url\":\"https:\/\/portaltela.pt\/noticias\/2026\/03\/29\/japao-planeia-instalar-misseis-antinavio-numa-ilha-pacifica-a-1-800-km-de-toquio\/\",\"name\":\"Jap\u00e3o planeia instalar m\u00edsseis antinavio numa ilha pac\u00edfica a 1.800 km de T\u00f3quio - Portal Tela Portugal\",\"isPartOf\":{\"@id\":\"https:\/\/portaltela.pt\/#website\"},\"primaryImageOfPage\":{\"@id\":\"https:\/\/portaltela.pt\/noticias\/2026\/03\/29\/japao-planeia-instalar-misseis-antinavio-numa-ilha-pacifica-a-1-800-km-de-toquio\/#primaryimage\"},\"image\":{\"@id\":\"https:\/\/portaltela.pt\/noticias\/2026\/03\/29\/japao-planeia-instalar-misseis-antinavio-numa-ilha-pacifica-a-1-800-km-de-toquio\/#primaryimage\"},\"thumbnailUrl\":\"https:\/\/portaltela.pt\/s.01k8rhncp4jt1\/2026\/03\/2077446.jpg\",\"datePublished\":\"2026-03-29T14:02:46+00:00\",\"author\":{\"@id\":\"https:\/\/portaltela.pt\/#\/schema\/person\/c4278d4a6028830caff9ee44b42d32ed\"},\"breadcrumb\":{\"@id\":\"https:\/\/portaltela.pt\/noticias\/2026\/03\/29\/japao-planeia-instalar-misseis-antinavio-numa-ilha-pacifica-a-1-800-km-de-toquio\/#breadcrumb\"},\"inLanguage\":\"pt-PT\",\"potentialAction\":[{\"@type\":\"ReadAction\",\"target\":[\"https:\/\/portaltela.pt\/noticias\/2026\/03\/29\/japao-planeia-instalar-misseis-antinavio-numa-ilha-pacifica-a-1-800-km-de-toquio\/\"]}]},{\"@type\":\"ImageObject\",\"inLanguage\":\"pt-PT\",\"@id\":\"https:\/\/portaltela.pt\/noticias\/2026\/03\/29\/japao-planeia-instalar-misseis-antinavio-numa-ilha-pacifica-a-1-800-km-de-toquio\/#primaryimage\",\"url\":\"https:\/\/portaltela.pt\/s.01k8rhncp4jt1\/2026\/03\/2077446.jpg\",\"contentUrl\":\"https:\/\/portaltela.pt\/s.01k8rhncp4jt1\/2026\/03\/2077446.jpg\",\"width\":796,\"height\":448,\"caption\":\"Imagem de sat\u00e9lite da ilha japonesa de Minamitorishima, no oceano Pac\u00edfico\"},{\"@type\":\"BreadcrumbList\",\"@id\":\"https:\/\/portaltela.pt\/noticias\/2026\/03\/29\/japao-planeia-instalar-misseis-antinavio-numa-ilha-pacifica-a-1-800-km-de-toquio\/#breadcrumb\",\"itemListElement\":[{\"@type\":\"ListItem\",\"position\":1,\"name\":\"In\u00edcio\",\"item\":\"https:\/\/portaltela.pt\/\"},{\"@type\":\"ListItem\",\"position\":2,\"name\":\"Jap\u00e3o planeia instalar m\u00edsseis antinavio numa ilha pac\u00edfica a 1.800 km de T\u00f3quio\"}]},{\"@type\":\"WebSite\",\"@id\":\"https:\/\/portaltela.pt\/#website\",\"url\":\"https:\/\/portaltela.pt\/\",\"name\":\"Portal Tela Portugal\",\"description\":\"\",\"potentialAction\":[{\"@type\":\"SearchAction\",\"target\":{\"@type\":\"EntryPoint\",\"urlTemplate\":\"https:\/\/portaltela.pt\/?s={search_term_string}\"},\"query-input\":{\"@type\":\"PropertyValueSpecification\",\"valueRequired\":true,\"valueName\":\"search_term_string\"}}],\"inLanguage\":\"pt-PT\"},{\"@type\":\"Person\",\"@id\":\"https:\/\/portaltela.pt\/#\/schema\/person\/c4278d4a6028830caff9ee44b42d32ed\",\"name\":\"Telinha\",\"image\":{\"@type\":\"ImageObject\",\"inLanguage\":\"pt-PT\",\"@id\":\"https:\/\/portaltela.pt\/s.01k8rhncp4jt1\/2025\/11\/talking-bot-125x125.png\",\"url\":\"https:\/\/portaltela.pt\/s.01k8rhncp4jt1\/2025\/11\/talking-bot-125x125.png\",\"contentUrl\":\"https:\/\/portaltela.pt\/s.01k8rhncp4jt1\/2025\/11\/talking-bot-125x125.png\",\"caption\":\"Telinha\"},\"sameAs\":[\"https:\/\/portaltela.pt\/\"],\"url\":\"https:\/\/portaltela.pt\/por\/367410592786\/\"}]}<\/script>\n<!-- \/ Yoast SEO plugin. -->","yoast_head_json":{"title":"Jap\u00e3o planeia instalar m\u00edsseis antinavio numa ilha pac\u00edfica a 1.800 km de T\u00f3quio - Portal Tela Portugal","robots":{"index":"index","follow":"follow","max-snippet":"max-snippet:-1","max-image-preview":"max-image-preview:large","max-video-preview":"max-video-preview:-1"},"og_locale":"pt_PT","og_type":"article","og_title":"Jap\u00e3o planeia instalar m\u00edsseis antinavio numa ilha pac\u00edfica a 1.800 km de T\u00f3quio - Portal Tela Portugal","og_description":"O Governo do Jap\u00e3o planeia instalar um sistema de m\u00edsseis antinavio em Minamitorishima, no Extremo Oriente, a mais de 1 800 quil\u00f3metros de T\u00f3quio. A decis\u00e3o segue planos j\u00e1 confirmados h\u00e1 um m\u00eas para colocar m\u00edsseis terra-ar at\u00e9 2031 na ilha de Yonaguni, perto de Taiwan. A medida ocorre numa altura de competi\u00e7\u00e3o estrat\u00e9gica e de deteriora\u00e7\u00e3o das rela\u00e7\u00f5es com a China. O Governo, liderado pela figura nacionalista Takaichi, investe em meios militares longe do territ\u00f3rio principal do Jap\u00e3o.","og_url":"https:\/\/portaltela.pt\/noticias\/2026\/03\/29\/japao-planeia-instalar-misseis-antinavio-numa-ilha-pacifica-a-1-800-km-de-toquio\/","og_site_name":"Portal Tela Portugal","article_published_time":"2026-03-29T14:02:46+00:00","author":"Telinha","twitter_card":"summary_large_image","twitter_misc":{"Escrito por":"Telinha","Tempo estimado de leitura":"1 minuto"},"schema":{"@context":"https:\/\/schema.org","@graph":[{"@type":"Article","@id":"https:\/\/portaltela.pt\/noticias\/2026\/03\/29\/japao-planeia-instalar-misseis-antinavio-numa-ilha-pacifica-a-1-800-km-de-toquio\/#article","isPartOf":{"@id":"https:\/\/portaltela.pt\/noticias\/2026\/03\/29\/japao-planeia-instalar-misseis-antinavio-numa-ilha-pacifica-a-1-800-km-de-toquio\/"},"author":{"name":"Telinha","@id":"https:\/\/portaltela.pt\/#\/schema\/person\/c4278d4a6028830caff9ee44b42d32ed"},"headline":"Jap\u00e3o planeia instalar m\u00edsseis antinavio numa ilha pac\u00edfica a 1.800 km de T\u00f3quio","datePublished":"2026-03-29T14:02:46+00:00","mainEntityOfPage":{"@id":"https:\/\/portaltela.pt\/noticias\/2026\/03\/29\/japao-planeia-instalar-misseis-antinavio-numa-ilha-pacifica-a-1-800-km-de-toquio\/"},"wordCount":246,"image":{"@id":"https:\/\/portaltela.pt\/noticias\/2026\/03\/29\/japao-planeia-instalar-misseis-antinavio-numa-ilha-pacifica-a-1-800-km-de-toquio\/#primaryimage"},"thumbnailUrl":"https:\/\/portaltela.pt\/s.01k8rhncp4jt1\/2026\/03\/2077446.jpg","keywords":["armamento","armas","China","conflitos internacionais","defesa","For\u00e7as Armadas"],"articleSection":["Geopol\u00edtica"],"inLanguage":"pt-PT"},{"@type":"WebPage","@id":"https:\/\/portaltela.pt\/noticias\/2026\/03\/29\/japao-planeia-instalar-misseis-antinavio-numa-ilha-pacifica-a-1-800-km-de-toquio\/","url":"https:\/\/portaltela.pt\/noticias\/2026\/03\/29\/japao-planeia-instalar-misseis-antinavio-numa-ilha-pacifica-a-1-800-km-de-toquio\/","name":"Jap\u00e3o planeia instalar m\u00edsseis antinavio numa ilha pac\u00edfica a 1.800 km de T\u00f3quio - Portal Tela Portugal","isPartOf":{"@id":"https:\/\/portaltela.pt\/#website"},"primaryImageOfPage":{"@id":"https:\/\/portaltela.pt\/noticias\/2026\/03\/29\/japao-planeia-instalar-misseis-antinavio-numa-ilha-pacifica-a-1-800-km-de-toquio\/#primaryimage"},"image":{"@id":"https:\/\/portaltela.pt\/noticias\/2026\/03\/29\/japao-planeia-instalar-misseis-antinavio-numa-ilha-pacifica-a-1-800-km-de-toquio\/#primaryimage"},"thumbnailUrl":"https:\/\/portaltela.pt\/s.01k8rhncp4jt1\/2026\/03\/2077446.jpg","datePublished":"2026-03-29T14:02:46+00:00","author":{"@id":"https:\/\/portaltela.pt\/#\/schema\/person\/c4278d4a6028830caff9ee44b42d32ed"},"breadcrumb":{"@id":"https:\/\/portaltela.pt\/noticias\/2026\/03\/29\/japao-planeia-instalar-misseis-antinavio-numa-ilha-pacifica-a-1-800-km-de-toquio\/#breadcrumb"},"inLanguage":"pt-PT","potentialAction":[{"@type":"ReadAction","target":["https:\/\/portaltela.pt\/noticias\/2026\/03\/29\/japao-planeia-instalar-misseis-antinavio-numa-ilha-pacifica-a-1-800-km-de-toquio\/"]}]},{"@type":"ImageObject","inLanguage":"pt-PT","@id":"https:\/\/portaltela.pt\/noticias\/2026\/03\/29\/japao-planeia-instalar-misseis-antinavio-numa-ilha-pacifica-a-1-800-km-de-toquio\/#primaryimage","url":"https:\/\/portaltela.pt\/s.01k8rhncp4jt1\/2026\/03\/2077446.jpg","contentUrl":"https:\/\/portaltela.pt\/s.01k8rhncp4jt1\/2026\/03\/2077446.jpg","width":796,"height":448,"caption":"Imagem de sat\u00e9lite da ilha japonesa de Minamitorishima, no oceano Pac\u00edfico"},{"@type":"BreadcrumbList","@id":"https:\/\/portaltela.pt\/noticias\/2026\/03\/29\/japao-planeia-instalar-misseis-antinavio-numa-ilha-pacifica-a-1-800-km-de-toquio\/#breadcrumb","itemListElement":[{"@type":"ListItem","position":1,"name":"In\u00edcio","item":"https:\/\/portaltela.pt\/"},{"@type":"ListItem","position":2,"name":"Jap\u00e3o planeia instalar m\u00edsseis antinavio numa ilha pac\u00edfica a 1.800 km de T\u00f3quio"}]},{"@type":"WebSite","@id":"https:\/\/portaltela.pt\/#website","url":"https:\/\/portaltela.pt\/","name":"Portal Tela Portugal","description":"","potentialAction":[{"@type":"SearchAction","target":{"@type":"EntryPoint","urlTemplate":"https:\/\/portaltela.pt\/?s={search_term_string}"},"query-input":{"@type":"PropertyValueSpecification","valueRequired":true,"valueName":"search_term_string"}}],"inLanguage":"pt-PT"},{"@type":"Person","@id":"https:\/\/portaltela.pt\/#\/schema\/person\/c4278d4a6028830caff9ee44b42d32ed","name":"Telinha","image":{"@type":"ImageObject","inLanguage":"pt-PT","@id":"https:\/\/portaltela.pt\/s.01k8rhncp4jt1\/2025\/11\/talking-bot-125x125.png","url":"https:\/\/portaltela.pt\/s.01k8rhncp4jt1\/2025\/11\/talking-bot-125x125.png","contentUrl":"https:\/\/portaltela.pt\/s.01k8rhncp4jt1\/2025\/11\/talking-bot-125x125.png","caption":"Telinha"},"sameAs":["https:\/\/portaltela.pt\/"],"url":"https:\/\/portaltela.pt\/por\/367410592786\/"}]}},"_links":{"self":[{"href":"https:\/\/portaltela.pt\/api\/wp\/v2\/posts\/425972","targetHints":{"allow":["GET"]}}],"collection":[{"href":"https:\/\/portaltela.pt\/api\/wp\/v2\/posts"}],"about":[{"href":"https:\/\/portaltela.pt\/api\/wp\/v2\/types\/post"}],"author":[{"embeddable":true,"href":"https:\/\/portaltela.pt\/api\/wp\/v2\/users\/2"}],"replies":[{"embeddable":true,"href":"https:\/\/portaltela.pt\/api\/wp\/v2\/comments?post=425972"}],"version-history":[{"count":0,"href":"https:\/\/portaltela.pt\/api\/wp\/v2\/posts\/425972\/revisions"}],"wp:featuredmedia":[{"embeddable":true,"href":"https:\/\/portaltela.pt\/api\/wp\/v2\/media\/425976"}],"wp:attachment":[{"href":"https:\/\/portaltela.pt\/api\/wp\/v2\/media?parent=425972"}],"wp:term":[{"taxonomy":"category","embeddable":true,"href":"https:\/\/portaltela.pt\/api\/wp\/v2\/categories?post=425972"},{"taxonomy":"post_tag","embeddable":true,"href":"https:\/\/portaltela.pt\/api\/wp\/v2\/tags?post=425972"}],"curies":[{"name":"wp","href":"https:\/\/api.w.org\/{rel}","templated":true}]}}