{"id":425967,"date":"2026-03-29T11:02:40","date_gmt":"2026-03-29T14:02:40","guid":{"rendered":"https:\/\/portaltela.pt\/noticias\/2026\/03\/29\/mocambique-anuncia-exitos-e-investimentos-apos-cimeira-na-guine-equatorial\/"},"modified":"2026-03-29T11:02:40","modified_gmt":"2026-03-29T14:02:40","slug":"mocambique-anuncia-exitos-e-investimentos-apos-cimeira-na-guine-equatorial","status":"publish","type":"post","link":"https:\/\/portaltela.pt\/geopolitica\/2026\/03\/29\/mocambique-anuncia-exitos-e-investimentos-apos-cimeira-na-guine-equatorial\/","title":{"rendered":"Mo\u00e7ambique anuncia \u00eaxitos e investimentos ap\u00f3s cimeira na Guin\u00e9 Equatorial"},"content":{"rendered":"<p>Mo\u00e7ambique afirma ter obtido \u00eaxitos e anunciado novos investimentos ap\u00f3s a cimeira realizada na Guin\u00e9 Equatorial. A comunica\u00e7\u00e3o foi feita por fontes oficiais e divulgada pela imprensa p\u00fablica do pa\u00eds.<\/p>\n<p>Segundo a nota, os resultados envolvem oportunidades de parceria econ\u00f3mica e coopera\u00e7\u00e3o estrat\u00e9gica com pa\u00edses da regi\u00e3o. N\u00e3o foram detalhados os montantes ou os setores espec\u00edficos neste momento.<\/p>\n<p>As informa\u00e7\u00f5es dispon\u00edveis apontam para um alinhamento entre Mo\u00e7ambique e a Guin\u00e9 Equatorial no \u00e2mbito de agendas de desenvolvimento e investimento. Detalhes adicionais devem ser anunciados pelas autoridades em comunicado oficial futuro.<\/p>\n","protected":false},"excerpt":{"rendered":"<ul>\n<li>Mo\u00e7ambique aponta \u00eaxitos ap\u00f3s a cimeira realizada na Guin\u00e9 Equatorial.<\/li>\n<li>O governo refere novos investimentos anunciados na sequ\u00eancia do encontro.<\/li>\n<li>O conte\u00fado completo da not\u00edcia est\u00e1 dispon\u00edvel apenas para subscritores.<\/li>\n<li>Para ler o texto integral, \u00e9 necess\u00e1rio entrar na conta de subscri\u00e7\u00e3o.<\/li>\n<\/ul>\n","protected":false},"author":2,"featured_media":425970,"comment_status":"closed","ping_status":"closed","sticky":false,"template":"","format":"standard","meta":{"footnotes":""},"categories":[6814],"tags":[256,28,2564,316,1911,1996],"class_list":["post-425967","post","type-post","status-publish","format-standard","has-post-thumbnail","hentry","category-geopolitica","tag-cooperacao-internacional","tag-economia","tag-guine-equatorial","tag-investimento","tag-mocambique","tag-parcerias-internacionais"],"yoast_head":"<!-- This site is optimized with the Yoast SEO plugin v27.2 - https:\/\/yoast.com\/product\/yoast-seo-wordpress\/ -->\n<title>Mo\u00e7ambique anuncia \u00eaxitos e investimentos ap\u00f3s cimeira na Guin\u00e9 Equatorial - Portal Tela Portugal<\/title>\n<meta name=\"robots\" content=\"index, follow, max-snippet:-1, max-image-preview:large, max-video-preview:-1\" \/>\n<meta property=\"og:locale\" content=\"pt_PT\" \/>\n<meta property=\"og:type\" content=\"article\" \/>\n<meta property=\"og:title\" content=\"Mo\u00e7ambique anuncia \u00eaxitos e investimentos ap\u00f3s cimeira na Guin\u00e9 Equatorial - Portal Tela Portugal\" \/>\n<meta property=\"og:description\" content=\"Mo\u00e7ambique aponta \u00eaxitos ap\u00f3s a cimeira realizada na Guin\u00e9 Equatorial. O governo refere novos investimentos anunciados na sequ\u00eancia do encontro. O conte\u00fado completo da not\u00edcia est\u00e1 dispon\u00edvel apenas para subscritores. Para ler o texto integral, \u00e9 necess\u00e1rio entrar na conta de subscri\u00e7\u00e3o.\" \/>\n<meta property=\"og:url\" content=\"https:\/\/portaltela.pt\/noticias\/2026\/03\/29\/mocambique-anuncia-exitos-e-investimentos-apos-cimeira-na-guine-equatorial\/\" \/>\n<meta property=\"og:site_name\" content=\"Portal Tela Portugal\" \/>\n<meta property=\"article:published_time\" content=\"2026-03-29T14:02:40+00:00\" \/>\n<meta name=\"author\" content=\"Telinha\" \/>\n<meta name=\"twitter:card\" content=\"summary_large_image\" \/>\n<meta name=\"twitter:label1\" content=\"Escrito por\" \/>\n\t<meta name=\"twitter:data1\" content=\"Telinha\" \/>\n\t<meta name=\"twitter:label2\" content=\"Tempo estimado de leitura\" \/>\n\t<meta name=\"twitter:data2\" content=\"1 minuto\" \/>\n<script type=\"application\/ld+json\" class=\"yoast-schema-graph\">{\"@context\":\"https:\/\/schema.org\",\"@graph\":[{\"@type\":\"Article\",\"@id\":\"https:\/\/portaltela.pt\/noticias\/2026\/03\/29\/mocambique-anuncia-exitos-e-investimentos-apos-cimeira-na-guine-equatorial\/#article\",\"isPartOf\":{\"@id\":\"https:\/\/portaltela.pt\/noticias\/2026\/03\/29\/mocambique-anuncia-exitos-e-investimentos-apos-cimeira-na-guine-equatorial\/\"},\"author\":{\"name\":\"Telinha\",\"@id\":\"https:\/\/portaltela.pt\/#\/schema\/person\/c4278d4a6028830caff9ee44b42d32ed\"},\"headline\":\"Mo\u00e7ambique anuncia \u00eaxitos e investimentos ap\u00f3s cimeira na Guin\u00e9 Equatorial\",\"datePublished\":\"2026-03-29T14:02:40+00:00\",\"mainEntityOfPage\":{\"@id\":\"https:\/\/portaltela.pt\/noticias\/2026\/03\/29\/mocambique-anuncia-exitos-e-investimentos-apos-cimeira-na-guine-equatorial\/\"},\"wordCount\":117,\"image\":{\"@id\":\"https:\/\/portaltela.pt\/noticias\/2026\/03\/29\/mocambique-anuncia-exitos-e-investimentos-apos-cimeira-na-guine-equatorial\/#primaryimage\"},\"thumbnailUrl\":\"https:\/\/portaltela.pt\/s.01k8rhncp4jt1\/2026\/03\/CACHE_780X1200_ANALOG_WATERMARKED_45533889_3838559_25082025031219.jpg\",\"keywords\":[\"coopera\u00e7\u00e3o internacional\",\"economia\",\"Guin\u00e9 Equatorial\",\"investimento\",\"Mo\u00e7ambique\",\"parcerias internacionais\"],\"articleSection\":[\"Geopol\u00edtica\"],\"inLanguage\":\"pt-PT\"},{\"@type\":\"WebPage\",\"@id\":\"https:\/\/portaltela.pt\/noticias\/2026\/03\/29\/mocambique-anuncia-exitos-e-investimentos-apos-cimeira-na-guine-equatorial\/\",\"url\":\"https:\/\/portaltela.pt\/noticias\/2026\/03\/29\/mocambique-anuncia-exitos-e-investimentos-apos-cimeira-na-guine-equatorial\/\",\"name\":\"Mo\u00e7ambique anuncia \u00eaxitos e investimentos ap\u00f3s cimeira na Guin\u00e9 Equatorial - Portal Tela Portugal\",\"isPartOf\":{\"@id\":\"https:\/\/portaltela.pt\/#website\"},\"primaryImageOfPage\":{\"@id\":\"https:\/\/portaltela.pt\/noticias\/2026\/03\/29\/mocambique-anuncia-exitos-e-investimentos-apos-cimeira-na-guine-equatorial\/#primaryimage\"},\"image\":{\"@id\":\"https:\/\/portaltela.pt\/noticias\/2026\/03\/29\/mocambique-anuncia-exitos-e-investimentos-apos-cimeira-na-guine-equatorial\/#primaryimage\"},\"thumbnailUrl\":\"https:\/\/portaltela.pt\/s.01k8rhncp4jt1\/2026\/03\/CACHE_780X1200_ANALOG_WATERMARKED_45533889_3838559_25082025031219.jpg\",\"datePublished\":\"2026-03-29T14:02:40+00:00\",\"author\":{\"@id\":\"https:\/\/portaltela.pt\/#\/schema\/person\/c4278d4a6028830caff9ee44b42d32ed\"},\"breadcrumb\":{\"@id\":\"https:\/\/portaltela.pt\/noticias\/2026\/03\/29\/mocambique-anuncia-exitos-e-investimentos-apos-cimeira-na-guine-equatorial\/#breadcrumb\"},\"inLanguage\":\"pt-PT\",\"potentialAction\":[{\"@type\":\"ReadAction\",\"target\":[\"https:\/\/portaltela.pt\/noticias\/2026\/03\/29\/mocambique-anuncia-exitos-e-investimentos-apos-cimeira-na-guine-equatorial\/\"]}]},{\"@type\":\"ImageObject\",\"inLanguage\":\"pt-PT\",\"@id\":\"https:\/\/portaltela.pt\/noticias\/2026\/03\/29\/mocambique-anuncia-exitos-e-investimentos-apos-cimeira-na-guine-equatorial\/#primaryimage\",\"url\":\"https:\/\/portaltela.pt\/s.01k8rhncp4jt1\/2026\/03\/CACHE_780X1200_ANALOG_WATERMARKED_45533889_3838559_25082025031219.jpg\",\"contentUrl\":\"https:\/\/portaltela.pt\/s.01k8rhncp4jt1\/2026\/03\/CACHE_780X1200_ANALOG_WATERMARKED_45533889_3838559_25082025031219.jpg\",\"width\":796,\"height\":448,\"caption\":\"Mo\u00e7ambique aponta \u00eaxitos e novos investimentos ap\u00f3s cimeira na Guin\u00e9 Equatorial\"},{\"@type\":\"BreadcrumbList\",\"@id\":\"https:\/\/portaltela.pt\/noticias\/2026\/03\/29\/mocambique-anuncia-exitos-e-investimentos-apos-cimeira-na-guine-equatorial\/#breadcrumb\",\"itemListElement\":[{\"@type\":\"ListItem\",\"position\":1,\"name\":\"In\u00edcio\",\"item\":\"https:\/\/portaltela.pt\/\"},{\"@type\":\"ListItem\",\"position\":2,\"name\":\"Mo\u00e7ambique anuncia \u00eaxitos e investimentos ap\u00f3s cimeira na Guin\u00e9 Equatorial\"}]},{\"@type\":\"WebSite\",\"@id\":\"https:\/\/portaltela.pt\/#website\",\"url\":\"https:\/\/portaltela.pt\/\",\"name\":\"Portal Tela Portugal\",\"description\":\"\",\"potentialAction\":[{\"@type\":\"SearchAction\",\"target\":{\"@type\":\"EntryPoint\",\"urlTemplate\":\"https:\/\/portaltela.pt\/?s={search_term_string}\"},\"query-input\":{\"@type\":\"PropertyValueSpecification\",\"valueRequired\":true,\"valueName\":\"search_term_string\"}}],\"inLanguage\":\"pt-PT\"},{\"@type\":\"Person\",\"@id\":\"https:\/\/portaltela.pt\/#\/schema\/person\/c4278d4a6028830caff9ee44b42d32ed\",\"name\":\"Telinha\",\"image\":{\"@type\":\"ImageObject\",\"inLanguage\":\"pt-PT\",\"@id\":\"https:\/\/portaltela.pt\/s.01k8rhncp4jt1\/2025\/11\/talking-bot-125x125.png\",\"url\":\"https:\/\/portaltela.pt\/s.01k8rhncp4jt1\/2025\/11\/talking-bot-125x125.png\",\"contentUrl\":\"https:\/\/portaltela.pt\/s.01k8rhncp4jt1\/2025\/11\/talking-bot-125x125.png\",\"caption\":\"Telinha\"},\"sameAs\":[\"https:\/\/portaltela.pt\/\"],\"url\":\"https:\/\/portaltela.pt\/por\/367410592786\/\"}]}<\/script>\n<!-- \/ Yoast SEO plugin. -->","yoast_head_json":{"title":"Mo\u00e7ambique anuncia \u00eaxitos e investimentos ap\u00f3s cimeira na Guin\u00e9 Equatorial - Portal Tela Portugal","robots":{"index":"index","follow":"follow","max-snippet":"max-snippet:-1","max-image-preview":"max-image-preview:large","max-video-preview":"max-video-preview:-1"},"og_locale":"pt_PT","og_type":"article","og_title":"Mo\u00e7ambique anuncia \u00eaxitos e investimentos ap\u00f3s cimeira na Guin\u00e9 Equatorial - Portal Tela Portugal","og_description":"Mo\u00e7ambique aponta \u00eaxitos ap\u00f3s a cimeira realizada na Guin\u00e9 Equatorial. O governo refere novos investimentos anunciados na sequ\u00eancia do encontro. O conte\u00fado completo da not\u00edcia est\u00e1 dispon\u00edvel apenas para subscritores. Para ler o texto integral, \u00e9 necess\u00e1rio entrar na conta de subscri\u00e7\u00e3o.","og_url":"https:\/\/portaltela.pt\/noticias\/2026\/03\/29\/mocambique-anuncia-exitos-e-investimentos-apos-cimeira-na-guine-equatorial\/","og_site_name":"Portal Tela Portugal","article_published_time":"2026-03-29T14:02:40+00:00","author":"Telinha","twitter_card":"summary_large_image","twitter_misc":{"Escrito por":"Telinha","Tempo estimado de leitura":"1 minuto"},"schema":{"@context":"https:\/\/schema.org","@graph":[{"@type":"Article","@id":"https:\/\/portaltela.pt\/noticias\/2026\/03\/29\/mocambique-anuncia-exitos-e-investimentos-apos-cimeira-na-guine-equatorial\/#article","isPartOf":{"@id":"https:\/\/portaltela.pt\/noticias\/2026\/03\/29\/mocambique-anuncia-exitos-e-investimentos-apos-cimeira-na-guine-equatorial\/"},"author":{"name":"Telinha","@id":"https:\/\/portaltela.pt\/#\/schema\/person\/c4278d4a6028830caff9ee44b42d32ed"},"headline":"Mo\u00e7ambique anuncia \u00eaxitos e investimentos ap\u00f3s cimeira na Guin\u00e9 Equatorial","datePublished":"2026-03-29T14:02:40+00:00","mainEntityOfPage":{"@id":"https:\/\/portaltela.pt\/noticias\/2026\/03\/29\/mocambique-anuncia-exitos-e-investimentos-apos-cimeira-na-guine-equatorial\/"},"wordCount":117,"image":{"@id":"https:\/\/portaltela.pt\/noticias\/2026\/03\/29\/mocambique-anuncia-exitos-e-investimentos-apos-cimeira-na-guine-equatorial\/#primaryimage"},"thumbnailUrl":"https:\/\/portaltela.pt\/s.01k8rhncp4jt1\/2026\/03\/CACHE_780X1200_ANALOG_WATERMARKED_45533889_3838559_25082025031219.jpg","keywords":["coopera\u00e7\u00e3o internacional","economia","Guin\u00e9 Equatorial","investimento","Mo\u00e7ambique","parcerias internacionais"],"articleSection":["Geopol\u00edtica"],"inLanguage":"pt-PT"},{"@type":"WebPage","@id":"https:\/\/portaltela.pt\/noticias\/2026\/03\/29\/mocambique-anuncia-exitos-e-investimentos-apos-cimeira-na-guine-equatorial\/","url":"https:\/\/portaltela.pt\/noticias\/2026\/03\/29\/mocambique-anuncia-exitos-e-investimentos-apos-cimeira-na-guine-equatorial\/","name":"Mo\u00e7ambique anuncia \u00eaxitos e investimentos ap\u00f3s cimeira na Guin\u00e9 Equatorial - Portal Tela Portugal","isPartOf":{"@id":"https:\/\/portaltela.pt\/#website"},"primaryImageOfPage":{"@id":"https:\/\/portaltela.pt\/noticias\/2026\/03\/29\/mocambique-anuncia-exitos-e-investimentos-apos-cimeira-na-guine-equatorial\/#primaryimage"},"image":{"@id":"https:\/\/portaltela.pt\/noticias\/2026\/03\/29\/mocambique-anuncia-exitos-e-investimentos-apos-cimeira-na-guine-equatorial\/#primaryimage"},"thumbnailUrl":"https:\/\/portaltela.pt\/s.01k8rhncp4jt1\/2026\/03\/CACHE_780X1200_ANALOG_WATERMARKED_45533889_3838559_25082025031219.jpg","datePublished":"2026-03-29T14:02:40+00:00","author":{"@id":"https:\/\/portaltela.pt\/#\/schema\/person\/c4278d4a6028830caff9ee44b42d32ed"},"breadcrumb":{"@id":"https:\/\/portaltela.pt\/noticias\/2026\/03\/29\/mocambique-anuncia-exitos-e-investimentos-apos-cimeira-na-guine-equatorial\/#breadcrumb"},"inLanguage":"pt-PT","potentialAction":[{"@type":"ReadAction","target":["https:\/\/portaltela.pt\/noticias\/2026\/03\/29\/mocambique-anuncia-exitos-e-investimentos-apos-cimeira-na-guine-equatorial\/"]}]},{"@type":"ImageObject","inLanguage":"pt-PT","@id":"https:\/\/portaltela.pt\/noticias\/2026\/03\/29\/mocambique-anuncia-exitos-e-investimentos-apos-cimeira-na-guine-equatorial\/#primaryimage","url":"https:\/\/portaltela.pt\/s.01k8rhncp4jt1\/2026\/03\/CACHE_780X1200_ANALOG_WATERMARKED_45533889_3838559_25082025031219.jpg","contentUrl":"https:\/\/portaltela.pt\/s.01k8rhncp4jt1\/2026\/03\/CACHE_780X1200_ANALOG_WATERMARKED_45533889_3838559_25082025031219.jpg","width":796,"height":448,"caption":"Mo\u00e7ambique aponta \u00eaxitos e novos investimentos ap\u00f3s cimeira na Guin\u00e9 Equatorial"},{"@type":"BreadcrumbList","@id":"https:\/\/portaltela.pt\/noticias\/2026\/03\/29\/mocambique-anuncia-exitos-e-investimentos-apos-cimeira-na-guine-equatorial\/#breadcrumb","itemListElement":[{"@type":"ListItem","position":1,"name":"In\u00edcio","item":"https:\/\/portaltela.pt\/"},{"@type":"ListItem","position":2,"name":"Mo\u00e7ambique anuncia \u00eaxitos e investimentos ap\u00f3s cimeira na Guin\u00e9 Equatorial"}]},{"@type":"WebSite","@id":"https:\/\/portaltela.pt\/#website","url":"https:\/\/portaltela.pt\/","name":"Portal Tela Portugal","description":"","potentialAction":[{"@type":"SearchAction","target":{"@type":"EntryPoint","urlTemplate":"https:\/\/portaltela.pt\/?s={search_term_string}"},"query-input":{"@type":"PropertyValueSpecification","valueRequired":true,"valueName":"search_term_string"}}],"inLanguage":"pt-PT"},{"@type":"Person","@id":"https:\/\/portaltela.pt\/#\/schema\/person\/c4278d4a6028830caff9ee44b42d32ed","name":"Telinha","image":{"@type":"ImageObject","inLanguage":"pt-PT","@id":"https:\/\/portaltela.pt\/s.01k8rhncp4jt1\/2025\/11\/talking-bot-125x125.png","url":"https:\/\/portaltela.pt\/s.01k8rhncp4jt1\/2025\/11\/talking-bot-125x125.png","contentUrl":"https:\/\/portaltela.pt\/s.01k8rhncp4jt1\/2025\/11\/talking-bot-125x125.png","caption":"Telinha"},"sameAs":["https:\/\/portaltela.pt\/"],"url":"https:\/\/portaltela.pt\/por\/367410592786\/"}]}},"_links":{"self":[{"href":"https:\/\/portaltela.pt\/api\/wp\/v2\/posts\/425967","targetHints":{"allow":["GET"]}}],"collection":[{"href":"https:\/\/portaltela.pt\/api\/wp\/v2\/posts"}],"about":[{"href":"https:\/\/portaltela.pt\/api\/wp\/v2\/types\/post"}],"author":[{"embeddable":true,"href":"https:\/\/portaltela.pt\/api\/wp\/v2\/users\/2"}],"replies":[{"embeddable":true,"href":"https:\/\/portaltela.pt\/api\/wp\/v2\/comments?post=425967"}],"version-history":[{"count":0,"href":"https:\/\/portaltela.pt\/api\/wp\/v2\/posts\/425967\/revisions"}],"wp:featuredmedia":[{"embeddable":true,"href":"https:\/\/portaltela.pt\/api\/wp\/v2\/media\/425970"}],"wp:attachment":[{"href":"https:\/\/portaltela.pt\/api\/wp\/v2\/media?parent=425967"}],"wp:term":[{"taxonomy":"category","embeddable":true,"href":"https:\/\/portaltela.pt\/api\/wp\/v2\/categories?post=425967"},{"taxonomy":"post_tag","embeddable":true,"href":"https:\/\/portaltela.pt\/api\/wp\/v2\/tags?post=425967"}],"curies":[{"name":"wp","href":"https:\/\/api.w.org\/{rel}","templated":true}]}}