{"id":425966,"date":"2026-03-29T11:02:40","date_gmt":"2026-03-29T14:02:40","guid":{"rendered":"https:\/\/portaltela.pt\/noticias\/2026\/03\/29\/tempestades-extremas-no-afeganistao-provocam-17-mortes\/"},"modified":"2026-03-29T11:02:40","modified_gmt":"2026-03-29T14:02:40","slug":"tempestades-extremas-no-afeganistao-provocam-17-mortes","status":"publish","type":"post","link":"https:\/\/portaltela.pt\/tempo\/2026\/03\/29\/tempestades-extremas-no-afeganistao-provocam-17-mortes\/","title":{"rendered":"Tempestades extremas no Afeganist\u00e3o provocam 17 mortes"},"content":{"rendered":"<p>O mau tempo intensificado nas \u00faltimas 24 horas nas regi\u00f5es do Afeganist\u00e3o provocou 17 mortes e 26 feridos, segundo as autoridades locais. As trovoadas e inunda\u00e7\u00f5es tamb\u00e9m causaram danos em v\u00e1rias \u00e1reas.<\/p>\n<p>As informa\u00e7\u00f5es s\u00e3o confirmadas por servi\u00e7os de emerg\u00eancia e \u00f3rg\u00e3os governamentais afeg\u00e3os, que mobilizam equipas de resposta e recursos para assistirem as v\u00edtimas. N\u00e3o foram detalhadas identidades das pessoas mortas ou feridas.<\/p>\n<p>As autoridades indicam que as chuvas intensas continuam a afectar o territ\u00f3rio, com previs\u00f5es de mais precipita\u00e7\u00f5es. O aviso permanece ativo, requerendo cautela e refor\u00e7o de medidas de prote\u00e7\u00e3o civil nas zonas de maior risco.<\/p>\n<p>As informa\u00e7\u00f5es s\u00e3o provenientes de fontes oficiais locais, sem indicar participa\u00e7\u00e3o de organiza\u00e7\u00f5es externas. O rep\u00f3rter est\u00e1 a acompanhar novas atualiza\u00e7\u00f5es sobre o balan\u00e7o de v\u00edtimas e os impactos nas infraestruturas.<\/p>\n","protected":false},"excerpt":{"rendered":"<ul>\n<li>O mau tempo nas \u00faltimas 24 horas no Afeganist\u00e3o causou 17 mortes e 26 feridos.<\/li>\n<li>As autoridades indicam que as precipita\u00e7\u00f5es intensas ocorreram em v\u00e1rias regi\u00f5es do pa\u00eds.<\/li>\n<li>O alerta foi emitido com previs\u00f5es de mais chuvas fortes, segundo as autoridades.<\/li>\n<li>N\u00e3o h\u00e1 detalhes sobre localidades espec\u00edficas nem sobre a origem das intemp\u00e9ries.<\/li>\n<\/ul>\n","protected":false},"author":2,"featured_media":425968,"comment_status":"closed","ping_status":"closed","sticky":false,"template":"","format":"standard","meta":{"footnotes":""},"categories":[1,7365],"tags":[4104,5215,5329,5928,2293,320],"class_list":["post-425966","post","type-post","status-publish","format-standard","has-post-thumbnail","hentry","category-noticias","category-tempo","tag-afeganistao","tag-catastrofes-naturais","tag-chuva","tag-emergencia","tag-inundacoes","tag-protecao-civil"],"yoast_head":"<!-- This site is optimized with the Yoast SEO plugin v27.2 - https:\/\/yoast.com\/product\/yoast-seo-wordpress\/ -->\n<title>Tempestades extremas no Afeganist\u00e3o provocam 17 mortes - Portal Tela Portugal<\/title>\n<meta name=\"robots\" content=\"index, follow, max-snippet:-1, max-image-preview:large, max-video-preview:-1\" \/>\n<meta property=\"og:locale\" content=\"pt_PT\" \/>\n<meta property=\"og:type\" content=\"article\" \/>\n<meta property=\"og:title\" content=\"Tempestades extremas no Afeganist\u00e3o provocam 17 mortes - Portal Tela Portugal\" \/>\n<meta property=\"og:description\" content=\"O mau tempo nas \u00faltimas 24 horas no Afeganist\u00e3o causou 17 mortes e 26 feridos. As autoridades indicam que as precipita\u00e7\u00f5es intensas ocorreram em v\u00e1rias regi\u00f5es do pa\u00eds. O alerta foi emitido com previs\u00f5es de mais chuvas fortes, segundo as autoridades. N\u00e3o h\u00e1 detalhes sobre localidades espec\u00edficas nem sobre a origem das intemp\u00e9ries.\" \/>\n<meta property=\"og:url\" content=\"https:\/\/portaltela.pt\/noticias\/2026\/03\/29\/tempestades-extremas-no-afeganistao-provocam-17-mortes\/\" \/>\n<meta property=\"og:site_name\" content=\"Portal Tela Portugal\" \/>\n<meta property=\"article:published_time\" content=\"2026-03-29T14:02:40+00:00\" \/>\n<meta name=\"author\" content=\"Telinha\" \/>\n<meta name=\"twitter:card\" content=\"summary_large_image\" \/>\n<meta name=\"twitter:label1\" content=\"Escrito por\" \/>\n\t<meta name=\"twitter:data1\" content=\"Telinha\" \/>\n\t<meta name=\"twitter:label2\" content=\"Tempo estimado de leitura\" \/>\n\t<meta name=\"twitter:data2\" content=\"1 minuto\" \/>\n<script type=\"application\/ld+json\" class=\"yoast-schema-graph\">{\"@context\":\"https:\/\/schema.org\",\"@graph\":[{\"@type\":\"Article\",\"@id\":\"https:\/\/portaltela.pt\/noticias\/2026\/03\/29\/tempestades-extremas-no-afeganistao-provocam-17-mortes\/#article\",\"isPartOf\":{\"@id\":\"https:\/\/portaltela.pt\/noticias\/2026\/03\/29\/tempestades-extremas-no-afeganistao-provocam-17-mortes\/\"},\"author\":{\"name\":\"Telinha\",\"@id\":\"https:\/\/portaltela.pt\/#\/schema\/person\/c4278d4a6028830caff9ee44b42d32ed\"},\"headline\":\"Tempestades extremas no Afeganist\u00e3o provocam 17 mortes\",\"datePublished\":\"2026-03-29T14:02:40+00:00\",\"mainEntityOfPage\":{\"@id\":\"https:\/\/portaltela.pt\/noticias\/2026\/03\/29\/tempestades-extremas-no-afeganistao-provocam-17-mortes\/\"},\"wordCount\":160,\"image\":{\"@id\":\"https:\/\/portaltela.pt\/noticias\/2026\/03\/29\/tempestades-extremas-no-afeganistao-provocam-17-mortes\/#primaryimage\"},\"thumbnailUrl\":\"https:\/\/portaltela.pt\/s.01k8rhncp4jt1\/2026\/03\/CACHE_780X1200_ANALOG_WATERMARKED_46828877_288553217915981.jpg\",\"keywords\":[\"Afeganist\u00e3o\",\"cat\u00e1strofes naturais\",\"chuva\",\"emerg\u00eancia\",\"inunda\u00e7\u00f5es\",\"prote\u00e7\u00e3o civil\"],\"articleSection\":[\"Not\u00edcias\",\"Tempo\"],\"inLanguage\":\"pt-PT\"},{\"@type\":\"WebPage\",\"@id\":\"https:\/\/portaltela.pt\/noticias\/2026\/03\/29\/tempestades-extremas-no-afeganistao-provocam-17-mortes\/\",\"url\":\"https:\/\/portaltela.pt\/noticias\/2026\/03\/29\/tempestades-extremas-no-afeganistao-provocam-17-mortes\/\",\"name\":\"Tempestades extremas no Afeganist\u00e3o provocam 17 mortes - Portal Tela Portugal\",\"isPartOf\":{\"@id\":\"https:\/\/portaltela.pt\/#website\"},\"primaryImageOfPage\":{\"@id\":\"https:\/\/portaltela.pt\/noticias\/2026\/03\/29\/tempestades-extremas-no-afeganistao-provocam-17-mortes\/#primaryimage\"},\"image\":{\"@id\":\"https:\/\/portaltela.pt\/noticias\/2026\/03\/29\/tempestades-extremas-no-afeganistao-provocam-17-mortes\/#primaryimage\"},\"thumbnailUrl\":\"https:\/\/portaltela.pt\/s.01k8rhncp4jt1\/2026\/03\/CACHE_780X1200_ANALOG_WATERMARKED_46828877_288553217915981.jpg\",\"datePublished\":\"2026-03-29T14:02:40+00:00\",\"author\":{\"@id\":\"https:\/\/portaltela.pt\/#\/schema\/person\/c4278d4a6028830caff9ee44b42d32ed\"},\"breadcrumb\":{\"@id\":\"https:\/\/portaltela.pt\/noticias\/2026\/03\/29\/tempestades-extremas-no-afeganistao-provocam-17-mortes\/#breadcrumb\"},\"inLanguage\":\"pt-PT\",\"potentialAction\":[{\"@type\":\"ReadAction\",\"target\":[\"https:\/\/portaltela.pt\/noticias\/2026\/03\/29\/tempestades-extremas-no-afeganistao-provocam-17-mortes\/\"]}]},{\"@type\":\"ImageObject\",\"inLanguage\":\"pt-PT\",\"@id\":\"https:\/\/portaltela.pt\/noticias\/2026\/03\/29\/tempestades-extremas-no-afeganistao-provocam-17-mortes\/#primaryimage\",\"url\":\"https:\/\/portaltela.pt\/s.01k8rhncp4jt1\/2026\/03\/CACHE_780X1200_ANALOG_WATERMARKED_46828877_288553217915981.jpg\",\"contentUrl\":\"https:\/\/portaltela.pt\/s.01k8rhncp4jt1\/2026\/03\/CACHE_780X1200_ANALOG_WATERMARKED_46828877_288553217915981.jpg\",\"width\":796,\"height\":448,\"caption\":\"Condi\u00e7\u00f5es meteorol\u00f3gicas extremas no Afeganist\u00e3o causam a morte de 17 pessoas\"},{\"@type\":\"BreadcrumbList\",\"@id\":\"https:\/\/portaltela.pt\/noticias\/2026\/03\/29\/tempestades-extremas-no-afeganistao-provocam-17-mortes\/#breadcrumb\",\"itemListElement\":[{\"@type\":\"ListItem\",\"position\":1,\"name\":\"In\u00edcio\",\"item\":\"https:\/\/portaltela.pt\/\"},{\"@type\":\"ListItem\",\"position\":2,\"name\":\"Tempestades extremas no Afeganist\u00e3o provocam 17 mortes\"}]},{\"@type\":\"WebSite\",\"@id\":\"https:\/\/portaltela.pt\/#website\",\"url\":\"https:\/\/portaltela.pt\/\",\"name\":\"Portal Tela Portugal\",\"description\":\"\",\"potentialAction\":[{\"@type\":\"SearchAction\",\"target\":{\"@type\":\"EntryPoint\",\"urlTemplate\":\"https:\/\/portaltela.pt\/?s={search_term_string}\"},\"query-input\":{\"@type\":\"PropertyValueSpecification\",\"valueRequired\":true,\"valueName\":\"search_term_string\"}}],\"inLanguage\":\"pt-PT\"},{\"@type\":\"Person\",\"@id\":\"https:\/\/portaltela.pt\/#\/schema\/person\/c4278d4a6028830caff9ee44b42d32ed\",\"name\":\"Telinha\",\"image\":{\"@type\":\"ImageObject\",\"inLanguage\":\"pt-PT\",\"@id\":\"https:\/\/portaltela.pt\/s.01k8rhncp4jt1\/2025\/11\/talking-bot-125x125.png\",\"url\":\"https:\/\/portaltela.pt\/s.01k8rhncp4jt1\/2025\/11\/talking-bot-125x125.png\",\"contentUrl\":\"https:\/\/portaltela.pt\/s.01k8rhncp4jt1\/2025\/11\/talking-bot-125x125.png\",\"caption\":\"Telinha\"},\"sameAs\":[\"https:\/\/portaltela.pt\/\"],\"url\":\"https:\/\/portaltela.pt\/por\/367410592786\/\"}]}<\/script>\n<!-- \/ Yoast SEO plugin. -->","yoast_head_json":{"title":"Tempestades extremas no Afeganist\u00e3o provocam 17 mortes - Portal Tela Portugal","robots":{"index":"index","follow":"follow","max-snippet":"max-snippet:-1","max-image-preview":"max-image-preview:large","max-video-preview":"max-video-preview:-1"},"og_locale":"pt_PT","og_type":"article","og_title":"Tempestades extremas no Afeganist\u00e3o provocam 17 mortes - Portal Tela Portugal","og_description":"O mau tempo nas \u00faltimas 24 horas no Afeganist\u00e3o causou 17 mortes e 26 feridos. As autoridades indicam que as precipita\u00e7\u00f5es intensas ocorreram em v\u00e1rias regi\u00f5es do pa\u00eds. O alerta foi emitido com previs\u00f5es de mais chuvas fortes, segundo as autoridades. N\u00e3o h\u00e1 detalhes sobre localidades espec\u00edficas nem sobre a origem das intemp\u00e9ries.","og_url":"https:\/\/portaltela.pt\/noticias\/2026\/03\/29\/tempestades-extremas-no-afeganistao-provocam-17-mortes\/","og_site_name":"Portal Tela Portugal","article_published_time":"2026-03-29T14:02:40+00:00","author":"Telinha","twitter_card":"summary_large_image","twitter_misc":{"Escrito por":"Telinha","Tempo estimado de leitura":"1 minuto"},"schema":{"@context":"https:\/\/schema.org","@graph":[{"@type":"Article","@id":"https:\/\/portaltela.pt\/noticias\/2026\/03\/29\/tempestades-extremas-no-afeganistao-provocam-17-mortes\/#article","isPartOf":{"@id":"https:\/\/portaltela.pt\/noticias\/2026\/03\/29\/tempestades-extremas-no-afeganistao-provocam-17-mortes\/"},"author":{"name":"Telinha","@id":"https:\/\/portaltela.pt\/#\/schema\/person\/c4278d4a6028830caff9ee44b42d32ed"},"headline":"Tempestades extremas no Afeganist\u00e3o provocam 17 mortes","datePublished":"2026-03-29T14:02:40+00:00","mainEntityOfPage":{"@id":"https:\/\/portaltela.pt\/noticias\/2026\/03\/29\/tempestades-extremas-no-afeganistao-provocam-17-mortes\/"},"wordCount":160,"image":{"@id":"https:\/\/portaltela.pt\/noticias\/2026\/03\/29\/tempestades-extremas-no-afeganistao-provocam-17-mortes\/#primaryimage"},"thumbnailUrl":"https:\/\/portaltela.pt\/s.01k8rhncp4jt1\/2026\/03\/CACHE_780X1200_ANALOG_WATERMARKED_46828877_288553217915981.jpg","keywords":["Afeganist\u00e3o","cat\u00e1strofes naturais","chuva","emerg\u00eancia","inunda\u00e7\u00f5es","prote\u00e7\u00e3o civil"],"articleSection":["Not\u00edcias","Tempo"],"inLanguage":"pt-PT"},{"@type":"WebPage","@id":"https:\/\/portaltela.pt\/noticias\/2026\/03\/29\/tempestades-extremas-no-afeganistao-provocam-17-mortes\/","url":"https:\/\/portaltela.pt\/noticias\/2026\/03\/29\/tempestades-extremas-no-afeganistao-provocam-17-mortes\/","name":"Tempestades extremas no Afeganist\u00e3o provocam 17 mortes - Portal Tela Portugal","isPartOf":{"@id":"https:\/\/portaltela.pt\/#website"},"primaryImageOfPage":{"@id":"https:\/\/portaltela.pt\/noticias\/2026\/03\/29\/tempestades-extremas-no-afeganistao-provocam-17-mortes\/#primaryimage"},"image":{"@id":"https:\/\/portaltela.pt\/noticias\/2026\/03\/29\/tempestades-extremas-no-afeganistao-provocam-17-mortes\/#primaryimage"},"thumbnailUrl":"https:\/\/portaltela.pt\/s.01k8rhncp4jt1\/2026\/03\/CACHE_780X1200_ANALOG_WATERMARKED_46828877_288553217915981.jpg","datePublished":"2026-03-29T14:02:40+00:00","author":{"@id":"https:\/\/portaltela.pt\/#\/schema\/person\/c4278d4a6028830caff9ee44b42d32ed"},"breadcrumb":{"@id":"https:\/\/portaltela.pt\/noticias\/2026\/03\/29\/tempestades-extremas-no-afeganistao-provocam-17-mortes\/#breadcrumb"},"inLanguage":"pt-PT","potentialAction":[{"@type":"ReadAction","target":["https:\/\/portaltela.pt\/noticias\/2026\/03\/29\/tempestades-extremas-no-afeganistao-provocam-17-mortes\/"]}]},{"@type":"ImageObject","inLanguage":"pt-PT","@id":"https:\/\/portaltela.pt\/noticias\/2026\/03\/29\/tempestades-extremas-no-afeganistao-provocam-17-mortes\/#primaryimage","url":"https:\/\/portaltela.pt\/s.01k8rhncp4jt1\/2026\/03\/CACHE_780X1200_ANALOG_WATERMARKED_46828877_288553217915981.jpg","contentUrl":"https:\/\/portaltela.pt\/s.01k8rhncp4jt1\/2026\/03\/CACHE_780X1200_ANALOG_WATERMARKED_46828877_288553217915981.jpg","width":796,"height":448,"caption":"Condi\u00e7\u00f5es meteorol\u00f3gicas extremas no Afeganist\u00e3o causam a morte de 17 pessoas"},{"@type":"BreadcrumbList","@id":"https:\/\/portaltela.pt\/noticias\/2026\/03\/29\/tempestades-extremas-no-afeganistao-provocam-17-mortes\/#breadcrumb","itemListElement":[{"@type":"ListItem","position":1,"name":"In\u00edcio","item":"https:\/\/portaltela.pt\/"},{"@type":"ListItem","position":2,"name":"Tempestades extremas no Afeganist\u00e3o provocam 17 mortes"}]},{"@type":"WebSite","@id":"https:\/\/portaltela.pt\/#website","url":"https:\/\/portaltela.pt\/","name":"Portal Tela Portugal","description":"","potentialAction":[{"@type":"SearchAction","target":{"@type":"EntryPoint","urlTemplate":"https:\/\/portaltela.pt\/?s={search_term_string}"},"query-input":{"@type":"PropertyValueSpecification","valueRequired":true,"valueName":"search_term_string"}}],"inLanguage":"pt-PT"},{"@type":"Person","@id":"https:\/\/portaltela.pt\/#\/schema\/person\/c4278d4a6028830caff9ee44b42d32ed","name":"Telinha","image":{"@type":"ImageObject","inLanguage":"pt-PT","@id":"https:\/\/portaltela.pt\/s.01k8rhncp4jt1\/2025\/11\/talking-bot-125x125.png","url":"https:\/\/portaltela.pt\/s.01k8rhncp4jt1\/2025\/11\/talking-bot-125x125.png","contentUrl":"https:\/\/portaltela.pt\/s.01k8rhncp4jt1\/2025\/11\/talking-bot-125x125.png","caption":"Telinha"},"sameAs":["https:\/\/portaltela.pt\/"],"url":"https:\/\/portaltela.pt\/por\/367410592786\/"}]}},"_links":{"self":[{"href":"https:\/\/portaltela.pt\/api\/wp\/v2\/posts\/425966","targetHints":{"allow":["GET"]}}],"collection":[{"href":"https:\/\/portaltela.pt\/api\/wp\/v2\/posts"}],"about":[{"href":"https:\/\/portaltela.pt\/api\/wp\/v2\/types\/post"}],"author":[{"embeddable":true,"href":"https:\/\/portaltela.pt\/api\/wp\/v2\/users\/2"}],"replies":[{"embeddable":true,"href":"https:\/\/portaltela.pt\/api\/wp\/v2\/comments?post=425966"}],"version-history":[{"count":0,"href":"https:\/\/portaltela.pt\/api\/wp\/v2\/posts\/425966\/revisions"}],"wp:featuredmedia":[{"embeddable":true,"href":"https:\/\/portaltela.pt\/api\/wp\/v2\/media\/425968"}],"wp:attachment":[{"href":"https:\/\/portaltela.pt\/api\/wp\/v2\/media?parent=425966"}],"wp:term":[{"taxonomy":"category","embeddable":true,"href":"https:\/\/portaltela.pt\/api\/wp\/v2\/categories?post=425966"},{"taxonomy":"post_tag","embeddable":true,"href":"https:\/\/portaltela.pt\/api\/wp\/v2\/tags?post=425966"}],"curies":[{"name":"wp","href":"https:\/\/api.w.org\/{rel}","templated":true}]}}