{"id":425953,"date":"2026-03-29T10:32:02","date_gmt":"2026-03-29T13:32:02","guid":{"rendered":"https:\/\/portaltela.pt\/noticias\/2026\/03\/29\/finlandia-declara-estado-de-alerta-apos-entrada-de-drones-de-fabrico-ucraniano\/"},"modified":"2026-03-29T10:32:02","modified_gmt":"2026-03-29T13:32:02","slug":"finlandia-declara-estado-de-alerta-apos-entrada-de-drones-de-fabrico-ucraniano","status":"publish","type":"post","link":"https:\/\/portaltela.pt\/guerra\/2026\/03\/29\/finlandia-declara-estado-de-alerta-apos-entrada-de-drones-de-fabrico-ucraniano\/","title":{"rendered":"Finl\u00e2ndia declara estado de alerta ap\u00f3s entrada de drones de fabrico ucraniano"},"content":{"rendered":"<p>A For\u00e7a A\u00e9rea da Finl\u00e2ndia declarou, de forma provis\u00f3ria, estado de alerta ap\u00f3s confirmar a entrada de dois drones de fabrico ucraniano no territ\u00f3rio. Um dos drones foi abatido pela Defesa finlandesa.<\/p>\n<p>O incidente ocorreu pelas 08:13, hora local, quando foram detetados v\u00e1rios objetos, incluindo drones, nas \u00e1guas finlandesas. As autoridades n\u00e3o divulgaram detalhes sobre danos ou v\u00edtimas.<\/p>\n<p>O primeiro-ministro Petteri Orpo pediu calma \u00e0 popula\u00e7\u00e3o e informou que as autoridades est\u00e3o a investigar o caso. N\u00e3o houve confirma\u00e7\u00e3o de responsabiliza\u00e7\u00e3o nem de outros alvos no momento.<\/p>\n<p>A not\u00edcia contextualiza o uso de drones por parte da Ucr\u00e2nia em opera\u00e7\u00f5es de longo alcance, incluindo ataques a instala\u00e7\u00f5es petrol\u00edferas russas e a navios, numa guerra que se arrasta desde fevereiro de 2022.<\/p>\n","protected":false},"excerpt":{"rendered":"<ul>\n<li>A For\u00e7a A\u00e9rea da Finl\u00e2ndia declarou provisoriamente estado de alerta ap\u00f3s confirma\u00e7\u00e3o da entrada de dois drones de fabrico ucraniano no pa\u00eds.<\/li>\n<li>Um dos drones foi abatido pela For\u00e7a A\u00e9rea Finlandesa.<\/li>\n<li>O incidente ocorreu por volta das 08:13, quando foram detetados v\u00e1rios objetos, incluindo drones, em \u00e1guas finlandesas.<\/li>\n<li>O primeiro-ministro Petteri Orpo pediu calma \u00e0 popula\u00e7\u00e3o e as autoridades est\u00e3o a investigar o assunto.<\/li>\n<li>O conflito envolve o uso de drones pelo ex\u00e9rcito ucraniano para ataques de longo alcance contra instala\u00e7\u00f5es petrol\u00edferas russas e navios.<\/li>\n<\/ul>\n","protected":false},"author":2,"featured_media":425957,"comment_status":"closed","ping_status":"closed","sticky":false,"template":"","format":"standard","meta":{"footnotes":""},"categories":[6804],"tags":[5376,7400,3484,62,4222,2134],"class_list":["post-425953","post","type-post","status-publish","format-standard","has-post-thumbnail","hentry","category-guerra","tag-a-forca-aerea","tag-drones","tag-finlandia","tag-guerra","tag-seguranca-internacional","tag-ucrania"],"yoast_head":"<!-- This site is optimized with the Yoast SEO plugin v27.2 - https:\/\/yoast.com\/product\/yoast-seo-wordpress\/ -->\n<title>Finl\u00e2ndia declara estado de alerta ap\u00f3s entrada de drones de fabrico ucraniano - Portal Tela Portugal<\/title>\n<meta name=\"robots\" content=\"index, follow, max-snippet:-1, max-image-preview:large, max-video-preview:-1\" \/>\n<meta property=\"og:locale\" content=\"pt_PT\" \/>\n<meta property=\"og:type\" content=\"article\" \/>\n<meta property=\"og:title\" content=\"Finl\u00e2ndia declara estado de alerta ap\u00f3s entrada de drones de fabrico ucraniano - Portal Tela Portugal\" \/>\n<meta property=\"og:description\" content=\"A For\u00e7a A\u00e9rea da Finl\u00e2ndia declarou provisoriamente estado de alerta ap\u00f3s confirma\u00e7\u00e3o da entrada de dois drones de fabrico ucraniano no pa\u00eds. Um dos drones foi abatido pela For\u00e7a A\u00e9rea Finlandesa. O incidente ocorreu por volta das 08:13, quando foram detetados v\u00e1rios objetos, incluindo drones, em \u00e1guas finlandesas. O primeiro-ministro Petteri Orpo pediu calma \u00e0 popula\u00e7\u00e3o e as autoridades est\u00e3o a investigar o assunto. O conflito envolve o uso de drones pelo ex\u00e9rcito ucraniano para ataques de longo alcance contra instala\u00e7\u00f5es petrol\u00edferas russas e navios.\" \/>\n<meta property=\"og:url\" content=\"https:\/\/portaltela.pt\/noticias\/2026\/03\/29\/finlandia-declara-estado-de-alerta-apos-entrada-de-drones-de-fabrico-ucraniano\/\" \/>\n<meta property=\"og:site_name\" content=\"Portal Tela Portugal\" \/>\n<meta property=\"article:published_time\" content=\"2026-03-29T13:32:02+00:00\" \/>\n<meta name=\"author\" content=\"Telinha\" \/>\n<meta name=\"twitter:card\" content=\"summary_large_image\" \/>\n<meta name=\"twitter:label1\" content=\"Escrito por\" \/>\n\t<meta name=\"twitter:data1\" content=\"Telinha\" \/>\n\t<meta name=\"twitter:label2\" content=\"Tempo estimado de leitura\" \/>\n\t<meta name=\"twitter:data2\" content=\"1 minuto\" \/>\n<script type=\"application\/ld+json\" class=\"yoast-schema-graph\">{\"@context\":\"https:\/\/schema.org\",\"@graph\":[{\"@type\":\"Article\",\"@id\":\"https:\/\/portaltela.pt\/noticias\/2026\/03\/29\/finlandia-declara-estado-de-alerta-apos-entrada-de-drones-de-fabrico-ucraniano\/#article\",\"isPartOf\":{\"@id\":\"https:\/\/portaltela.pt\/noticias\/2026\/03\/29\/finlandia-declara-estado-de-alerta-apos-entrada-de-drones-de-fabrico-ucraniano\/\"},\"author\":{\"name\":\"Telinha\",\"@id\":\"https:\/\/portaltela.pt\/#\/schema\/person\/c4278d4a6028830caff9ee44b42d32ed\"},\"headline\":\"Finl\u00e2ndia declara estado de alerta ap\u00f3s entrada de drones de fabrico ucraniano\",\"datePublished\":\"2026-03-29T13:32:02+00:00\",\"mainEntityOfPage\":{\"@id\":\"https:\/\/portaltela.pt\/noticias\/2026\/03\/29\/finlandia-declara-estado-de-alerta-apos-entrada-de-drones-de-fabrico-ucraniano\/\"},\"wordCount\":151,\"image\":{\"@id\":\"https:\/\/portaltela.pt\/noticias\/2026\/03\/29\/finlandia-declara-estado-de-alerta-apos-entrada-de-drones-de-fabrico-ucraniano\/#primaryimage\"},\"thumbnailUrl\":\"https:\/\/portaltela.pt\/s.01k8rhncp4jt1\/2026\/03\/img_1280x721uu2026-03-21-18-09-32-2273931.jpg\",\"keywords\":[\"A For\u00e7a A\u00e9rea\",\"drones\",\"Finl\u00e2ndia\",\"guerra\",\"seguran\u00e7a internacional\",\"Ucr\u00e2nia\"],\"articleSection\":[\"Guerra\"],\"inLanguage\":\"pt-PT\"},{\"@type\":\"WebPage\",\"@id\":\"https:\/\/portaltela.pt\/noticias\/2026\/03\/29\/finlandia-declara-estado-de-alerta-apos-entrada-de-drones-de-fabrico-ucraniano\/\",\"url\":\"https:\/\/portaltela.pt\/noticias\/2026\/03\/29\/finlandia-declara-estado-de-alerta-apos-entrada-de-drones-de-fabrico-ucraniano\/\",\"name\":\"Finl\u00e2ndia declara estado de alerta ap\u00f3s entrada de drones de fabrico ucraniano - Portal Tela Portugal\",\"isPartOf\":{\"@id\":\"https:\/\/portaltela.pt\/#website\"},\"primaryImageOfPage\":{\"@id\":\"https:\/\/portaltela.pt\/noticias\/2026\/03\/29\/finlandia-declara-estado-de-alerta-apos-entrada-de-drones-de-fabrico-ucraniano\/#primaryimage\"},\"image\":{\"@id\":\"https:\/\/portaltela.pt\/noticias\/2026\/03\/29\/finlandia-declara-estado-de-alerta-apos-entrada-de-drones-de-fabrico-ucraniano\/#primaryimage\"},\"thumbnailUrl\":\"https:\/\/portaltela.pt\/s.01k8rhncp4jt1\/2026\/03\/img_1280x721uu2026-03-21-18-09-32-2273931.jpg\",\"datePublished\":\"2026-03-29T13:32:02+00:00\",\"author\":{\"@id\":\"https:\/\/portaltela.pt\/#\/schema\/person\/c4278d4a6028830caff9ee44b42d32ed\"},\"breadcrumb\":{\"@id\":\"https:\/\/portaltela.pt\/noticias\/2026\/03\/29\/finlandia-declara-estado-de-alerta-apos-entrada-de-drones-de-fabrico-ucraniano\/#breadcrumb\"},\"inLanguage\":\"pt-PT\",\"potentialAction\":[{\"@type\":\"ReadAction\",\"target\":[\"https:\/\/portaltela.pt\/noticias\/2026\/03\/29\/finlandia-declara-estado-de-alerta-apos-entrada-de-drones-de-fabrico-ucraniano\/\"]}]},{\"@type\":\"ImageObject\",\"inLanguage\":\"pt-PT\",\"@id\":\"https:\/\/portaltela.pt\/noticias\/2026\/03\/29\/finlandia-declara-estado-de-alerta-apos-entrada-de-drones-de-fabrico-ucraniano\/#primaryimage\",\"url\":\"https:\/\/portaltela.pt\/s.01k8rhncp4jt1\/2026\/03\/img_1280x721uu2026-03-21-18-09-32-2273931.jpg\",\"contentUrl\":\"https:\/\/portaltela.pt\/s.01k8rhncp4jt1\/2026\/03\/img_1280x721uu2026-03-21-18-09-32-2273931.jpg\",\"width\":796,\"height\":448,\"caption\":\"Drones\"},{\"@type\":\"BreadcrumbList\",\"@id\":\"https:\/\/portaltela.pt\/noticias\/2026\/03\/29\/finlandia-declara-estado-de-alerta-apos-entrada-de-drones-de-fabrico-ucraniano\/#breadcrumb\",\"itemListElement\":[{\"@type\":\"ListItem\",\"position\":1,\"name\":\"In\u00edcio\",\"item\":\"https:\/\/portaltela.pt\/\"},{\"@type\":\"ListItem\",\"position\":2,\"name\":\"Finl\u00e2ndia declara estado de alerta ap\u00f3s entrada de drones de fabrico ucraniano\"}]},{\"@type\":\"WebSite\",\"@id\":\"https:\/\/portaltela.pt\/#website\",\"url\":\"https:\/\/portaltela.pt\/\",\"name\":\"Portal Tela Portugal\",\"description\":\"\",\"potentialAction\":[{\"@type\":\"SearchAction\",\"target\":{\"@type\":\"EntryPoint\",\"urlTemplate\":\"https:\/\/portaltela.pt\/?s={search_term_string}\"},\"query-input\":{\"@type\":\"PropertyValueSpecification\",\"valueRequired\":true,\"valueName\":\"search_term_string\"}}],\"inLanguage\":\"pt-PT\"},{\"@type\":\"Person\",\"@id\":\"https:\/\/portaltela.pt\/#\/schema\/person\/c4278d4a6028830caff9ee44b42d32ed\",\"name\":\"Telinha\",\"image\":{\"@type\":\"ImageObject\",\"inLanguage\":\"pt-PT\",\"@id\":\"https:\/\/portaltela.pt\/s.01k8rhncp4jt1\/2025\/11\/talking-bot-125x125.png\",\"url\":\"https:\/\/portaltela.pt\/s.01k8rhncp4jt1\/2025\/11\/talking-bot-125x125.png\",\"contentUrl\":\"https:\/\/portaltela.pt\/s.01k8rhncp4jt1\/2025\/11\/talking-bot-125x125.png\",\"caption\":\"Telinha\"},\"sameAs\":[\"https:\/\/portaltela.pt\/\"],\"url\":\"https:\/\/portaltela.pt\/por\/367410592786\/\"}]}<\/script>\n<!-- \/ Yoast SEO plugin. -->","yoast_head_json":{"title":"Finl\u00e2ndia declara estado de alerta ap\u00f3s entrada de drones de fabrico ucraniano - Portal Tela Portugal","robots":{"index":"index","follow":"follow","max-snippet":"max-snippet:-1","max-image-preview":"max-image-preview:large","max-video-preview":"max-video-preview:-1"},"og_locale":"pt_PT","og_type":"article","og_title":"Finl\u00e2ndia declara estado de alerta ap\u00f3s entrada de drones de fabrico ucraniano - Portal Tela Portugal","og_description":"A For\u00e7a A\u00e9rea da Finl\u00e2ndia declarou provisoriamente estado de alerta ap\u00f3s confirma\u00e7\u00e3o da entrada de dois drones de fabrico ucraniano no pa\u00eds. Um dos drones foi abatido pela For\u00e7a A\u00e9rea Finlandesa. O incidente ocorreu por volta das 08:13, quando foram detetados v\u00e1rios objetos, incluindo drones, em \u00e1guas finlandesas. O primeiro-ministro Petteri Orpo pediu calma \u00e0 popula\u00e7\u00e3o e as autoridades est\u00e3o a investigar o assunto. O conflito envolve o uso de drones pelo ex\u00e9rcito ucraniano para ataques de longo alcance contra instala\u00e7\u00f5es petrol\u00edferas russas e navios.","og_url":"https:\/\/portaltela.pt\/noticias\/2026\/03\/29\/finlandia-declara-estado-de-alerta-apos-entrada-de-drones-de-fabrico-ucraniano\/","og_site_name":"Portal Tela Portugal","article_published_time":"2026-03-29T13:32:02+00:00","author":"Telinha","twitter_card":"summary_large_image","twitter_misc":{"Escrito por":"Telinha","Tempo estimado de leitura":"1 minuto"},"schema":{"@context":"https:\/\/schema.org","@graph":[{"@type":"Article","@id":"https:\/\/portaltela.pt\/noticias\/2026\/03\/29\/finlandia-declara-estado-de-alerta-apos-entrada-de-drones-de-fabrico-ucraniano\/#article","isPartOf":{"@id":"https:\/\/portaltela.pt\/noticias\/2026\/03\/29\/finlandia-declara-estado-de-alerta-apos-entrada-de-drones-de-fabrico-ucraniano\/"},"author":{"name":"Telinha","@id":"https:\/\/portaltela.pt\/#\/schema\/person\/c4278d4a6028830caff9ee44b42d32ed"},"headline":"Finl\u00e2ndia declara estado de alerta ap\u00f3s entrada de drones de fabrico ucraniano","datePublished":"2026-03-29T13:32:02+00:00","mainEntityOfPage":{"@id":"https:\/\/portaltela.pt\/noticias\/2026\/03\/29\/finlandia-declara-estado-de-alerta-apos-entrada-de-drones-de-fabrico-ucraniano\/"},"wordCount":151,"image":{"@id":"https:\/\/portaltela.pt\/noticias\/2026\/03\/29\/finlandia-declara-estado-de-alerta-apos-entrada-de-drones-de-fabrico-ucraniano\/#primaryimage"},"thumbnailUrl":"https:\/\/portaltela.pt\/s.01k8rhncp4jt1\/2026\/03\/img_1280x721uu2026-03-21-18-09-32-2273931.jpg","keywords":["A For\u00e7a A\u00e9rea","drones","Finl\u00e2ndia","guerra","seguran\u00e7a internacional","Ucr\u00e2nia"],"articleSection":["Guerra"],"inLanguage":"pt-PT"},{"@type":"WebPage","@id":"https:\/\/portaltela.pt\/noticias\/2026\/03\/29\/finlandia-declara-estado-de-alerta-apos-entrada-de-drones-de-fabrico-ucraniano\/","url":"https:\/\/portaltela.pt\/noticias\/2026\/03\/29\/finlandia-declara-estado-de-alerta-apos-entrada-de-drones-de-fabrico-ucraniano\/","name":"Finl\u00e2ndia declara estado de alerta ap\u00f3s entrada de drones de fabrico ucraniano - Portal Tela Portugal","isPartOf":{"@id":"https:\/\/portaltela.pt\/#website"},"primaryImageOfPage":{"@id":"https:\/\/portaltela.pt\/noticias\/2026\/03\/29\/finlandia-declara-estado-de-alerta-apos-entrada-de-drones-de-fabrico-ucraniano\/#primaryimage"},"image":{"@id":"https:\/\/portaltela.pt\/noticias\/2026\/03\/29\/finlandia-declara-estado-de-alerta-apos-entrada-de-drones-de-fabrico-ucraniano\/#primaryimage"},"thumbnailUrl":"https:\/\/portaltela.pt\/s.01k8rhncp4jt1\/2026\/03\/img_1280x721uu2026-03-21-18-09-32-2273931.jpg","datePublished":"2026-03-29T13:32:02+00:00","author":{"@id":"https:\/\/portaltela.pt\/#\/schema\/person\/c4278d4a6028830caff9ee44b42d32ed"},"breadcrumb":{"@id":"https:\/\/portaltela.pt\/noticias\/2026\/03\/29\/finlandia-declara-estado-de-alerta-apos-entrada-de-drones-de-fabrico-ucraniano\/#breadcrumb"},"inLanguage":"pt-PT","potentialAction":[{"@type":"ReadAction","target":["https:\/\/portaltela.pt\/noticias\/2026\/03\/29\/finlandia-declara-estado-de-alerta-apos-entrada-de-drones-de-fabrico-ucraniano\/"]}]},{"@type":"ImageObject","inLanguage":"pt-PT","@id":"https:\/\/portaltela.pt\/noticias\/2026\/03\/29\/finlandia-declara-estado-de-alerta-apos-entrada-de-drones-de-fabrico-ucraniano\/#primaryimage","url":"https:\/\/portaltela.pt\/s.01k8rhncp4jt1\/2026\/03\/img_1280x721uu2026-03-21-18-09-32-2273931.jpg","contentUrl":"https:\/\/portaltela.pt\/s.01k8rhncp4jt1\/2026\/03\/img_1280x721uu2026-03-21-18-09-32-2273931.jpg","width":796,"height":448,"caption":"Drones"},{"@type":"BreadcrumbList","@id":"https:\/\/portaltela.pt\/noticias\/2026\/03\/29\/finlandia-declara-estado-de-alerta-apos-entrada-de-drones-de-fabrico-ucraniano\/#breadcrumb","itemListElement":[{"@type":"ListItem","position":1,"name":"In\u00edcio","item":"https:\/\/portaltela.pt\/"},{"@type":"ListItem","position":2,"name":"Finl\u00e2ndia declara estado de alerta ap\u00f3s entrada de drones de fabrico ucraniano"}]},{"@type":"WebSite","@id":"https:\/\/portaltela.pt\/#website","url":"https:\/\/portaltela.pt\/","name":"Portal Tela Portugal","description":"","potentialAction":[{"@type":"SearchAction","target":{"@type":"EntryPoint","urlTemplate":"https:\/\/portaltela.pt\/?s={search_term_string}"},"query-input":{"@type":"PropertyValueSpecification","valueRequired":true,"valueName":"search_term_string"}}],"inLanguage":"pt-PT"},{"@type":"Person","@id":"https:\/\/portaltela.pt\/#\/schema\/person\/c4278d4a6028830caff9ee44b42d32ed","name":"Telinha","image":{"@type":"ImageObject","inLanguage":"pt-PT","@id":"https:\/\/portaltela.pt\/s.01k8rhncp4jt1\/2025\/11\/talking-bot-125x125.png","url":"https:\/\/portaltela.pt\/s.01k8rhncp4jt1\/2025\/11\/talking-bot-125x125.png","contentUrl":"https:\/\/portaltela.pt\/s.01k8rhncp4jt1\/2025\/11\/talking-bot-125x125.png","caption":"Telinha"},"sameAs":["https:\/\/portaltela.pt\/"],"url":"https:\/\/portaltela.pt\/por\/367410592786\/"}]}},"_links":{"self":[{"href":"https:\/\/portaltela.pt\/api\/wp\/v2\/posts\/425953","targetHints":{"allow":["GET"]}}],"collection":[{"href":"https:\/\/portaltela.pt\/api\/wp\/v2\/posts"}],"about":[{"href":"https:\/\/portaltela.pt\/api\/wp\/v2\/types\/post"}],"author":[{"embeddable":true,"href":"https:\/\/portaltela.pt\/api\/wp\/v2\/users\/2"}],"replies":[{"embeddable":true,"href":"https:\/\/portaltela.pt\/api\/wp\/v2\/comments?post=425953"}],"version-history":[{"count":0,"href":"https:\/\/portaltela.pt\/api\/wp\/v2\/posts\/425953\/revisions"}],"wp:featuredmedia":[{"embeddable":true,"href":"https:\/\/portaltela.pt\/api\/wp\/v2\/media\/425957"}],"wp:attachment":[{"href":"https:\/\/portaltela.pt\/api\/wp\/v2\/media?parent=425953"}],"wp:term":[{"taxonomy":"category","embeddable":true,"href":"https:\/\/portaltela.pt\/api\/wp\/v2\/categories?post=425953"},{"taxonomy":"post_tag","embeddable":true,"href":"https:\/\/portaltela.pt\/api\/wp\/v2\/tags?post=425953"}],"curies":[{"name":"wp","href":"https:\/\/api.w.org\/{rel}","templated":true}]}}