{"id":425951,"date":"2026-03-29T10:32:01","date_gmt":"2026-03-29T13:32:01","guid":{"rendered":"https:\/\/portaltela.pt\/noticias\/2026\/03\/29\/mexico-localiza-catamaras-desaparecidos-com-ajuda-humanitaria-para-cuba\/"},"modified":"2026-03-29T10:32:01","modified_gmt":"2026-03-29T13:32:01","slug":"mexico-localiza-catamaras-desaparecidos-com-ajuda-humanitaria-para-cuba","status":"publish","type":"post","link":"https:\/\/portaltela.pt\/noticias\/2026\/03\/29\/mexico-localiza-catamaras-desaparecidos-com-ajuda-humanitaria-para-cuba\/","title":{"rendered":"M\u00e9xico localiza catamar\u00e3s desaparecidos com ajuda humanit\u00e1ria para Cuba"},"content":{"rendered":"<p>A Marinha do M\u00e9xico localizou os catamar\u00e3s Friendship e Tigermoth, desaparecidos desde 21 de mar\u00e7o com nove tripulantes a bordo, a 80 milhas n\u00e1uticas a noroeste de Havana. Um navio j\u00e1 se dirige para a \u00e1rea para prestar apoio, ap\u00f3s o alerta da delega\u00e7\u00e3o mexicana de ajuda humanit\u00e1ria.<\/p>\n<p>Segundo o Semar, as embarca\u00e7\u00f5es foram encontradas com comunica\u00e7\u00f5es via r\u00e1dio a decorrer. N\u00e3o foi divulgado o estado de sa\u00fade dos tripulantes: quatro no Friendship e cinco no Tigermoth, incluindo seis homens, duas mulheres e uma crian\u00e7a de tr\u00eas anos, de v\u00e1rias nacionalidades.<\/p>\n<h3>Parte de um comboio de ajuda humanit\u00e1ria<\/h3>\n<p>Os veleiros faziam parte da delega\u00e7\u00e3o mexicana do comboio &#8220;Nossa Am\u00e9rica&#8221;, que transportava perto de 30 toneladas de alimentos, medicamentos, higiene e pain\u00e9is solares para Cuba. A chegada estava prevista para 24-25 de mar\u00e7o, num contexto de agravamento econ\u00f3mico cubano e do embargo petrol\u00edfero dos EUA.<\/p>\n<p>Um cargueiro ligado \u00e0 expedi\u00e7\u00e3o j\u00e1 chegou a Cuba, mas os dois catamar\u00e3s perderam contacto no mar, dando in\u00edcio \u00e0s buscas coordenadas pela Marinha. O objetivo \u00e9 confirmar o estado das pessoas a bordo e entender as causas da interrup\u00e7\u00e3o das comunica\u00e7\u00f5es que durou uma semana.<\/p>\n<h3>Coordena\u00e7\u00e3o internacional<\/h3>\n<p>A este dispositivo de busca, a Marinha soma os Centros de Salvamento Mar\u00edtimo da Pol\u00f3nia, Fran\u00e7a, Cuba e Estados Unidos, com trocas de informa\u00e7\u00f5es em tempo real. A Presidente Claudia Sheinbaum informou, numa confer\u00eancia de imprensa, que os membros da tripula\u00e7\u00e3o eram ativistas que perderam contacto ap\u00f3s permanecerem em alto-mar.<\/p>\n<p>O Semar confirmou a localiza\u00e7\u00e3o dos navios e o contacto via r\u00e1dio, sem indicar, contudo, o estado f\u00edsico ou as causas da perda de comunica\u00e7\u00e3o. O navio que se dirige \u00e0 zona dever\u00e1 oferecer o primeiro relato detalhado da situa\u00e7\u00e3o.<\/p>\n","protected":false},"excerpt":{"rendered":"<ul>\n<li>A Marinha do M\u00e9xico localizou no s\u00e1bado o Friendship e o Tigermoth, catamar\u00e3s desaparecidos desde 21 de mar\u00e7o com nove tripulantes a bordo, a 80 milhas n\u00e1uticas a noroeste de Havana.<\/li>\n<li>Um navio est\u00e1 a caminho da zona para prestar apoio, e as comunica\u00e7\u00f5es via r\u00e1dio j\u00e1 est\u00e3o a ser mantidas.<\/li>\n<li>As embarca\u00e7\u00f5es eram parte do comboio de ajuda humanit\u00e1ria &#8220;Nossa Am\u00e9rica&#8221;, que transportava cerca de 30 toneladas de alimentos, medicamentos, higiene e pain\u00e9is solares para Cuba.<\/li>\n<li>A tripula\u00e7\u00e3o \u00e9 composta por pessoas de diferentes nacionalidades, com seis homens, duas mulheres e uma crian\u00e7a de tr\u00eas anos; o estado de sa\u00fade n\u00e3o foi divulgado pela Semar.<\/li>\n<li>A opera\u00e7\u00e3o envolve coordena\u00e7\u00e3o internacional com centros de Salvamento Mar\u00edtimo da Pol\u00f3nia, Fran\u00e7a, Cuba e Estados Unidos; a Presidente Claudia Sheinbaum confirmou a perda de contacto.<\/li>\n<\/ul>\n","protected":false},"author":2,"featured_media":425954,"comment_status":"closed","ping_status":"closed","sticky":false,"template":"","format":"standard","meta":{"footnotes":""},"categories":[6912,1],"tags":[5747,3718,6636,4419,4298,6380],"class_list":["post-425951","post","type-post","status-publish","format-standard","has-post-thumbnail","hentry","category-internacionais","category-noticias","tag-ajuda-humanitaria","tag-coordenacao-internacional","tag-cuba","tag-embarcacoes","tag-marinha","tag-mexico"],"yoast_head":"<!-- This site is optimized with the Yoast SEO plugin v27.2 - https:\/\/yoast.com\/product\/yoast-seo-wordpress\/ -->\n<title>M\u00e9xico localiza catamar\u00e3s desaparecidos com ajuda humanit\u00e1ria para Cuba - Portal Tela Portugal<\/title>\n<meta name=\"robots\" content=\"index, follow, max-snippet:-1, max-image-preview:large, max-video-preview:-1\" \/>\n<meta property=\"og:locale\" content=\"pt_PT\" \/>\n<meta property=\"og:type\" content=\"article\" \/>\n<meta property=\"og:title\" content=\"M\u00e9xico localiza catamar\u00e3s desaparecidos com ajuda humanit\u00e1ria para Cuba - Portal Tela Portugal\" \/>\n<meta property=\"og:description\" content=\"A Marinha do M\u00e9xico localizou no s\u00e1bado o Friendship e o Tigermoth, catamar\u00e3s desaparecidos desde 21 de mar\u00e7o com nove tripulantes a bordo, a 80 milhas n\u00e1uticas a noroeste de Havana. Um navio est\u00e1 a caminho da zona para prestar apoio, e as comunica\u00e7\u00f5es via r\u00e1dio j\u00e1 est\u00e3o a ser mantidas. As embarca\u00e7\u00f5es eram parte do comboio de ajuda humanit\u00e1ria &quot;Nossa Am\u00e9rica&quot;, que transportava cerca de 30 toneladas de alimentos, medicamentos, higiene e pain\u00e9is solares para Cuba. A tripula\u00e7\u00e3o \u00e9 composta por pessoas de diferentes nacionalidades, com seis homens, duas mulheres e uma crian\u00e7a de tr\u00eas anos; o estado de sa\u00fade n\u00e3o foi divulgado pela Semar. A opera\u00e7\u00e3o envolve coordena\u00e7\u00e3o internacional com centros de Salvamento Mar\u00edtimo da Pol\u00f3nia, Fran\u00e7a, Cuba e Estados Unidos; a Presidente Claudia Sheinbaum confirmou a perda de contacto.\" \/>\n<meta property=\"og:url\" content=\"https:\/\/portaltela.pt\/noticias\/2026\/03\/29\/mexico-localiza-catamaras-desaparecidos-com-ajuda-humanitaria-para-cuba\/\" \/>\n<meta property=\"og:site_name\" content=\"Portal Tela Portugal\" \/>\n<meta property=\"article:published_time\" content=\"2026-03-29T13:32:01+00:00\" \/>\n<meta name=\"author\" content=\"Telinha\" \/>\n<meta name=\"twitter:card\" content=\"summary_large_image\" \/>\n<meta name=\"twitter:label1\" content=\"Escrito por\" \/>\n\t<meta name=\"twitter:data1\" content=\"Telinha\" \/>\n\t<meta name=\"twitter:label2\" content=\"Tempo estimado de leitura\" \/>\n\t<meta name=\"twitter:data2\" content=\"2 minutos\" \/>\n<script type=\"application\/ld+json\" class=\"yoast-schema-graph\">{\"@context\":\"https:\/\/schema.org\",\"@graph\":[{\"@type\":\"Article\",\"@id\":\"https:\/\/portaltela.pt\/noticias\/2026\/03\/29\/mexico-localiza-catamaras-desaparecidos-com-ajuda-humanitaria-para-cuba\/#article\",\"isPartOf\":{\"@id\":\"https:\/\/portaltela.pt\/noticias\/2026\/03\/29\/mexico-localiza-catamaras-desaparecidos-com-ajuda-humanitaria-para-cuba\/\"},\"author\":{\"name\":\"Telinha\",\"@id\":\"https:\/\/portaltela.pt\/#\/schema\/person\/c4278d4a6028830caff9ee44b42d32ed\"},\"headline\":\"M\u00e9xico localiza catamar\u00e3s desaparecidos com ajuda humanit\u00e1ria para Cuba\",\"datePublished\":\"2026-03-29T13:32:01+00:00\",\"mainEntityOfPage\":{\"@id\":\"https:\/\/portaltela.pt\/noticias\/2026\/03\/29\/mexico-localiza-catamaras-desaparecidos-com-ajuda-humanitaria-para-cuba\/\"},\"wordCount\":328,\"image\":{\"@id\":\"https:\/\/portaltela.pt\/noticias\/2026\/03\/29\/mexico-localiza-catamaras-desaparecidos-com-ajuda-humanitaria-para-cuba\/#primaryimage\"},\"thumbnailUrl\":\"https:\/\/portaltela.pt\/s.01k8rhncp4jt1\/2026\/03\/1536x864_cmsv2_7acf801c-6e38-52f2-89be-0a5bc854a871-9702466.jpg\",\"keywords\":[\"ajuda humanit\u00e1ria\",\"coordena\u00e7\u00e3o internacional\",\"Cuba\",\"embarca\u00e7\u00f5es\",\"Marinha\",\"M\u00e9xico\"],\"articleSection\":[\"Internacionais\",\"Not\u00edcias\"],\"inLanguage\":\"pt-PT\"},{\"@type\":\"WebPage\",\"@id\":\"https:\/\/portaltela.pt\/noticias\/2026\/03\/29\/mexico-localiza-catamaras-desaparecidos-com-ajuda-humanitaria-para-cuba\/\",\"url\":\"https:\/\/portaltela.pt\/noticias\/2026\/03\/29\/mexico-localiza-catamaras-desaparecidos-com-ajuda-humanitaria-para-cuba\/\",\"name\":\"M\u00e9xico localiza catamar\u00e3s desaparecidos com ajuda humanit\u00e1ria para Cuba - Portal Tela Portugal\",\"isPartOf\":{\"@id\":\"https:\/\/portaltela.pt\/#website\"},\"primaryImageOfPage\":{\"@id\":\"https:\/\/portaltela.pt\/noticias\/2026\/03\/29\/mexico-localiza-catamaras-desaparecidos-com-ajuda-humanitaria-para-cuba\/#primaryimage\"},\"image\":{\"@id\":\"https:\/\/portaltela.pt\/noticias\/2026\/03\/29\/mexico-localiza-catamaras-desaparecidos-com-ajuda-humanitaria-para-cuba\/#primaryimage\"},\"thumbnailUrl\":\"https:\/\/portaltela.pt\/s.01k8rhncp4jt1\/2026\/03\/1536x864_cmsv2_7acf801c-6e38-52f2-89be-0a5bc854a871-9702466.jpg\",\"datePublished\":\"2026-03-29T13:32:01+00:00\",\"author\":{\"@id\":\"https:\/\/portaltela.pt\/#\/schema\/person\/c4278d4a6028830caff9ee44b42d32ed\"},\"breadcrumb\":{\"@id\":\"https:\/\/portaltela.pt\/noticias\/2026\/03\/29\/mexico-localiza-catamaras-desaparecidos-com-ajuda-humanitaria-para-cuba\/#breadcrumb\"},\"inLanguage\":\"pt-PT\",\"potentialAction\":[{\"@type\":\"ReadAction\",\"target\":[\"https:\/\/portaltela.pt\/noticias\/2026\/03\/29\/mexico-localiza-catamaras-desaparecidos-com-ajuda-humanitaria-para-cuba\/\"]}]},{\"@type\":\"ImageObject\",\"inLanguage\":\"pt-PT\",\"@id\":\"https:\/\/portaltela.pt\/noticias\/2026\/03\/29\/mexico-localiza-catamaras-desaparecidos-com-ajuda-humanitaria-para-cuba\/#primaryimage\",\"url\":\"https:\/\/portaltela.pt\/s.01k8rhncp4jt1\/2026\/03\/1536x864_cmsv2_7acf801c-6e38-52f2-89be-0a5bc854a871-9702466.jpg\",\"contentUrl\":\"https:\/\/portaltela.pt\/s.01k8rhncp4jt1\/2026\/03\/1536x864_cmsv2_7acf801c-6e38-52f2-89be-0a5bc854a871-9702466.jpg\",\"width\":796,\"height\":448,\"caption\":\"Dois navios de ajuda humanit\u00e1ria com destino a Cuba encontrados, 28 de mar\u00e7o de 2026\"},{\"@type\":\"BreadcrumbList\",\"@id\":\"https:\/\/portaltela.pt\/noticias\/2026\/03\/29\/mexico-localiza-catamaras-desaparecidos-com-ajuda-humanitaria-para-cuba\/#breadcrumb\",\"itemListElement\":[{\"@type\":\"ListItem\",\"position\":1,\"name\":\"In\u00edcio\",\"item\":\"https:\/\/portaltela.pt\/\"},{\"@type\":\"ListItem\",\"position\":2,\"name\":\"M\u00e9xico localiza catamar\u00e3s desaparecidos com ajuda humanit\u00e1ria para Cuba\"}]},{\"@type\":\"WebSite\",\"@id\":\"https:\/\/portaltela.pt\/#website\",\"url\":\"https:\/\/portaltela.pt\/\",\"name\":\"Portal Tela Portugal\",\"description\":\"\",\"potentialAction\":[{\"@type\":\"SearchAction\",\"target\":{\"@type\":\"EntryPoint\",\"urlTemplate\":\"https:\/\/portaltela.pt\/?s={search_term_string}\"},\"query-input\":{\"@type\":\"PropertyValueSpecification\",\"valueRequired\":true,\"valueName\":\"search_term_string\"}}],\"inLanguage\":\"pt-PT\"},{\"@type\":\"Person\",\"@id\":\"https:\/\/portaltela.pt\/#\/schema\/person\/c4278d4a6028830caff9ee44b42d32ed\",\"name\":\"Telinha\",\"image\":{\"@type\":\"ImageObject\",\"inLanguage\":\"pt-PT\",\"@id\":\"https:\/\/portaltela.pt\/s.01k8rhncp4jt1\/2025\/11\/talking-bot-125x125.png\",\"url\":\"https:\/\/portaltela.pt\/s.01k8rhncp4jt1\/2025\/11\/talking-bot-125x125.png\",\"contentUrl\":\"https:\/\/portaltela.pt\/s.01k8rhncp4jt1\/2025\/11\/talking-bot-125x125.png\",\"caption\":\"Telinha\"},\"sameAs\":[\"https:\/\/portaltela.pt\/\"],\"url\":\"https:\/\/portaltela.pt\/por\/367410592786\/\"}]}<\/script>\n<!-- \/ Yoast SEO plugin. -->","yoast_head_json":{"title":"M\u00e9xico localiza catamar\u00e3s desaparecidos com ajuda humanit\u00e1ria para Cuba - Portal Tela Portugal","robots":{"index":"index","follow":"follow","max-snippet":"max-snippet:-1","max-image-preview":"max-image-preview:large","max-video-preview":"max-video-preview:-1"},"og_locale":"pt_PT","og_type":"article","og_title":"M\u00e9xico localiza catamar\u00e3s desaparecidos com ajuda humanit\u00e1ria para Cuba - Portal Tela Portugal","og_description":"A Marinha do M\u00e9xico localizou no s\u00e1bado o Friendship e o Tigermoth, catamar\u00e3s desaparecidos desde 21 de mar\u00e7o com nove tripulantes a bordo, a 80 milhas n\u00e1uticas a noroeste de Havana. Um navio est\u00e1 a caminho da zona para prestar apoio, e as comunica\u00e7\u00f5es via r\u00e1dio j\u00e1 est\u00e3o a ser mantidas. As embarca\u00e7\u00f5es eram parte do comboio de ajuda humanit\u00e1ria \"Nossa Am\u00e9rica\", que transportava cerca de 30 toneladas de alimentos, medicamentos, higiene e pain\u00e9is solares para Cuba. A tripula\u00e7\u00e3o \u00e9 composta por pessoas de diferentes nacionalidades, com seis homens, duas mulheres e uma crian\u00e7a de tr\u00eas anos; o estado de sa\u00fade n\u00e3o foi divulgado pela Semar. A opera\u00e7\u00e3o envolve coordena\u00e7\u00e3o internacional com centros de Salvamento Mar\u00edtimo da Pol\u00f3nia, Fran\u00e7a, Cuba e Estados Unidos; a Presidente Claudia Sheinbaum confirmou a perda de contacto.","og_url":"https:\/\/portaltela.pt\/noticias\/2026\/03\/29\/mexico-localiza-catamaras-desaparecidos-com-ajuda-humanitaria-para-cuba\/","og_site_name":"Portal Tela Portugal","article_published_time":"2026-03-29T13:32:01+00:00","author":"Telinha","twitter_card":"summary_large_image","twitter_misc":{"Escrito por":"Telinha","Tempo estimado de leitura":"2 minutos"},"schema":{"@context":"https:\/\/schema.org","@graph":[{"@type":"Article","@id":"https:\/\/portaltela.pt\/noticias\/2026\/03\/29\/mexico-localiza-catamaras-desaparecidos-com-ajuda-humanitaria-para-cuba\/#article","isPartOf":{"@id":"https:\/\/portaltela.pt\/noticias\/2026\/03\/29\/mexico-localiza-catamaras-desaparecidos-com-ajuda-humanitaria-para-cuba\/"},"author":{"name":"Telinha","@id":"https:\/\/portaltela.pt\/#\/schema\/person\/c4278d4a6028830caff9ee44b42d32ed"},"headline":"M\u00e9xico localiza catamar\u00e3s desaparecidos com ajuda humanit\u00e1ria para Cuba","datePublished":"2026-03-29T13:32:01+00:00","mainEntityOfPage":{"@id":"https:\/\/portaltela.pt\/noticias\/2026\/03\/29\/mexico-localiza-catamaras-desaparecidos-com-ajuda-humanitaria-para-cuba\/"},"wordCount":328,"image":{"@id":"https:\/\/portaltela.pt\/noticias\/2026\/03\/29\/mexico-localiza-catamaras-desaparecidos-com-ajuda-humanitaria-para-cuba\/#primaryimage"},"thumbnailUrl":"https:\/\/portaltela.pt\/s.01k8rhncp4jt1\/2026\/03\/1536x864_cmsv2_7acf801c-6e38-52f2-89be-0a5bc854a871-9702466.jpg","keywords":["ajuda humanit\u00e1ria","coordena\u00e7\u00e3o internacional","Cuba","embarca\u00e7\u00f5es","Marinha","M\u00e9xico"],"articleSection":["Internacionais","Not\u00edcias"],"inLanguage":"pt-PT"},{"@type":"WebPage","@id":"https:\/\/portaltela.pt\/noticias\/2026\/03\/29\/mexico-localiza-catamaras-desaparecidos-com-ajuda-humanitaria-para-cuba\/","url":"https:\/\/portaltela.pt\/noticias\/2026\/03\/29\/mexico-localiza-catamaras-desaparecidos-com-ajuda-humanitaria-para-cuba\/","name":"M\u00e9xico localiza catamar\u00e3s desaparecidos com ajuda humanit\u00e1ria para Cuba - Portal Tela Portugal","isPartOf":{"@id":"https:\/\/portaltela.pt\/#website"},"primaryImageOfPage":{"@id":"https:\/\/portaltela.pt\/noticias\/2026\/03\/29\/mexico-localiza-catamaras-desaparecidos-com-ajuda-humanitaria-para-cuba\/#primaryimage"},"image":{"@id":"https:\/\/portaltela.pt\/noticias\/2026\/03\/29\/mexico-localiza-catamaras-desaparecidos-com-ajuda-humanitaria-para-cuba\/#primaryimage"},"thumbnailUrl":"https:\/\/portaltela.pt\/s.01k8rhncp4jt1\/2026\/03\/1536x864_cmsv2_7acf801c-6e38-52f2-89be-0a5bc854a871-9702466.jpg","datePublished":"2026-03-29T13:32:01+00:00","author":{"@id":"https:\/\/portaltela.pt\/#\/schema\/person\/c4278d4a6028830caff9ee44b42d32ed"},"breadcrumb":{"@id":"https:\/\/portaltela.pt\/noticias\/2026\/03\/29\/mexico-localiza-catamaras-desaparecidos-com-ajuda-humanitaria-para-cuba\/#breadcrumb"},"inLanguage":"pt-PT","potentialAction":[{"@type":"ReadAction","target":["https:\/\/portaltela.pt\/noticias\/2026\/03\/29\/mexico-localiza-catamaras-desaparecidos-com-ajuda-humanitaria-para-cuba\/"]}]},{"@type":"ImageObject","inLanguage":"pt-PT","@id":"https:\/\/portaltela.pt\/noticias\/2026\/03\/29\/mexico-localiza-catamaras-desaparecidos-com-ajuda-humanitaria-para-cuba\/#primaryimage","url":"https:\/\/portaltela.pt\/s.01k8rhncp4jt1\/2026\/03\/1536x864_cmsv2_7acf801c-6e38-52f2-89be-0a5bc854a871-9702466.jpg","contentUrl":"https:\/\/portaltela.pt\/s.01k8rhncp4jt1\/2026\/03\/1536x864_cmsv2_7acf801c-6e38-52f2-89be-0a5bc854a871-9702466.jpg","width":796,"height":448,"caption":"Dois navios de ajuda humanit\u00e1ria com destino a Cuba encontrados, 28 de mar\u00e7o de 2026"},{"@type":"BreadcrumbList","@id":"https:\/\/portaltela.pt\/noticias\/2026\/03\/29\/mexico-localiza-catamaras-desaparecidos-com-ajuda-humanitaria-para-cuba\/#breadcrumb","itemListElement":[{"@type":"ListItem","position":1,"name":"In\u00edcio","item":"https:\/\/portaltela.pt\/"},{"@type":"ListItem","position":2,"name":"M\u00e9xico localiza catamar\u00e3s desaparecidos com ajuda humanit\u00e1ria para Cuba"}]},{"@type":"WebSite","@id":"https:\/\/portaltela.pt\/#website","url":"https:\/\/portaltela.pt\/","name":"Portal Tela Portugal","description":"","potentialAction":[{"@type":"SearchAction","target":{"@type":"EntryPoint","urlTemplate":"https:\/\/portaltela.pt\/?s={search_term_string}"},"query-input":{"@type":"PropertyValueSpecification","valueRequired":true,"valueName":"search_term_string"}}],"inLanguage":"pt-PT"},{"@type":"Person","@id":"https:\/\/portaltela.pt\/#\/schema\/person\/c4278d4a6028830caff9ee44b42d32ed","name":"Telinha","image":{"@type":"ImageObject","inLanguage":"pt-PT","@id":"https:\/\/portaltela.pt\/s.01k8rhncp4jt1\/2025\/11\/talking-bot-125x125.png","url":"https:\/\/portaltela.pt\/s.01k8rhncp4jt1\/2025\/11\/talking-bot-125x125.png","contentUrl":"https:\/\/portaltela.pt\/s.01k8rhncp4jt1\/2025\/11\/talking-bot-125x125.png","caption":"Telinha"},"sameAs":["https:\/\/portaltela.pt\/"],"url":"https:\/\/portaltela.pt\/por\/367410592786\/"}]}},"_links":{"self":[{"href":"https:\/\/portaltela.pt\/api\/wp\/v2\/posts\/425951","targetHints":{"allow":["GET"]}}],"collection":[{"href":"https:\/\/portaltela.pt\/api\/wp\/v2\/posts"}],"about":[{"href":"https:\/\/portaltela.pt\/api\/wp\/v2\/types\/post"}],"author":[{"embeddable":true,"href":"https:\/\/portaltela.pt\/api\/wp\/v2\/users\/2"}],"replies":[{"embeddable":true,"href":"https:\/\/portaltela.pt\/api\/wp\/v2\/comments?post=425951"}],"version-history":[{"count":0,"href":"https:\/\/portaltela.pt\/api\/wp\/v2\/posts\/425951\/revisions"}],"wp:featuredmedia":[{"embeddable":true,"href":"https:\/\/portaltela.pt\/api\/wp\/v2\/media\/425954"}],"wp:attachment":[{"href":"https:\/\/portaltela.pt\/api\/wp\/v2\/media?parent=425951"}],"wp:term":[{"taxonomy":"category","embeddable":true,"href":"https:\/\/portaltela.pt\/api\/wp\/v2\/categories?post=425951"},{"taxonomy":"post_tag","embeddable":true,"href":"https:\/\/portaltela.pt\/api\/wp\/v2\/tags?post=425951"}],"curies":[{"name":"wp","href":"https:\/\/api.w.org\/{rel}","templated":true}]}}