{"id":425945,"date":"2026-03-29T10:17:06","date_gmt":"2026-03-29T13:17:06","guid":{"rendered":"https:\/\/portaltela.pt\/noticias\/2026\/03\/29\/ricardo-andorinho-exige-consequencias-apos-incidente-no-dragao-arena\/"},"modified":"2026-03-29T10:17:06","modified_gmt":"2026-03-29T13:17:06","slug":"ricardo-andorinho-exige-consequencias-apos-incidente-no-dragao-arena","status":"publish","type":"post","link":"https:\/\/portaltela.pt\/desporto\/futebol\/2026\/03\/29\/ricardo-andorinho-exige-consequencias-apos-incidente-no-dragao-arena\/","title":{"rendered":"Ricardo Andorinho exige consequ\u00eancias ap\u00f3s incidente no Drag\u00e3o Arena"},"content":{"rendered":"<p>No balne\u00e1rio do Drag\u00e3o Arena, antes do encontro FC Porto-Sporting em andebol, ocorreu um incidente com um odor intenso que provocou assist\u00eancia m\u00e9dica a Ricardo Costa, treinador do FC Porto, e a Christian Moga, pivot do Sporting. O jogo acabou por vencer o Sporting por 33-30.<\/p>\n<p>Ricardo Andorinho, antigo internacional luso, utilizou o LinkedIn para pedir medidas firmes, dirigindo cr\u00edticas aos clubes advers\u00e1rios FC Porto e Benfica. Refor\u00e7ou a defesa de uma cultura desportiva assente em princ\u00edpios e na identidade do Sporting.<\/p>\n<p>A mensagem de Andorinho enfatiza valores como esfor\u00e7o, dedica\u00e7\u00e3o e respeito, associando o que v\u00ea na realidade nacional a desvios de conduta. Segundo o antigo jogador, \u00e9 altura de exigir responsabilidade e mudan\u00e7a na forma como se pratica o desporto entre clubes rivais.<\/p>\n<p>O ex-jogador tamb\u00e9m sustenta que, em determinados momentos, o jogo n\u00e3o deveria ter acontecido e sugere a pondera\u00e7\u00e3o de pausas no calend\u00e1rio para refletir sobre o estado do desporto. Diz que as consequ\u00eancias devem ser reais e diretas, sem receio.<\/p>\n<p>At\u00e9 ao momento, n\u00e3o foram divulgadas informa\u00e7\u00f5es oficiais sobre a\u00e7\u00f5es disciplinares por parte de entidades ou clubes em resposta ao incidente. A not\u00edcia permanece sem confirma\u00e7\u00e3o de medidas adicionais.<\/p>\n","protected":false},"excerpt":{"rendered":"<ul>\n<li>Incidente no balne\u00e1rio do Drag\u00e3o Arena, antes do jogo FC Porto\u2013Sporting em andebol, ocorrido no s\u00e1bado, levou \u00e0 interrup\u00e7\u00e3o de parte das atividades.<\/li>\n<li>O treinador Ricardo Costa e o pivot Christian Moga necessitaram de assist\u00eancia m\u00e9dica ap\u00f3s intoxica\u00e7\u00e3o provocada por um cheiro intenso; o encontro terminou com vit\u00f3ria do Sporting por 33\u201330.<\/li>\n<li>Ricardo Andorinho, antigo internacional portugu\u00eas e ex-jogador do Sporting, apontou os rivais FC Porto e Benfica como respons\u00e1veis e defendeu uma resposta firme.<\/li>\n<li>Em publica\u00e7\u00e3o no LinkedIn, o ex-jogador relembrou a cultura desportiva do Sporting, sublinhando valores de esfor\u00e7o, respeito e identidade.<\/li>\n<li>Andorinho pediu consequ\u00eancias reais e diretas e sugeriu a paragem do desporto por uma ou duas jornadas para refletir sobre o que se quer do desporto.<\/li>\n<\/ul>\n","protected":false},"author":2,"featured_media":425946,"comment_status":"closed","ping_status":"closed","sticky":false,"template":"","format":"standard","meta":{"footnotes":""},"categories":[21,24],"tags":[1946,152,233,2028,4849,1652],"class_list":["post-425945","post","type-post","status-publish","format-standard","has-post-thumbnail","hentry","category-desporto","category-futebol","tag-benfica","tag-desporto","tag-etica-desportiva","tag-fc-porto","tag-handebol","tag-sporting"],"yoast_head":"<!-- This site is optimized with the Yoast SEO plugin v27.2 - https:\/\/yoast.com\/product\/yoast-seo-wordpress\/ -->\n<title>Ricardo Andorinho exige consequ\u00eancias ap\u00f3s incidente no Drag\u00e3o Arena - Portal Tela Portugal<\/title>\n<meta name=\"robots\" content=\"index, follow, max-snippet:-1, max-image-preview:large, max-video-preview:-1\" \/>\n<meta property=\"og:locale\" content=\"pt_PT\" \/>\n<meta property=\"og:type\" content=\"article\" \/>\n<meta property=\"og:title\" content=\"Ricardo Andorinho exige consequ\u00eancias ap\u00f3s incidente no Drag\u00e3o Arena - Portal Tela Portugal\" \/>\n<meta property=\"og:description\" content=\"Incidente no balne\u00e1rio do Drag\u00e3o Arena, antes do jogo FC Porto\u2013Sporting em andebol, ocorrido no s\u00e1bado, levou \u00e0 interrup\u00e7\u00e3o de parte das atividades. O treinador Ricardo Costa e o pivot Christian Moga necessitaram de assist\u00eancia m\u00e9dica ap\u00f3s intoxica\u00e7\u00e3o provocada por um cheiro intenso; o encontro terminou com vit\u00f3ria do Sporting por 33\u201330. Ricardo Andorinho, antigo internacional portugu\u00eas e ex-jogador do Sporting, apontou os rivais FC Porto e Benfica como respons\u00e1veis e defendeu uma resposta firme. Em publica\u00e7\u00e3o no LinkedIn, o ex-jogador relembrou a cultura desportiva do Sporting, sublinhando valores de esfor\u00e7o, respeito e identidade. Andorinho pediu consequ\u00eancias reais e diretas e sugeriu a paragem do desporto por uma ou duas jornadas para refletir sobre o que se quer do desporto.\" \/>\n<meta property=\"og:url\" content=\"https:\/\/portaltela.pt\/noticias\/2026\/03\/29\/ricardo-andorinho-exige-consequencias-apos-incidente-no-dragao-arena\/\" \/>\n<meta property=\"og:site_name\" content=\"Portal Tela Portugal\" \/>\n<meta property=\"article:published_time\" content=\"2026-03-29T13:17:06+00:00\" \/>\n<meta name=\"author\" content=\"Telinha\" \/>\n<meta name=\"twitter:card\" content=\"summary_large_image\" \/>\n<meta name=\"twitter:label1\" content=\"Escrito por\" \/>\n\t<meta name=\"twitter:data1\" content=\"Telinha\" \/>\n\t<meta name=\"twitter:label2\" content=\"Tempo estimado de leitura\" \/>\n\t<meta name=\"twitter:data2\" content=\"1 minuto\" \/>\n<script type=\"application\/ld+json\" class=\"yoast-schema-graph\">{\"@context\":\"https:\/\/schema.org\",\"@graph\":[{\"@type\":\"Article\",\"@id\":\"https:\/\/portaltela.pt\/noticias\/2026\/03\/29\/ricardo-andorinho-exige-consequencias-apos-incidente-no-dragao-arena\/#article\",\"isPartOf\":{\"@id\":\"https:\/\/portaltela.pt\/noticias\/2026\/03\/29\/ricardo-andorinho-exige-consequencias-apos-incidente-no-dragao-arena\/\"},\"author\":{\"name\":\"Telinha\",\"@id\":\"https:\/\/portaltela.pt\/#\/schema\/person\/c4278d4a6028830caff9ee44b42d32ed\"},\"headline\":\"Ricardo Andorinho exige consequ\u00eancias ap\u00f3s incidente no Drag\u00e3o Arena\",\"datePublished\":\"2026-03-29T13:17:06+00:00\",\"mainEntityOfPage\":{\"@id\":\"https:\/\/portaltela.pt\/noticias\/2026\/03\/29\/ricardo-andorinho-exige-consequencias-apos-incidente-no-dragao-arena\/\"},\"wordCount\":226,\"image\":{\"@id\":\"https:\/\/portaltela.pt\/noticias\/2026\/03\/29\/ricardo-andorinho-exige-consequencias-apos-incidente-no-dragao-arena\/#primaryimage\"},\"thumbnailUrl\":\"https:\/\/portaltela.pt\/s.01k8rhncp4jt1\/2026\/03\/img_293x165uu2026-03-28-22-28-56-2429919.jpg\",\"keywords\":[\"Benfica\",\"desporto\",\"\u00c9tica Desportiva\",\"FC Porto\",\"handebol\",\"Sporting\"],\"articleSection\":[\"Desporto\",\"Futebol\"],\"inLanguage\":\"pt-PT\"},{\"@type\":\"WebPage\",\"@id\":\"https:\/\/portaltela.pt\/noticias\/2026\/03\/29\/ricardo-andorinho-exige-consequencias-apos-incidente-no-dragao-arena\/\",\"url\":\"https:\/\/portaltela.pt\/noticias\/2026\/03\/29\/ricardo-andorinho-exige-consequencias-apos-incidente-no-dragao-arena\/\",\"name\":\"Ricardo Andorinho exige consequ\u00eancias ap\u00f3s incidente no Drag\u00e3o Arena - Portal Tela Portugal\",\"isPartOf\":{\"@id\":\"https:\/\/portaltela.pt\/#website\"},\"primaryImageOfPage\":{\"@id\":\"https:\/\/portaltela.pt\/noticias\/2026\/03\/29\/ricardo-andorinho-exige-consequencias-apos-incidente-no-dragao-arena\/#primaryimage\"},\"image\":{\"@id\":\"https:\/\/portaltela.pt\/noticias\/2026\/03\/29\/ricardo-andorinho-exige-consequencias-apos-incidente-no-dragao-arena\/#primaryimage\"},\"thumbnailUrl\":\"https:\/\/portaltela.pt\/s.01k8rhncp4jt1\/2026\/03\/img_293x165uu2026-03-28-22-28-56-2429919.jpg\",\"datePublished\":\"2026-03-29T13:17:06+00:00\",\"author\":{\"@id\":\"https:\/\/portaltela.pt\/#\/schema\/person\/c4278d4a6028830caff9ee44b42d32ed\"},\"breadcrumb\":{\"@id\":\"https:\/\/portaltela.pt\/noticias\/2026\/03\/29\/ricardo-andorinho-exige-consequencias-apos-incidente-no-dragao-arena\/#breadcrumb\"},\"inLanguage\":\"pt-PT\",\"potentialAction\":[{\"@type\":\"ReadAction\",\"target\":[\"https:\/\/portaltela.pt\/noticias\/2026\/03\/29\/ricardo-andorinho-exige-consequencias-apos-incidente-no-dragao-arena\/\"]}]},{\"@type\":\"ImageObject\",\"inLanguage\":\"pt-PT\",\"@id\":\"https:\/\/portaltela.pt\/noticias\/2026\/03\/29\/ricardo-andorinho-exige-consequencias-apos-incidente-no-dragao-arena\/#primaryimage\",\"url\":\"https:\/\/portaltela.pt\/s.01k8rhncp4jt1\/2026\/03\/img_293x165uu2026-03-28-22-28-56-2429919.jpg\",\"contentUrl\":\"https:\/\/portaltela.pt\/s.01k8rhncp4jt1\/2026\/03\/img_293x165uu2026-03-28-22-28-56-2429919.jpg\",\"width\":796,\"height\":448,\"caption\":\"Ricardo Andorinho exige \\\"\"},{\"@type\":\"BreadcrumbList\",\"@id\":\"https:\/\/portaltela.pt\/noticias\/2026\/03\/29\/ricardo-andorinho-exige-consequencias-apos-incidente-no-dragao-arena\/#breadcrumb\",\"itemListElement\":[{\"@type\":\"ListItem\",\"position\":1,\"name\":\"In\u00edcio\",\"item\":\"https:\/\/portaltela.pt\/\"},{\"@type\":\"ListItem\",\"position\":2,\"name\":\"Ricardo Andorinho exige consequ\u00eancias ap\u00f3s incidente no Drag\u00e3o Arena\"}]},{\"@type\":\"WebSite\",\"@id\":\"https:\/\/portaltela.pt\/#website\",\"url\":\"https:\/\/portaltela.pt\/\",\"name\":\"Portal Tela Portugal\",\"description\":\"\",\"potentialAction\":[{\"@type\":\"SearchAction\",\"target\":{\"@type\":\"EntryPoint\",\"urlTemplate\":\"https:\/\/portaltela.pt\/?s={search_term_string}\"},\"query-input\":{\"@type\":\"PropertyValueSpecification\",\"valueRequired\":true,\"valueName\":\"search_term_string\"}}],\"inLanguage\":\"pt-PT\"},{\"@type\":\"Person\",\"@id\":\"https:\/\/portaltela.pt\/#\/schema\/person\/c4278d4a6028830caff9ee44b42d32ed\",\"name\":\"Telinha\",\"image\":{\"@type\":\"ImageObject\",\"inLanguage\":\"pt-PT\",\"@id\":\"https:\/\/portaltela.pt\/s.01k8rhncp4jt1\/2025\/11\/talking-bot-125x125.png\",\"url\":\"https:\/\/portaltela.pt\/s.01k8rhncp4jt1\/2025\/11\/talking-bot-125x125.png\",\"contentUrl\":\"https:\/\/portaltela.pt\/s.01k8rhncp4jt1\/2025\/11\/talking-bot-125x125.png\",\"caption\":\"Telinha\"},\"sameAs\":[\"https:\/\/portaltela.pt\/\"],\"url\":\"https:\/\/portaltela.pt\/por\/367410592786\/\"}]}<\/script>\n<!-- \/ Yoast SEO plugin. -->","yoast_head_json":{"title":"Ricardo Andorinho exige consequ\u00eancias ap\u00f3s incidente no Drag\u00e3o Arena - Portal Tela Portugal","robots":{"index":"index","follow":"follow","max-snippet":"max-snippet:-1","max-image-preview":"max-image-preview:large","max-video-preview":"max-video-preview:-1"},"og_locale":"pt_PT","og_type":"article","og_title":"Ricardo Andorinho exige consequ\u00eancias ap\u00f3s incidente no Drag\u00e3o Arena - Portal Tela Portugal","og_description":"Incidente no balne\u00e1rio do Drag\u00e3o Arena, antes do jogo FC Porto\u2013Sporting em andebol, ocorrido no s\u00e1bado, levou \u00e0 interrup\u00e7\u00e3o de parte das atividades. O treinador Ricardo Costa e o pivot Christian Moga necessitaram de assist\u00eancia m\u00e9dica ap\u00f3s intoxica\u00e7\u00e3o provocada por um cheiro intenso; o encontro terminou com vit\u00f3ria do Sporting por 33\u201330. Ricardo Andorinho, antigo internacional portugu\u00eas e ex-jogador do Sporting, apontou os rivais FC Porto e Benfica como respons\u00e1veis e defendeu uma resposta firme. Em publica\u00e7\u00e3o no LinkedIn, o ex-jogador relembrou a cultura desportiva do Sporting, sublinhando valores de esfor\u00e7o, respeito e identidade. Andorinho pediu consequ\u00eancias reais e diretas e sugeriu a paragem do desporto por uma ou duas jornadas para refletir sobre o que se quer do desporto.","og_url":"https:\/\/portaltela.pt\/noticias\/2026\/03\/29\/ricardo-andorinho-exige-consequencias-apos-incidente-no-dragao-arena\/","og_site_name":"Portal Tela Portugal","article_published_time":"2026-03-29T13:17:06+00:00","author":"Telinha","twitter_card":"summary_large_image","twitter_misc":{"Escrito por":"Telinha","Tempo estimado de leitura":"1 minuto"},"schema":{"@context":"https:\/\/schema.org","@graph":[{"@type":"Article","@id":"https:\/\/portaltela.pt\/noticias\/2026\/03\/29\/ricardo-andorinho-exige-consequencias-apos-incidente-no-dragao-arena\/#article","isPartOf":{"@id":"https:\/\/portaltela.pt\/noticias\/2026\/03\/29\/ricardo-andorinho-exige-consequencias-apos-incidente-no-dragao-arena\/"},"author":{"name":"Telinha","@id":"https:\/\/portaltela.pt\/#\/schema\/person\/c4278d4a6028830caff9ee44b42d32ed"},"headline":"Ricardo Andorinho exige consequ\u00eancias ap\u00f3s incidente no Drag\u00e3o Arena","datePublished":"2026-03-29T13:17:06+00:00","mainEntityOfPage":{"@id":"https:\/\/portaltela.pt\/noticias\/2026\/03\/29\/ricardo-andorinho-exige-consequencias-apos-incidente-no-dragao-arena\/"},"wordCount":226,"image":{"@id":"https:\/\/portaltela.pt\/noticias\/2026\/03\/29\/ricardo-andorinho-exige-consequencias-apos-incidente-no-dragao-arena\/#primaryimage"},"thumbnailUrl":"https:\/\/portaltela.pt\/s.01k8rhncp4jt1\/2026\/03\/img_293x165uu2026-03-28-22-28-56-2429919.jpg","keywords":["Benfica","desporto","\u00c9tica Desportiva","FC Porto","handebol","Sporting"],"articleSection":["Desporto","Futebol"],"inLanguage":"pt-PT"},{"@type":"WebPage","@id":"https:\/\/portaltela.pt\/noticias\/2026\/03\/29\/ricardo-andorinho-exige-consequencias-apos-incidente-no-dragao-arena\/","url":"https:\/\/portaltela.pt\/noticias\/2026\/03\/29\/ricardo-andorinho-exige-consequencias-apos-incidente-no-dragao-arena\/","name":"Ricardo Andorinho exige consequ\u00eancias ap\u00f3s incidente no Drag\u00e3o Arena - Portal Tela Portugal","isPartOf":{"@id":"https:\/\/portaltela.pt\/#website"},"primaryImageOfPage":{"@id":"https:\/\/portaltela.pt\/noticias\/2026\/03\/29\/ricardo-andorinho-exige-consequencias-apos-incidente-no-dragao-arena\/#primaryimage"},"image":{"@id":"https:\/\/portaltela.pt\/noticias\/2026\/03\/29\/ricardo-andorinho-exige-consequencias-apos-incidente-no-dragao-arena\/#primaryimage"},"thumbnailUrl":"https:\/\/portaltela.pt\/s.01k8rhncp4jt1\/2026\/03\/img_293x165uu2026-03-28-22-28-56-2429919.jpg","datePublished":"2026-03-29T13:17:06+00:00","author":{"@id":"https:\/\/portaltela.pt\/#\/schema\/person\/c4278d4a6028830caff9ee44b42d32ed"},"breadcrumb":{"@id":"https:\/\/portaltela.pt\/noticias\/2026\/03\/29\/ricardo-andorinho-exige-consequencias-apos-incidente-no-dragao-arena\/#breadcrumb"},"inLanguage":"pt-PT","potentialAction":[{"@type":"ReadAction","target":["https:\/\/portaltela.pt\/noticias\/2026\/03\/29\/ricardo-andorinho-exige-consequencias-apos-incidente-no-dragao-arena\/"]}]},{"@type":"ImageObject","inLanguage":"pt-PT","@id":"https:\/\/portaltela.pt\/noticias\/2026\/03\/29\/ricardo-andorinho-exige-consequencias-apos-incidente-no-dragao-arena\/#primaryimage","url":"https:\/\/portaltela.pt\/s.01k8rhncp4jt1\/2026\/03\/img_293x165uu2026-03-28-22-28-56-2429919.jpg","contentUrl":"https:\/\/portaltela.pt\/s.01k8rhncp4jt1\/2026\/03\/img_293x165uu2026-03-28-22-28-56-2429919.jpg","width":796,"height":448,"caption":"Ricardo Andorinho exige \""},{"@type":"BreadcrumbList","@id":"https:\/\/portaltela.pt\/noticias\/2026\/03\/29\/ricardo-andorinho-exige-consequencias-apos-incidente-no-dragao-arena\/#breadcrumb","itemListElement":[{"@type":"ListItem","position":1,"name":"In\u00edcio","item":"https:\/\/portaltela.pt\/"},{"@type":"ListItem","position":2,"name":"Ricardo Andorinho exige consequ\u00eancias ap\u00f3s incidente no Drag\u00e3o Arena"}]},{"@type":"WebSite","@id":"https:\/\/portaltela.pt\/#website","url":"https:\/\/portaltela.pt\/","name":"Portal Tela Portugal","description":"","potentialAction":[{"@type":"SearchAction","target":{"@type":"EntryPoint","urlTemplate":"https:\/\/portaltela.pt\/?s={search_term_string}"},"query-input":{"@type":"PropertyValueSpecification","valueRequired":true,"valueName":"search_term_string"}}],"inLanguage":"pt-PT"},{"@type":"Person","@id":"https:\/\/portaltela.pt\/#\/schema\/person\/c4278d4a6028830caff9ee44b42d32ed","name":"Telinha","image":{"@type":"ImageObject","inLanguage":"pt-PT","@id":"https:\/\/portaltela.pt\/s.01k8rhncp4jt1\/2025\/11\/talking-bot-125x125.png","url":"https:\/\/portaltela.pt\/s.01k8rhncp4jt1\/2025\/11\/talking-bot-125x125.png","contentUrl":"https:\/\/portaltela.pt\/s.01k8rhncp4jt1\/2025\/11\/talking-bot-125x125.png","caption":"Telinha"},"sameAs":["https:\/\/portaltela.pt\/"],"url":"https:\/\/portaltela.pt\/por\/367410592786\/"}]}},"_links":{"self":[{"href":"https:\/\/portaltela.pt\/api\/wp\/v2\/posts\/425945","targetHints":{"allow":["GET"]}}],"collection":[{"href":"https:\/\/portaltela.pt\/api\/wp\/v2\/posts"}],"about":[{"href":"https:\/\/portaltela.pt\/api\/wp\/v2\/types\/post"}],"author":[{"embeddable":true,"href":"https:\/\/portaltela.pt\/api\/wp\/v2\/users\/2"}],"replies":[{"embeddable":true,"href":"https:\/\/portaltela.pt\/api\/wp\/v2\/comments?post=425945"}],"version-history":[{"count":0,"href":"https:\/\/portaltela.pt\/api\/wp\/v2\/posts\/425945\/revisions"}],"wp:featuredmedia":[{"embeddable":true,"href":"https:\/\/portaltela.pt\/api\/wp\/v2\/media\/425946"}],"wp:attachment":[{"href":"https:\/\/portaltela.pt\/api\/wp\/v2\/media?parent=425945"}],"wp:term":[{"taxonomy":"category","embeddable":true,"href":"https:\/\/portaltela.pt\/api\/wp\/v2\/categories?post=425945"},{"taxonomy":"post_tag","embeddable":true,"href":"https:\/\/portaltela.pt\/api\/wp\/v2\/tags?post=425945"}],"curies":[{"name":"wp","href":"https:\/\/api.w.org\/{rel}","templated":true}]}}