{"id":425932,"date":"2026-03-29T10:02:13","date_gmt":"2026-03-29T13:02:13","guid":{"rendered":"https:\/\/portaltela.pt\/noticias\/2026\/03\/29\/cascais-e-a-capital-europeia-da-democracia\/"},"modified":"2026-03-29T10:02:13","modified_gmt":"2026-03-29T13:02:13","slug":"cascais-e-a-capital-europeia-da-democracia","status":"publish","type":"post","link":"https:\/\/portaltela.pt\/noticias\/politica\/2026\/03\/29\/cascais-e-a-capital-europeia-da-democracia\/","title":{"rendered":"Cascais \u00e9 a Capital Europeia da Democracia"},"content":{"rendered":"<p>Cascais vai ser a Capital Europeia da Democracia em 2026, numa estrat\u00e9gia de incentivar o envolvimento c\u00edvico. A distin\u00e7\u00e3o resulta de uma iniciativa europeia criada em 2023, que reconhece cidades com pr\u00e1ticas relevantes de participa\u00e7\u00e3o p\u00fablica. O processo contou com especialistas e com mais de 4500 cidad\u00e3os de 47 pa\u00edses.<\/p>\n<p>A escolha coloca Cascais em evid\u00eancia no debate sobre o funcionamento das democracias locais. Entre os projetos considerados, destaca-se Terras de Cascais, rede de hortas e vinhas comunit\u00e1rias em v\u00e1rios bairros, integrada no espa\u00e7o urbano com uso partilhado de terrenos. O objetivo \u00e9 promover participa\u00e7\u00e3o social atrav\u00e9s da pr\u00e1tica agr\u00edcola urbana.<\/p>\n<h3>Terras de Cascais: participa\u00e7\u00e3o em pr\u00e1tica<\/h3>\n<p>O modelo assenta em parcelas de terreno com \u00e1gua partilhada e regras de uso comum, fortalecendo a organiza\u00e7\u00e3o entre utilizadores e as rela\u00e7\u00f5es de vizinhan\u00e7a. Os participantes destacam os impactos sociais, incluindo o conv\u00edvio entre vizinhos e o acompanhamento do ciclo produtivo das vinhas.<\/p>\n<p>Entre os membros da iniciativa, destaca-se o testemunho de quem participa na pr\u00e1tica di\u00e1ria. Alguns moradores afirmam conhecer melhor os vizinhos desde o envolvimento no projeto, enquanto outros real\u00e7am o interesse em acompanhar as v\u00e1rias fases de cultivo. A coopera\u00e7\u00e3o entre todos \u00e9 descrita como essencial para o funcionamento das hortas.<\/p>\n<p>Al\u00e9m das hortas, Cascais investe noutras \u00e1reas como sa\u00fade, ambiente e cidadania. A plataforma Vida Cascais, criada pela C\u00e2mara Municipal, facilita o acesso a servi\u00e7os e informa\u00e7\u00e3o para a popula\u00e7\u00e3o e representa parte do conjunto de iniciativas reconhecidas de forma internacional.<\/p>\n<h3>Contexto e perspetivas<\/h3>\n<p>O programa Capital Europeia da Democracia prev\u00ea, ao longo de 2026, a organiza\u00e7\u00e3o de debates, encontros e eventos para envolver a popula\u00e7\u00e3o em temas atualizados. O objetivo \u00e9 mostrar ideias pr\u00e1ticas capazes de refor\u00e7ar a participa\u00e7\u00e3o c\u00edvica e a qualidade das democracias.<\/p>\n<p>Para o eurodeputado Sebasti\u00e3o Bugalho, a distin\u00e7\u00e3o \u00e9 uma oportunidade de trazer debates europeus para o territ\u00f3rio nacional, conectando as discuss\u00f5es da Europa com a realidade local. O l\u00edder da C\u00e2mara Municipal, Nuno Piteira Lopes, refor\u00e7a que a participa\u00e7\u00e3o ativa dos cidad\u00e3os \u00e9 essencial para uma democracia robusta, com atua\u00e7\u00e3o numa esfera aut\u00e1rquica.<\/p>\n<p>Estat\u00edsticas de 2025 apontam Portugal com elevadas percentagens de indiv\u00edduos com ensino b\u00e1sico ou inferior entre a popula\u00e7\u00e3o ativa, contrastando com n\u00edveis de escolaridade mais elevados entre os mais jovens. A compara\u00e7\u00e3o europeia mostra diferen\u00e7as por pa\u00eds, com v\u00e1rias na\u00e7\u00f5es a apresentarem baixos n\u00edveis de ensino secund\u00e1rio entre adultos.<\/p>\n","protected":false},"excerpt":{"rendered":"<ul>\n<li>Cascais foi escolhida, em 2026, como Capital Europeia da Democracia, numa iniciativa europeia criada em 2023 que distingue cidades com pr\u00e1ticas relevantes de participa\u00e7\u00e3o c\u00edvica, ap\u00f3s vota\u00e7\u00e3o de especialistas e participa\u00e7\u00e3o de mais de quatro mil e cinco cidad\u00e3os de quarenta e sete pa\u00edses.<\/li>\n<li>Um dos projetos que contribuiu para a distin\u00e7\u00e3o \u00e9 Terras de Cascais, uma rede de hortas e vinhas comunit\u00e1rias distribu\u00eddas por v\u00e1rios bairros, desenhadas para promover participa\u00e7\u00e3o e intera\u00e7\u00e3o entre moradores.<\/li>\n<li>O modelo inclui parcelas no espa\u00e7o urbano, pontos de \u00e1gua partilhados e regras de uso coletivo que fortalecem a organiza\u00e7\u00e3o e as rela\u00e7\u00f5es de vizinhan\u00e7a, segundo Miguel Brito.<\/li>\n<li>Os coment\u00e1rios de participantes evidenciam impactos nas comunidades: Jos\u00e9 Maria Vaz afirma que mudou o conhecimento entre vizinhos; Z\u00e9lia Correia destaca o acompanhamento do ciclo produtivo, e Theodora Sarioglou sublinha o valor do interc\u00e2mbio e da ajuda m\u00fatua.<\/li>\n<li>Al\u00e9m das hortas, Cascais tamb\u00e9m desenvolve iniciativas como a plataforma Vida Cascais, dedicada \u00e0 sa\u00fade, a\u00e7\u00e3o social e inclus\u00e3o, contribuindo para o reconhecimento como Capital Europeia da Democracia, que sucede Barcelona e Viena.<\/li>\n<\/ul>\n","protected":false},"author":2,"featured_media":425935,"comment_status":"closed","ping_status":"closed","sticky":false,"template":"","format":"standard","meta":{"footnotes":""},"categories":[5,6871],"tags":[4132,1111,370,2795,1249,1014],"class_list":["post-425932","post","type-post","status-publish","format-standard","has-post-thumbnail","hentry","category-politica","category-sociedade","tag-area-metropolitana-de-lisboa","tag-cascais","tag-cidadania","tag-democracia","tag-participacao","tag-portugal"],"yoast_head":"<!-- This site is optimized with the Yoast SEO plugin v27.2 - https:\/\/yoast.com\/product\/yoast-seo-wordpress\/ -->\n<title>Cascais \u00e9 a Capital Europeia da Democracia - Portal Tela Portugal<\/title>\n<meta name=\"robots\" content=\"index, follow, max-snippet:-1, max-image-preview:large, max-video-preview:-1\" \/>\n<meta property=\"og:locale\" content=\"pt_PT\" \/>\n<meta property=\"og:type\" content=\"article\" \/>\n<meta property=\"og:title\" content=\"Cascais \u00e9 a Capital Europeia da Democracia - Portal Tela Portugal\" \/>\n<meta property=\"og:description\" content=\"Cascais foi escolhida, em 2026, como Capital Europeia da Democracia, numa iniciativa europeia criada em 2023 que distingue cidades com pr\u00e1ticas relevantes de participa\u00e7\u00e3o c\u00edvica, ap\u00f3s vota\u00e7\u00e3o de especialistas e participa\u00e7\u00e3o de mais de quatro mil e cinco cidad\u00e3os de quarenta e sete pa\u00edses. Um dos projetos que contribuiu para a distin\u00e7\u00e3o \u00e9 Terras de Cascais, uma rede de hortas e vinhas comunit\u00e1rias distribu\u00eddas por v\u00e1rios bairros, desenhadas para promover participa\u00e7\u00e3o e intera\u00e7\u00e3o entre moradores. O modelo inclui parcelas no espa\u00e7o urbano, pontos de \u00e1gua partilhados e regras de uso coletivo que fortalecem a organiza\u00e7\u00e3o e as rela\u00e7\u00f5es de vizinhan\u00e7a, segundo Miguel Brito. Os coment\u00e1rios de participantes evidenciam impactos nas comunidades: Jos\u00e9 Maria Vaz afirma que mudou o conhecimento entre vizinhos; Z\u00e9lia Correia destaca o acompanhamento do ciclo produtivo, e Theodora Sarioglou sublinha o valor do interc\u00e2mbio e da ajuda m\u00fatua. Al\u00e9m das hortas, Cascais tamb\u00e9m desenvolve iniciativas como a plataforma Vida Cascais, dedicada \u00e0 sa\u00fade, a\u00e7\u00e3o social e inclus\u00e3o, contribuindo para o reconhecimento como Capital Europeia da Democracia, que sucede Barcelona e Viena.\" \/>\n<meta property=\"og:url\" content=\"https:\/\/portaltela.pt\/noticias\/2026\/03\/29\/cascais-e-a-capital-europeia-da-democracia\/\" \/>\n<meta property=\"og:site_name\" content=\"Portal Tela Portugal\" \/>\n<meta property=\"article:published_time\" content=\"2026-03-29T13:02:13+00:00\" \/>\n<meta name=\"author\" content=\"Telinha\" \/>\n<meta name=\"twitter:card\" content=\"summary_large_image\" \/>\n<meta name=\"twitter:label1\" content=\"Escrito por\" \/>\n\t<meta name=\"twitter:data1\" content=\"Telinha\" \/>\n\t<meta name=\"twitter:label2\" content=\"Tempo estimado de leitura\" \/>\n\t<meta name=\"twitter:data2\" content=\"2 minutos\" \/>\n<script type=\"application\/ld+json\" class=\"yoast-schema-graph\">{\"@context\":\"https:\/\/schema.org\",\"@graph\":[{\"@type\":\"Article\",\"@id\":\"https:\/\/portaltela.pt\/noticias\/2026\/03\/29\/cascais-e-a-capital-europeia-da-democracia\/#article\",\"isPartOf\":{\"@id\":\"https:\/\/portaltela.pt\/noticias\/2026\/03\/29\/cascais-e-a-capital-europeia-da-democracia\/\"},\"author\":{\"name\":\"Telinha\",\"@id\":\"https:\/\/portaltela.pt\/#\/schema\/person\/c4278d4a6028830caff9ee44b42d32ed\"},\"headline\":\"Cascais \u00e9 a Capital Europeia da Democracia\",\"datePublished\":\"2026-03-29T13:02:13+00:00\",\"mainEntityOfPage\":{\"@id\":\"https:\/\/portaltela.pt\/noticias\/2026\/03\/29\/cascais-e-a-capital-europeia-da-democracia\/\"},\"wordCount\":447,\"image\":{\"@id\":\"https:\/\/portaltela.pt\/noticias\/2026\/03\/29\/cascais-e-a-capital-europeia-da-democracia\/#primaryimage\"},\"thumbnailUrl\":\"https:\/\/portaltela.pt\/s.01k8rhncp4jt1\/2026\/03\/img_1500x1000uu2026-03-28-20-02-11-2275336-im-639103249470150045.jpg\",\"keywords\":[\"\u00c1rea Metropolitana de Lisboa\",\"Cascais\",\"cidadania\",\"democracia\",\"participa\u00e7\u00e3o\",\"Portugal\"],\"articleSection\":[\"Pol\u00edtica\",\"Sociedade\"],\"inLanguage\":\"pt-PT\"},{\"@type\":\"WebPage\",\"@id\":\"https:\/\/portaltela.pt\/noticias\/2026\/03\/29\/cascais-e-a-capital-europeia-da-democracia\/\",\"url\":\"https:\/\/portaltela.pt\/noticias\/2026\/03\/29\/cascais-e-a-capital-europeia-da-democracia\/\",\"name\":\"Cascais \u00e9 a Capital Europeia da Democracia - Portal Tela Portugal\",\"isPartOf\":{\"@id\":\"https:\/\/portaltela.pt\/#website\"},\"primaryImageOfPage\":{\"@id\":\"https:\/\/portaltela.pt\/noticias\/2026\/03\/29\/cascais-e-a-capital-europeia-da-democracia\/#primaryimage\"},\"image\":{\"@id\":\"https:\/\/portaltela.pt\/noticias\/2026\/03\/29\/cascais-e-a-capital-europeia-da-democracia\/#primaryimage\"},\"thumbnailUrl\":\"https:\/\/portaltela.pt\/s.01k8rhncp4jt1\/2026\/03\/img_1500x1000uu2026-03-28-20-02-11-2275336-im-639103249470150045.jpg\",\"datePublished\":\"2026-03-29T13:02:13+00:00\",\"author\":{\"@id\":\"https:\/\/portaltela.pt\/#\/schema\/person\/c4278d4a6028830caff9ee44b42d32ed\"},\"breadcrumb\":{\"@id\":\"https:\/\/portaltela.pt\/noticias\/2026\/03\/29\/cascais-e-a-capital-europeia-da-democracia\/#breadcrumb\"},\"inLanguage\":\"pt-PT\",\"potentialAction\":[{\"@type\":\"ReadAction\",\"target\":[\"https:\/\/portaltela.pt\/noticias\/2026\/03\/29\/cascais-e-a-capital-europeia-da-democracia\/\"]}]},{\"@type\":\"ImageObject\",\"inLanguage\":\"pt-PT\",\"@id\":\"https:\/\/portaltela.pt\/noticias\/2026\/03\/29\/cascais-e-a-capital-europeia-da-democracia\/#primaryimage\",\"url\":\"https:\/\/portaltela.pt\/s.01k8rhncp4jt1\/2026\/03\/img_1500x1000uu2026-03-28-20-02-11-2275336-im-639103249470150045.jpg\",\"contentUrl\":\"https:\/\/portaltela.pt\/s.01k8rhncp4jt1\/2026\/03\/img_1500x1000uu2026-03-28-20-02-11-2275336-im-639103249470150045.jpg\",\"width\":796,\"height\":448,\"caption\":\"Cascais assume o papel de Capital Europeia da Democracia\"},{\"@type\":\"BreadcrumbList\",\"@id\":\"https:\/\/portaltela.pt\/noticias\/2026\/03\/29\/cascais-e-a-capital-europeia-da-democracia\/#breadcrumb\",\"itemListElement\":[{\"@type\":\"ListItem\",\"position\":1,\"name\":\"In\u00edcio\",\"item\":\"https:\/\/portaltela.pt\/\"},{\"@type\":\"ListItem\",\"position\":2,\"name\":\"Cascais \u00e9 a Capital Europeia da Democracia\"}]},{\"@type\":\"WebSite\",\"@id\":\"https:\/\/portaltela.pt\/#website\",\"url\":\"https:\/\/portaltela.pt\/\",\"name\":\"Portal Tela Portugal\",\"description\":\"\",\"potentialAction\":[{\"@type\":\"SearchAction\",\"target\":{\"@type\":\"EntryPoint\",\"urlTemplate\":\"https:\/\/portaltela.pt\/?s={search_term_string}\"},\"query-input\":{\"@type\":\"PropertyValueSpecification\",\"valueRequired\":true,\"valueName\":\"search_term_string\"}}],\"inLanguage\":\"pt-PT\"},{\"@type\":\"Person\",\"@id\":\"https:\/\/portaltela.pt\/#\/schema\/person\/c4278d4a6028830caff9ee44b42d32ed\",\"name\":\"Telinha\",\"image\":{\"@type\":\"ImageObject\",\"inLanguage\":\"pt-PT\",\"@id\":\"https:\/\/portaltela.pt\/s.01k8rhncp4jt1\/2025\/11\/talking-bot-125x125.png\",\"url\":\"https:\/\/portaltela.pt\/s.01k8rhncp4jt1\/2025\/11\/talking-bot-125x125.png\",\"contentUrl\":\"https:\/\/portaltela.pt\/s.01k8rhncp4jt1\/2025\/11\/talking-bot-125x125.png\",\"caption\":\"Telinha\"},\"sameAs\":[\"https:\/\/portaltela.pt\/\"],\"url\":\"https:\/\/portaltela.pt\/por\/367410592786\/\"}]}<\/script>\n<!-- \/ Yoast SEO plugin. -->","yoast_head_json":{"title":"Cascais \u00e9 a Capital Europeia da Democracia - Portal Tela Portugal","robots":{"index":"index","follow":"follow","max-snippet":"max-snippet:-1","max-image-preview":"max-image-preview:large","max-video-preview":"max-video-preview:-1"},"og_locale":"pt_PT","og_type":"article","og_title":"Cascais \u00e9 a Capital Europeia da Democracia - Portal Tela Portugal","og_description":"Cascais foi escolhida, em 2026, como Capital Europeia da Democracia, numa iniciativa europeia criada em 2023 que distingue cidades com pr\u00e1ticas relevantes de participa\u00e7\u00e3o c\u00edvica, ap\u00f3s vota\u00e7\u00e3o de especialistas e participa\u00e7\u00e3o de mais de quatro mil e cinco cidad\u00e3os de quarenta e sete pa\u00edses. Um dos projetos que contribuiu para a distin\u00e7\u00e3o \u00e9 Terras de Cascais, uma rede de hortas e vinhas comunit\u00e1rias distribu\u00eddas por v\u00e1rios bairros, desenhadas para promover participa\u00e7\u00e3o e intera\u00e7\u00e3o entre moradores. O modelo inclui parcelas no espa\u00e7o urbano, pontos de \u00e1gua partilhados e regras de uso coletivo que fortalecem a organiza\u00e7\u00e3o e as rela\u00e7\u00f5es de vizinhan\u00e7a, segundo Miguel Brito. Os coment\u00e1rios de participantes evidenciam impactos nas comunidades: Jos\u00e9 Maria Vaz afirma que mudou o conhecimento entre vizinhos; Z\u00e9lia Correia destaca o acompanhamento do ciclo produtivo, e Theodora Sarioglou sublinha o valor do interc\u00e2mbio e da ajuda m\u00fatua. Al\u00e9m das hortas, Cascais tamb\u00e9m desenvolve iniciativas como a plataforma Vida Cascais, dedicada \u00e0 sa\u00fade, a\u00e7\u00e3o social e inclus\u00e3o, contribuindo para o reconhecimento como Capital Europeia da Democracia, que sucede Barcelona e Viena.","og_url":"https:\/\/portaltela.pt\/noticias\/2026\/03\/29\/cascais-e-a-capital-europeia-da-democracia\/","og_site_name":"Portal Tela Portugal","article_published_time":"2026-03-29T13:02:13+00:00","author":"Telinha","twitter_card":"summary_large_image","twitter_misc":{"Escrito por":"Telinha","Tempo estimado de leitura":"2 minutos"},"schema":{"@context":"https:\/\/schema.org","@graph":[{"@type":"Article","@id":"https:\/\/portaltela.pt\/noticias\/2026\/03\/29\/cascais-e-a-capital-europeia-da-democracia\/#article","isPartOf":{"@id":"https:\/\/portaltela.pt\/noticias\/2026\/03\/29\/cascais-e-a-capital-europeia-da-democracia\/"},"author":{"name":"Telinha","@id":"https:\/\/portaltela.pt\/#\/schema\/person\/c4278d4a6028830caff9ee44b42d32ed"},"headline":"Cascais \u00e9 a Capital Europeia da Democracia","datePublished":"2026-03-29T13:02:13+00:00","mainEntityOfPage":{"@id":"https:\/\/portaltela.pt\/noticias\/2026\/03\/29\/cascais-e-a-capital-europeia-da-democracia\/"},"wordCount":447,"image":{"@id":"https:\/\/portaltela.pt\/noticias\/2026\/03\/29\/cascais-e-a-capital-europeia-da-democracia\/#primaryimage"},"thumbnailUrl":"https:\/\/portaltela.pt\/s.01k8rhncp4jt1\/2026\/03\/img_1500x1000uu2026-03-28-20-02-11-2275336-im-639103249470150045.jpg","keywords":["\u00c1rea Metropolitana de Lisboa","Cascais","cidadania","democracia","participa\u00e7\u00e3o","Portugal"],"articleSection":["Pol\u00edtica","Sociedade"],"inLanguage":"pt-PT"},{"@type":"WebPage","@id":"https:\/\/portaltela.pt\/noticias\/2026\/03\/29\/cascais-e-a-capital-europeia-da-democracia\/","url":"https:\/\/portaltela.pt\/noticias\/2026\/03\/29\/cascais-e-a-capital-europeia-da-democracia\/","name":"Cascais \u00e9 a Capital Europeia da Democracia - Portal Tela Portugal","isPartOf":{"@id":"https:\/\/portaltela.pt\/#website"},"primaryImageOfPage":{"@id":"https:\/\/portaltela.pt\/noticias\/2026\/03\/29\/cascais-e-a-capital-europeia-da-democracia\/#primaryimage"},"image":{"@id":"https:\/\/portaltela.pt\/noticias\/2026\/03\/29\/cascais-e-a-capital-europeia-da-democracia\/#primaryimage"},"thumbnailUrl":"https:\/\/portaltela.pt\/s.01k8rhncp4jt1\/2026\/03\/img_1500x1000uu2026-03-28-20-02-11-2275336-im-639103249470150045.jpg","datePublished":"2026-03-29T13:02:13+00:00","author":{"@id":"https:\/\/portaltela.pt\/#\/schema\/person\/c4278d4a6028830caff9ee44b42d32ed"},"breadcrumb":{"@id":"https:\/\/portaltela.pt\/noticias\/2026\/03\/29\/cascais-e-a-capital-europeia-da-democracia\/#breadcrumb"},"inLanguage":"pt-PT","potentialAction":[{"@type":"ReadAction","target":["https:\/\/portaltela.pt\/noticias\/2026\/03\/29\/cascais-e-a-capital-europeia-da-democracia\/"]}]},{"@type":"ImageObject","inLanguage":"pt-PT","@id":"https:\/\/portaltela.pt\/noticias\/2026\/03\/29\/cascais-e-a-capital-europeia-da-democracia\/#primaryimage","url":"https:\/\/portaltela.pt\/s.01k8rhncp4jt1\/2026\/03\/img_1500x1000uu2026-03-28-20-02-11-2275336-im-639103249470150045.jpg","contentUrl":"https:\/\/portaltela.pt\/s.01k8rhncp4jt1\/2026\/03\/img_1500x1000uu2026-03-28-20-02-11-2275336-im-639103249470150045.jpg","width":796,"height":448,"caption":"Cascais assume o papel de Capital Europeia da Democracia"},{"@type":"BreadcrumbList","@id":"https:\/\/portaltela.pt\/noticias\/2026\/03\/29\/cascais-e-a-capital-europeia-da-democracia\/#breadcrumb","itemListElement":[{"@type":"ListItem","position":1,"name":"In\u00edcio","item":"https:\/\/portaltela.pt\/"},{"@type":"ListItem","position":2,"name":"Cascais \u00e9 a Capital Europeia da Democracia"}]},{"@type":"WebSite","@id":"https:\/\/portaltela.pt\/#website","url":"https:\/\/portaltela.pt\/","name":"Portal Tela Portugal","description":"","potentialAction":[{"@type":"SearchAction","target":{"@type":"EntryPoint","urlTemplate":"https:\/\/portaltela.pt\/?s={search_term_string}"},"query-input":{"@type":"PropertyValueSpecification","valueRequired":true,"valueName":"search_term_string"}}],"inLanguage":"pt-PT"},{"@type":"Person","@id":"https:\/\/portaltela.pt\/#\/schema\/person\/c4278d4a6028830caff9ee44b42d32ed","name":"Telinha","image":{"@type":"ImageObject","inLanguage":"pt-PT","@id":"https:\/\/portaltela.pt\/s.01k8rhncp4jt1\/2025\/11\/talking-bot-125x125.png","url":"https:\/\/portaltela.pt\/s.01k8rhncp4jt1\/2025\/11\/talking-bot-125x125.png","contentUrl":"https:\/\/portaltela.pt\/s.01k8rhncp4jt1\/2025\/11\/talking-bot-125x125.png","caption":"Telinha"},"sameAs":["https:\/\/portaltela.pt\/"],"url":"https:\/\/portaltela.pt\/por\/367410592786\/"}]}},"_links":{"self":[{"href":"https:\/\/portaltela.pt\/api\/wp\/v2\/posts\/425932","targetHints":{"allow":["GET"]}}],"collection":[{"href":"https:\/\/portaltela.pt\/api\/wp\/v2\/posts"}],"about":[{"href":"https:\/\/portaltela.pt\/api\/wp\/v2\/types\/post"}],"author":[{"embeddable":true,"href":"https:\/\/portaltela.pt\/api\/wp\/v2\/users\/2"}],"replies":[{"embeddable":true,"href":"https:\/\/portaltela.pt\/api\/wp\/v2\/comments?post=425932"}],"version-history":[{"count":0,"href":"https:\/\/portaltela.pt\/api\/wp\/v2\/posts\/425932\/revisions"}],"wp:featuredmedia":[{"embeddable":true,"href":"https:\/\/portaltela.pt\/api\/wp\/v2\/media\/425935"}],"wp:attachment":[{"href":"https:\/\/portaltela.pt\/api\/wp\/v2\/media?parent=425932"}],"wp:term":[{"taxonomy":"category","embeddable":true,"href":"https:\/\/portaltela.pt\/api\/wp\/v2\/categories?post=425932"},{"taxonomy":"post_tag","embeddable":true,"href":"https:\/\/portaltela.pt\/api\/wp\/v2\/tags?post=425932"}],"curies":[{"name":"wp","href":"https:\/\/api.w.org\/{rel}","templated":true}]}}