{"id":425914,"date":"2026-03-29T09:32:09","date_gmt":"2026-03-29T12:32:09","guid":{"rendered":"https:\/\/portaltela.pt\/noticias\/2026\/03\/29\/martim-jesus-portimao-quer-aprender-com-melhores-e-sonha-chegar-aos-mundiais\/"},"modified":"2026-03-29T09:32:09","modified_gmt":"2026-03-29T12:32:09","slug":"martim-jesus-portimao-quer-aprender-com-melhores-e-sonha-chegar-aos-mundiais","status":"publish","type":"post","link":"https:\/\/portaltela.pt\/desporto\/futebol\/2026\/03\/29\/martim-jesus-portimao-quer-aprender-com-melhores-e-sonha-chegar-aos-mundiais\/","title":{"rendered":"Martim Jesus Portim\u00e3o: quer aprender com melhores e sonha chegar aos Mundiais"},"content":{"rendered":"<p>O piloto Martim Jesus, 18 anos, participa como convidado na categoria Supersport do Campeonato do Mundo de Superbikes em Portim\u00e3o, no Aut\u00f3dromo Internacional do Algarve, neste fim de semana, com o objetivo de aprender com os melhores e seguir o sonho de chegar aos Mundiais.<\/p>\n<p>Competindo com as cores do Moto Clube de Loul\u00e9, o jovem piloto utiliza uma Honda CBR600RR. O foco \u00e9 terminar as corridas e ganhar experi\u00eancia na disciplina.<\/p>\n<p>O convite da Federa\u00e7\u00e3o Portuguesa de Motociclismo surgiu ap\u00f3s Martim Jesus se sagrar campe\u00e3o nacional de Stock 600. O evento de Portim\u00e3o \u00e9 uma das etapas de apoio ao Mundial.<\/p>\n<h3>Participa\u00e7\u00e3o de pilotos portugueses<\/h3>\n<p>Martim Jesus \u00e9 um dos tr\u00eas portugueses na pista, ao lado de Miguel Oliveira (BMW) nas Superbikes e Tom\u00e1s Alonso (Yamaha) nas Sportbike. Natural de Set\u00fabal, vive em Vila Nova de Santo Andr\u00e9 desde pequeno, onde come\u00e7ou aos nove anos no kart\u00f3dromo local.<\/p>\n<p>O Grande Pr\u00e9mio de Portugal encerra a seconda ronda do Mundial de Superbikes, com a corrida agendada para as 15:30 de hoje.<\/p>\n","protected":false},"excerpt":{"rendered":"<ul>\n<li>Martim Jesus, de 18 anos, compete como convidado na categoria Supersport no Aut\u00f3dromo Internacional do Algarve, em Portim\u00e3o, este fim de semana.<\/li>\n<li>O objetivo \u00e9 aprender com os melhores e terminar as corridas, preparando-se para ganhar experi\u00eancia na disciplina.<\/li>\n<li>O piloto usa as cores do Moto Clube de Loul\u00e9 e conduz uma Honda CBR600RR.<\/li>\n<li>O jovem foi convidado pela Federa\u00e7\u00e3o Portuguesa de Motociclismo com wildcard, depois de se sagrar campe\u00e3o nacional de Stock 600.<\/li>\n<li>\u00c9 um dos tr\u00eas portugueses na pista em Portim\u00e3o, ao lado de Miguel Oliveira e Tom\u00e1s Alonso; o Grande Pr\u00e9mio de Portugal encerra hoje com a corrida marcada para as 15h30.<\/li>\n<\/ul>\n","protected":false},"author":2,"featured_media":425917,"comment_status":"closed","ping_status":"closed","sticky":false,"template":"","format":"standard","meta":{"footnotes":""},"categories":[21,24],"tags":[3504,40,5972,1764,1014,994],"class_list":["post-425914","post","type-post","status-publish","format-standard","has-post-thumbnail","hentry","category-desporto","category-futebol","tag-corridas","tag-pessoas","tag-pilotos","tag-portimao","tag-portugal","tag-setubal"],"yoast_head":"<!-- This site is optimized with the Yoast SEO plugin v27.2 - https:\/\/yoast.com\/product\/yoast-seo-wordpress\/ -->\n<title>Martim Jesus Portim\u00e3o: quer aprender com melhores e sonha chegar aos Mundiais - Portal Tela Portugal<\/title>\n<meta name=\"robots\" content=\"index, follow, max-snippet:-1, max-image-preview:large, max-video-preview:-1\" \/>\n<meta property=\"og:locale\" content=\"pt_PT\" \/>\n<meta property=\"og:type\" content=\"article\" \/>\n<meta property=\"og:title\" content=\"Martim Jesus Portim\u00e3o: quer aprender com melhores e sonha chegar aos Mundiais - Portal Tela Portugal\" \/>\n<meta property=\"og:description\" content=\"Martim Jesus, de 18 anos, compete como convidado na categoria Supersport no Aut\u00f3dromo Internacional do Algarve, em Portim\u00e3o, este fim de semana. O objetivo \u00e9 aprender com os melhores e terminar as corridas, preparando-se para ganhar experi\u00eancia na disciplina. O piloto usa as cores do Moto Clube de Loul\u00e9 e conduz uma Honda CBR600RR. O jovem foi convidado pela Federa\u00e7\u00e3o Portuguesa de Motociclismo com wildcard, depois de se sagrar campe\u00e3o nacional de Stock 600. \u00c9 um dos tr\u00eas portugueses na pista em Portim\u00e3o, ao lado de Miguel Oliveira e Tom\u00e1s Alonso; o Grande Pr\u00e9mio de Portugal encerra hoje com a corrida marcada para as 15h30.\" \/>\n<meta property=\"og:url\" content=\"https:\/\/portaltela.pt\/noticias\/2026\/03\/29\/martim-jesus-portimao-quer-aprender-com-melhores-e-sonha-chegar-aos-mundiais\/\" \/>\n<meta property=\"og:site_name\" content=\"Portal Tela Portugal\" \/>\n<meta property=\"article:published_time\" content=\"2026-03-29T12:32:09+00:00\" \/>\n<meta name=\"author\" content=\"Telinha\" \/>\n<meta name=\"twitter:card\" content=\"summary_large_image\" \/>\n<meta name=\"twitter:label1\" content=\"Escrito por\" \/>\n\t<meta name=\"twitter:data1\" content=\"Telinha\" \/>\n\t<meta name=\"twitter:label2\" content=\"Tempo estimado de leitura\" \/>\n\t<meta name=\"twitter:data2\" content=\"1 minuto\" \/>\n<script type=\"application\/ld+json\" class=\"yoast-schema-graph\">{\"@context\":\"https:\/\/schema.org\",\"@graph\":[{\"@type\":\"Article\",\"@id\":\"https:\/\/portaltela.pt\/noticias\/2026\/03\/29\/martim-jesus-portimao-quer-aprender-com-melhores-e-sonha-chegar-aos-mundiais\/#article\",\"isPartOf\":{\"@id\":\"https:\/\/portaltela.pt\/noticias\/2026\/03\/29\/martim-jesus-portimao-quer-aprender-com-melhores-e-sonha-chegar-aos-mundiais\/\"},\"author\":{\"name\":\"Telinha\",\"@id\":\"https:\/\/portaltela.pt\/#\/schema\/person\/c4278d4a6028830caff9ee44b42d32ed\"},\"headline\":\"Martim Jesus Portim\u00e3o: quer aprender com melhores e sonha chegar aos Mundiais\",\"datePublished\":\"2026-03-29T12:32:09+00:00\",\"mainEntityOfPage\":{\"@id\":\"https:\/\/portaltela.pt\/noticias\/2026\/03\/29\/martim-jesus-portimao-quer-aprender-com-melhores-e-sonha-chegar-aos-mundiais\/\"},\"wordCount\":193,\"image\":{\"@id\":\"https:\/\/portaltela.pt\/noticias\/2026\/03\/29\/martim-jesus-portimao-quer-aprender-com-melhores-e-sonha-chegar-aos-mundiais\/#primaryimage\"},\"thumbnailUrl\":\"https:\/\/portaltela.pt\/s.01k8rhncp4jt1\/2026\/03\/img_920x518uu2026-03-29-13-21-21-2429974.jpg\",\"keywords\":[\"corridas\",\"pessoas\",\"pilotos\",\"Portim\u00e3o\",\"Portugal\",\"Set\u00fabal\"],\"articleSection\":[\"Desporto\",\"Futebol\"],\"inLanguage\":\"pt-PT\"},{\"@type\":\"WebPage\",\"@id\":\"https:\/\/portaltela.pt\/noticias\/2026\/03\/29\/martim-jesus-portimao-quer-aprender-com-melhores-e-sonha-chegar-aos-mundiais\/\",\"url\":\"https:\/\/portaltela.pt\/noticias\/2026\/03\/29\/martim-jesus-portimao-quer-aprender-com-melhores-e-sonha-chegar-aos-mundiais\/\",\"name\":\"Martim Jesus Portim\u00e3o: quer aprender com melhores e sonha chegar aos Mundiais - Portal Tela Portugal\",\"isPartOf\":{\"@id\":\"https:\/\/portaltela.pt\/#website\"},\"primaryImageOfPage\":{\"@id\":\"https:\/\/portaltela.pt\/noticias\/2026\/03\/29\/martim-jesus-portimao-quer-aprender-com-melhores-e-sonha-chegar-aos-mundiais\/#primaryimage\"},\"image\":{\"@id\":\"https:\/\/portaltela.pt\/noticias\/2026\/03\/29\/martim-jesus-portimao-quer-aprender-com-melhores-e-sonha-chegar-aos-mundiais\/#primaryimage\"},\"thumbnailUrl\":\"https:\/\/portaltela.pt\/s.01k8rhncp4jt1\/2026\/03\/img_920x518uu2026-03-29-13-21-21-2429974.jpg\",\"datePublished\":\"2026-03-29T12:32:09+00:00\",\"author\":{\"@id\":\"https:\/\/portaltela.pt\/#\/schema\/person\/c4278d4a6028830caff9ee44b42d32ed\"},\"breadcrumb\":{\"@id\":\"https:\/\/portaltela.pt\/noticias\/2026\/03\/29\/martim-jesus-portimao-quer-aprender-com-melhores-e-sonha-chegar-aos-mundiais\/#breadcrumb\"},\"inLanguage\":\"pt-PT\",\"potentialAction\":[{\"@type\":\"ReadAction\",\"target\":[\"https:\/\/portaltela.pt\/noticias\/2026\/03\/29\/martim-jesus-portimao-quer-aprender-com-melhores-e-sonha-chegar-aos-mundiais\/\"]}]},{\"@type\":\"ImageObject\",\"inLanguage\":\"pt-PT\",\"@id\":\"https:\/\/portaltela.pt\/noticias\/2026\/03\/29\/martim-jesus-portimao-quer-aprender-com-melhores-e-sonha-chegar-aos-mundiais\/#primaryimage\",\"url\":\"https:\/\/portaltela.pt\/s.01k8rhncp4jt1\/2026\/03\/img_920x518uu2026-03-29-13-21-21-2429974.jpg\",\"contentUrl\":\"https:\/\/portaltela.pt\/s.01k8rhncp4jt1\/2026\/03\/img_920x518uu2026-03-29-13-21-21-2429974.jpg\",\"width\":796,\"height\":448,\"caption\":\"Martim Jesus em Portim\u00e3o\"},{\"@type\":\"BreadcrumbList\",\"@id\":\"https:\/\/portaltela.pt\/noticias\/2026\/03\/29\/martim-jesus-portimao-quer-aprender-com-melhores-e-sonha-chegar-aos-mundiais\/#breadcrumb\",\"itemListElement\":[{\"@type\":\"ListItem\",\"position\":1,\"name\":\"In\u00edcio\",\"item\":\"https:\/\/portaltela.pt\/\"},{\"@type\":\"ListItem\",\"position\":2,\"name\":\"Martim Jesus Portim\u00e3o: quer aprender com melhores e sonha chegar aos Mundiais\"}]},{\"@type\":\"WebSite\",\"@id\":\"https:\/\/portaltela.pt\/#website\",\"url\":\"https:\/\/portaltela.pt\/\",\"name\":\"Portal Tela Portugal\",\"description\":\"\",\"potentialAction\":[{\"@type\":\"SearchAction\",\"target\":{\"@type\":\"EntryPoint\",\"urlTemplate\":\"https:\/\/portaltela.pt\/?s={search_term_string}\"},\"query-input\":{\"@type\":\"PropertyValueSpecification\",\"valueRequired\":true,\"valueName\":\"search_term_string\"}}],\"inLanguage\":\"pt-PT\"},{\"@type\":\"Person\",\"@id\":\"https:\/\/portaltela.pt\/#\/schema\/person\/c4278d4a6028830caff9ee44b42d32ed\",\"name\":\"Telinha\",\"image\":{\"@type\":\"ImageObject\",\"inLanguage\":\"pt-PT\",\"@id\":\"https:\/\/portaltela.pt\/s.01k8rhncp4jt1\/2025\/11\/talking-bot-125x125.png\",\"url\":\"https:\/\/portaltela.pt\/s.01k8rhncp4jt1\/2025\/11\/talking-bot-125x125.png\",\"contentUrl\":\"https:\/\/portaltela.pt\/s.01k8rhncp4jt1\/2025\/11\/talking-bot-125x125.png\",\"caption\":\"Telinha\"},\"sameAs\":[\"https:\/\/portaltela.pt\/\"],\"url\":\"https:\/\/portaltela.pt\/por\/367410592786\/\"}]}<\/script>\n<!-- \/ Yoast SEO plugin. -->","yoast_head_json":{"title":"Martim Jesus Portim\u00e3o: quer aprender com melhores e sonha chegar aos Mundiais - Portal Tela Portugal","robots":{"index":"index","follow":"follow","max-snippet":"max-snippet:-1","max-image-preview":"max-image-preview:large","max-video-preview":"max-video-preview:-1"},"og_locale":"pt_PT","og_type":"article","og_title":"Martim Jesus Portim\u00e3o: quer aprender com melhores e sonha chegar aos Mundiais - Portal Tela Portugal","og_description":"Martim Jesus, de 18 anos, compete como convidado na categoria Supersport no Aut\u00f3dromo Internacional do Algarve, em Portim\u00e3o, este fim de semana. O objetivo \u00e9 aprender com os melhores e terminar as corridas, preparando-se para ganhar experi\u00eancia na disciplina. O piloto usa as cores do Moto Clube de Loul\u00e9 e conduz uma Honda CBR600RR. O jovem foi convidado pela Federa\u00e7\u00e3o Portuguesa de Motociclismo com wildcard, depois de se sagrar campe\u00e3o nacional de Stock 600. \u00c9 um dos tr\u00eas portugueses na pista em Portim\u00e3o, ao lado de Miguel Oliveira e Tom\u00e1s Alonso; o Grande Pr\u00e9mio de Portugal encerra hoje com a corrida marcada para as 15h30.","og_url":"https:\/\/portaltela.pt\/noticias\/2026\/03\/29\/martim-jesus-portimao-quer-aprender-com-melhores-e-sonha-chegar-aos-mundiais\/","og_site_name":"Portal Tela Portugal","article_published_time":"2026-03-29T12:32:09+00:00","author":"Telinha","twitter_card":"summary_large_image","twitter_misc":{"Escrito por":"Telinha","Tempo estimado de leitura":"1 minuto"},"schema":{"@context":"https:\/\/schema.org","@graph":[{"@type":"Article","@id":"https:\/\/portaltela.pt\/noticias\/2026\/03\/29\/martim-jesus-portimao-quer-aprender-com-melhores-e-sonha-chegar-aos-mundiais\/#article","isPartOf":{"@id":"https:\/\/portaltela.pt\/noticias\/2026\/03\/29\/martim-jesus-portimao-quer-aprender-com-melhores-e-sonha-chegar-aos-mundiais\/"},"author":{"name":"Telinha","@id":"https:\/\/portaltela.pt\/#\/schema\/person\/c4278d4a6028830caff9ee44b42d32ed"},"headline":"Martim Jesus Portim\u00e3o: quer aprender com melhores e sonha chegar aos Mundiais","datePublished":"2026-03-29T12:32:09+00:00","mainEntityOfPage":{"@id":"https:\/\/portaltela.pt\/noticias\/2026\/03\/29\/martim-jesus-portimao-quer-aprender-com-melhores-e-sonha-chegar-aos-mundiais\/"},"wordCount":193,"image":{"@id":"https:\/\/portaltela.pt\/noticias\/2026\/03\/29\/martim-jesus-portimao-quer-aprender-com-melhores-e-sonha-chegar-aos-mundiais\/#primaryimage"},"thumbnailUrl":"https:\/\/portaltela.pt\/s.01k8rhncp4jt1\/2026\/03\/img_920x518uu2026-03-29-13-21-21-2429974.jpg","keywords":["corridas","pessoas","pilotos","Portim\u00e3o","Portugal","Set\u00fabal"],"articleSection":["Desporto","Futebol"],"inLanguage":"pt-PT"},{"@type":"WebPage","@id":"https:\/\/portaltela.pt\/noticias\/2026\/03\/29\/martim-jesus-portimao-quer-aprender-com-melhores-e-sonha-chegar-aos-mundiais\/","url":"https:\/\/portaltela.pt\/noticias\/2026\/03\/29\/martim-jesus-portimao-quer-aprender-com-melhores-e-sonha-chegar-aos-mundiais\/","name":"Martim Jesus Portim\u00e3o: quer aprender com melhores e sonha chegar aos Mundiais - Portal Tela Portugal","isPartOf":{"@id":"https:\/\/portaltela.pt\/#website"},"primaryImageOfPage":{"@id":"https:\/\/portaltela.pt\/noticias\/2026\/03\/29\/martim-jesus-portimao-quer-aprender-com-melhores-e-sonha-chegar-aos-mundiais\/#primaryimage"},"image":{"@id":"https:\/\/portaltela.pt\/noticias\/2026\/03\/29\/martim-jesus-portimao-quer-aprender-com-melhores-e-sonha-chegar-aos-mundiais\/#primaryimage"},"thumbnailUrl":"https:\/\/portaltela.pt\/s.01k8rhncp4jt1\/2026\/03\/img_920x518uu2026-03-29-13-21-21-2429974.jpg","datePublished":"2026-03-29T12:32:09+00:00","author":{"@id":"https:\/\/portaltela.pt\/#\/schema\/person\/c4278d4a6028830caff9ee44b42d32ed"},"breadcrumb":{"@id":"https:\/\/portaltela.pt\/noticias\/2026\/03\/29\/martim-jesus-portimao-quer-aprender-com-melhores-e-sonha-chegar-aos-mundiais\/#breadcrumb"},"inLanguage":"pt-PT","potentialAction":[{"@type":"ReadAction","target":["https:\/\/portaltela.pt\/noticias\/2026\/03\/29\/martim-jesus-portimao-quer-aprender-com-melhores-e-sonha-chegar-aos-mundiais\/"]}]},{"@type":"ImageObject","inLanguage":"pt-PT","@id":"https:\/\/portaltela.pt\/noticias\/2026\/03\/29\/martim-jesus-portimao-quer-aprender-com-melhores-e-sonha-chegar-aos-mundiais\/#primaryimage","url":"https:\/\/portaltela.pt\/s.01k8rhncp4jt1\/2026\/03\/img_920x518uu2026-03-29-13-21-21-2429974.jpg","contentUrl":"https:\/\/portaltela.pt\/s.01k8rhncp4jt1\/2026\/03\/img_920x518uu2026-03-29-13-21-21-2429974.jpg","width":796,"height":448,"caption":"Martim Jesus em Portim\u00e3o"},{"@type":"BreadcrumbList","@id":"https:\/\/portaltela.pt\/noticias\/2026\/03\/29\/martim-jesus-portimao-quer-aprender-com-melhores-e-sonha-chegar-aos-mundiais\/#breadcrumb","itemListElement":[{"@type":"ListItem","position":1,"name":"In\u00edcio","item":"https:\/\/portaltela.pt\/"},{"@type":"ListItem","position":2,"name":"Martim Jesus Portim\u00e3o: quer aprender com melhores e sonha chegar aos Mundiais"}]},{"@type":"WebSite","@id":"https:\/\/portaltela.pt\/#website","url":"https:\/\/portaltela.pt\/","name":"Portal Tela Portugal","description":"","potentialAction":[{"@type":"SearchAction","target":{"@type":"EntryPoint","urlTemplate":"https:\/\/portaltela.pt\/?s={search_term_string}"},"query-input":{"@type":"PropertyValueSpecification","valueRequired":true,"valueName":"search_term_string"}}],"inLanguage":"pt-PT"},{"@type":"Person","@id":"https:\/\/portaltela.pt\/#\/schema\/person\/c4278d4a6028830caff9ee44b42d32ed","name":"Telinha","image":{"@type":"ImageObject","inLanguage":"pt-PT","@id":"https:\/\/portaltela.pt\/s.01k8rhncp4jt1\/2025\/11\/talking-bot-125x125.png","url":"https:\/\/portaltela.pt\/s.01k8rhncp4jt1\/2025\/11\/talking-bot-125x125.png","contentUrl":"https:\/\/portaltela.pt\/s.01k8rhncp4jt1\/2025\/11\/talking-bot-125x125.png","caption":"Telinha"},"sameAs":["https:\/\/portaltela.pt\/"],"url":"https:\/\/portaltela.pt\/por\/367410592786\/"}]}},"_links":{"self":[{"href":"https:\/\/portaltela.pt\/api\/wp\/v2\/posts\/425914","targetHints":{"allow":["GET"]}}],"collection":[{"href":"https:\/\/portaltela.pt\/api\/wp\/v2\/posts"}],"about":[{"href":"https:\/\/portaltela.pt\/api\/wp\/v2\/types\/post"}],"author":[{"embeddable":true,"href":"https:\/\/portaltela.pt\/api\/wp\/v2\/users\/2"}],"replies":[{"embeddable":true,"href":"https:\/\/portaltela.pt\/api\/wp\/v2\/comments?post=425914"}],"version-history":[{"count":0,"href":"https:\/\/portaltela.pt\/api\/wp\/v2\/posts\/425914\/revisions"}],"wp:featuredmedia":[{"embeddable":true,"href":"https:\/\/portaltela.pt\/api\/wp\/v2\/media\/425917"}],"wp:attachment":[{"href":"https:\/\/portaltela.pt\/api\/wp\/v2\/media?parent=425914"}],"wp:term":[{"taxonomy":"category","embeddable":true,"href":"https:\/\/portaltela.pt\/api\/wp\/v2\/categories?post=425914"},{"taxonomy":"post_tag","embeddable":true,"href":"https:\/\/portaltela.pt\/api\/wp\/v2\/tags?post=425914"}],"curies":[{"name":"wp","href":"https:\/\/api.w.org\/{rel}","templated":true}]}}