{"id":425900,"date":"2026-03-29T09:02:36","date_gmt":"2026-03-29T12:02:36","guid":{"rendered":"https:\/\/portaltela.pt\/noticias\/2026\/03\/29\/auditoria-mira-exploracao-de-santarem-por-alegados-maus-tratos-a-suinos\/"},"modified":"2026-03-29T09:02:36","modified_gmt":"2026-03-29T12:02:36","slug":"auditoria-mira-exploracao-de-santarem-por-alegados-maus-tratos-a-suinos","status":"publish","type":"post","link":"https:\/\/portaltela.pt\/sociedade\/2026\/03\/29\/auditoria-mira-exploracao-de-santarem-por-alegados-maus-tratos-a-suinos\/","title":{"rendered":"Auditoria mira explora\u00e7\u00e3o de Santar\u00e9m por alegados maus-tratos a su\u00ednos"},"content":{"rendered":"<p>A Quinta da Granja, uma explora\u00e7\u00e3o de su\u00ednos em Almoster, Santar\u00e9m, vai ser alvo de uma auditoria para apurar alegados maus-tratos aos animais. A indica\u00e7\u00e3o partiu da Filporc, que repudiou o caso e pediu dilig\u00eancia imediata. A auditoria ir\u00e1 verificar todos os factos na totalidade do espa\u00e7o.<\/p>\n<p>A RTP divulgou imagens coletadas entre janeiro e fevereiro que mostram su\u00ednos mortos, feridos e doentes nos pavilh\u00f5es. Os acessos \u00e0s boxes encontram-se sujos, com fezes, lama e sangue, conforme a reportagem. A DGAV determinou a apresenta\u00e7\u00e3o de um plano de a\u00e7\u00e3o com medidas corretivas.<\/p>\n<p>A Quinta da Granja pertence ao ValGrupo e aderiu ao programa de bem-estar animal da Filporc em 2023. A \u00faltima auditoria anual ocorreu em julho de 2025, segundo a associa\u00e7\u00e3o, que garante n\u00e3o ter presenciado situa\u00e7\u00f5es semelhantes nas visitas anteriores.<\/p>\n<p>A FPAS informou que as imagens n\u00e3o representam o setor e frisou forte regula\u00e7\u00e3o e fiscaliza\u00e7\u00e3o. A federa\u00e7\u00e3o espera esclarecimentos sobre responsabilidades e reconhece impactos na imagem do setor, ainda que reconhe\u00e7a a recupera\u00e7\u00e3o recente de perdas por mau tempo.<\/p>\n<p>No \u00e2mbito regulat\u00f3rio, a APIC explicou que o abate de animais em Portugal requer autoriza\u00e7\u00e3o de um m\u00e9dico veterin\u00e1rio oficial, respons\u00e1vel pela inspe\u00e7\u00e3o sanit\u00e1ria e pela aptid\u00e3o da carne para consumo humano. A produ\u00e7\u00e3o \u00e9 descrita como sujeita a controlo rigoroso para evitar produtos impr\u00f3prios.<\/p>\n<p>A Lusa contactou o Valgrupo e o Minist\u00e9rio da Agricultura, aguardando respostas oficiais. A auditoria anunciada pela Filporc pretende esclarecer os factos e determinar responsabilidades, mantendo o foco na verifica\u00e7\u00e3o de conformidade com as normas de bem-estar animal.<\/p>\n","protected":false},"excerpt":{"rendered":"<ul>\n<li>A Quinta da Granja, explora\u00e7\u00e3o de su\u00ednos em Almoster, Santar\u00e9m, vai ser alvo de auditoria da Filporc para apurar os factos de maus tratos acusados, com indica\u00e7\u00f5es imediatas para diligenciar o processo.<\/li>\n<li>A Filporc revelou o avan\u00e7o da auditoria ap\u00f3s a publica\u00e7\u00e3o de uma reportagem da RTP com imagens de janeiro a fevereiro que mostram su\u00ednos mortos, feridos e doentes, bem como pavilh\u00f5es degradados e \u00e1reas sujas.<\/li>\n<li>A Dire\u00e7\u00e3o-Geral de Alimenta\u00e7\u00e3o e Veterin\u00e1ria determinou a apresenta\u00e7\u00e3o de um plano de a\u00e7\u00e3o com medidas corretivas.<\/li>\n<li>A quinta pertence ao ValGrupo e tinha aderido ao programa de bem-estar animal da Filporc em dois mil e vinte e tr\u00eas; a \u00faltima auditoria ocorreu em julho de dois mil e vinte e cinco, e a Filporc afirma n\u00e3o ter presenciado situa\u00e7\u00f5es como as mostradas pela reportagem.<\/li>\n<li>A FPAS afirmou que as imagens n\u00e3o representam o setor, enquanto a APIC clarificou o sistema de abate com supervis\u00e3o de um m\u00e9dico veterin\u00e1rio oficial; a Lusa contactou o Valgrupo e o Minist\u00e9rio da Agricultura para uma resposta.<\/li>\n<\/ul>\n","protected":false},"author":2,"featured_media":425901,"comment_status":"closed","ping_status":"closed","sticky":false,"template":"","format":"standard","meta":{"footnotes":""},"categories":[6725,6871],"tags":[179,3091,4683,7411,695,898],"class_list":["post-425900","post","type-post","status-publish","format-standard","has-post-thumbnail","hentry","category-meio-ambiente","category-sociedade","tag-agricultura","tag-animais","tag-auditoria-interna","tag-bem-estar","tag-fiscalizacao","tag-santarem"],"yoast_head":"<!-- This site is optimized with the Yoast SEO plugin v27.2 - https:\/\/yoast.com\/product\/yoast-seo-wordpress\/ -->\n<title>Auditoria mira explora\u00e7\u00e3o de Santar\u00e9m por alegados maus-tratos a su\u00ednos - Portal Tela Portugal<\/title>\n<meta name=\"robots\" content=\"index, follow, max-snippet:-1, max-image-preview:large, max-video-preview:-1\" \/>\n<meta property=\"og:locale\" content=\"pt_PT\" \/>\n<meta property=\"og:type\" content=\"article\" \/>\n<meta property=\"og:title\" content=\"Auditoria mira explora\u00e7\u00e3o de Santar\u00e9m por alegados maus-tratos a su\u00ednos - Portal Tela Portugal\" \/>\n<meta property=\"og:description\" content=\"A Quinta da Granja, explora\u00e7\u00e3o de su\u00ednos em Almoster, Santar\u00e9m, vai ser alvo de auditoria da Filporc para apurar os factos de maus tratos acusados, com indica\u00e7\u00f5es imediatas para diligenciar o processo. A Filporc revelou o avan\u00e7o da auditoria ap\u00f3s a publica\u00e7\u00e3o de uma reportagem da RTP com imagens de janeiro a fevereiro que mostram su\u00ednos mortos, feridos e doentes, bem como pavilh\u00f5es degradados e \u00e1reas sujas. A Dire\u00e7\u00e3o-Geral de Alimenta\u00e7\u00e3o e Veterin\u00e1ria determinou a apresenta\u00e7\u00e3o de um plano de a\u00e7\u00e3o com medidas corretivas. A quinta pertence ao ValGrupo e tinha aderido ao programa de bem-estar animal da Filporc em dois mil e vinte e tr\u00eas; a \u00faltima auditoria ocorreu em julho de dois mil e vinte e cinco, e a Filporc afirma n\u00e3o ter presenciado situa\u00e7\u00f5es como as mostradas pela reportagem. A FPAS afirmou que as imagens n\u00e3o representam o setor, enquanto a APIC clarificou o sistema de abate com supervis\u00e3o de um m\u00e9dico veterin\u00e1rio oficial; a Lusa contactou o Valgrupo e o Minist\u00e9rio da Agricultura para uma resposta.\" \/>\n<meta property=\"og:url\" content=\"https:\/\/portaltela.pt\/noticias\/2026\/03\/29\/auditoria-mira-exploracao-de-santarem-por-alegados-maus-tratos-a-suinos\/\" \/>\n<meta property=\"og:site_name\" content=\"Portal Tela Portugal\" \/>\n<meta property=\"article:published_time\" content=\"2026-03-29T12:02:36+00:00\" \/>\n<meta name=\"author\" content=\"Telinha\" \/>\n<meta name=\"twitter:card\" content=\"summary_large_image\" \/>\n<meta name=\"twitter:label1\" content=\"Escrito por\" \/>\n\t<meta name=\"twitter:data1\" content=\"Telinha\" \/>\n\t<meta name=\"twitter:label2\" content=\"Tempo estimado de leitura\" \/>\n\t<meta name=\"twitter:data2\" content=\"1 minuto\" \/>\n<script type=\"application\/ld+json\" class=\"yoast-schema-graph\">{\"@context\":\"https:\/\/schema.org\",\"@graph\":[{\"@type\":\"Article\",\"@id\":\"https:\/\/portaltela.pt\/noticias\/2026\/03\/29\/auditoria-mira-exploracao-de-santarem-por-alegados-maus-tratos-a-suinos\/#article\",\"isPartOf\":{\"@id\":\"https:\/\/portaltela.pt\/noticias\/2026\/03\/29\/auditoria-mira-exploracao-de-santarem-por-alegados-maus-tratos-a-suinos\/\"},\"author\":{\"name\":\"Telinha\",\"@id\":\"https:\/\/portaltela.pt\/#\/schema\/person\/c4278d4a6028830caff9ee44b42d32ed\"},\"headline\":\"Auditoria mira explora\u00e7\u00e3o de Santar\u00e9m por alegados maus-tratos a su\u00ednos\",\"datePublished\":\"2026-03-29T12:02:36+00:00\",\"mainEntityOfPage\":{\"@id\":\"https:\/\/portaltela.pt\/noticias\/2026\/03\/29\/auditoria-mira-exploracao-de-santarem-por-alegados-maus-tratos-a-suinos\/\"},\"wordCount\":296,\"image\":{\"@id\":\"https:\/\/portaltela.pt\/noticias\/2026\/03\/29\/auditoria-mira-exploracao-de-santarem-por-alegados-maus-tratos-a-suinos\/#primaryimage\"},\"thumbnailUrl\":\"https:\/\/portaltela.pt\/s.01k8rhncp4jt1\/2026\/03\/img_1280x721uu2018-08-20-10-13-53-770440.jpg\",\"keywords\":[\"agricultura\",\"animais\",\"auditoria interna\",\"Bem-Estar\",\"fiscaliza\u00e7\u00e3o\",\"Santar\u00e9m\"],\"articleSection\":[\"Meio Ambiente\",\"Sociedade\"],\"inLanguage\":\"pt-PT\"},{\"@type\":\"WebPage\",\"@id\":\"https:\/\/portaltela.pt\/noticias\/2026\/03\/29\/auditoria-mira-exploracao-de-santarem-por-alegados-maus-tratos-a-suinos\/\",\"url\":\"https:\/\/portaltela.pt\/noticias\/2026\/03\/29\/auditoria-mira-exploracao-de-santarem-por-alegados-maus-tratos-a-suinos\/\",\"name\":\"Auditoria mira explora\u00e7\u00e3o de Santar\u00e9m por alegados maus-tratos a su\u00ednos - Portal Tela Portugal\",\"isPartOf\":{\"@id\":\"https:\/\/portaltela.pt\/#website\"},\"primaryImageOfPage\":{\"@id\":\"https:\/\/portaltela.pt\/noticias\/2026\/03\/29\/auditoria-mira-exploracao-de-santarem-por-alegados-maus-tratos-a-suinos\/#primaryimage\"},\"image\":{\"@id\":\"https:\/\/portaltela.pt\/noticias\/2026\/03\/29\/auditoria-mira-exploracao-de-santarem-por-alegados-maus-tratos-a-suinos\/#primaryimage\"},\"thumbnailUrl\":\"https:\/\/portaltela.pt\/s.01k8rhncp4jt1\/2026\/03\/img_1280x721uu2018-08-20-10-13-53-770440.jpg\",\"datePublished\":\"2026-03-29T12:02:36+00:00\",\"author\":{\"@id\":\"https:\/\/portaltela.pt\/#\/schema\/person\/c4278d4a6028830caff9ee44b42d32ed\"},\"breadcrumb\":{\"@id\":\"https:\/\/portaltela.pt\/noticias\/2026\/03\/29\/auditoria-mira-exploracao-de-santarem-por-alegados-maus-tratos-a-suinos\/#breadcrumb\"},\"inLanguage\":\"pt-PT\",\"potentialAction\":[{\"@type\":\"ReadAction\",\"target\":[\"https:\/\/portaltela.pt\/noticias\/2026\/03\/29\/auditoria-mira-exploracao-de-santarem-por-alegados-maus-tratos-a-suinos\/\"]}]},{\"@type\":\"ImageObject\",\"inLanguage\":\"pt-PT\",\"@id\":\"https:\/\/portaltela.pt\/noticias\/2026\/03\/29\/auditoria-mira-exploracao-de-santarem-por-alegados-maus-tratos-a-suinos\/#primaryimage\",\"url\":\"https:\/\/portaltela.pt\/s.01k8rhncp4jt1\/2026\/03\/img_1280x721uu2018-08-20-10-13-53-770440.jpg\",\"contentUrl\":\"https:\/\/portaltela.pt\/s.01k8rhncp4jt1\/2026\/03\/img_1280x721uu2018-08-20-10-13-53-770440.jpg\",\"width\":796,\"height\":448,\"caption\":\"Su\u00ednos\"},{\"@type\":\"BreadcrumbList\",\"@id\":\"https:\/\/portaltela.pt\/noticias\/2026\/03\/29\/auditoria-mira-exploracao-de-santarem-por-alegados-maus-tratos-a-suinos\/#breadcrumb\",\"itemListElement\":[{\"@type\":\"ListItem\",\"position\":1,\"name\":\"In\u00edcio\",\"item\":\"https:\/\/portaltela.pt\/\"},{\"@type\":\"ListItem\",\"position\":2,\"name\":\"Auditoria mira explora\u00e7\u00e3o de Santar\u00e9m por alegados maus-tratos a su\u00ednos\"}]},{\"@type\":\"WebSite\",\"@id\":\"https:\/\/portaltela.pt\/#website\",\"url\":\"https:\/\/portaltela.pt\/\",\"name\":\"Portal Tela Portugal\",\"description\":\"\",\"potentialAction\":[{\"@type\":\"SearchAction\",\"target\":{\"@type\":\"EntryPoint\",\"urlTemplate\":\"https:\/\/portaltela.pt\/?s={search_term_string}\"},\"query-input\":{\"@type\":\"PropertyValueSpecification\",\"valueRequired\":true,\"valueName\":\"search_term_string\"}}],\"inLanguage\":\"pt-PT\"},{\"@type\":\"Person\",\"@id\":\"https:\/\/portaltela.pt\/#\/schema\/person\/c4278d4a6028830caff9ee44b42d32ed\",\"name\":\"Telinha\",\"image\":{\"@type\":\"ImageObject\",\"inLanguage\":\"pt-PT\",\"@id\":\"https:\/\/portaltela.pt\/s.01k8rhncp4jt1\/2025\/11\/talking-bot-125x125.png\",\"url\":\"https:\/\/portaltela.pt\/s.01k8rhncp4jt1\/2025\/11\/talking-bot-125x125.png\",\"contentUrl\":\"https:\/\/portaltela.pt\/s.01k8rhncp4jt1\/2025\/11\/talking-bot-125x125.png\",\"caption\":\"Telinha\"},\"sameAs\":[\"https:\/\/portaltela.pt\/\"],\"url\":\"https:\/\/portaltela.pt\/por\/367410592786\/\"}]}<\/script>\n<!-- \/ Yoast SEO plugin. -->","yoast_head_json":{"title":"Auditoria mira explora\u00e7\u00e3o de Santar\u00e9m por alegados maus-tratos a su\u00ednos - Portal Tela Portugal","robots":{"index":"index","follow":"follow","max-snippet":"max-snippet:-1","max-image-preview":"max-image-preview:large","max-video-preview":"max-video-preview:-1"},"og_locale":"pt_PT","og_type":"article","og_title":"Auditoria mira explora\u00e7\u00e3o de Santar\u00e9m por alegados maus-tratos a su\u00ednos - Portal Tela Portugal","og_description":"A Quinta da Granja, explora\u00e7\u00e3o de su\u00ednos em Almoster, Santar\u00e9m, vai ser alvo de auditoria da Filporc para apurar os factos de maus tratos acusados, com indica\u00e7\u00f5es imediatas para diligenciar o processo. A Filporc revelou o avan\u00e7o da auditoria ap\u00f3s a publica\u00e7\u00e3o de uma reportagem da RTP com imagens de janeiro a fevereiro que mostram su\u00ednos mortos, feridos e doentes, bem como pavilh\u00f5es degradados e \u00e1reas sujas. A Dire\u00e7\u00e3o-Geral de Alimenta\u00e7\u00e3o e Veterin\u00e1ria determinou a apresenta\u00e7\u00e3o de um plano de a\u00e7\u00e3o com medidas corretivas. A quinta pertence ao ValGrupo e tinha aderido ao programa de bem-estar animal da Filporc em dois mil e vinte e tr\u00eas; a \u00faltima auditoria ocorreu em julho de dois mil e vinte e cinco, e a Filporc afirma n\u00e3o ter presenciado situa\u00e7\u00f5es como as mostradas pela reportagem. A FPAS afirmou que as imagens n\u00e3o representam o setor, enquanto a APIC clarificou o sistema de abate com supervis\u00e3o de um m\u00e9dico veterin\u00e1rio oficial; a Lusa contactou o Valgrupo e o Minist\u00e9rio da Agricultura para uma resposta.","og_url":"https:\/\/portaltela.pt\/noticias\/2026\/03\/29\/auditoria-mira-exploracao-de-santarem-por-alegados-maus-tratos-a-suinos\/","og_site_name":"Portal Tela Portugal","article_published_time":"2026-03-29T12:02:36+00:00","author":"Telinha","twitter_card":"summary_large_image","twitter_misc":{"Escrito por":"Telinha","Tempo estimado de leitura":"1 minuto"},"schema":{"@context":"https:\/\/schema.org","@graph":[{"@type":"Article","@id":"https:\/\/portaltela.pt\/noticias\/2026\/03\/29\/auditoria-mira-exploracao-de-santarem-por-alegados-maus-tratos-a-suinos\/#article","isPartOf":{"@id":"https:\/\/portaltela.pt\/noticias\/2026\/03\/29\/auditoria-mira-exploracao-de-santarem-por-alegados-maus-tratos-a-suinos\/"},"author":{"name":"Telinha","@id":"https:\/\/portaltela.pt\/#\/schema\/person\/c4278d4a6028830caff9ee44b42d32ed"},"headline":"Auditoria mira explora\u00e7\u00e3o de Santar\u00e9m por alegados maus-tratos a su\u00ednos","datePublished":"2026-03-29T12:02:36+00:00","mainEntityOfPage":{"@id":"https:\/\/portaltela.pt\/noticias\/2026\/03\/29\/auditoria-mira-exploracao-de-santarem-por-alegados-maus-tratos-a-suinos\/"},"wordCount":296,"image":{"@id":"https:\/\/portaltela.pt\/noticias\/2026\/03\/29\/auditoria-mira-exploracao-de-santarem-por-alegados-maus-tratos-a-suinos\/#primaryimage"},"thumbnailUrl":"https:\/\/portaltela.pt\/s.01k8rhncp4jt1\/2026\/03\/img_1280x721uu2018-08-20-10-13-53-770440.jpg","keywords":["agricultura","animais","auditoria interna","Bem-Estar","fiscaliza\u00e7\u00e3o","Santar\u00e9m"],"articleSection":["Meio Ambiente","Sociedade"],"inLanguage":"pt-PT"},{"@type":"WebPage","@id":"https:\/\/portaltela.pt\/noticias\/2026\/03\/29\/auditoria-mira-exploracao-de-santarem-por-alegados-maus-tratos-a-suinos\/","url":"https:\/\/portaltela.pt\/noticias\/2026\/03\/29\/auditoria-mira-exploracao-de-santarem-por-alegados-maus-tratos-a-suinos\/","name":"Auditoria mira explora\u00e7\u00e3o de Santar\u00e9m por alegados maus-tratos a su\u00ednos - Portal Tela Portugal","isPartOf":{"@id":"https:\/\/portaltela.pt\/#website"},"primaryImageOfPage":{"@id":"https:\/\/portaltela.pt\/noticias\/2026\/03\/29\/auditoria-mira-exploracao-de-santarem-por-alegados-maus-tratos-a-suinos\/#primaryimage"},"image":{"@id":"https:\/\/portaltela.pt\/noticias\/2026\/03\/29\/auditoria-mira-exploracao-de-santarem-por-alegados-maus-tratos-a-suinos\/#primaryimage"},"thumbnailUrl":"https:\/\/portaltela.pt\/s.01k8rhncp4jt1\/2026\/03\/img_1280x721uu2018-08-20-10-13-53-770440.jpg","datePublished":"2026-03-29T12:02:36+00:00","author":{"@id":"https:\/\/portaltela.pt\/#\/schema\/person\/c4278d4a6028830caff9ee44b42d32ed"},"breadcrumb":{"@id":"https:\/\/portaltela.pt\/noticias\/2026\/03\/29\/auditoria-mira-exploracao-de-santarem-por-alegados-maus-tratos-a-suinos\/#breadcrumb"},"inLanguage":"pt-PT","potentialAction":[{"@type":"ReadAction","target":["https:\/\/portaltela.pt\/noticias\/2026\/03\/29\/auditoria-mira-exploracao-de-santarem-por-alegados-maus-tratos-a-suinos\/"]}]},{"@type":"ImageObject","inLanguage":"pt-PT","@id":"https:\/\/portaltela.pt\/noticias\/2026\/03\/29\/auditoria-mira-exploracao-de-santarem-por-alegados-maus-tratos-a-suinos\/#primaryimage","url":"https:\/\/portaltela.pt\/s.01k8rhncp4jt1\/2026\/03\/img_1280x721uu2018-08-20-10-13-53-770440.jpg","contentUrl":"https:\/\/portaltela.pt\/s.01k8rhncp4jt1\/2026\/03\/img_1280x721uu2018-08-20-10-13-53-770440.jpg","width":796,"height":448,"caption":"Su\u00ednos"},{"@type":"BreadcrumbList","@id":"https:\/\/portaltela.pt\/noticias\/2026\/03\/29\/auditoria-mira-exploracao-de-santarem-por-alegados-maus-tratos-a-suinos\/#breadcrumb","itemListElement":[{"@type":"ListItem","position":1,"name":"In\u00edcio","item":"https:\/\/portaltela.pt\/"},{"@type":"ListItem","position":2,"name":"Auditoria mira explora\u00e7\u00e3o de Santar\u00e9m por alegados maus-tratos a su\u00ednos"}]},{"@type":"WebSite","@id":"https:\/\/portaltela.pt\/#website","url":"https:\/\/portaltela.pt\/","name":"Portal Tela Portugal","description":"","potentialAction":[{"@type":"SearchAction","target":{"@type":"EntryPoint","urlTemplate":"https:\/\/portaltela.pt\/?s={search_term_string}"},"query-input":{"@type":"PropertyValueSpecification","valueRequired":true,"valueName":"search_term_string"}}],"inLanguage":"pt-PT"},{"@type":"Person","@id":"https:\/\/portaltela.pt\/#\/schema\/person\/c4278d4a6028830caff9ee44b42d32ed","name":"Telinha","image":{"@type":"ImageObject","inLanguage":"pt-PT","@id":"https:\/\/portaltela.pt\/s.01k8rhncp4jt1\/2025\/11\/talking-bot-125x125.png","url":"https:\/\/portaltela.pt\/s.01k8rhncp4jt1\/2025\/11\/talking-bot-125x125.png","contentUrl":"https:\/\/portaltela.pt\/s.01k8rhncp4jt1\/2025\/11\/talking-bot-125x125.png","caption":"Telinha"},"sameAs":["https:\/\/portaltela.pt\/"],"url":"https:\/\/portaltela.pt\/por\/367410592786\/"}]}},"_links":{"self":[{"href":"https:\/\/portaltela.pt\/api\/wp\/v2\/posts\/425900","targetHints":{"allow":["GET"]}}],"collection":[{"href":"https:\/\/portaltela.pt\/api\/wp\/v2\/posts"}],"about":[{"href":"https:\/\/portaltela.pt\/api\/wp\/v2\/types\/post"}],"author":[{"embeddable":true,"href":"https:\/\/portaltela.pt\/api\/wp\/v2\/users\/2"}],"replies":[{"embeddable":true,"href":"https:\/\/portaltela.pt\/api\/wp\/v2\/comments?post=425900"}],"version-history":[{"count":0,"href":"https:\/\/portaltela.pt\/api\/wp\/v2\/posts\/425900\/revisions"}],"wp:featuredmedia":[{"embeddable":true,"href":"https:\/\/portaltela.pt\/api\/wp\/v2\/media\/425901"}],"wp:attachment":[{"href":"https:\/\/portaltela.pt\/api\/wp\/v2\/media?parent=425900"}],"wp:term":[{"taxonomy":"category","embeddable":true,"href":"https:\/\/portaltela.pt\/api\/wp\/v2\/categories?post=425900"},{"taxonomy":"post_tag","embeddable":true,"href":"https:\/\/portaltela.pt\/api\/wp\/v2\/tags?post=425900"}],"curies":[{"name":"wp","href":"https:\/\/api.w.org\/{rel}","templated":true}]}}