{"id":425893,"date":"2026-03-29T09:02:30","date_gmt":"2026-03-29T12:02:30","guid":{"rendered":"https:\/\/portaltela.pt\/noticias\/2026\/03\/29\/incendio-no-geres-ja-dominado-fim-da-ocorrencia-confirmado\/"},"modified":"2026-03-29T09:02:30","modified_gmt":"2026-03-29T12:02:30","slug":"incendio-no-geres-ja-dominado-fim-da-ocorrencia-confirmado","status":"publish","type":"post","link":"https:\/\/portaltela.pt\/meio-ambiente\/2026\/03\/29\/incendio-no-geres-ja-dominado-fim-da-ocorrencia-confirmado\/","title":{"rendered":"Inc\u00eandio no Ger\u00eas j\u00e1 dominado, fim da ocorr\u00eancia confirmado"},"content":{"rendered":"<p>O inc\u00eandio deflagrou na tarde de s\u00e1bado no Parque Nacional da Peneda Ger\u00eas, em Terras de Bouro, no distrito de Braga. A ocorr\u00eancia j\u00e1 foi declarada dominada, segundo fonte do Comando Sub-Regional do C\u00e1vado, comunicada \u00e0 Ag\u00eancia Lusa.<\/p>\n<p>A not\u00edcia indica que o foco est\u00e1 sob controlo e que n\u00e3o h\u00e1 risco imediato para zonas habitadas. As circunst\u00e2ncias que originaram o fogo permanecem por apurar, e n\u00e3o foi divulgada a causa exata.<\/p>\n<p>A opera\u00e7\u00e3o de combate contou com for\u00e7as de prote\u00e7\u00e3o civil locais e nacionais, com atua\u00e7\u00e3o ao longo do territ\u00f3rio envolvente do parque. N\u00e3o h\u00e1 registo de v\u00edtimas, at\u00e9 ao momento, e o estado de domin\u00e2ncia implica que as opera\u00e7\u00f5es devam ainda concluir procedimentos de rescaldo. Fonte: Comando Sub-Regional do C\u00e1vado.<\/p>\n","protected":false},"excerpt":{"rendered":"<ul>\n<li>O inc\u00eandio deflagrou na tarde de s\u00e1bado no Parque Nacional da Peneda Ger\u00eas, em Terras de Bouro, no distrito de Braga.<\/li>\n<li>J\u00e1 foi considerado dominado, segundo fonte do Comando Sub-Regional do C\u00e1vado \u00e0 Lusa.<\/li>\n<li>A informa\u00e7\u00e3o foi divulgada pela ag\u00eancia Lusa; o conte\u00fado completo est\u00e1 dispon\u00edvel apenas para subscritores.<\/li>\n<\/ul>\n","protected":false},"author":2,"featured_media":425896,"comment_status":"closed","ping_status":"closed","sticky":false,"template":"","format":"standard","meta":{"footnotes":""},"categories":[6725],"tags":[1207,5215,1438,2617,320,2528],"class_list":["post-425893","post","type-post","status-publish","format-standard","has-post-thumbnail","hentry","category-meio-ambiente","tag-braga","tag-catastrofes-naturais","tag-incendio","tag-incendios","tag-protecao-civil","tag-seguranca-civil"],"yoast_head":"<!-- This site is optimized with the Yoast SEO plugin v27.2 - https:\/\/yoast.com\/product\/yoast-seo-wordpress\/ -->\n<title>Inc\u00eandio no Ger\u00eas j\u00e1 dominado, fim da ocorr\u00eancia confirmado - Portal Tela Portugal<\/title>\n<meta name=\"robots\" content=\"index, follow, max-snippet:-1, max-image-preview:large, max-video-preview:-1\" \/>\n<meta property=\"og:locale\" content=\"pt_PT\" \/>\n<meta property=\"og:type\" content=\"article\" \/>\n<meta property=\"og:title\" content=\"Inc\u00eandio no Ger\u00eas j\u00e1 dominado, fim da ocorr\u00eancia confirmado - Portal Tela Portugal\" \/>\n<meta property=\"og:description\" content=\"O inc\u00eandio deflagrou na tarde de s\u00e1bado no Parque Nacional da Peneda Ger\u00eas, em Terras de Bouro, no distrito de Braga. J\u00e1 foi considerado dominado, segundo fonte do Comando Sub-Regional do C\u00e1vado \u00e0 Lusa. A informa\u00e7\u00e3o foi divulgada pela ag\u00eancia Lusa; o conte\u00fado completo est\u00e1 dispon\u00edvel apenas para subscritores.\" \/>\n<meta property=\"og:url\" content=\"https:\/\/portaltela.pt\/noticias\/2026\/03\/29\/incendio-no-geres-ja-dominado-fim-da-ocorrencia-confirmado\/\" \/>\n<meta property=\"og:site_name\" content=\"Portal Tela Portugal\" \/>\n<meta property=\"article:published_time\" content=\"2026-03-29T12:02:30+00:00\" \/>\n<meta name=\"author\" content=\"Telinha\" \/>\n<meta name=\"twitter:card\" content=\"summary_large_image\" \/>\n<meta name=\"twitter:label1\" content=\"Escrito por\" \/>\n\t<meta name=\"twitter:data1\" content=\"Telinha\" \/>\n\t<meta name=\"twitter:label2\" content=\"Tempo estimado de leitura\" \/>\n\t<meta name=\"twitter:data2\" content=\"1 minuto\" \/>\n<script type=\"application\/ld+json\" class=\"yoast-schema-graph\">{\"@context\":\"https:\/\/schema.org\",\"@graph\":[{\"@type\":\"Article\",\"@id\":\"https:\/\/portaltela.pt\/noticias\/2026\/03\/29\/incendio-no-geres-ja-dominado-fim-da-ocorrencia-confirmado\/#article\",\"isPartOf\":{\"@id\":\"https:\/\/portaltela.pt\/noticias\/2026\/03\/29\/incendio-no-geres-ja-dominado-fim-da-ocorrencia-confirmado\/\"},\"author\":{\"name\":\"Telinha\",\"@id\":\"https:\/\/portaltela.pt\/#\/schema\/person\/c4278d4a6028830caff9ee44b42d32ed\"},\"headline\":\"Inc\u00eandio no Ger\u00eas j\u00e1 dominado, fim da ocorr\u00eancia confirmado\",\"datePublished\":\"2026-03-29T12:02:30+00:00\",\"mainEntityOfPage\":{\"@id\":\"https:\/\/portaltela.pt\/noticias\/2026\/03\/29\/incendio-no-geres-ja-dominado-fim-da-ocorrencia-confirmado\/\"},\"wordCount\":153,\"image\":{\"@id\":\"https:\/\/portaltela.pt\/noticias\/2026\/03\/29\/incendio-no-geres-ja-dominado-fim-da-ocorrencia-confirmado\/#primaryimage\"},\"thumbnailUrl\":\"https:\/\/portaltela.pt\/s.01k8rhncp4jt1\/2026\/03\/CACHE_780X1200_ANALOG_WATERMARKED_43587436_5107771_19092024022806.jpg\",\"keywords\":[\"Braga\",\"cat\u00e1strofes naturais\",\"inc\u00eandio\",\"inc\u00eandios\",\"prote\u00e7\u00e3o civil\",\"Seguran\u00e7a Civil\"],\"articleSection\":[\"Meio Ambiente\"],\"inLanguage\":\"pt-PT\"},{\"@type\":\"WebPage\",\"@id\":\"https:\/\/portaltela.pt\/noticias\/2026\/03\/29\/incendio-no-geres-ja-dominado-fim-da-ocorrencia-confirmado\/\",\"url\":\"https:\/\/portaltela.pt\/noticias\/2026\/03\/29\/incendio-no-geres-ja-dominado-fim-da-ocorrencia-confirmado\/\",\"name\":\"Inc\u00eandio no Ger\u00eas j\u00e1 dominado, fim da ocorr\u00eancia confirmado - Portal Tela Portugal\",\"isPartOf\":{\"@id\":\"https:\/\/portaltela.pt\/#website\"},\"primaryImageOfPage\":{\"@id\":\"https:\/\/portaltela.pt\/noticias\/2026\/03\/29\/incendio-no-geres-ja-dominado-fim-da-ocorrencia-confirmado\/#primaryimage\"},\"image\":{\"@id\":\"https:\/\/portaltela.pt\/noticias\/2026\/03\/29\/incendio-no-geres-ja-dominado-fim-da-ocorrencia-confirmado\/#primaryimage\"},\"thumbnailUrl\":\"https:\/\/portaltela.pt\/s.01k8rhncp4jt1\/2026\/03\/CACHE_780X1200_ANALOG_WATERMARKED_43587436_5107771_19092024022806.jpg\",\"datePublished\":\"2026-03-29T12:02:30+00:00\",\"author\":{\"@id\":\"https:\/\/portaltela.pt\/#\/schema\/person\/c4278d4a6028830caff9ee44b42d32ed\"},\"breadcrumb\":{\"@id\":\"https:\/\/portaltela.pt\/noticias\/2026\/03\/29\/incendio-no-geres-ja-dominado-fim-da-ocorrencia-confirmado\/#breadcrumb\"},\"inLanguage\":\"pt-PT\",\"potentialAction\":[{\"@type\":\"ReadAction\",\"target\":[\"https:\/\/portaltela.pt\/noticias\/2026\/03\/29\/incendio-no-geres-ja-dominado-fim-da-ocorrencia-confirmado\/\"]}]},{\"@type\":\"ImageObject\",\"inLanguage\":\"pt-PT\",\"@id\":\"https:\/\/portaltela.pt\/noticias\/2026\/03\/29\/incendio-no-geres-ja-dominado-fim-da-ocorrencia-confirmado\/#primaryimage\",\"url\":\"https:\/\/portaltela.pt\/s.01k8rhncp4jt1\/2026\/03\/CACHE_780X1200_ANALOG_WATERMARKED_43587436_5107771_19092024022806.jpg\",\"contentUrl\":\"https:\/\/portaltela.pt\/s.01k8rhncp4jt1\/2026\/03\/CACHE_780X1200_ANALOG_WATERMARKED_43587436_5107771_19092024022806.jpg\",\"width\":796,\"height\":448,\"caption\":\"Inc\u00eandio no Ger\u00eas j\u00e1 se encontra dominado\"},{\"@type\":\"BreadcrumbList\",\"@id\":\"https:\/\/portaltela.pt\/noticias\/2026\/03\/29\/incendio-no-geres-ja-dominado-fim-da-ocorrencia-confirmado\/#breadcrumb\",\"itemListElement\":[{\"@type\":\"ListItem\",\"position\":1,\"name\":\"In\u00edcio\",\"item\":\"https:\/\/portaltela.pt\/\"},{\"@type\":\"ListItem\",\"position\":2,\"name\":\"Inc\u00eandio no Ger\u00eas j\u00e1 dominado, fim da ocorr\u00eancia confirmado\"}]},{\"@type\":\"WebSite\",\"@id\":\"https:\/\/portaltela.pt\/#website\",\"url\":\"https:\/\/portaltela.pt\/\",\"name\":\"Portal Tela Portugal\",\"description\":\"\",\"potentialAction\":[{\"@type\":\"SearchAction\",\"target\":{\"@type\":\"EntryPoint\",\"urlTemplate\":\"https:\/\/portaltela.pt\/?s={search_term_string}\"},\"query-input\":{\"@type\":\"PropertyValueSpecification\",\"valueRequired\":true,\"valueName\":\"search_term_string\"}}],\"inLanguage\":\"pt-PT\"},{\"@type\":\"Person\",\"@id\":\"https:\/\/portaltela.pt\/#\/schema\/person\/c4278d4a6028830caff9ee44b42d32ed\",\"name\":\"Telinha\",\"image\":{\"@type\":\"ImageObject\",\"inLanguage\":\"pt-PT\",\"@id\":\"https:\/\/portaltela.pt\/s.01k8rhncp4jt1\/2025\/11\/talking-bot-125x125.png\",\"url\":\"https:\/\/portaltela.pt\/s.01k8rhncp4jt1\/2025\/11\/talking-bot-125x125.png\",\"contentUrl\":\"https:\/\/portaltela.pt\/s.01k8rhncp4jt1\/2025\/11\/talking-bot-125x125.png\",\"caption\":\"Telinha\"},\"sameAs\":[\"https:\/\/portaltela.pt\/\"],\"url\":\"https:\/\/portaltela.pt\/por\/367410592786\/\"}]}<\/script>\n<!-- \/ Yoast SEO plugin. -->","yoast_head_json":{"title":"Inc\u00eandio no Ger\u00eas j\u00e1 dominado, fim da ocorr\u00eancia confirmado - Portal Tela Portugal","robots":{"index":"index","follow":"follow","max-snippet":"max-snippet:-1","max-image-preview":"max-image-preview:large","max-video-preview":"max-video-preview:-1"},"og_locale":"pt_PT","og_type":"article","og_title":"Inc\u00eandio no Ger\u00eas j\u00e1 dominado, fim da ocorr\u00eancia confirmado - Portal Tela Portugal","og_description":"O inc\u00eandio deflagrou na tarde de s\u00e1bado no Parque Nacional da Peneda Ger\u00eas, em Terras de Bouro, no distrito de Braga. J\u00e1 foi considerado dominado, segundo fonte do Comando Sub-Regional do C\u00e1vado \u00e0 Lusa. A informa\u00e7\u00e3o foi divulgada pela ag\u00eancia Lusa; o conte\u00fado completo est\u00e1 dispon\u00edvel apenas para subscritores.","og_url":"https:\/\/portaltela.pt\/noticias\/2026\/03\/29\/incendio-no-geres-ja-dominado-fim-da-ocorrencia-confirmado\/","og_site_name":"Portal Tela Portugal","article_published_time":"2026-03-29T12:02:30+00:00","author":"Telinha","twitter_card":"summary_large_image","twitter_misc":{"Escrito por":"Telinha","Tempo estimado de leitura":"1 minuto"},"schema":{"@context":"https:\/\/schema.org","@graph":[{"@type":"Article","@id":"https:\/\/portaltela.pt\/noticias\/2026\/03\/29\/incendio-no-geres-ja-dominado-fim-da-ocorrencia-confirmado\/#article","isPartOf":{"@id":"https:\/\/portaltela.pt\/noticias\/2026\/03\/29\/incendio-no-geres-ja-dominado-fim-da-ocorrencia-confirmado\/"},"author":{"name":"Telinha","@id":"https:\/\/portaltela.pt\/#\/schema\/person\/c4278d4a6028830caff9ee44b42d32ed"},"headline":"Inc\u00eandio no Ger\u00eas j\u00e1 dominado, fim da ocorr\u00eancia confirmado","datePublished":"2026-03-29T12:02:30+00:00","mainEntityOfPage":{"@id":"https:\/\/portaltela.pt\/noticias\/2026\/03\/29\/incendio-no-geres-ja-dominado-fim-da-ocorrencia-confirmado\/"},"wordCount":153,"image":{"@id":"https:\/\/portaltela.pt\/noticias\/2026\/03\/29\/incendio-no-geres-ja-dominado-fim-da-ocorrencia-confirmado\/#primaryimage"},"thumbnailUrl":"https:\/\/portaltela.pt\/s.01k8rhncp4jt1\/2026\/03\/CACHE_780X1200_ANALOG_WATERMARKED_43587436_5107771_19092024022806.jpg","keywords":["Braga","cat\u00e1strofes naturais","inc\u00eandio","inc\u00eandios","prote\u00e7\u00e3o civil","Seguran\u00e7a Civil"],"articleSection":["Meio Ambiente"],"inLanguage":"pt-PT"},{"@type":"WebPage","@id":"https:\/\/portaltela.pt\/noticias\/2026\/03\/29\/incendio-no-geres-ja-dominado-fim-da-ocorrencia-confirmado\/","url":"https:\/\/portaltela.pt\/noticias\/2026\/03\/29\/incendio-no-geres-ja-dominado-fim-da-ocorrencia-confirmado\/","name":"Inc\u00eandio no Ger\u00eas j\u00e1 dominado, fim da ocorr\u00eancia confirmado - Portal Tela Portugal","isPartOf":{"@id":"https:\/\/portaltela.pt\/#website"},"primaryImageOfPage":{"@id":"https:\/\/portaltela.pt\/noticias\/2026\/03\/29\/incendio-no-geres-ja-dominado-fim-da-ocorrencia-confirmado\/#primaryimage"},"image":{"@id":"https:\/\/portaltela.pt\/noticias\/2026\/03\/29\/incendio-no-geres-ja-dominado-fim-da-ocorrencia-confirmado\/#primaryimage"},"thumbnailUrl":"https:\/\/portaltela.pt\/s.01k8rhncp4jt1\/2026\/03\/CACHE_780X1200_ANALOG_WATERMARKED_43587436_5107771_19092024022806.jpg","datePublished":"2026-03-29T12:02:30+00:00","author":{"@id":"https:\/\/portaltela.pt\/#\/schema\/person\/c4278d4a6028830caff9ee44b42d32ed"},"breadcrumb":{"@id":"https:\/\/portaltela.pt\/noticias\/2026\/03\/29\/incendio-no-geres-ja-dominado-fim-da-ocorrencia-confirmado\/#breadcrumb"},"inLanguage":"pt-PT","potentialAction":[{"@type":"ReadAction","target":["https:\/\/portaltela.pt\/noticias\/2026\/03\/29\/incendio-no-geres-ja-dominado-fim-da-ocorrencia-confirmado\/"]}]},{"@type":"ImageObject","inLanguage":"pt-PT","@id":"https:\/\/portaltela.pt\/noticias\/2026\/03\/29\/incendio-no-geres-ja-dominado-fim-da-ocorrencia-confirmado\/#primaryimage","url":"https:\/\/portaltela.pt\/s.01k8rhncp4jt1\/2026\/03\/CACHE_780X1200_ANALOG_WATERMARKED_43587436_5107771_19092024022806.jpg","contentUrl":"https:\/\/portaltela.pt\/s.01k8rhncp4jt1\/2026\/03\/CACHE_780X1200_ANALOG_WATERMARKED_43587436_5107771_19092024022806.jpg","width":796,"height":448,"caption":"Inc\u00eandio no Ger\u00eas j\u00e1 se encontra dominado"},{"@type":"BreadcrumbList","@id":"https:\/\/portaltela.pt\/noticias\/2026\/03\/29\/incendio-no-geres-ja-dominado-fim-da-ocorrencia-confirmado\/#breadcrumb","itemListElement":[{"@type":"ListItem","position":1,"name":"In\u00edcio","item":"https:\/\/portaltela.pt\/"},{"@type":"ListItem","position":2,"name":"Inc\u00eandio no Ger\u00eas j\u00e1 dominado, fim da ocorr\u00eancia confirmado"}]},{"@type":"WebSite","@id":"https:\/\/portaltela.pt\/#website","url":"https:\/\/portaltela.pt\/","name":"Portal Tela Portugal","description":"","potentialAction":[{"@type":"SearchAction","target":{"@type":"EntryPoint","urlTemplate":"https:\/\/portaltela.pt\/?s={search_term_string}"},"query-input":{"@type":"PropertyValueSpecification","valueRequired":true,"valueName":"search_term_string"}}],"inLanguage":"pt-PT"},{"@type":"Person","@id":"https:\/\/portaltela.pt\/#\/schema\/person\/c4278d4a6028830caff9ee44b42d32ed","name":"Telinha","image":{"@type":"ImageObject","inLanguage":"pt-PT","@id":"https:\/\/portaltela.pt\/s.01k8rhncp4jt1\/2025\/11\/talking-bot-125x125.png","url":"https:\/\/portaltela.pt\/s.01k8rhncp4jt1\/2025\/11\/talking-bot-125x125.png","contentUrl":"https:\/\/portaltela.pt\/s.01k8rhncp4jt1\/2025\/11\/talking-bot-125x125.png","caption":"Telinha"},"sameAs":["https:\/\/portaltela.pt\/"],"url":"https:\/\/portaltela.pt\/por\/367410592786\/"}]}},"_links":{"self":[{"href":"https:\/\/portaltela.pt\/api\/wp\/v2\/posts\/425893","targetHints":{"allow":["GET"]}}],"collection":[{"href":"https:\/\/portaltela.pt\/api\/wp\/v2\/posts"}],"about":[{"href":"https:\/\/portaltela.pt\/api\/wp\/v2\/types\/post"}],"author":[{"embeddable":true,"href":"https:\/\/portaltela.pt\/api\/wp\/v2\/users\/2"}],"replies":[{"embeddable":true,"href":"https:\/\/portaltela.pt\/api\/wp\/v2\/comments?post=425893"}],"version-history":[{"count":0,"href":"https:\/\/portaltela.pt\/api\/wp\/v2\/posts\/425893\/revisions"}],"wp:featuredmedia":[{"embeddable":true,"href":"https:\/\/portaltela.pt\/api\/wp\/v2\/media\/425896"}],"wp:attachment":[{"href":"https:\/\/portaltela.pt\/api\/wp\/v2\/media?parent=425893"}],"wp:term":[{"taxonomy":"category","embeddable":true,"href":"https:\/\/portaltela.pt\/api\/wp\/v2\/categories?post=425893"},{"taxonomy":"post_tag","embeddable":true,"href":"https:\/\/portaltela.pt\/api\/wp\/v2\/tags?post=425893"}],"curies":[{"name":"wp","href":"https:\/\/api.w.org\/{rel}","templated":true}]}}