{"id":425887,"date":"2026-03-29T09:02:19","date_gmt":"2026-03-29T12:02:19","guid":{"rendered":"https:\/\/portaltela.pt\/noticias\/2026\/03\/29\/incendio-no-geres-ja-esta-dominado\/"},"modified":"2026-03-29T09:02:19","modified_gmt":"2026-03-29T12:02:19","slug":"incendio-no-geres-ja-esta-dominado","status":"publish","type":"post","link":"https:\/\/portaltela.pt\/noticias\/2026\/03\/29\/incendio-no-geres-ja-esta-dominado\/","title":{"rendered":"Inc\u00eandio no Ger\u00eas j\u00e1 est\u00e1 dominado"},"content":{"rendered":"<p>O inc\u00eandio deflagrou na tarde de s\u00e1bado no Parque Nacional da Peneda Ger\u00eas, em Terras de Bouro, no distrito de Braga. A causa ainda n\u00e3o foi indicada pelas autoridades.<\/p>\n<p>O fogo j\u00e1 foi considerado dominado. A opera\u00e7\u00e3o entrou em resolu\u00e7\u00e3o por volta das 12:00, mas os meios permanecem no terreno para o rescaldo.<\/p>\n<p>No combate participam v\u00e1rias corpora\u00e7\u00f5es de bombeiros da regi\u00e3o, elementos do ICNF, a GNR e um meio a\u00e9reo que dever\u00e1 desmobilizar em breve.<\/p>\n","protected":false},"excerpt":{"rendered":"<ul>\n<li>O inc\u00eandio deflagrou \u00e0 tarde de s\u00e1bado no Parque Nacional da Peneda Ger\u00eas, em Terras de Bouro, Braga.<\/li>\n<li>Foi considerado dominado por volta das 12:00, segundo o Comando Sub-Regional do C\u00e1vado.<\/li>\n<li>Os meios mant\u00eam-se no terreno para trabalhos de rescaldo.<\/li>\n<li>Est\u00e3o envolvidos v\u00e1rias corpora\u00e7\u00f5es de bombeiros da regi\u00e3o, o ICNF, a GNR e um meio a\u00e9reo.<\/li>\n<li>O meio a\u00e9reo dever\u00e1 desmobilizar em breve.<\/li>\n<\/ul>\n","protected":false},"author":2,"featured_media":425888,"comment_status":"closed","ping_status":"closed","sticky":false,"template":"","format":"standard","meta":{"footnotes":""},"categories":[6725,1],"tags":[971,1660,1380,3142,1438,2617],"class_list":["post-425887","post","type-post","status-publish","format-standard","has-post-thumbnail","hentry","category-meio-ambiente","category-noticias","tag-bombeiros","tag-geres","tag-gnr","tag-icnf","tag-incendio","tag-incendios"],"yoast_head":"<!-- This site is optimized with the Yoast SEO plugin v27.2 - https:\/\/yoast.com\/product\/yoast-seo-wordpress\/ -->\n<title>Inc\u00eandio no Ger\u00eas j\u00e1 est\u00e1 dominado - Portal Tela Portugal<\/title>\n<meta name=\"robots\" content=\"index, follow, max-snippet:-1, max-image-preview:large, max-video-preview:-1\" \/>\n<meta property=\"og:locale\" content=\"pt_PT\" \/>\n<meta property=\"og:type\" content=\"article\" \/>\n<meta property=\"og:title\" content=\"Inc\u00eandio no Ger\u00eas j\u00e1 est\u00e1 dominado - Portal Tela Portugal\" \/>\n<meta property=\"og:description\" content=\"O inc\u00eandio deflagrou \u00e0 tarde de s\u00e1bado no Parque Nacional da Peneda Ger\u00eas, em Terras de Bouro, Braga. Foi considerado dominado por volta das 12:00, segundo o Comando Sub-Regional do C\u00e1vado. Os meios mant\u00eam-se no terreno para trabalhos de rescaldo. Est\u00e3o envolvidos v\u00e1rias corpora\u00e7\u00f5es de bombeiros da regi\u00e3o, o ICNF, a GNR e um meio a\u00e9reo. O meio a\u00e9reo dever\u00e1 desmobilizar em breve.\" \/>\n<meta property=\"og:url\" content=\"https:\/\/portaltela.pt\/noticias\/2026\/03\/29\/incendio-no-geres-ja-esta-dominado\/\" \/>\n<meta property=\"og:site_name\" content=\"Portal Tela Portugal\" \/>\n<meta property=\"article:published_time\" content=\"2026-03-29T12:02:19+00:00\" \/>\n<meta name=\"author\" content=\"Telinha\" \/>\n<meta name=\"twitter:card\" content=\"summary_large_image\" \/>\n<meta name=\"twitter:label1\" content=\"Escrito por\" \/>\n\t<meta name=\"twitter:data1\" content=\"Telinha\" \/>\n<script type=\"application\/ld+json\" class=\"yoast-schema-graph\">{\"@context\":\"https:\/\/schema.org\",\"@graph\":[{\"@type\":\"Article\",\"@id\":\"https:\/\/portaltela.pt\/noticias\/2026\/03\/29\/incendio-no-geres-ja-esta-dominado\/#article\",\"isPartOf\":{\"@id\":\"https:\/\/portaltela.pt\/noticias\/2026\/03\/29\/incendio-no-geres-ja-esta-dominado\/\"},\"author\":{\"name\":\"Telinha\",\"@id\":\"https:\/\/portaltela.pt\/#\/schema\/person\/c4278d4a6028830caff9ee44b42d32ed\"},\"headline\":\"Inc\u00eandio no Ger\u00eas j\u00e1 est\u00e1 dominado\",\"datePublished\":\"2026-03-29T12:02:19+00:00\",\"mainEntityOfPage\":{\"@id\":\"https:\/\/portaltela.pt\/noticias\/2026\/03\/29\/incendio-no-geres-ja-esta-dominado\/\"},\"wordCount\":93,\"image\":{\"@id\":\"https:\/\/portaltela.pt\/noticias\/2026\/03\/29\/incendio-no-geres-ja-esta-dominado\/#primaryimage\"},\"thumbnailUrl\":\"https:\/\/portaltela.pt\/s.01k8rhncp4jt1\/2026\/03\/img_1280x721uu2022-06-23-18-16-15-1161988.jpg\",\"keywords\":[\"bombeiros\",\"Ger\u00eas\",\"GNR\",\"ICNF\",\"inc\u00eandio\",\"inc\u00eandios\"],\"articleSection\":[\"Meio Ambiente\",\"Not\u00edcias\"],\"inLanguage\":\"pt-PT\"},{\"@type\":\"WebPage\",\"@id\":\"https:\/\/portaltela.pt\/noticias\/2026\/03\/29\/incendio-no-geres-ja-esta-dominado\/\",\"url\":\"https:\/\/portaltela.pt\/noticias\/2026\/03\/29\/incendio-no-geres-ja-esta-dominado\/\",\"name\":\"Inc\u00eandio no Ger\u00eas j\u00e1 est\u00e1 dominado - Portal Tela Portugal\",\"isPartOf\":{\"@id\":\"https:\/\/portaltela.pt\/#website\"},\"primaryImageOfPage\":{\"@id\":\"https:\/\/portaltela.pt\/noticias\/2026\/03\/29\/incendio-no-geres-ja-esta-dominado\/#primaryimage\"},\"image\":{\"@id\":\"https:\/\/portaltela.pt\/noticias\/2026\/03\/29\/incendio-no-geres-ja-esta-dominado\/#primaryimage\"},\"thumbnailUrl\":\"https:\/\/portaltela.pt\/s.01k8rhncp4jt1\/2026\/03\/img_1280x721uu2022-06-23-18-16-15-1161988.jpg\",\"datePublished\":\"2026-03-29T12:02:19+00:00\",\"author\":{\"@id\":\"https:\/\/portaltela.pt\/#\/schema\/person\/c4278d4a6028830caff9ee44b42d32ed\"},\"breadcrumb\":{\"@id\":\"https:\/\/portaltela.pt\/noticias\/2026\/03\/29\/incendio-no-geres-ja-esta-dominado\/#breadcrumb\"},\"inLanguage\":\"pt-PT\",\"potentialAction\":[{\"@type\":\"ReadAction\",\"target\":[\"https:\/\/portaltela.pt\/noticias\/2026\/03\/29\/incendio-no-geres-ja-esta-dominado\/\"]}]},{\"@type\":\"ImageObject\",\"inLanguage\":\"pt-PT\",\"@id\":\"https:\/\/portaltela.pt\/noticias\/2026\/03\/29\/incendio-no-geres-ja-esta-dominado\/#primaryimage\",\"url\":\"https:\/\/portaltela.pt\/s.01k8rhncp4jt1\/2026\/03\/img_1280x721uu2022-06-23-18-16-15-1161988.jpg\",\"contentUrl\":\"https:\/\/portaltela.pt\/s.01k8rhncp4jt1\/2026\/03\/img_1280x721uu2022-06-23-18-16-15-1161988.jpg\",\"width\":796,\"height\":448,\"caption\":\"Bombeiros\"},{\"@type\":\"BreadcrumbList\",\"@id\":\"https:\/\/portaltela.pt\/noticias\/2026\/03\/29\/incendio-no-geres-ja-esta-dominado\/#breadcrumb\",\"itemListElement\":[{\"@type\":\"ListItem\",\"position\":1,\"name\":\"In\u00edcio\",\"item\":\"https:\/\/portaltela.pt\/\"},{\"@type\":\"ListItem\",\"position\":2,\"name\":\"Inc\u00eandio no Ger\u00eas j\u00e1 est\u00e1 dominado\"}]},{\"@type\":\"WebSite\",\"@id\":\"https:\/\/portaltela.pt\/#website\",\"url\":\"https:\/\/portaltela.pt\/\",\"name\":\"Portal Tela Portugal\",\"description\":\"\",\"potentialAction\":[{\"@type\":\"SearchAction\",\"target\":{\"@type\":\"EntryPoint\",\"urlTemplate\":\"https:\/\/portaltela.pt\/?s={search_term_string}\"},\"query-input\":{\"@type\":\"PropertyValueSpecification\",\"valueRequired\":true,\"valueName\":\"search_term_string\"}}],\"inLanguage\":\"pt-PT\"},{\"@type\":\"Person\",\"@id\":\"https:\/\/portaltela.pt\/#\/schema\/person\/c4278d4a6028830caff9ee44b42d32ed\",\"name\":\"Telinha\",\"image\":{\"@type\":\"ImageObject\",\"inLanguage\":\"pt-PT\",\"@id\":\"https:\/\/portaltela.pt\/s.01k8rhncp4jt1\/2025\/11\/talking-bot-125x125.png\",\"url\":\"https:\/\/portaltela.pt\/s.01k8rhncp4jt1\/2025\/11\/talking-bot-125x125.png\",\"contentUrl\":\"https:\/\/portaltela.pt\/s.01k8rhncp4jt1\/2025\/11\/talking-bot-125x125.png\",\"caption\":\"Telinha\"},\"sameAs\":[\"https:\/\/portaltela.pt\/\"],\"url\":\"https:\/\/portaltela.pt\/por\/367410592786\/\"}]}<\/script>\n<!-- \/ Yoast SEO plugin. -->","yoast_head_json":{"title":"Inc\u00eandio no Ger\u00eas j\u00e1 est\u00e1 dominado - Portal Tela Portugal","robots":{"index":"index","follow":"follow","max-snippet":"max-snippet:-1","max-image-preview":"max-image-preview:large","max-video-preview":"max-video-preview:-1"},"og_locale":"pt_PT","og_type":"article","og_title":"Inc\u00eandio no Ger\u00eas j\u00e1 est\u00e1 dominado - Portal Tela Portugal","og_description":"O inc\u00eandio deflagrou \u00e0 tarde de s\u00e1bado no Parque Nacional da Peneda Ger\u00eas, em Terras de Bouro, Braga. Foi considerado dominado por volta das 12:00, segundo o Comando Sub-Regional do C\u00e1vado. Os meios mant\u00eam-se no terreno para trabalhos de rescaldo. Est\u00e3o envolvidos v\u00e1rias corpora\u00e7\u00f5es de bombeiros da regi\u00e3o, o ICNF, a GNR e um meio a\u00e9reo. O meio a\u00e9reo dever\u00e1 desmobilizar em breve.","og_url":"https:\/\/portaltela.pt\/noticias\/2026\/03\/29\/incendio-no-geres-ja-esta-dominado\/","og_site_name":"Portal Tela Portugal","article_published_time":"2026-03-29T12:02:19+00:00","author":"Telinha","twitter_card":"summary_large_image","twitter_misc":{"Escrito por":"Telinha"},"schema":{"@context":"https:\/\/schema.org","@graph":[{"@type":"Article","@id":"https:\/\/portaltela.pt\/noticias\/2026\/03\/29\/incendio-no-geres-ja-esta-dominado\/#article","isPartOf":{"@id":"https:\/\/portaltela.pt\/noticias\/2026\/03\/29\/incendio-no-geres-ja-esta-dominado\/"},"author":{"name":"Telinha","@id":"https:\/\/portaltela.pt\/#\/schema\/person\/c4278d4a6028830caff9ee44b42d32ed"},"headline":"Inc\u00eandio no Ger\u00eas j\u00e1 est\u00e1 dominado","datePublished":"2026-03-29T12:02:19+00:00","mainEntityOfPage":{"@id":"https:\/\/portaltela.pt\/noticias\/2026\/03\/29\/incendio-no-geres-ja-esta-dominado\/"},"wordCount":93,"image":{"@id":"https:\/\/portaltela.pt\/noticias\/2026\/03\/29\/incendio-no-geres-ja-esta-dominado\/#primaryimage"},"thumbnailUrl":"https:\/\/portaltela.pt\/s.01k8rhncp4jt1\/2026\/03\/img_1280x721uu2022-06-23-18-16-15-1161988.jpg","keywords":["bombeiros","Ger\u00eas","GNR","ICNF","inc\u00eandio","inc\u00eandios"],"articleSection":["Meio Ambiente","Not\u00edcias"],"inLanguage":"pt-PT"},{"@type":"WebPage","@id":"https:\/\/portaltela.pt\/noticias\/2026\/03\/29\/incendio-no-geres-ja-esta-dominado\/","url":"https:\/\/portaltela.pt\/noticias\/2026\/03\/29\/incendio-no-geres-ja-esta-dominado\/","name":"Inc\u00eandio no Ger\u00eas j\u00e1 est\u00e1 dominado - Portal Tela Portugal","isPartOf":{"@id":"https:\/\/portaltela.pt\/#website"},"primaryImageOfPage":{"@id":"https:\/\/portaltela.pt\/noticias\/2026\/03\/29\/incendio-no-geres-ja-esta-dominado\/#primaryimage"},"image":{"@id":"https:\/\/portaltela.pt\/noticias\/2026\/03\/29\/incendio-no-geres-ja-esta-dominado\/#primaryimage"},"thumbnailUrl":"https:\/\/portaltela.pt\/s.01k8rhncp4jt1\/2026\/03\/img_1280x721uu2022-06-23-18-16-15-1161988.jpg","datePublished":"2026-03-29T12:02:19+00:00","author":{"@id":"https:\/\/portaltela.pt\/#\/schema\/person\/c4278d4a6028830caff9ee44b42d32ed"},"breadcrumb":{"@id":"https:\/\/portaltela.pt\/noticias\/2026\/03\/29\/incendio-no-geres-ja-esta-dominado\/#breadcrumb"},"inLanguage":"pt-PT","potentialAction":[{"@type":"ReadAction","target":["https:\/\/portaltela.pt\/noticias\/2026\/03\/29\/incendio-no-geres-ja-esta-dominado\/"]}]},{"@type":"ImageObject","inLanguage":"pt-PT","@id":"https:\/\/portaltela.pt\/noticias\/2026\/03\/29\/incendio-no-geres-ja-esta-dominado\/#primaryimage","url":"https:\/\/portaltela.pt\/s.01k8rhncp4jt1\/2026\/03\/img_1280x721uu2022-06-23-18-16-15-1161988.jpg","contentUrl":"https:\/\/portaltela.pt\/s.01k8rhncp4jt1\/2026\/03\/img_1280x721uu2022-06-23-18-16-15-1161988.jpg","width":796,"height":448,"caption":"Bombeiros"},{"@type":"BreadcrumbList","@id":"https:\/\/portaltela.pt\/noticias\/2026\/03\/29\/incendio-no-geres-ja-esta-dominado\/#breadcrumb","itemListElement":[{"@type":"ListItem","position":1,"name":"In\u00edcio","item":"https:\/\/portaltela.pt\/"},{"@type":"ListItem","position":2,"name":"Inc\u00eandio no Ger\u00eas j\u00e1 est\u00e1 dominado"}]},{"@type":"WebSite","@id":"https:\/\/portaltela.pt\/#website","url":"https:\/\/portaltela.pt\/","name":"Portal Tela Portugal","description":"","potentialAction":[{"@type":"SearchAction","target":{"@type":"EntryPoint","urlTemplate":"https:\/\/portaltela.pt\/?s={search_term_string}"},"query-input":{"@type":"PropertyValueSpecification","valueRequired":true,"valueName":"search_term_string"}}],"inLanguage":"pt-PT"},{"@type":"Person","@id":"https:\/\/portaltela.pt\/#\/schema\/person\/c4278d4a6028830caff9ee44b42d32ed","name":"Telinha","image":{"@type":"ImageObject","inLanguage":"pt-PT","@id":"https:\/\/portaltela.pt\/s.01k8rhncp4jt1\/2025\/11\/talking-bot-125x125.png","url":"https:\/\/portaltela.pt\/s.01k8rhncp4jt1\/2025\/11\/talking-bot-125x125.png","contentUrl":"https:\/\/portaltela.pt\/s.01k8rhncp4jt1\/2025\/11\/talking-bot-125x125.png","caption":"Telinha"},"sameAs":["https:\/\/portaltela.pt\/"],"url":"https:\/\/portaltela.pt\/por\/367410592786\/"}]}},"_links":{"self":[{"href":"https:\/\/portaltela.pt\/api\/wp\/v2\/posts\/425887","targetHints":{"allow":["GET"]}}],"collection":[{"href":"https:\/\/portaltela.pt\/api\/wp\/v2\/posts"}],"about":[{"href":"https:\/\/portaltela.pt\/api\/wp\/v2\/types\/post"}],"author":[{"embeddable":true,"href":"https:\/\/portaltela.pt\/api\/wp\/v2\/users\/2"}],"replies":[{"embeddable":true,"href":"https:\/\/portaltela.pt\/api\/wp\/v2\/comments?post=425887"}],"version-history":[{"count":0,"href":"https:\/\/portaltela.pt\/api\/wp\/v2\/posts\/425887\/revisions"}],"wp:featuredmedia":[{"embeddable":true,"href":"https:\/\/portaltela.pt\/api\/wp\/v2\/media\/425888"}],"wp:attachment":[{"href":"https:\/\/portaltela.pt\/api\/wp\/v2\/media?parent=425887"}],"wp:term":[{"taxonomy":"category","embeddable":true,"href":"https:\/\/portaltela.pt\/api\/wp\/v2\/categories?post=425887"},{"taxonomy":"post_tag","embeddable":true,"href":"https:\/\/portaltela.pt\/api\/wp\/v2\/tags?post=425887"}],"curies":[{"name":"wp","href":"https:\/\/api.w.org\/{rel}","templated":true}]}}