{"id":425879,"date":"2026-03-29T08:47:10","date_gmt":"2026-03-29T11:47:10","guid":{"rendered":"https:\/\/portaltela.pt\/noticias\/2026\/03\/29\/imagens-de-teste-de-misseis-e-tanques-pelas-forcas-especiais-da-coreia-do-norte\/"},"modified":"2026-03-29T08:47:10","modified_gmt":"2026-03-29T11:47:10","slug":"imagens-de-teste-de-misseis-e-tanques-pelas-forcas-especiais-da-coreia-do-norte","status":"publish","type":"post","link":"https:\/\/portaltela.pt\/noticias\/2026\/03\/29\/imagens-de-teste-de-misseis-e-tanques-pelas-forcas-especiais-da-coreia-do-norte\/","title":{"rendered":"Imagens de teste de m\u00edsseis e tanques pelas for\u00e7as especiais da Coreia do Norte"},"content":{"rendered":"<p>O l\u00edder norte-coreano, Kim Jong Un, acompanhou uma s\u00e9rie de testes militares, incluindo for\u00e7as de opera\u00e7\u00f5es especiais, motores a combust\u00edvel s\u00f3lido para m\u00edsseis, m\u00edsseis bal\u00edsticos de longo alcance e dispositivos nucleares. As imagens associadas ao evento mostram a diversidade de demonstra\u00e7\u00f5es.<\/p>\n<p>Os testes envolvem unidades de opera\u00e7\u00f5es especiais e tecnologias de propuls\u00e3o, com foco em aumentar a capacidade de resposta do pa\u00eds. A divulga\u00e7\u00e3o sugere uma apresenta\u00e7\u00e3o de progresso tecnol\u00f3gico e militar por parte do regime.<\/p>\n<p>A reportagem aponta que Kim Jong Un observou as opera\u00e7\u00f5es durante a divulga\u00e7\u00e3o das imagens, em territ\u00f3rio norte-coreano. N\u00e3o foram divulgadas informa\u00e7\u00f5es adicionais sobre datas ou locais espec\u00edficos.<\/p>\n","protected":false},"excerpt":{"rendered":"<ul>\n<li>O l\u00edder da Coreia do Norte, Kim Jong Un, acompanhou uma s\u00e9rie de testes militares.<\/li>\n<li>Os exerc\u00edcios inclu\u00edram for\u00e7as de opera\u00e7\u00f5es especiais.<\/li>\n<li>Foram apresentados motores de combust\u00edvel s\u00f3lido para m\u00edsseis.<\/li>\n<li>Tamb\u00e9m houve testes de m\u00edsseis bal\u00edsticos de longo alcance.<\/li>\n<li>Dispositivos nucleares foram mencionados nos testes.<\/li>\n<\/ul>\n","protected":false},"author":2,"featured_media":425883,"comment_status":"closed","ping_status":"closed","sticky":false,"template":"","format":"standard","meta":{"footnotes":""},"categories":[6814,1],"tags":[165,182,3006,4299,6539,153],"class_list":["post-425879","post","type-post","status-publish","format-standard","has-post-thumbnail","hentry","category-geopolitica","category-noticias","tag-armamento","tag-armas","tag-coreia-do-norte","tag-forca-aerea","tag-missil-balisticos","tag-tecnologia"],"yoast_head":"<!-- This site is optimized with the Yoast SEO plugin v27.2 - https:\/\/yoast.com\/product\/yoast-seo-wordpress\/ -->\n<title>Imagens de teste de m\u00edsseis e tanques pelas for\u00e7as especiais da Coreia do Norte - Portal Tela Portugal<\/title>\n<meta name=\"robots\" content=\"index, follow, max-snippet:-1, max-image-preview:large, max-video-preview:-1\" \/>\n<meta property=\"og:locale\" content=\"pt_PT\" \/>\n<meta property=\"og:type\" content=\"article\" \/>\n<meta property=\"og:title\" content=\"Imagens de teste de m\u00edsseis e tanques pelas for\u00e7as especiais da Coreia do Norte - Portal Tela Portugal\" \/>\n<meta property=\"og:description\" content=\"O l\u00edder da Coreia do Norte, Kim Jong Un, acompanhou uma s\u00e9rie de testes militares. Os exerc\u00edcios inclu\u00edram for\u00e7as de opera\u00e7\u00f5es especiais. Foram apresentados motores de combust\u00edvel s\u00f3lido para m\u00edsseis. Tamb\u00e9m houve testes de m\u00edsseis bal\u00edsticos de longo alcance. Dispositivos nucleares foram mencionados nos testes.\" \/>\n<meta property=\"og:url\" content=\"https:\/\/portaltela.pt\/noticias\/2026\/03\/29\/imagens-de-teste-de-misseis-e-tanques-pelas-forcas-especiais-da-coreia-do-norte\/\" \/>\n<meta property=\"og:site_name\" content=\"Portal Tela Portugal\" \/>\n<meta property=\"article:published_time\" content=\"2026-03-29T11:47:10+00:00\" \/>\n<meta name=\"author\" content=\"Telinha\" \/>\n<meta name=\"twitter:card\" content=\"summary_large_image\" \/>\n<meta name=\"twitter:label1\" content=\"Escrito por\" \/>\n\t<meta name=\"twitter:data1\" content=\"Telinha\" \/>\n\t<meta name=\"twitter:label2\" content=\"Tempo estimado de leitura\" \/>\n\t<meta name=\"twitter:data2\" content=\"1 minuto\" \/>\n<script type=\"application\/ld+json\" class=\"yoast-schema-graph\">{\"@context\":\"https:\/\/schema.org\",\"@graph\":[{\"@type\":\"Article\",\"@id\":\"https:\/\/portaltela.pt\/noticias\/2026\/03\/29\/imagens-de-teste-de-misseis-e-tanques-pelas-forcas-especiais-da-coreia-do-norte\/#article\",\"isPartOf\":{\"@id\":\"https:\/\/portaltela.pt\/noticias\/2026\/03\/29\/imagens-de-teste-de-misseis-e-tanques-pelas-forcas-especiais-da-coreia-do-norte\/\"},\"author\":{\"name\":\"Telinha\",\"@id\":\"https:\/\/portaltela.pt\/#\/schema\/person\/c4278d4a6028830caff9ee44b42d32ed\"},\"headline\":\"Imagens de teste de m\u00edsseis e tanques pelas for\u00e7as especiais da Coreia do Norte\",\"datePublished\":\"2026-03-29T11:47:10+00:00\",\"mainEntityOfPage\":{\"@id\":\"https:\/\/portaltela.pt\/noticias\/2026\/03\/29\/imagens-de-teste-de-misseis-e-tanques-pelas-forcas-especiais-da-coreia-do-norte\/\"},\"wordCount\":142,\"image\":{\"@id\":\"https:\/\/portaltela.pt\/noticias\/2026\/03\/29\/imagens-de-teste-de-misseis-e-tanques-pelas-forcas-especiais-da-coreia-do-norte\/#primaryimage\"},\"thumbnailUrl\":\"https:\/\/portaltela.pt\/s.01k8rhncp4jt1\/2026\/03\/img_1280x722uu2026-03-29-12-28-11-2275439.jpg\",\"keywords\":[\"armamento\",\"armas\",\"Coreia do Norte\",\"For\u00e7a A\u00e9rea\",\"m\u00edssil bal\u00edsticos\",\"tecnologia\"],\"articleSection\":[\"Geopol\u00edtica\",\"Not\u00edcias\"],\"inLanguage\":\"pt-PT\"},{\"@type\":\"WebPage\",\"@id\":\"https:\/\/portaltela.pt\/noticias\/2026\/03\/29\/imagens-de-teste-de-misseis-e-tanques-pelas-forcas-especiais-da-coreia-do-norte\/\",\"url\":\"https:\/\/portaltela.pt\/noticias\/2026\/03\/29\/imagens-de-teste-de-misseis-e-tanques-pelas-forcas-especiais-da-coreia-do-norte\/\",\"name\":\"Imagens de teste de m\u00edsseis e tanques pelas for\u00e7as especiais da Coreia do Norte - Portal Tela Portugal\",\"isPartOf\":{\"@id\":\"https:\/\/portaltela.pt\/#website\"},\"primaryImageOfPage\":{\"@id\":\"https:\/\/portaltela.pt\/noticias\/2026\/03\/29\/imagens-de-teste-de-misseis-e-tanques-pelas-forcas-especiais-da-coreia-do-norte\/#primaryimage\"},\"image\":{\"@id\":\"https:\/\/portaltela.pt\/noticias\/2026\/03\/29\/imagens-de-teste-de-misseis-e-tanques-pelas-forcas-especiais-da-coreia-do-norte\/#primaryimage\"},\"thumbnailUrl\":\"https:\/\/portaltela.pt\/s.01k8rhncp4jt1\/2026\/03\/img_1280x722uu2026-03-29-12-28-11-2275439.jpg\",\"datePublished\":\"2026-03-29T11:47:10+00:00\",\"author\":{\"@id\":\"https:\/\/portaltela.pt\/#\/schema\/person\/c4278d4a6028830caff9ee44b42d32ed\"},\"breadcrumb\":{\"@id\":\"https:\/\/portaltela.pt\/noticias\/2026\/03\/29\/imagens-de-teste-de-misseis-e-tanques-pelas-forcas-especiais-da-coreia-do-norte\/#breadcrumb\"},\"inLanguage\":\"pt-PT\",\"potentialAction\":[{\"@type\":\"ReadAction\",\"target\":[\"https:\/\/portaltela.pt\/noticias\/2026\/03\/29\/imagens-de-teste-de-misseis-e-tanques-pelas-forcas-especiais-da-coreia-do-norte\/\"]}]},{\"@type\":\"ImageObject\",\"inLanguage\":\"pt-PT\",\"@id\":\"https:\/\/portaltela.pt\/noticias\/2026\/03\/29\/imagens-de-teste-de-misseis-e-tanques-pelas-forcas-especiais-da-coreia-do-norte\/#primaryimage\",\"url\":\"https:\/\/portaltela.pt\/s.01k8rhncp4jt1\/2026\/03\/img_1280x722uu2026-03-29-12-28-11-2275439.jpg\",\"contentUrl\":\"https:\/\/portaltela.pt\/s.01k8rhncp4jt1\/2026\/03\/img_1280x722uu2026-03-29-12-28-11-2275439.jpg\",\"width\":796,\"height\":448,\"caption\":\"Photo\"},{\"@type\":\"BreadcrumbList\",\"@id\":\"https:\/\/portaltela.pt\/noticias\/2026\/03\/29\/imagens-de-teste-de-misseis-e-tanques-pelas-forcas-especiais-da-coreia-do-norte\/#breadcrumb\",\"itemListElement\":[{\"@type\":\"ListItem\",\"position\":1,\"name\":\"In\u00edcio\",\"item\":\"https:\/\/portaltela.pt\/\"},{\"@type\":\"ListItem\",\"position\":2,\"name\":\"Imagens de teste de m\u00edsseis e tanques pelas for\u00e7as especiais da Coreia do Norte\"}]},{\"@type\":\"WebSite\",\"@id\":\"https:\/\/portaltela.pt\/#website\",\"url\":\"https:\/\/portaltela.pt\/\",\"name\":\"Portal Tela Portugal\",\"description\":\"\",\"potentialAction\":[{\"@type\":\"SearchAction\",\"target\":{\"@type\":\"EntryPoint\",\"urlTemplate\":\"https:\/\/portaltela.pt\/?s={search_term_string}\"},\"query-input\":{\"@type\":\"PropertyValueSpecification\",\"valueRequired\":true,\"valueName\":\"search_term_string\"}}],\"inLanguage\":\"pt-PT\"},{\"@type\":\"Person\",\"@id\":\"https:\/\/portaltela.pt\/#\/schema\/person\/c4278d4a6028830caff9ee44b42d32ed\",\"name\":\"Telinha\",\"image\":{\"@type\":\"ImageObject\",\"inLanguage\":\"pt-PT\",\"@id\":\"https:\/\/portaltela.pt\/s.01k8rhncp4jt1\/2025\/11\/talking-bot-125x125.png\",\"url\":\"https:\/\/portaltela.pt\/s.01k8rhncp4jt1\/2025\/11\/talking-bot-125x125.png\",\"contentUrl\":\"https:\/\/portaltela.pt\/s.01k8rhncp4jt1\/2025\/11\/talking-bot-125x125.png\",\"caption\":\"Telinha\"},\"sameAs\":[\"https:\/\/portaltela.pt\/\"],\"url\":\"https:\/\/portaltela.pt\/por\/367410592786\/\"}]}<\/script>\n<!-- \/ Yoast SEO plugin. -->","yoast_head_json":{"title":"Imagens de teste de m\u00edsseis e tanques pelas for\u00e7as especiais da Coreia do Norte - Portal Tela Portugal","robots":{"index":"index","follow":"follow","max-snippet":"max-snippet:-1","max-image-preview":"max-image-preview:large","max-video-preview":"max-video-preview:-1"},"og_locale":"pt_PT","og_type":"article","og_title":"Imagens de teste de m\u00edsseis e tanques pelas for\u00e7as especiais da Coreia do Norte - Portal Tela Portugal","og_description":"O l\u00edder da Coreia do Norte, Kim Jong Un, acompanhou uma s\u00e9rie de testes militares. Os exerc\u00edcios inclu\u00edram for\u00e7as de opera\u00e7\u00f5es especiais. Foram apresentados motores de combust\u00edvel s\u00f3lido para m\u00edsseis. Tamb\u00e9m houve testes de m\u00edsseis bal\u00edsticos de longo alcance. Dispositivos nucleares foram mencionados nos testes.","og_url":"https:\/\/portaltela.pt\/noticias\/2026\/03\/29\/imagens-de-teste-de-misseis-e-tanques-pelas-forcas-especiais-da-coreia-do-norte\/","og_site_name":"Portal Tela Portugal","article_published_time":"2026-03-29T11:47:10+00:00","author":"Telinha","twitter_card":"summary_large_image","twitter_misc":{"Escrito por":"Telinha","Tempo estimado de leitura":"1 minuto"},"schema":{"@context":"https:\/\/schema.org","@graph":[{"@type":"Article","@id":"https:\/\/portaltela.pt\/noticias\/2026\/03\/29\/imagens-de-teste-de-misseis-e-tanques-pelas-forcas-especiais-da-coreia-do-norte\/#article","isPartOf":{"@id":"https:\/\/portaltela.pt\/noticias\/2026\/03\/29\/imagens-de-teste-de-misseis-e-tanques-pelas-forcas-especiais-da-coreia-do-norte\/"},"author":{"name":"Telinha","@id":"https:\/\/portaltela.pt\/#\/schema\/person\/c4278d4a6028830caff9ee44b42d32ed"},"headline":"Imagens de teste de m\u00edsseis e tanques pelas for\u00e7as especiais da Coreia do Norte","datePublished":"2026-03-29T11:47:10+00:00","mainEntityOfPage":{"@id":"https:\/\/portaltela.pt\/noticias\/2026\/03\/29\/imagens-de-teste-de-misseis-e-tanques-pelas-forcas-especiais-da-coreia-do-norte\/"},"wordCount":142,"image":{"@id":"https:\/\/portaltela.pt\/noticias\/2026\/03\/29\/imagens-de-teste-de-misseis-e-tanques-pelas-forcas-especiais-da-coreia-do-norte\/#primaryimage"},"thumbnailUrl":"https:\/\/portaltela.pt\/s.01k8rhncp4jt1\/2026\/03\/img_1280x722uu2026-03-29-12-28-11-2275439.jpg","keywords":["armamento","armas","Coreia do Norte","For\u00e7a A\u00e9rea","m\u00edssil bal\u00edsticos","tecnologia"],"articleSection":["Geopol\u00edtica","Not\u00edcias"],"inLanguage":"pt-PT"},{"@type":"WebPage","@id":"https:\/\/portaltela.pt\/noticias\/2026\/03\/29\/imagens-de-teste-de-misseis-e-tanques-pelas-forcas-especiais-da-coreia-do-norte\/","url":"https:\/\/portaltela.pt\/noticias\/2026\/03\/29\/imagens-de-teste-de-misseis-e-tanques-pelas-forcas-especiais-da-coreia-do-norte\/","name":"Imagens de teste de m\u00edsseis e tanques pelas for\u00e7as especiais da Coreia do Norte - Portal Tela Portugal","isPartOf":{"@id":"https:\/\/portaltela.pt\/#website"},"primaryImageOfPage":{"@id":"https:\/\/portaltela.pt\/noticias\/2026\/03\/29\/imagens-de-teste-de-misseis-e-tanques-pelas-forcas-especiais-da-coreia-do-norte\/#primaryimage"},"image":{"@id":"https:\/\/portaltela.pt\/noticias\/2026\/03\/29\/imagens-de-teste-de-misseis-e-tanques-pelas-forcas-especiais-da-coreia-do-norte\/#primaryimage"},"thumbnailUrl":"https:\/\/portaltela.pt\/s.01k8rhncp4jt1\/2026\/03\/img_1280x722uu2026-03-29-12-28-11-2275439.jpg","datePublished":"2026-03-29T11:47:10+00:00","author":{"@id":"https:\/\/portaltela.pt\/#\/schema\/person\/c4278d4a6028830caff9ee44b42d32ed"},"breadcrumb":{"@id":"https:\/\/portaltela.pt\/noticias\/2026\/03\/29\/imagens-de-teste-de-misseis-e-tanques-pelas-forcas-especiais-da-coreia-do-norte\/#breadcrumb"},"inLanguage":"pt-PT","potentialAction":[{"@type":"ReadAction","target":["https:\/\/portaltela.pt\/noticias\/2026\/03\/29\/imagens-de-teste-de-misseis-e-tanques-pelas-forcas-especiais-da-coreia-do-norte\/"]}]},{"@type":"ImageObject","inLanguage":"pt-PT","@id":"https:\/\/portaltela.pt\/noticias\/2026\/03\/29\/imagens-de-teste-de-misseis-e-tanques-pelas-forcas-especiais-da-coreia-do-norte\/#primaryimage","url":"https:\/\/portaltela.pt\/s.01k8rhncp4jt1\/2026\/03\/img_1280x722uu2026-03-29-12-28-11-2275439.jpg","contentUrl":"https:\/\/portaltela.pt\/s.01k8rhncp4jt1\/2026\/03\/img_1280x722uu2026-03-29-12-28-11-2275439.jpg","width":796,"height":448,"caption":"Photo"},{"@type":"BreadcrumbList","@id":"https:\/\/portaltela.pt\/noticias\/2026\/03\/29\/imagens-de-teste-de-misseis-e-tanques-pelas-forcas-especiais-da-coreia-do-norte\/#breadcrumb","itemListElement":[{"@type":"ListItem","position":1,"name":"In\u00edcio","item":"https:\/\/portaltela.pt\/"},{"@type":"ListItem","position":2,"name":"Imagens de teste de m\u00edsseis e tanques pelas for\u00e7as especiais da Coreia do Norte"}]},{"@type":"WebSite","@id":"https:\/\/portaltela.pt\/#website","url":"https:\/\/portaltela.pt\/","name":"Portal Tela Portugal","description":"","potentialAction":[{"@type":"SearchAction","target":{"@type":"EntryPoint","urlTemplate":"https:\/\/portaltela.pt\/?s={search_term_string}"},"query-input":{"@type":"PropertyValueSpecification","valueRequired":true,"valueName":"search_term_string"}}],"inLanguage":"pt-PT"},{"@type":"Person","@id":"https:\/\/portaltela.pt\/#\/schema\/person\/c4278d4a6028830caff9ee44b42d32ed","name":"Telinha","image":{"@type":"ImageObject","inLanguage":"pt-PT","@id":"https:\/\/portaltela.pt\/s.01k8rhncp4jt1\/2025\/11\/talking-bot-125x125.png","url":"https:\/\/portaltela.pt\/s.01k8rhncp4jt1\/2025\/11\/talking-bot-125x125.png","contentUrl":"https:\/\/portaltela.pt\/s.01k8rhncp4jt1\/2025\/11\/talking-bot-125x125.png","caption":"Telinha"},"sameAs":["https:\/\/portaltela.pt\/"],"url":"https:\/\/portaltela.pt\/por\/367410592786\/"}]}},"_links":{"self":[{"href":"https:\/\/portaltela.pt\/api\/wp\/v2\/posts\/425879","targetHints":{"allow":["GET"]}}],"collection":[{"href":"https:\/\/portaltela.pt\/api\/wp\/v2\/posts"}],"about":[{"href":"https:\/\/portaltela.pt\/api\/wp\/v2\/types\/post"}],"author":[{"embeddable":true,"href":"https:\/\/portaltela.pt\/api\/wp\/v2\/users\/2"}],"replies":[{"embeddable":true,"href":"https:\/\/portaltela.pt\/api\/wp\/v2\/comments?post=425879"}],"version-history":[{"count":0,"href":"https:\/\/portaltela.pt\/api\/wp\/v2\/posts\/425879\/revisions"}],"wp:featuredmedia":[{"embeddable":true,"href":"https:\/\/portaltela.pt\/api\/wp\/v2\/media\/425883"}],"wp:attachment":[{"href":"https:\/\/portaltela.pt\/api\/wp\/v2\/media?parent=425879"}],"wp:term":[{"taxonomy":"category","embeddable":true,"href":"https:\/\/portaltela.pt\/api\/wp\/v2\/categories?post=425879"},{"taxonomy":"post_tag","embeddable":true,"href":"https:\/\/portaltela.pt\/api\/wp\/v2\/tags?post=425879"}],"curies":[{"name":"wp","href":"https:\/\/api.w.org\/{rel}","templated":true}]}}