{"id":425875,"date":"2026-03-29T08:47:03","date_gmt":"2026-03-29T11:47:03","guid":{"rendered":"https:\/\/portaltela.pt\/noticias\/2026\/03\/29\/idosa-desaparecida-encontrada-morta-em-vieira-do-minho\/"},"modified":"2026-03-29T08:47:03","modified_gmt":"2026-03-29T11:47:03","slug":"idosa-desaparecida-encontrada-morta-em-vieira-do-minho","status":"publish","type":"post","link":"https:\/\/portaltela.pt\/sociedade\/2026\/03\/29\/idosa-desaparecida-encontrada-morta-em-vieira-do-minho\/","title":{"rendered":"Idosa desaparecida encontrada morta em Vieira do Minho"},"content":{"rendered":"<p>Uma idosa de 81 anos, desaparecida desde s\u00e1bado \u00e0 tarde em Vieira do Minho, foi encontrada morta na manh\u00e3 deste domingo perto da sua casa, na travessa do Tamanqueiro, em Parada de Bouro. A localiza\u00e7\u00e3o ocorreu durante as buscas realizadas pela GNR.<\/p>\n<p>A Guarda Nacional Republicana conduziu as opera\u00e7\u00f5es, com recurso a c\u00e3es pisteiros, e localizou a mulher durante a a\u00e7\u00e3o. N\u00e3o existem ind\u00edcios de crime associadas ao sucedido.<\/p>\n<p>N\u00e3o h\u00e1 ind\u00edcios de viol\u00eancia ou crime neste caso. As autoridades presumem que a queda tenha sido a causa da morte, sem resist\u00eancia aparente.<\/p>\n<h3>Investiga\u00e7\u00e3o em curso<\/h3>\n<p>A GNR permanece a investigar as circunst\u00e2ncias, com a participa\u00e7\u00e3o da fam\u00edlia nas buscas e apelos divulgados nas redes sociais. O corpo foi encaminhado para o Gabinete M\u00e9dico Legal de Braga para aut\u00f3psia.<\/p>\n<p>O transporte do corpo foi feito pelos Bombeiros de Vieira do Minho at\u00e9 ao Gabinete M\u00e9dico Legal, onde dever\u00e1 ser realizada a aut\u00f3psia para confirmar as causas do \u00f3bito.<\/p>\n","protected":false},"excerpt":{"rendered":"<ul>\n<li>Idosa de 81 anos desapareceu na tarde de s\u00e1bado em Vieira do Minho.<\/li>\n<li>Foi encontrada morta na manh\u00e3 de domingo perto da casa, na travessa do Tamanqueiro, em Parada de Bouro.<\/li>\n<li>A GNR, com c\u00e3es pisteiros, realizou as buscas; a fam\u00edlia participou em apelos nas redes sociais.<\/li>\n<li>N\u00e3o h\u00e1 ind\u00edcios de crime; as autoridades presumem que a queda tenha sido fatal e continuam a investiga\u00e7\u00e3o.<\/li>\n<li>O corpo foi transportado para o Gabinete M\u00e9dico Legal de Braga para aut\u00f3psia, conduzido pelos Bombeiros de Vieira do Minho.<\/li>\n<\/ul>\n","protected":false},"author":2,"featured_media":425876,"comment_status":"closed","ping_status":"closed","sticky":false,"template":"","format":"standard","meta":{"footnotes":""},"categories":[6745,6871],"tags":[5909,1380,215,6429,2712,4965],"class_list":["post-425875","post","type-post","status-publish","format-standard","has-post-thumbnail","hentry","category-saude","category-sociedade","tag-autopsias","tag-gnr","tag-investigacao","tag-mortes","tag-parada-de-bouro","tag-vieira-do-minho"],"yoast_head":"<!-- This site is optimized with the Yoast SEO plugin v27.2 - https:\/\/yoast.com\/product\/yoast-seo-wordpress\/ -->\n<title>Idosa desaparecida encontrada morta em Vieira do Minho - Portal Tela Portugal<\/title>\n<meta name=\"robots\" content=\"index, follow, max-snippet:-1, max-image-preview:large, max-video-preview:-1\" \/>\n<meta property=\"og:locale\" content=\"pt_PT\" \/>\n<meta property=\"og:type\" content=\"article\" \/>\n<meta property=\"og:title\" content=\"Idosa desaparecida encontrada morta em Vieira do Minho - Portal Tela Portugal\" \/>\n<meta property=\"og:description\" content=\"Idosa de 81 anos desapareceu na tarde de s\u00e1bado em Vieira do Minho. Foi encontrada morta na manh\u00e3 de domingo perto da casa, na travessa do Tamanqueiro, em Parada de Bouro. A GNR, com c\u00e3es pisteiros, realizou as buscas; a fam\u00edlia participou em apelos nas redes sociais. N\u00e3o h\u00e1 ind\u00edcios de crime; as autoridades presumem que a queda tenha sido fatal e continuam a investiga\u00e7\u00e3o. O corpo foi transportado para o Gabinete M\u00e9dico Legal de Braga para aut\u00f3psia, conduzido pelos Bombeiros de Vieira do Minho.\" \/>\n<meta property=\"og:url\" content=\"https:\/\/portaltela.pt\/noticias\/2026\/03\/29\/idosa-desaparecida-encontrada-morta-em-vieira-do-minho\/\" \/>\n<meta property=\"og:site_name\" content=\"Portal Tela Portugal\" \/>\n<meta property=\"article:published_time\" content=\"2026-03-29T11:47:03+00:00\" \/>\n<meta name=\"author\" content=\"Telinha\" \/>\n<meta name=\"twitter:card\" content=\"summary_large_image\" \/>\n<meta name=\"twitter:label1\" content=\"Escrito por\" \/>\n\t<meta name=\"twitter:data1\" content=\"Telinha\" \/>\n\t<meta name=\"twitter:label2\" content=\"Tempo estimado de leitura\" \/>\n\t<meta name=\"twitter:data2\" content=\"1 minuto\" \/>\n<script type=\"application\/ld+json\" class=\"yoast-schema-graph\">{\"@context\":\"https:\/\/schema.org\",\"@graph\":[{\"@type\":\"Article\",\"@id\":\"https:\/\/portaltela.pt\/noticias\/2026\/03\/29\/idosa-desaparecida-encontrada-morta-em-vieira-do-minho\/#article\",\"isPartOf\":{\"@id\":\"https:\/\/portaltela.pt\/noticias\/2026\/03\/29\/idosa-desaparecida-encontrada-morta-em-vieira-do-minho\/\"},\"author\":{\"name\":\"Telinha\",\"@id\":\"https:\/\/portaltela.pt\/#\/schema\/person\/c4278d4a6028830caff9ee44b42d32ed\"},\"headline\":\"Idosa desaparecida encontrada morta em Vieira do Minho\",\"datePublished\":\"2026-03-29T11:47:03+00:00\",\"mainEntityOfPage\":{\"@id\":\"https:\/\/portaltela.pt\/noticias\/2026\/03\/29\/idosa-desaparecida-encontrada-morta-em-vieira-do-minho\/\"},\"wordCount\":183,\"image\":{\"@id\":\"https:\/\/portaltela.pt\/noticias\/2026\/03\/29\/idosa-desaparecida-encontrada-morta-em-vieira-do-minho\/#primaryimage\"},\"thumbnailUrl\":\"https:\/\/portaltela.pt\/s.01k8rhncp4jt1\/2026\/03\/img_1500x1000uu2026-03-26-10-01-38-2225371.jpg\",\"keywords\":[\"aut\u00f3psias\",\"GNR\",\"investiga\u00e7\u00e3o\",\"mortes\",\"Parada de Bouro\",\"Vieira do Minho\"],\"articleSection\":[\"Sa\u00fade\",\"Sociedade\"],\"inLanguage\":\"pt-PT\"},{\"@type\":\"WebPage\",\"@id\":\"https:\/\/portaltela.pt\/noticias\/2026\/03\/29\/idosa-desaparecida-encontrada-morta-em-vieira-do-minho\/\",\"url\":\"https:\/\/portaltela.pt\/noticias\/2026\/03\/29\/idosa-desaparecida-encontrada-morta-em-vieira-do-minho\/\",\"name\":\"Idosa desaparecida encontrada morta em Vieira do Minho - Portal Tela Portugal\",\"isPartOf\":{\"@id\":\"https:\/\/portaltela.pt\/#website\"},\"primaryImageOfPage\":{\"@id\":\"https:\/\/portaltela.pt\/noticias\/2026\/03\/29\/idosa-desaparecida-encontrada-morta-em-vieira-do-minho\/#primaryimage\"},\"image\":{\"@id\":\"https:\/\/portaltela.pt\/noticias\/2026\/03\/29\/idosa-desaparecida-encontrada-morta-em-vieira-do-minho\/#primaryimage\"},\"thumbnailUrl\":\"https:\/\/portaltela.pt\/s.01k8rhncp4jt1\/2026\/03\/img_1500x1000uu2026-03-26-10-01-38-2225371.jpg\",\"datePublished\":\"2026-03-29T11:47:03+00:00\",\"author\":{\"@id\":\"https:\/\/portaltela.pt\/#\/schema\/person\/c4278d4a6028830caff9ee44b42d32ed\"},\"breadcrumb\":{\"@id\":\"https:\/\/portaltela.pt\/noticias\/2026\/03\/29\/idosa-desaparecida-encontrada-morta-em-vieira-do-minho\/#breadcrumb\"},\"inLanguage\":\"pt-PT\",\"potentialAction\":[{\"@type\":\"ReadAction\",\"target\":[\"https:\/\/portaltela.pt\/noticias\/2026\/03\/29\/idosa-desaparecida-encontrada-morta-em-vieira-do-minho\/\"]}]},{\"@type\":\"ImageObject\",\"inLanguage\":\"pt-PT\",\"@id\":\"https:\/\/portaltela.pt\/noticias\/2026\/03\/29\/idosa-desaparecida-encontrada-morta-em-vieira-do-minho\/#primaryimage\",\"url\":\"https:\/\/portaltela.pt\/s.01k8rhncp4jt1\/2026\/03\/img_1500x1000uu2026-03-26-10-01-38-2225371.jpg\",\"contentUrl\":\"https:\/\/portaltela.pt\/s.01k8rhncp4jt1\/2026\/03\/img_1500x1000uu2026-03-26-10-01-38-2225371.jpg\",\"width\":796,\"height\":448,\"caption\":\"GNR detetou arrendamentos falsos de casas de f\u00e9rias desde 2023\"},{\"@type\":\"BreadcrumbList\",\"@id\":\"https:\/\/portaltela.pt\/noticias\/2026\/03\/29\/idosa-desaparecida-encontrada-morta-em-vieira-do-minho\/#breadcrumb\",\"itemListElement\":[{\"@type\":\"ListItem\",\"position\":1,\"name\":\"In\u00edcio\",\"item\":\"https:\/\/portaltela.pt\/\"},{\"@type\":\"ListItem\",\"position\":2,\"name\":\"Idosa desaparecida encontrada morta em Vieira do Minho\"}]},{\"@type\":\"WebSite\",\"@id\":\"https:\/\/portaltela.pt\/#website\",\"url\":\"https:\/\/portaltela.pt\/\",\"name\":\"Portal Tela Portugal\",\"description\":\"\",\"potentialAction\":[{\"@type\":\"SearchAction\",\"target\":{\"@type\":\"EntryPoint\",\"urlTemplate\":\"https:\/\/portaltela.pt\/?s={search_term_string}\"},\"query-input\":{\"@type\":\"PropertyValueSpecification\",\"valueRequired\":true,\"valueName\":\"search_term_string\"}}],\"inLanguage\":\"pt-PT\"},{\"@type\":\"Person\",\"@id\":\"https:\/\/portaltela.pt\/#\/schema\/person\/c4278d4a6028830caff9ee44b42d32ed\",\"name\":\"Telinha\",\"image\":{\"@type\":\"ImageObject\",\"inLanguage\":\"pt-PT\",\"@id\":\"https:\/\/portaltela.pt\/s.01k8rhncp4jt1\/2025\/11\/talking-bot-125x125.png\",\"url\":\"https:\/\/portaltela.pt\/s.01k8rhncp4jt1\/2025\/11\/talking-bot-125x125.png\",\"contentUrl\":\"https:\/\/portaltela.pt\/s.01k8rhncp4jt1\/2025\/11\/talking-bot-125x125.png\",\"caption\":\"Telinha\"},\"sameAs\":[\"https:\/\/portaltela.pt\/\"],\"url\":\"https:\/\/portaltela.pt\/por\/367410592786\/\"}]}<\/script>\n<!-- \/ Yoast SEO plugin. -->","yoast_head_json":{"title":"Idosa desaparecida encontrada morta em Vieira do Minho - Portal Tela Portugal","robots":{"index":"index","follow":"follow","max-snippet":"max-snippet:-1","max-image-preview":"max-image-preview:large","max-video-preview":"max-video-preview:-1"},"og_locale":"pt_PT","og_type":"article","og_title":"Idosa desaparecida encontrada morta em Vieira do Minho - Portal Tela Portugal","og_description":"Idosa de 81 anos desapareceu na tarde de s\u00e1bado em Vieira do Minho. Foi encontrada morta na manh\u00e3 de domingo perto da casa, na travessa do Tamanqueiro, em Parada de Bouro. A GNR, com c\u00e3es pisteiros, realizou as buscas; a fam\u00edlia participou em apelos nas redes sociais. N\u00e3o h\u00e1 ind\u00edcios de crime; as autoridades presumem que a queda tenha sido fatal e continuam a investiga\u00e7\u00e3o. O corpo foi transportado para o Gabinete M\u00e9dico Legal de Braga para aut\u00f3psia, conduzido pelos Bombeiros de Vieira do Minho.","og_url":"https:\/\/portaltela.pt\/noticias\/2026\/03\/29\/idosa-desaparecida-encontrada-morta-em-vieira-do-minho\/","og_site_name":"Portal Tela Portugal","article_published_time":"2026-03-29T11:47:03+00:00","author":"Telinha","twitter_card":"summary_large_image","twitter_misc":{"Escrito por":"Telinha","Tempo estimado de leitura":"1 minuto"},"schema":{"@context":"https:\/\/schema.org","@graph":[{"@type":"Article","@id":"https:\/\/portaltela.pt\/noticias\/2026\/03\/29\/idosa-desaparecida-encontrada-morta-em-vieira-do-minho\/#article","isPartOf":{"@id":"https:\/\/portaltela.pt\/noticias\/2026\/03\/29\/idosa-desaparecida-encontrada-morta-em-vieira-do-minho\/"},"author":{"name":"Telinha","@id":"https:\/\/portaltela.pt\/#\/schema\/person\/c4278d4a6028830caff9ee44b42d32ed"},"headline":"Idosa desaparecida encontrada morta em Vieira do Minho","datePublished":"2026-03-29T11:47:03+00:00","mainEntityOfPage":{"@id":"https:\/\/portaltela.pt\/noticias\/2026\/03\/29\/idosa-desaparecida-encontrada-morta-em-vieira-do-minho\/"},"wordCount":183,"image":{"@id":"https:\/\/portaltela.pt\/noticias\/2026\/03\/29\/idosa-desaparecida-encontrada-morta-em-vieira-do-minho\/#primaryimage"},"thumbnailUrl":"https:\/\/portaltela.pt\/s.01k8rhncp4jt1\/2026\/03\/img_1500x1000uu2026-03-26-10-01-38-2225371.jpg","keywords":["aut\u00f3psias","GNR","investiga\u00e7\u00e3o","mortes","Parada de Bouro","Vieira do Minho"],"articleSection":["Sa\u00fade","Sociedade"],"inLanguage":"pt-PT"},{"@type":"WebPage","@id":"https:\/\/portaltela.pt\/noticias\/2026\/03\/29\/idosa-desaparecida-encontrada-morta-em-vieira-do-minho\/","url":"https:\/\/portaltela.pt\/noticias\/2026\/03\/29\/idosa-desaparecida-encontrada-morta-em-vieira-do-minho\/","name":"Idosa desaparecida encontrada morta em Vieira do Minho - Portal Tela Portugal","isPartOf":{"@id":"https:\/\/portaltela.pt\/#website"},"primaryImageOfPage":{"@id":"https:\/\/portaltela.pt\/noticias\/2026\/03\/29\/idosa-desaparecida-encontrada-morta-em-vieira-do-minho\/#primaryimage"},"image":{"@id":"https:\/\/portaltela.pt\/noticias\/2026\/03\/29\/idosa-desaparecida-encontrada-morta-em-vieira-do-minho\/#primaryimage"},"thumbnailUrl":"https:\/\/portaltela.pt\/s.01k8rhncp4jt1\/2026\/03\/img_1500x1000uu2026-03-26-10-01-38-2225371.jpg","datePublished":"2026-03-29T11:47:03+00:00","author":{"@id":"https:\/\/portaltela.pt\/#\/schema\/person\/c4278d4a6028830caff9ee44b42d32ed"},"breadcrumb":{"@id":"https:\/\/portaltela.pt\/noticias\/2026\/03\/29\/idosa-desaparecida-encontrada-morta-em-vieira-do-minho\/#breadcrumb"},"inLanguage":"pt-PT","potentialAction":[{"@type":"ReadAction","target":["https:\/\/portaltela.pt\/noticias\/2026\/03\/29\/idosa-desaparecida-encontrada-morta-em-vieira-do-minho\/"]}]},{"@type":"ImageObject","inLanguage":"pt-PT","@id":"https:\/\/portaltela.pt\/noticias\/2026\/03\/29\/idosa-desaparecida-encontrada-morta-em-vieira-do-minho\/#primaryimage","url":"https:\/\/portaltela.pt\/s.01k8rhncp4jt1\/2026\/03\/img_1500x1000uu2026-03-26-10-01-38-2225371.jpg","contentUrl":"https:\/\/portaltela.pt\/s.01k8rhncp4jt1\/2026\/03\/img_1500x1000uu2026-03-26-10-01-38-2225371.jpg","width":796,"height":448,"caption":"GNR detetou arrendamentos falsos de casas de f\u00e9rias desde 2023"},{"@type":"BreadcrumbList","@id":"https:\/\/portaltela.pt\/noticias\/2026\/03\/29\/idosa-desaparecida-encontrada-morta-em-vieira-do-minho\/#breadcrumb","itemListElement":[{"@type":"ListItem","position":1,"name":"In\u00edcio","item":"https:\/\/portaltela.pt\/"},{"@type":"ListItem","position":2,"name":"Idosa desaparecida encontrada morta em Vieira do Minho"}]},{"@type":"WebSite","@id":"https:\/\/portaltela.pt\/#website","url":"https:\/\/portaltela.pt\/","name":"Portal Tela Portugal","description":"","potentialAction":[{"@type":"SearchAction","target":{"@type":"EntryPoint","urlTemplate":"https:\/\/portaltela.pt\/?s={search_term_string}"},"query-input":{"@type":"PropertyValueSpecification","valueRequired":true,"valueName":"search_term_string"}}],"inLanguage":"pt-PT"},{"@type":"Person","@id":"https:\/\/portaltela.pt\/#\/schema\/person\/c4278d4a6028830caff9ee44b42d32ed","name":"Telinha","image":{"@type":"ImageObject","inLanguage":"pt-PT","@id":"https:\/\/portaltela.pt\/s.01k8rhncp4jt1\/2025\/11\/talking-bot-125x125.png","url":"https:\/\/portaltela.pt\/s.01k8rhncp4jt1\/2025\/11\/talking-bot-125x125.png","contentUrl":"https:\/\/portaltela.pt\/s.01k8rhncp4jt1\/2025\/11\/talking-bot-125x125.png","caption":"Telinha"},"sameAs":["https:\/\/portaltela.pt\/"],"url":"https:\/\/portaltela.pt\/por\/367410592786\/"}]}},"_links":{"self":[{"href":"https:\/\/portaltela.pt\/api\/wp\/v2\/posts\/425875","targetHints":{"allow":["GET"]}}],"collection":[{"href":"https:\/\/portaltela.pt\/api\/wp\/v2\/posts"}],"about":[{"href":"https:\/\/portaltela.pt\/api\/wp\/v2\/types\/post"}],"author":[{"embeddable":true,"href":"https:\/\/portaltela.pt\/api\/wp\/v2\/users\/2"}],"replies":[{"embeddable":true,"href":"https:\/\/portaltela.pt\/api\/wp\/v2\/comments?post=425875"}],"version-history":[{"count":0,"href":"https:\/\/portaltela.pt\/api\/wp\/v2\/posts\/425875\/revisions"}],"wp:featuredmedia":[{"embeddable":true,"href":"https:\/\/portaltela.pt\/api\/wp\/v2\/media\/425876"}],"wp:attachment":[{"href":"https:\/\/portaltela.pt\/api\/wp\/v2\/media?parent=425875"}],"wp:term":[{"taxonomy":"category","embeddable":true,"href":"https:\/\/portaltela.pt\/api\/wp\/v2\/categories?post=425875"},{"taxonomy":"post_tag","embeddable":true,"href":"https:\/\/portaltela.pt\/api\/wp\/v2\/tags?post=425875"}],"curies":[{"name":"wp","href":"https:\/\/api.w.org\/{rel}","templated":true}]}}