{"id":425866,"date":"2026-03-29T05:54:00","date_gmt":"2026-03-29T08:54:00","guid":{"rendered":"https:\/\/portaltela.pt\/noticias\/2026\/03\/29\/livrarias-infantojuvenis-constroem-comunidades-pela-leitura-e-pelo-negocio\/"},"modified":"2026-03-29T05:54:00","modified_gmt":"2026-03-29T08:54:00","slug":"livrarias-infantojuvenis-constroem-comunidades-pela-leitura-e-pelo-negocio","status":"publish","type":"post","link":"https:\/\/portaltela.pt\/noticias\/2026\/03\/29\/livrarias-infantojuvenis-constroem-comunidades-pela-leitura-e-pelo-negocio\/","title":{"rendered":"Livrarias infantojuvenis constroem comunidades pela leitura e pelo neg\u00f3cio"},"content":{"rendered":"<p>As livrarias infantojuvenis, no eixo da leitura para jovens, constroem comunidades ao combinar o amor pelo leitor com a sustentabilidade do neg\u00f3cio. Trata-se de espa\u00e7os que v\u00e3o para al\u00e9m da venda de livros, oferecendo atividades, clubes de leitura e oportunidades de encontro entre fam\u00edlias, autores e educadores.<\/p>\n<p>Aqui, o foco est\u00e1 na rela\u00e7\u00e3o entre o p\u00fablico infantil e jovem e as din\u00e2micas locais que sustentam o com\u00e9rcio livre de mediadores externos. Atrav\u00e9s de programas acess\u00edveis, as livrarias incentivam a participa\u00e7\u00e3o ativa, promovem a literacia e fortalecem v\u00ednculos culturais nas comunidades onde atuam.<\/p>\n<p>Em Portugal, a cobertura referida pela ag\u00eancia Lusa aponta para o papel educativo e econ\u00f3mico destas casas, que atraem clientes fi\u00e9is e geram impacto social positivo. A aposta \u00e9 na continuidade de iniciativas que unem cultura, educa\u00e7\u00e3o e neg\u00f3cio de forma integrada.<\/p>\n<h3>Impacto na comunidade<\/h3>\n<p>As livrarias est\u00e3o a explorar formatos diversificados, com eventos de authors talks, sess\u00f5es de leitura e atividades para fam\u00edlias. Tais a\u00e7\u00f5es ajudam a criar espa\u00e7os democr\u00e1ticos de encontro e aprendizagem.<\/p>\n<p>Este modelo de neg\u00f3cio, segundo a fonte, persiste com sustentabilidade, resistindo a mudan\u00e7as no consumo e refor\u00e7ando a import\u00e2ncia de mediadores culturais locais. A valoriza\u00e7\u00e3o da leitura entre crian\u00e7as e jovens \u00e9 apresentada como objetivo central.<\/p>\n<p>Fonte: a cobertura da Lusa, com direitos de autor e prote\u00e7\u00e3o de propriedade intelectual. Este conte\u00fado n\u00e3o pode ser utilizado fora das condi\u00e7\u00f5es previstas pela Lusa.<\/p>\n","protected":false},"excerpt":{"rendered":"<ul>\n<li>O texto aborda livrarias infantojuvenis que constroem comunidades com foco no leitor e no neg\u00f3cio.<\/li>\n<li>O objetivo \u00e9 manter o equil\u00edbrio entre o amor pelos leitores e a sustentabilidade do neg\u00f3cio.<\/li>\n<li>A rela\u00e7\u00e3o entre livrarias, leitores e o ecossistema local \u00e9 destacada como elemento central.<\/li>\n<li>O conte\u00fado est\u00e1 protegido por direitos de autor, conforme as regras da Lusa.<\/li>\n<li>A imagem associada acompanha a not\u00edcia, sem informa\u00e7\u00f5es adicionais no conte\u00fado fornecido.<\/li>\n<\/ul>\n","protected":false},"author":2,"featured_media":425869,"comment_status":"closed","ping_status":"closed","sticky":false,"template":"","format":"standard","meta":{"footnotes":""},"categories":[7375,1],"tags":[244,3035,145,163,6992,106],"class_list":["post-425866","post","type-post","status-publish","format-standard","has-post-thumbnail","hentry","category-cultura","category-noticias","tag-comercio","tag-comunidade","tag-cultura","tag-educacao","tag-literacia","tag-literatura"],"yoast_head":"<!-- This site is optimized with the Yoast SEO plugin v27.2 - https:\/\/yoast.com\/product\/yoast-seo-wordpress\/ -->\n<title>Livrarias infantojuvenis constroem comunidades pela leitura e pelo neg\u00f3cio - Portal Tela Portugal<\/title>\n<meta name=\"robots\" content=\"index, follow, max-snippet:-1, max-image-preview:large, max-video-preview:-1\" \/>\n<meta property=\"og:locale\" content=\"pt_PT\" \/>\n<meta property=\"og:type\" content=\"article\" \/>\n<meta property=\"og:title\" content=\"Livrarias infantojuvenis constroem comunidades pela leitura e pelo neg\u00f3cio - Portal Tela Portugal\" \/>\n<meta property=\"og:description\" content=\"O texto aborda livrarias infantojuvenis que constroem comunidades com foco no leitor e no neg\u00f3cio. O objetivo \u00e9 manter o equil\u00edbrio entre o amor pelos leitores e a sustentabilidade do neg\u00f3cio. A rela\u00e7\u00e3o entre livrarias, leitores e o ecossistema local \u00e9 destacada como elemento central. O conte\u00fado est\u00e1 protegido por direitos de autor, conforme as regras da Lusa. A imagem associada acompanha a not\u00edcia, sem informa\u00e7\u00f5es adicionais no conte\u00fado fornecido.\" \/>\n<meta property=\"og:url\" content=\"https:\/\/portaltela.pt\/noticias\/2026\/03\/29\/livrarias-infantojuvenis-constroem-comunidades-pela-leitura-e-pelo-negocio\/\" \/>\n<meta property=\"og:site_name\" content=\"Portal Tela Portugal\" \/>\n<meta property=\"article:published_time\" content=\"2026-03-29T08:54:00+00:00\" \/>\n<meta name=\"author\" content=\"Telinha\" \/>\n<meta name=\"twitter:card\" content=\"summary_large_image\" \/>\n<meta name=\"twitter:label1\" content=\"Escrito por\" \/>\n\t<meta name=\"twitter:data1\" content=\"Telinha\" \/>\n\t<meta name=\"twitter:label2\" content=\"Tempo estimado de leitura\" \/>\n\t<meta name=\"twitter:data2\" content=\"1 minuto\" \/>\n<script type=\"application\/ld+json\" class=\"yoast-schema-graph\">{\"@context\":\"https:\/\/schema.org\",\"@graph\":[{\"@type\":\"Article\",\"@id\":\"https:\/\/portaltela.pt\/noticias\/2026\/03\/29\/livrarias-infantojuvenis-constroem-comunidades-pela-leitura-e-pelo-negocio\/#article\",\"isPartOf\":{\"@id\":\"https:\/\/portaltela.pt\/noticias\/2026\/03\/29\/livrarias-infantojuvenis-constroem-comunidades-pela-leitura-e-pelo-negocio\/\"},\"author\":{\"name\":\"Telinha\",\"@id\":\"https:\/\/portaltela.pt\/#\/schema\/person\/c4278d4a6028830caff9ee44b42d32ed\"},\"headline\":\"Livrarias infantojuvenis constroem comunidades pela leitura e pelo neg\u00f3cio\",\"datePublished\":\"2026-03-29T08:54:00+00:00\",\"mainEntityOfPage\":{\"@id\":\"https:\/\/portaltela.pt\/noticias\/2026\/03\/29\/livrarias-infantojuvenis-constroem-comunidades-pela-leitura-e-pelo-negocio\/\"},\"wordCount\":271,\"image\":{\"@id\":\"https:\/\/portaltela.pt\/noticias\/2026\/03\/29\/livrarias-infantojuvenis-constroem-comunidades-pela-leitura-e-pelo-negocio\/#primaryimage\"},\"thumbnailUrl\":\"https:\/\/portaltela.pt\/s.01k8rhncp4jt1\/2026\/03\/CACHE_780X1200_ANALOG_WATERMARKED_46770617_5883460_26032026032305.jpg\",\"keywords\":[\"com\u00e9rcio\",\"comunidade\",\"cultura\",\"educa\u00e7\u00e3o\",\"literacia\",\"literatura\"],\"articleSection\":[\"Cultura\",\"Not\u00edcias\"],\"inLanguage\":\"pt-PT\"},{\"@type\":\"WebPage\",\"@id\":\"https:\/\/portaltela.pt\/noticias\/2026\/03\/29\/livrarias-infantojuvenis-constroem-comunidades-pela-leitura-e-pelo-negocio\/\",\"url\":\"https:\/\/portaltela.pt\/noticias\/2026\/03\/29\/livrarias-infantojuvenis-constroem-comunidades-pela-leitura-e-pelo-negocio\/\",\"name\":\"Livrarias infantojuvenis constroem comunidades pela leitura e pelo neg\u00f3cio - Portal Tela Portugal\",\"isPartOf\":{\"@id\":\"https:\/\/portaltela.pt\/#website\"},\"primaryImageOfPage\":{\"@id\":\"https:\/\/portaltela.pt\/noticias\/2026\/03\/29\/livrarias-infantojuvenis-constroem-comunidades-pela-leitura-e-pelo-negocio\/#primaryimage\"},\"image\":{\"@id\":\"https:\/\/portaltela.pt\/noticias\/2026\/03\/29\/livrarias-infantojuvenis-constroem-comunidades-pela-leitura-e-pelo-negocio\/#primaryimage\"},\"thumbnailUrl\":\"https:\/\/portaltela.pt\/s.01k8rhncp4jt1\/2026\/03\/CACHE_780X1200_ANALOG_WATERMARKED_46770617_5883460_26032026032305.jpg\",\"datePublished\":\"2026-03-29T08:54:00+00:00\",\"author\":{\"@id\":\"https:\/\/portaltela.pt\/#\/schema\/person\/c4278d4a6028830caff9ee44b42d32ed\"},\"breadcrumb\":{\"@id\":\"https:\/\/portaltela.pt\/noticias\/2026\/03\/29\/livrarias-infantojuvenis-constroem-comunidades-pela-leitura-e-pelo-negocio\/#breadcrumb\"},\"inLanguage\":\"pt-PT\",\"potentialAction\":[{\"@type\":\"ReadAction\",\"target\":[\"https:\/\/portaltela.pt\/noticias\/2026\/03\/29\/livrarias-infantojuvenis-constroem-comunidades-pela-leitura-e-pelo-negocio\/\"]}]},{\"@type\":\"ImageObject\",\"inLanguage\":\"pt-PT\",\"@id\":\"https:\/\/portaltela.pt\/noticias\/2026\/03\/29\/livrarias-infantojuvenis-constroem-comunidades-pela-leitura-e-pelo-negocio\/#primaryimage\",\"url\":\"https:\/\/portaltela.pt\/s.01k8rhncp4jt1\/2026\/03\/CACHE_780X1200_ANALOG_WATERMARKED_46770617_5883460_26032026032305.jpg\",\"contentUrl\":\"https:\/\/portaltela.pt\/s.01k8rhncp4jt1\/2026\/03\/CACHE_780X1200_ANALOG_WATERMARKED_46770617_5883460_26032026032305.jpg\",\"width\":796,\"height\":448,\"caption\":\"Livrarias infantojuvenis constroem comunidades com amor ao leitor e ao neg\u00f3cio\"},{\"@type\":\"BreadcrumbList\",\"@id\":\"https:\/\/portaltela.pt\/noticias\/2026\/03\/29\/livrarias-infantojuvenis-constroem-comunidades-pela-leitura-e-pelo-negocio\/#breadcrumb\",\"itemListElement\":[{\"@type\":\"ListItem\",\"position\":1,\"name\":\"In\u00edcio\",\"item\":\"https:\/\/portaltela.pt\/\"},{\"@type\":\"ListItem\",\"position\":2,\"name\":\"Livrarias infantojuvenis constroem comunidades pela leitura e pelo neg\u00f3cio\"}]},{\"@type\":\"WebSite\",\"@id\":\"https:\/\/portaltela.pt\/#website\",\"url\":\"https:\/\/portaltela.pt\/\",\"name\":\"Portal Tela Portugal\",\"description\":\"\",\"potentialAction\":[{\"@type\":\"SearchAction\",\"target\":{\"@type\":\"EntryPoint\",\"urlTemplate\":\"https:\/\/portaltela.pt\/?s={search_term_string}\"},\"query-input\":{\"@type\":\"PropertyValueSpecification\",\"valueRequired\":true,\"valueName\":\"search_term_string\"}}],\"inLanguage\":\"pt-PT\"},{\"@type\":\"Person\",\"@id\":\"https:\/\/portaltela.pt\/#\/schema\/person\/c4278d4a6028830caff9ee44b42d32ed\",\"name\":\"Telinha\",\"image\":{\"@type\":\"ImageObject\",\"inLanguage\":\"pt-PT\",\"@id\":\"https:\/\/portaltela.pt\/s.01k8rhncp4jt1\/2025\/11\/talking-bot-125x125.png\",\"url\":\"https:\/\/portaltela.pt\/s.01k8rhncp4jt1\/2025\/11\/talking-bot-125x125.png\",\"contentUrl\":\"https:\/\/portaltela.pt\/s.01k8rhncp4jt1\/2025\/11\/talking-bot-125x125.png\",\"caption\":\"Telinha\"},\"sameAs\":[\"https:\/\/portaltela.pt\/\"],\"url\":\"https:\/\/portaltela.pt\/por\/367410592786\/\"}]}<\/script>\n<!-- \/ Yoast SEO plugin. -->","yoast_head_json":{"title":"Livrarias infantojuvenis constroem comunidades pela leitura e pelo neg\u00f3cio - Portal Tela Portugal","robots":{"index":"index","follow":"follow","max-snippet":"max-snippet:-1","max-image-preview":"max-image-preview:large","max-video-preview":"max-video-preview:-1"},"og_locale":"pt_PT","og_type":"article","og_title":"Livrarias infantojuvenis constroem comunidades pela leitura e pelo neg\u00f3cio - Portal Tela Portugal","og_description":"O texto aborda livrarias infantojuvenis que constroem comunidades com foco no leitor e no neg\u00f3cio. O objetivo \u00e9 manter o equil\u00edbrio entre o amor pelos leitores e a sustentabilidade do neg\u00f3cio. A rela\u00e7\u00e3o entre livrarias, leitores e o ecossistema local \u00e9 destacada como elemento central. O conte\u00fado est\u00e1 protegido por direitos de autor, conforme as regras da Lusa. A imagem associada acompanha a not\u00edcia, sem informa\u00e7\u00f5es adicionais no conte\u00fado fornecido.","og_url":"https:\/\/portaltela.pt\/noticias\/2026\/03\/29\/livrarias-infantojuvenis-constroem-comunidades-pela-leitura-e-pelo-negocio\/","og_site_name":"Portal Tela Portugal","article_published_time":"2026-03-29T08:54:00+00:00","author":"Telinha","twitter_card":"summary_large_image","twitter_misc":{"Escrito por":"Telinha","Tempo estimado de leitura":"1 minuto"},"schema":{"@context":"https:\/\/schema.org","@graph":[{"@type":"Article","@id":"https:\/\/portaltela.pt\/noticias\/2026\/03\/29\/livrarias-infantojuvenis-constroem-comunidades-pela-leitura-e-pelo-negocio\/#article","isPartOf":{"@id":"https:\/\/portaltela.pt\/noticias\/2026\/03\/29\/livrarias-infantojuvenis-constroem-comunidades-pela-leitura-e-pelo-negocio\/"},"author":{"name":"Telinha","@id":"https:\/\/portaltela.pt\/#\/schema\/person\/c4278d4a6028830caff9ee44b42d32ed"},"headline":"Livrarias infantojuvenis constroem comunidades pela leitura e pelo neg\u00f3cio","datePublished":"2026-03-29T08:54:00+00:00","mainEntityOfPage":{"@id":"https:\/\/portaltela.pt\/noticias\/2026\/03\/29\/livrarias-infantojuvenis-constroem-comunidades-pela-leitura-e-pelo-negocio\/"},"wordCount":271,"image":{"@id":"https:\/\/portaltela.pt\/noticias\/2026\/03\/29\/livrarias-infantojuvenis-constroem-comunidades-pela-leitura-e-pelo-negocio\/#primaryimage"},"thumbnailUrl":"https:\/\/portaltela.pt\/s.01k8rhncp4jt1\/2026\/03\/CACHE_780X1200_ANALOG_WATERMARKED_46770617_5883460_26032026032305.jpg","keywords":["com\u00e9rcio","comunidade","cultura","educa\u00e7\u00e3o","literacia","literatura"],"articleSection":["Cultura","Not\u00edcias"],"inLanguage":"pt-PT"},{"@type":"WebPage","@id":"https:\/\/portaltela.pt\/noticias\/2026\/03\/29\/livrarias-infantojuvenis-constroem-comunidades-pela-leitura-e-pelo-negocio\/","url":"https:\/\/portaltela.pt\/noticias\/2026\/03\/29\/livrarias-infantojuvenis-constroem-comunidades-pela-leitura-e-pelo-negocio\/","name":"Livrarias infantojuvenis constroem comunidades pela leitura e pelo neg\u00f3cio - Portal Tela Portugal","isPartOf":{"@id":"https:\/\/portaltela.pt\/#website"},"primaryImageOfPage":{"@id":"https:\/\/portaltela.pt\/noticias\/2026\/03\/29\/livrarias-infantojuvenis-constroem-comunidades-pela-leitura-e-pelo-negocio\/#primaryimage"},"image":{"@id":"https:\/\/portaltela.pt\/noticias\/2026\/03\/29\/livrarias-infantojuvenis-constroem-comunidades-pela-leitura-e-pelo-negocio\/#primaryimage"},"thumbnailUrl":"https:\/\/portaltela.pt\/s.01k8rhncp4jt1\/2026\/03\/CACHE_780X1200_ANALOG_WATERMARKED_46770617_5883460_26032026032305.jpg","datePublished":"2026-03-29T08:54:00+00:00","author":{"@id":"https:\/\/portaltela.pt\/#\/schema\/person\/c4278d4a6028830caff9ee44b42d32ed"},"breadcrumb":{"@id":"https:\/\/portaltela.pt\/noticias\/2026\/03\/29\/livrarias-infantojuvenis-constroem-comunidades-pela-leitura-e-pelo-negocio\/#breadcrumb"},"inLanguage":"pt-PT","potentialAction":[{"@type":"ReadAction","target":["https:\/\/portaltela.pt\/noticias\/2026\/03\/29\/livrarias-infantojuvenis-constroem-comunidades-pela-leitura-e-pelo-negocio\/"]}]},{"@type":"ImageObject","inLanguage":"pt-PT","@id":"https:\/\/portaltela.pt\/noticias\/2026\/03\/29\/livrarias-infantojuvenis-constroem-comunidades-pela-leitura-e-pelo-negocio\/#primaryimage","url":"https:\/\/portaltela.pt\/s.01k8rhncp4jt1\/2026\/03\/CACHE_780X1200_ANALOG_WATERMARKED_46770617_5883460_26032026032305.jpg","contentUrl":"https:\/\/portaltela.pt\/s.01k8rhncp4jt1\/2026\/03\/CACHE_780X1200_ANALOG_WATERMARKED_46770617_5883460_26032026032305.jpg","width":796,"height":448,"caption":"Livrarias infantojuvenis constroem comunidades com amor ao leitor e ao neg\u00f3cio"},{"@type":"BreadcrumbList","@id":"https:\/\/portaltela.pt\/noticias\/2026\/03\/29\/livrarias-infantojuvenis-constroem-comunidades-pela-leitura-e-pelo-negocio\/#breadcrumb","itemListElement":[{"@type":"ListItem","position":1,"name":"In\u00edcio","item":"https:\/\/portaltela.pt\/"},{"@type":"ListItem","position":2,"name":"Livrarias infantojuvenis constroem comunidades pela leitura e pelo neg\u00f3cio"}]},{"@type":"WebSite","@id":"https:\/\/portaltela.pt\/#website","url":"https:\/\/portaltela.pt\/","name":"Portal Tela Portugal","description":"","potentialAction":[{"@type":"SearchAction","target":{"@type":"EntryPoint","urlTemplate":"https:\/\/portaltela.pt\/?s={search_term_string}"},"query-input":{"@type":"PropertyValueSpecification","valueRequired":true,"valueName":"search_term_string"}}],"inLanguage":"pt-PT"},{"@type":"Person","@id":"https:\/\/portaltela.pt\/#\/schema\/person\/c4278d4a6028830caff9ee44b42d32ed","name":"Telinha","image":{"@type":"ImageObject","inLanguage":"pt-PT","@id":"https:\/\/portaltela.pt\/s.01k8rhncp4jt1\/2025\/11\/talking-bot-125x125.png","url":"https:\/\/portaltela.pt\/s.01k8rhncp4jt1\/2025\/11\/talking-bot-125x125.png","contentUrl":"https:\/\/portaltela.pt\/s.01k8rhncp4jt1\/2025\/11\/talking-bot-125x125.png","caption":"Telinha"},"sameAs":["https:\/\/portaltela.pt\/"],"url":"https:\/\/portaltela.pt\/por\/367410592786\/"}]}},"_links":{"self":[{"href":"https:\/\/portaltela.pt\/api\/wp\/v2\/posts\/425866","targetHints":{"allow":["GET"]}}],"collection":[{"href":"https:\/\/portaltela.pt\/api\/wp\/v2\/posts"}],"about":[{"href":"https:\/\/portaltela.pt\/api\/wp\/v2\/types\/post"}],"author":[{"embeddable":true,"href":"https:\/\/portaltela.pt\/api\/wp\/v2\/users\/2"}],"replies":[{"embeddable":true,"href":"https:\/\/portaltela.pt\/api\/wp\/v2\/comments?post=425866"}],"version-history":[{"count":0,"href":"https:\/\/portaltela.pt\/api\/wp\/v2\/posts\/425866\/revisions"}],"wp:featuredmedia":[{"embeddable":true,"href":"https:\/\/portaltela.pt\/api\/wp\/v2\/media\/425869"}],"wp:attachment":[{"href":"https:\/\/portaltela.pt\/api\/wp\/v2\/media?parent=425866"}],"wp:term":[{"taxonomy":"category","embeddable":true,"href":"https:\/\/portaltela.pt\/api\/wp\/v2\/categories?post=425866"},{"taxonomy":"post_tag","embeddable":true,"href":"https:\/\/portaltela.pt\/api\/wp\/v2\/tags?post=425866"}],"curies":[{"name":"wp","href":"https:\/\/api.w.org\/{rel}","templated":true}]}}