{"id":425865,"date":"2026-03-29T08:32:07","date_gmt":"2026-03-29T11:32:07","guid":{"rendered":"https:\/\/portaltela.pt\/noticias\/2026\/03\/29\/aviso-de-mau-tempo-para-a-madeira-emitido-pela-capitania-do-funchal\/"},"modified":"2026-03-29T08:32:07","modified_gmt":"2026-03-29T11:32:07","slug":"aviso-de-mau-tempo-para-a-madeira-emitido-pela-capitania-do-funchal","status":"publish","type":"post","link":"https:\/\/portaltela.pt\/tempo\/2026\/03\/29\/aviso-de-mau-tempo-para-a-madeira-emitido-pela-capitania-do-funchal\/","title":{"rendered":"Aviso de mau tempo para a Madeira emitido pela Capitania do Funchal"},"content":{"rendered":"<p>A Capitania do Funchal emitiu um aviso de mau tempo para a Madeira, alertando para condi\u00e7\u00f5es mar\u00edtimas adversas que podem afetar navega\u00e7\u00e3o e atividades costeiras. N\u00e3o h\u00e1 informa\u00e7\u00e3o adicional publicada no resumo dispon\u00edvel.<\/p>\n<p>O aviso descreve riscos como ventos fortes, agita\u00e7\u00e3o mar\u00edtima e eventual queda de visibilidade. Autoridades recomendam precau\u00e7\u00f5es a residentes e operadores de embarca\u00e7\u00f5es.<\/p>\n<p>O conte\u00fado completo da informa\u00e7\u00e3o encontra-se dispon\u00edvel apenas para subscritores. A publica\u00e7\u00e3o n\u00e3o especifica prazos, devendo quem se encontra na regi\u00e3o acompanhar as atualiza\u00e7\u00f5es oficiais.<\/p>\n","protected":false},"excerpt":{"rendered":"<ul>\n<li>A Capitania do Funchal emitiu um aviso de mau tempo para a Madeira.<\/li>\n<li>O conte\u00fado completo da not\u00edcia est\u00e1 dispon\u00edvel apenas para subscritores.<\/li>\n<li>O aviso refere condi\u00e7\u00f5es adversas na regi\u00e3o da Madeira.<\/li>\n<li>N\u00e3o s\u00e3o apresentados detalhes adicionais no trecho dispon\u00edvel aos leitores n\u00e3o subscritos.<\/li>\n<\/ul>\n","protected":false},"author":2,"featured_media":425868,"comment_status":"closed","ping_status":"closed","sticky":false,"template":"","format":"standard","meta":{"footnotes":""},"categories":[7365],"tags":[183,5159,1120,859,4298],"class_list":["post-425865","post","type-post","status-publish","format-standard","has-post-thumbnail","hentry","category-tempo","tag-agitacao-maritima","tag-aviso-de-mau-tempo","tag-funchal","tag-madeira","tag-marinha"],"yoast_head":"<!-- This site is optimized with the Yoast SEO plugin v27.2 - https:\/\/yoast.com\/product\/yoast-seo-wordpress\/ -->\n<title>Aviso de mau tempo para a Madeira emitido pela Capitania do Funchal - Portal Tela Portugal<\/title>\n<meta name=\"robots\" content=\"index, follow, max-snippet:-1, max-image-preview:large, max-video-preview:-1\" \/>\n<meta property=\"og:locale\" content=\"pt_PT\" \/>\n<meta property=\"og:type\" content=\"article\" \/>\n<meta property=\"og:title\" content=\"Aviso de mau tempo para a Madeira emitido pela Capitania do Funchal - Portal Tela Portugal\" \/>\n<meta property=\"og:description\" content=\"A Capitania do Funchal emitiu um aviso de mau tempo para a Madeira. O conte\u00fado completo da not\u00edcia est\u00e1 dispon\u00edvel apenas para subscritores. O aviso refere condi\u00e7\u00f5es adversas na regi\u00e3o da Madeira. N\u00e3o s\u00e3o apresentados detalhes adicionais no trecho dispon\u00edvel aos leitores n\u00e3o subscritos.\" \/>\n<meta property=\"og:url\" content=\"https:\/\/portaltela.pt\/noticias\/2026\/03\/29\/aviso-de-mau-tempo-para-a-madeira-emitido-pela-capitania-do-funchal\/\" \/>\n<meta property=\"og:site_name\" content=\"Portal Tela Portugal\" \/>\n<meta property=\"article:published_time\" content=\"2026-03-29T11:32:07+00:00\" \/>\n<meta name=\"author\" content=\"Telinha\" \/>\n<meta name=\"twitter:card\" content=\"summary_large_image\" \/>\n<meta name=\"twitter:label1\" content=\"Escrito por\" \/>\n\t<meta name=\"twitter:data1\" content=\"Telinha\" \/>\n<script type=\"application\/ld+json\" class=\"yoast-schema-graph\">{\"@context\":\"https:\/\/schema.org\",\"@graph\":[{\"@type\":\"Article\",\"@id\":\"https:\/\/portaltela.pt\/noticias\/2026\/03\/29\/aviso-de-mau-tempo-para-a-madeira-emitido-pela-capitania-do-funchal\/#article\",\"isPartOf\":{\"@id\":\"https:\/\/portaltela.pt\/noticias\/2026\/03\/29\/aviso-de-mau-tempo-para-a-madeira-emitido-pela-capitania-do-funchal\/\"},\"author\":{\"name\":\"Telinha\",\"@id\":\"https:\/\/portaltela.pt\/#\/schema\/person\/c4278d4a6028830caff9ee44b42d32ed\"},\"headline\":\"Aviso de mau tempo para a Madeira emitido pela Capitania do Funchal\",\"datePublished\":\"2026-03-29T11:32:07+00:00\",\"mainEntityOfPage\":{\"@id\":\"https:\/\/portaltela.pt\/noticias\/2026\/03\/29\/aviso-de-mau-tempo-para-a-madeira-emitido-pela-capitania-do-funchal\/\"},\"wordCount\":110,\"image\":{\"@id\":\"https:\/\/portaltela.pt\/noticias\/2026\/03\/29\/aviso-de-mau-tempo-para-a-madeira-emitido-pela-capitania-do-funchal\/#primaryimage\"},\"thumbnailUrl\":\"https:\/\/portaltela.pt\/s.01k8rhncp4jt1\/2026\/03\/CACHE_780X1200_ANALOG_WATERMARKED_18388409_1210386_16012022094515.jpg\",\"keywords\":[\"agita\u00e7\u00e3o mar\u00edtima\",\"aviso de mau tempo\",\"Funchal\",\"Madeira\",\"Marinha\"],\"articleSection\":[\"Tempo\"],\"inLanguage\":\"pt-PT\"},{\"@type\":\"WebPage\",\"@id\":\"https:\/\/portaltela.pt\/noticias\/2026\/03\/29\/aviso-de-mau-tempo-para-a-madeira-emitido-pela-capitania-do-funchal\/\",\"url\":\"https:\/\/portaltela.pt\/noticias\/2026\/03\/29\/aviso-de-mau-tempo-para-a-madeira-emitido-pela-capitania-do-funchal\/\",\"name\":\"Aviso de mau tempo para a Madeira emitido pela Capitania do Funchal - Portal Tela Portugal\",\"isPartOf\":{\"@id\":\"https:\/\/portaltela.pt\/#website\"},\"primaryImageOfPage\":{\"@id\":\"https:\/\/portaltela.pt\/noticias\/2026\/03\/29\/aviso-de-mau-tempo-para-a-madeira-emitido-pela-capitania-do-funchal\/#primaryimage\"},\"image\":{\"@id\":\"https:\/\/portaltela.pt\/noticias\/2026\/03\/29\/aviso-de-mau-tempo-para-a-madeira-emitido-pela-capitania-do-funchal\/#primaryimage\"},\"thumbnailUrl\":\"https:\/\/portaltela.pt\/s.01k8rhncp4jt1\/2026\/03\/CACHE_780X1200_ANALOG_WATERMARKED_18388409_1210386_16012022094515.jpg\",\"datePublished\":\"2026-03-29T11:32:07+00:00\",\"author\":{\"@id\":\"https:\/\/portaltela.pt\/#\/schema\/person\/c4278d4a6028830caff9ee44b42d32ed\"},\"breadcrumb\":{\"@id\":\"https:\/\/portaltela.pt\/noticias\/2026\/03\/29\/aviso-de-mau-tempo-para-a-madeira-emitido-pela-capitania-do-funchal\/#breadcrumb\"},\"inLanguage\":\"pt-PT\",\"potentialAction\":[{\"@type\":\"ReadAction\",\"target\":[\"https:\/\/portaltela.pt\/noticias\/2026\/03\/29\/aviso-de-mau-tempo-para-a-madeira-emitido-pela-capitania-do-funchal\/\"]}]},{\"@type\":\"ImageObject\",\"inLanguage\":\"pt-PT\",\"@id\":\"https:\/\/portaltela.pt\/noticias\/2026\/03\/29\/aviso-de-mau-tempo-para-a-madeira-emitido-pela-capitania-do-funchal\/#primaryimage\",\"url\":\"https:\/\/portaltela.pt\/s.01k8rhncp4jt1\/2026\/03\/CACHE_780X1200_ANALOG_WATERMARKED_18388409_1210386_16012022094515.jpg\",\"contentUrl\":\"https:\/\/portaltela.pt\/s.01k8rhncp4jt1\/2026\/03\/CACHE_780X1200_ANALOG_WATERMARKED_18388409_1210386_16012022094515.jpg\",\"width\":796,\"height\":448,\"caption\":\"Capitania do Funchal emite aviso de mau tempo para a Madeira\"},{\"@type\":\"BreadcrumbList\",\"@id\":\"https:\/\/portaltela.pt\/noticias\/2026\/03\/29\/aviso-de-mau-tempo-para-a-madeira-emitido-pela-capitania-do-funchal\/#breadcrumb\",\"itemListElement\":[{\"@type\":\"ListItem\",\"position\":1,\"name\":\"In\u00edcio\",\"item\":\"https:\/\/portaltela.pt\/\"},{\"@type\":\"ListItem\",\"position\":2,\"name\":\"Aviso de mau tempo para a Madeira emitido pela Capitania do Funchal\"}]},{\"@type\":\"WebSite\",\"@id\":\"https:\/\/portaltela.pt\/#website\",\"url\":\"https:\/\/portaltela.pt\/\",\"name\":\"Portal Tela Portugal\",\"description\":\"\",\"potentialAction\":[{\"@type\":\"SearchAction\",\"target\":{\"@type\":\"EntryPoint\",\"urlTemplate\":\"https:\/\/portaltela.pt\/?s={search_term_string}\"},\"query-input\":{\"@type\":\"PropertyValueSpecification\",\"valueRequired\":true,\"valueName\":\"search_term_string\"}}],\"inLanguage\":\"pt-PT\"},{\"@type\":\"Person\",\"@id\":\"https:\/\/portaltela.pt\/#\/schema\/person\/c4278d4a6028830caff9ee44b42d32ed\",\"name\":\"Telinha\",\"image\":{\"@type\":\"ImageObject\",\"inLanguage\":\"pt-PT\",\"@id\":\"https:\/\/portaltela.pt\/s.01k8rhncp4jt1\/2025\/11\/talking-bot-125x125.png\",\"url\":\"https:\/\/portaltela.pt\/s.01k8rhncp4jt1\/2025\/11\/talking-bot-125x125.png\",\"contentUrl\":\"https:\/\/portaltela.pt\/s.01k8rhncp4jt1\/2025\/11\/talking-bot-125x125.png\",\"caption\":\"Telinha\"},\"sameAs\":[\"https:\/\/portaltela.pt\/\"],\"url\":\"https:\/\/portaltela.pt\/por\/367410592786\/\"}]}<\/script>\n<!-- \/ Yoast SEO plugin. -->","yoast_head_json":{"title":"Aviso de mau tempo para a Madeira emitido pela Capitania do Funchal - Portal Tela Portugal","robots":{"index":"index","follow":"follow","max-snippet":"max-snippet:-1","max-image-preview":"max-image-preview:large","max-video-preview":"max-video-preview:-1"},"og_locale":"pt_PT","og_type":"article","og_title":"Aviso de mau tempo para a Madeira emitido pela Capitania do Funchal - Portal Tela Portugal","og_description":"A Capitania do Funchal emitiu um aviso de mau tempo para a Madeira. O conte\u00fado completo da not\u00edcia est\u00e1 dispon\u00edvel apenas para subscritores. O aviso refere condi\u00e7\u00f5es adversas na regi\u00e3o da Madeira. N\u00e3o s\u00e3o apresentados detalhes adicionais no trecho dispon\u00edvel aos leitores n\u00e3o subscritos.","og_url":"https:\/\/portaltela.pt\/noticias\/2026\/03\/29\/aviso-de-mau-tempo-para-a-madeira-emitido-pela-capitania-do-funchal\/","og_site_name":"Portal Tela Portugal","article_published_time":"2026-03-29T11:32:07+00:00","author":"Telinha","twitter_card":"summary_large_image","twitter_misc":{"Escrito por":"Telinha"},"schema":{"@context":"https:\/\/schema.org","@graph":[{"@type":"Article","@id":"https:\/\/portaltela.pt\/noticias\/2026\/03\/29\/aviso-de-mau-tempo-para-a-madeira-emitido-pela-capitania-do-funchal\/#article","isPartOf":{"@id":"https:\/\/portaltela.pt\/noticias\/2026\/03\/29\/aviso-de-mau-tempo-para-a-madeira-emitido-pela-capitania-do-funchal\/"},"author":{"name":"Telinha","@id":"https:\/\/portaltela.pt\/#\/schema\/person\/c4278d4a6028830caff9ee44b42d32ed"},"headline":"Aviso de mau tempo para a Madeira emitido pela Capitania do Funchal","datePublished":"2026-03-29T11:32:07+00:00","mainEntityOfPage":{"@id":"https:\/\/portaltela.pt\/noticias\/2026\/03\/29\/aviso-de-mau-tempo-para-a-madeira-emitido-pela-capitania-do-funchal\/"},"wordCount":110,"image":{"@id":"https:\/\/portaltela.pt\/noticias\/2026\/03\/29\/aviso-de-mau-tempo-para-a-madeira-emitido-pela-capitania-do-funchal\/#primaryimage"},"thumbnailUrl":"https:\/\/portaltela.pt\/s.01k8rhncp4jt1\/2026\/03\/CACHE_780X1200_ANALOG_WATERMARKED_18388409_1210386_16012022094515.jpg","keywords":["agita\u00e7\u00e3o mar\u00edtima","aviso de mau tempo","Funchal","Madeira","Marinha"],"articleSection":["Tempo"],"inLanguage":"pt-PT"},{"@type":"WebPage","@id":"https:\/\/portaltela.pt\/noticias\/2026\/03\/29\/aviso-de-mau-tempo-para-a-madeira-emitido-pela-capitania-do-funchal\/","url":"https:\/\/portaltela.pt\/noticias\/2026\/03\/29\/aviso-de-mau-tempo-para-a-madeira-emitido-pela-capitania-do-funchal\/","name":"Aviso de mau tempo para a Madeira emitido pela Capitania do Funchal - Portal Tela Portugal","isPartOf":{"@id":"https:\/\/portaltela.pt\/#website"},"primaryImageOfPage":{"@id":"https:\/\/portaltela.pt\/noticias\/2026\/03\/29\/aviso-de-mau-tempo-para-a-madeira-emitido-pela-capitania-do-funchal\/#primaryimage"},"image":{"@id":"https:\/\/portaltela.pt\/noticias\/2026\/03\/29\/aviso-de-mau-tempo-para-a-madeira-emitido-pela-capitania-do-funchal\/#primaryimage"},"thumbnailUrl":"https:\/\/portaltela.pt\/s.01k8rhncp4jt1\/2026\/03\/CACHE_780X1200_ANALOG_WATERMARKED_18388409_1210386_16012022094515.jpg","datePublished":"2026-03-29T11:32:07+00:00","author":{"@id":"https:\/\/portaltela.pt\/#\/schema\/person\/c4278d4a6028830caff9ee44b42d32ed"},"breadcrumb":{"@id":"https:\/\/portaltela.pt\/noticias\/2026\/03\/29\/aviso-de-mau-tempo-para-a-madeira-emitido-pela-capitania-do-funchal\/#breadcrumb"},"inLanguage":"pt-PT","potentialAction":[{"@type":"ReadAction","target":["https:\/\/portaltela.pt\/noticias\/2026\/03\/29\/aviso-de-mau-tempo-para-a-madeira-emitido-pela-capitania-do-funchal\/"]}]},{"@type":"ImageObject","inLanguage":"pt-PT","@id":"https:\/\/portaltela.pt\/noticias\/2026\/03\/29\/aviso-de-mau-tempo-para-a-madeira-emitido-pela-capitania-do-funchal\/#primaryimage","url":"https:\/\/portaltela.pt\/s.01k8rhncp4jt1\/2026\/03\/CACHE_780X1200_ANALOG_WATERMARKED_18388409_1210386_16012022094515.jpg","contentUrl":"https:\/\/portaltela.pt\/s.01k8rhncp4jt1\/2026\/03\/CACHE_780X1200_ANALOG_WATERMARKED_18388409_1210386_16012022094515.jpg","width":796,"height":448,"caption":"Capitania do Funchal emite aviso de mau tempo para a Madeira"},{"@type":"BreadcrumbList","@id":"https:\/\/portaltela.pt\/noticias\/2026\/03\/29\/aviso-de-mau-tempo-para-a-madeira-emitido-pela-capitania-do-funchal\/#breadcrumb","itemListElement":[{"@type":"ListItem","position":1,"name":"In\u00edcio","item":"https:\/\/portaltela.pt\/"},{"@type":"ListItem","position":2,"name":"Aviso de mau tempo para a Madeira emitido pela Capitania do Funchal"}]},{"@type":"WebSite","@id":"https:\/\/portaltela.pt\/#website","url":"https:\/\/portaltela.pt\/","name":"Portal Tela Portugal","description":"","potentialAction":[{"@type":"SearchAction","target":{"@type":"EntryPoint","urlTemplate":"https:\/\/portaltela.pt\/?s={search_term_string}"},"query-input":{"@type":"PropertyValueSpecification","valueRequired":true,"valueName":"search_term_string"}}],"inLanguage":"pt-PT"},{"@type":"Person","@id":"https:\/\/portaltela.pt\/#\/schema\/person\/c4278d4a6028830caff9ee44b42d32ed","name":"Telinha","image":{"@type":"ImageObject","inLanguage":"pt-PT","@id":"https:\/\/portaltela.pt\/s.01k8rhncp4jt1\/2025\/11\/talking-bot-125x125.png","url":"https:\/\/portaltela.pt\/s.01k8rhncp4jt1\/2025\/11\/talking-bot-125x125.png","contentUrl":"https:\/\/portaltela.pt\/s.01k8rhncp4jt1\/2025\/11\/talking-bot-125x125.png","caption":"Telinha"},"sameAs":["https:\/\/portaltela.pt\/"],"url":"https:\/\/portaltela.pt\/por\/367410592786\/"}]}},"_links":{"self":[{"href":"https:\/\/portaltela.pt\/api\/wp\/v2\/posts\/425865","targetHints":{"allow":["GET"]}}],"collection":[{"href":"https:\/\/portaltela.pt\/api\/wp\/v2\/posts"}],"about":[{"href":"https:\/\/portaltela.pt\/api\/wp\/v2\/types\/post"}],"author":[{"embeddable":true,"href":"https:\/\/portaltela.pt\/api\/wp\/v2\/users\/2"}],"replies":[{"embeddable":true,"href":"https:\/\/portaltela.pt\/api\/wp\/v2\/comments?post=425865"}],"version-history":[{"count":0,"href":"https:\/\/portaltela.pt\/api\/wp\/v2\/posts\/425865\/revisions"}],"wp:featuredmedia":[{"embeddable":true,"href":"https:\/\/portaltela.pt\/api\/wp\/v2\/media\/425868"}],"wp:attachment":[{"href":"https:\/\/portaltela.pt\/api\/wp\/v2\/media?parent=425865"}],"wp:term":[{"taxonomy":"category","embeddable":true,"href":"https:\/\/portaltela.pt\/api\/wp\/v2\/categories?post=425865"},{"taxonomy":"post_tag","embeddable":true,"href":"https:\/\/portaltela.pt\/api\/wp\/v2\/tags?post=425865"}],"curies":[{"name":"wp","href":"https:\/\/api.w.org\/{rel}","templated":true}]}}